{"id":12283,"date":"2024-05-01T23:00:00","date_gmt":"2024-05-02T03:00:00","guid":{"rendered":"https:\/\/cubalex.org\/?p=12283"},"modified":"2024-05-02T12:43:37","modified_gmt":"2024-05-02T16:43:37","slug":"mayelin-rodriguez-prado-sentenciada-a-15-anos-por-transmitir-las-protestas-de-nuevitas","status":"publish","type":"post","link":"https:\/\/cubalex.org\/en\/2024\/05\/01\/mayelin-rodriguez-prado-sentenciada-a-15-anos-por-transmitir-las-protestas-de-nuevitas\/","title":{"rendered":"Mayel\u00edn Rodr\u00edguez Prado: Sentenciada a 15 a\u00f1os por transmitir las protestas de Nuevitas"},"content":{"rendered":"<p class=\"wp-block-paragraph\">Mayel\u00edn Rodr\u00edguez Prado, conocida como &#8220;La Chamaca del Chamaco&#8221;, fue sentenciada a 15 a\u00f1os de privaci\u00f3n de libertad por transmitir en vivo a trav\u00e9s de Facebook las protestas de agosto de 2022 en el barrio Pastelillo, en Nuevitas. La joven madre de 23 a\u00f1os, recibi\u00f3 la sentencia m\u00e1s severa por supuestos delitos de &#8220;propaganda enemiga continuada&#8221; y &#8220;sedici\u00f3n&#8221;.<\/p>\n\n\n\n<p class=\"wp-block-paragraph\">El Tribunal Provincial de Camag\u00fcey dict\u00f3 sentencias contra otras 13 personas encarceladas por participar en las manifestaciones. Las condenas, que oscilan entre diez y quince a\u00f1os de prisi\u00f3n, reflejan la severa represi\u00f3n que enfrentan los cubanos que se expresan cr\u00edticamente contra el gobierno.<\/p>\n\n\n\n<p class=\"wp-block-paragraph\">Jos\u00e9 Armando Torrente Mu\u00f1oz fue otro de los j\u00f3venes que recibi\u00f3 una de las sentencias m\u00e1s severas, con 14 a\u00f1os de c\u00e1rcel por delitos de &#8220;sedici\u00f3n&#8221;, &#8220;atentado&#8221; y &#8220;resistencia&#8221;. Ediolvis Mar\u00edn Mora y Jimmy Jhonson Agosto tambi\u00e9n enfrentaron duras penas, siendo condenados a 13 a\u00f1os cada uno por &#8220;sedici\u00f3n&#8221; y &#8220;sabotaje&#8221;.<\/p>\n\n\n\n<p class=\"wp-block-paragraph\">Daiver Leyva V\u00e9lez, Keiler Vel\u00e1zquez Medina, Menkel De Jes\u00fas Men\u00e9ndez Vargas, Frank Alberto Carri\u00f3n Su\u00e1rez, Frai Pascual Claro Valladares y L\u00e1zaro Alejandro P\u00e9rez Agosto recibieron condenas de diez a\u00f1os cada uno. Yennis Artola Del Sol fue sentenciada a ocho a\u00f1os, mientras que Wilker \u00c1lvarez Ram\u00edrez a cuatro a\u00f1os. Yanelis Valladares Jaime fue absuelta al no encontrarse pruebas suficientes en su contra.<\/p>\n\n\n\n<p class=\"wp-block-paragraph\">Los cargos formulados por la Fiscal\u00eda incluyen sabotaje, sedici\u00f3n, encubrimiento del delito de sabotaje, propaganda enemiga, atentado, resistencia e incumplimiento del deber de denunciar. Las altas condenas y los delitos imputados a los manifestantes reflejan una aplicaci\u00f3n extremadamente severa de la ley, lo que puede interpretarse como un intento de disuadir a la ciudadan\u00eda de ejercer su derecho a la protesta contra personas que simplemente buscan garantizar sus derechos y necesidades b\u00e1sicas.<\/p>\n\n\n\n<p class=\"wp-block-paragraph\">Las <a href=\"https:\/\/twitter.com\/CubalexDDHH\/status\/1711501911898132772\">protestas populares en Nuevitas<\/a> se desarrollaron entre el 18 y 19 de agosto de 2022 y fueron motivadas por exigencias leg\u00edtimas de mejoras en las condiciones de vida, ante los prolongados apagones de hasta 18 horas diarias. La respuesta del gobierno demuestra una falta de disposici\u00f3n para abordar de manera constructiva las preocupaciones reales de los ciudadanos. El <a href=\"https:\/\/twitter.com\/CubalexDDHH\/status\/1747344395450318967\">juicio<\/a>, que fue suspendido en dos ocasiones, se celebr\u00f3 finalmente el 16 de enero de 2024 bajo una fuerte presencia militar y un gran despliegue policial.<\/p>\n\n\n\n<p class=\"wp-block-paragraph\">Estas sentencias podr\u00edan actuar como un factor disuasivo en la sociedad cubana, desalentando futuras manifestaciones y limitando la capacidad de los ciudadanos de abogar pac\u00edfica y legalmente por cambios o mejoras. Adem\u00e1s, evidencian c\u00f3mo la ley es empleada como un instrumento de represi\u00f3n pol\u00edtica para silenciar la disidencia y suprimir cualquier cr\u00edtica hacia el gobierno.<\/p>","protected":false},"excerpt":{"rendered":"<p>Mayel\u00edn Rodr\u00edguez Prado, conocida como &#8220;La Chamaca del Chamaco&#8221;, fue sentenciada a 15 a\u00f1os de privaci\u00f3n de libertad por transmitir en vivo a trav\u00e9s de Facebook las protestas de agosto de 2022 en el barrio Pastelillo, en Nuevitas. La joven madre de 23 a\u00f1os, recibi\u00f3 la sentencia m\u00e1s severa por supuestos delitos de &#8220;propaganda enemiga [&hellip;]<\/p>\n","protected":false},"featured_media":12285,"comment_status":"closed","ping_status":"closed","sticky":false,"template":"","format":"standard","meta":{"_jetpack_newsletter_access":"","_jetpack_dont_email_post_to_subs":false,"_jetpack_newsletter_tier_id":0,"_jetpack_memberships_contains_paywalled_content":false,"_wpcom_ai_launchpad_first_post":false,"_jetpack_feature_clip_id":0,"_jetpack_memberships_contains_paid_content":false,"footnotes":"","jetpack_post_was_ever_published":false},"categories":[551856560,111160486],"tags":[16719,551855965,31684,551856623,551856052,112601],"class_list":["post-12283","post","type-post","status-publish","format-standard","has-post-thumbnail","hentry","category-alertas","category-cubalex","tag-cuba","tag-cubalex","tag-derechos-humanos","tag-portestas","tag-presos-politicos","tag-represion"],"featured_image_src":"https:\/\/i0.wp.com\/cubalex.org\/wp-content\/uploads\/2024\/05\/Portada-sentencia-Nuevitas.png?fit=1200%2C675&ssl=1","acf":{"translation_reviewed":false},"yoast_head":"<!-- This site is optimized with the Yoast SEO plugin v28.4 - https:\/\/yoast.com\/product\/yoast-seo-wordpress\/ -->\n<title>Mayel\u00edn Rodr\u00edguez Prado: Sentenciada a 15 a\u00f1os por transmitir las protestas de Nuevitas - Cubalex<\/title>\n<meta name=\"robots\" content=\"index, follow, max-snippet:-1, max-image-preview:large, max-video-preview:-1\" \/>\n<link rel=\"canonical\" href=\"http:\/\/cubalex.org\/en\/2024\/05\/01\/mayelin-rodriguez-prado-sentenciada-a-15-anos-por-transmitir-las-protestas-de-nuevitas\/\" \/>\n<meta property=\"og:locale\" content=\"en_US\" \/>\n<meta property=\"og:type\" content=\"article\" \/>\n<meta property=\"og:title\" content=\"Mayel\u00edn Rodr\u00edguez Prado: Sentenciada a 15 a\u00f1os por transmitir las protestas de Nuevitas - Cubalex\" \/>\n<meta property=\"og:description\" content=\"Mayel\u00edn Rodr\u00edguez Prado, conocida como &#8220;La Chamaca del Chamaco&#8221;, fue sentenciada a 15 a\u00f1os de privaci\u00f3n de libertad por transmitir en vivo a trav\u00e9s de Facebook las protestas de agosto de 2022 en el barrio Pastelillo, en Nuevitas. La joven madre de 23 a\u00f1os, recibi\u00f3 la sentencia m\u00e1s severa por supuestos delitos de &#8220;propaganda enemiga [&hellip;]\" \/>\n<meta property=\"og:url\" content=\"http:\/\/cubalex.org\/en\/2024\/05\/01\/mayelin-rodriguez-prado-sentenciada-a-15-anos-por-transmitir-las-protestas-de-nuevitas\/\" \/>\n<meta property=\"og:site_name\" content=\"Cubalex\" \/>\n<meta property=\"article:publisher\" content=\"https:\/\/www.facebook.com\/ONGcubalex\" \/>\n<meta property=\"article:published_time\" content=\"2024-05-02T03:00:00+00:00\" \/>\n<meta property=\"article:modified_time\" content=\"2024-05-02T16:43:37+00:00\" \/>\n<meta property=\"og:image\" content=\"https:\/\/i0.wp.com\/cubalex.org\/wp-content\/uploads\/2024\/05\/Portada-sentencia-Nuevitas.png?fit=1200%2C675\" \/>\n\t<meta property=\"og:image:width\" content=\"1200\" \/>\n\t<meta property=\"og:image:height\" content=\"675\" \/>\n\t<meta property=\"og:image:type\" content=\"image\/png\" \/>\n<meta name=\"twitter:card\" content=\"summary_large_image\" \/>\n<meta name=\"twitter:creator\" content=\"@CubalexDDHH\" \/>\n<meta name=\"twitter:site\" content=\"@CubalexDDHH\" \/>\n<meta name=\"twitter:label1\" content=\"Written by\" \/>\n\t<meta name=\"twitter:data1\" content=\"L\u00edsabell\" \/>\n\t<meta name=\"twitter:label2\" content=\"Est. reading time\" \/>\n\t<meta name=\"twitter:data2\" content=\"3 minutes\" \/>\n<script type=\"application\/ld+json\" class=\"yoast-schema-graph\">{\"@context\":\"https:\\\/\\\/schema.org\",\"@graph\":[{\"@type\":\"Article\",\"@id\":\"http:\\\/\\\/cubalex.org\\\/2024\\\/05\\\/01\\\/mayelin-rodriguez-prado-sentenciada-a-15-anos-por-transmitir-las-protestas-de-nuevitas\\\/#article\",\"isPartOf\":{\"@id\":\"http:\\\/\\\/cubalex.org\\\/2024\\\/05\\\/01\\\/mayelin-rodriguez-prado-sentenciada-a-15-anos-por-transmitir-las-protestas-de-nuevitas\\\/\"},\"headline\":\"Mayel\u00edn Rodr\u00edguez Prado: Sentenciada a 15 a\u00f1os por transmitir las protestas de Nuevitas\",\"datePublished\":\"2024-05-02T03:00:00+00:00\",\"dateModified\":\"2024-05-02T16:43:37+00:00\",\"mainEntityOfPage\":{\"@id\":\"http:\\\/\\\/cubalex.org\\\/2024\\\/05\\\/01\\\/mayelin-rodriguez-prado-sentenciada-a-15-anos-por-transmitir-las-protestas-de-nuevitas\\\/\"},\"wordCount\":477,\"publisher\":{\"@id\":\"https:\\\/\\\/cubalex.org\\\/#organization\"},\"image\":{\"@id\":\"http:\\\/\\\/cubalex.org\\\/2024\\\/05\\\/01\\\/mayelin-rodriguez-prado-sentenciada-a-15-anos-por-transmitir-las-protestas-de-nuevitas\\\/#primaryimage\"},\"thumbnailUrl\":\"https:\\\/\\\/i0.wp.com\\\/cubalex.org\\\/wp-content\\\/uploads\\\/2024\\\/05\\\/Portada-sentencia-Nuevitas.png?fit=1200%2C675&ssl=1\",\"keywords\":[\"Cuba\",\"Cubalex\",\"derechos humanos\",\"portestas\",\"presos pol\u00edticos\",\"represi\u00f3n\"],\"articleSection\":[\"Alertas\",\"Cubalex\"],\"inLanguage\":\"en-US\"},{\"@type\":\"WebPage\",\"@id\":\"http:\\\/\\\/cubalex.org\\\/2024\\\/05\\\/01\\\/mayelin-rodriguez-prado-sentenciada-a-15-anos-por-transmitir-las-protestas-de-nuevitas\\\/\",\"url\":\"http:\\\/\\\/cubalex.org\\\/2024\\\/05\\\/01\\\/mayelin-rodriguez-prado-sentenciada-a-15-anos-por-transmitir-las-protestas-de-nuevitas\\\/\",\"name\":\"Mayel\u00edn Rodr\u00edguez Prado: Sentenciada a 15 a\u00f1os por transmitir las protestas de Nuevitas - Cubalex\",\"isPartOf\":{\"@id\":\"https:\\\/\\\/cubalex.org\\\/#website\"},\"primaryImageOfPage\":{\"@id\":\"http:\\\/\\\/cubalex.org\\\/2024\\\/05\\\/01\\\/mayelin-rodriguez-prado-sentenciada-a-15-anos-por-transmitir-las-protestas-de-nuevitas\\\/#primaryimage\"},\"image\":{\"@id\":\"http:\\\/\\\/cubalex.org\\\/2024\\\/05\\\/01\\\/mayelin-rodriguez-prado-sentenciada-a-15-anos-por-transmitir-las-protestas-de-nuevitas\\\/#primaryimage\"},\"thumbnailUrl\":\"https:\\\/\\\/i0.wp.com\\\/cubalex.org\\\/wp-content\\\/uploads\\\/2024\\\/05\\\/Portada-sentencia-Nuevitas.png?fit=1200%2C675&ssl=1\",\"datePublished\":\"2024-05-02T03:00:00+00:00\",\"dateModified\":\"2024-05-02T16:43:37+00:00\",\"breadcrumb\":{\"@id\":\"http:\\\/\\\/cubalex.org\\\/2024\\\/05\\\/01\\\/mayelin-rodriguez-prado-sentenciada-a-15-anos-por-transmitir-las-protestas-de-nuevitas\\\/#breadcrumb\"},\"inLanguage\":\"en-US\",\"potentialAction\":[{\"@type\":\"ReadAction\",\"target\":[\"http:\\\/\\\/cubalex.org\\\/2024\\\/05\\\/01\\\/mayelin-rodriguez-prado-sentenciada-a-15-anos-por-transmitir-las-protestas-de-nuevitas\\\/\"]}]},{\"@type\":\"ImageObject\",\"inLanguage\":\"en-US\",\"@id\":\"http:\\\/\\\/cubalex.org\\\/2024\\\/05\\\/01\\\/mayelin-rodriguez-prado-sentenciada-a-15-anos-por-transmitir-las-protestas-de-nuevitas\\\/#primaryimage\",\"url\":\"https:\\\/\\\/i0.wp.com\\\/cubalex.org\\\/wp-content\\\/uploads\\\/2024\\\/05\\\/Portada-sentencia-Nuevitas.png?fit=1200%2C675&ssl=1\",\"contentUrl\":\"https:\\\/\\\/i0.wp.com\\\/cubalex.org\\\/wp-content\\\/uploads\\\/2024\\\/05\\\/Portada-sentencia-Nuevitas.png?fit=1200%2C675&ssl=1\",\"width\":1200,\"height\":675},{\"@type\":\"BreadcrumbList\",\"@id\":\"http:\\\/\\\/cubalex.org\\\/2024\\\/05\\\/01\\\/mayelin-rodriguez-prado-sentenciada-a-15-anos-por-transmitir-las-protestas-de-nuevitas\\\/#breadcrumb\",\"itemListElement\":[{\"@type\":\"ListItem\",\"position\":1,\"name\":\"Portada\",\"item\":\"https:\\\/\\\/cubalex.org\\\/\"},{\"@type\":\"ListItem\",\"position\":2,\"name\":\"Mayel\u00edn Rodr\u00edguez Prado: Sentenciada a 15 a\u00f1os por transmitir las protestas de Nuevitas\"}]},{\"@type\":\"WebSite\",\"@id\":\"https:\\\/\\\/cubalex.org\\\/#website\",\"url\":\"https:\\\/\\\/cubalex.org\\\/\",\"name\":\"Cubalex\",\"description\":\"Trabajamos en defensa de los derechos humanos, para instaurar la democracia y el Estado de derecho en Cuba\",\"publisher\":{\"@id\":\"https:\\\/\\\/cubalex.org\\\/#organization\"},\"potentialAction\":[{\"@type\":\"SearchAction\",\"target\":{\"@type\":\"EntryPoint\",\"urlTemplate\":\"https:\\\/\\\/cubalex.org\\\/?s={search_term_string}\"},\"query-input\":{\"@type\":\"PropertyValueSpecification\",\"valueRequired\":true,\"valueName\":\"search_term_string\"}}],\"inLanguage\":\"en-US\"},{\"@type\":\"Organization\",\"@id\":\"https:\\\/\\\/cubalex.org\\\/#organization\",\"name\":\"Cubalex\",\"url\":\"https:\\\/\\\/cubalex.org\\\/\",\"logo\":{\"@type\":\"ImageObject\",\"inLanguage\":\"en-US\",\"@id\":\"https:\\\/\\\/cubalex.org\\\/#\\\/schema\\\/logo\\\/image\\\/\",\"url\":\"https:\\\/\\\/i0.wp.com\\\/cubalex.org\\\/wp-content\\\/uploads\\\/2026\\\/08\\\/CUBALEX1.png?fit=1445%2C300&ssl=1\",\"contentUrl\":\"https:\\\/\\\/i0.wp.com\\\/cubalex.org\\\/wp-content\\\/uploads\\\/2026\\\/08\\\/CUBALEX1.png?fit=1445%2C300&ssl=1\",\"width\":1445,\"height\":300,\"caption\":\"Cubalex\"},\"image\":{\"@id\":\"https:\\\/\\\/cubalex.org\\\/#\\\/schema\\\/logo\\\/image\\\/\"},\"sameAs\":[\"https:\\\/\\\/www.facebook.com\\\/ONGcubalex\",\"https:\\\/\\\/x.com\\\/CubalexDDHH\",\"https:\\\/\\\/www.youtube.com\\\/@Cubalex\",\"https:\\\/\\\/www.linkedin.com\\\/company\\\/cubalex\\\/\",\"https:\\\/\\\/t.me\\\/cubalex\"]}]}<\/script>\n<!-- \/ Yoast SEO plugin. -->","yoast_head_json":{"title":"Mayel\u00edn Rodr\u00edguez Prado: Sentenciada a 15 a\u00f1os por transmitir las protestas de Nuevitas - Cubalex","robots":{"index":"index","follow":"follow","max-snippet":"max-snippet:-1","max-image-preview":"max-image-preview:large","max-video-preview":"max-video-preview:-1"},"canonical":"http:\/\/cubalex.org\/en\/2024\/05\/01\/mayelin-rodriguez-prado-sentenciada-a-15-anos-por-transmitir-las-protestas-de-nuevitas\/","og_locale":"en_US","og_type":"article","og_title":"Mayel\u00edn Rodr\u00edguez Prado: Sentenciada a 15 a\u00f1os por transmitir las protestas de Nuevitas - Cubalex","og_description":"Mayel\u00edn Rodr\u00edguez Prado, conocida como &#8220;La Chamaca del Chamaco&#8221;, fue sentenciada a 15 a\u00f1os de privaci\u00f3n de libertad por transmitir en vivo a trav\u00e9s de Facebook las protestas de agosto de 2022 en el barrio Pastelillo, en Nuevitas. La joven madre de 23 a\u00f1os, recibi\u00f3 la sentencia m\u00e1s severa por supuestos delitos de &#8220;propaganda enemiga [&hellip;]","og_url":"http:\/\/cubalex.org\/en\/2024\/05\/01\/mayelin-rodriguez-prado-sentenciada-a-15-anos-por-transmitir-las-protestas-de-nuevitas\/","og_site_name":"Cubalex","article_publisher":"https:\/\/www.facebook.com\/ONGcubalex","article_published_time":"2024-05-02T03:00:00+00:00","article_modified_time":"2024-05-02T16:43:37+00:00","og_image":[{"width":1200,"height":675,"url":"https:\/\/i0.wp.com\/cubalex.org\/wp-content\/uploads\/2024\/05\/Portada-sentencia-Nuevitas.png?fit=1200%2C675","type":"image\/png"}],"twitter_card":"summary_large_image","twitter_creator":"@CubalexDDHH","twitter_site":"@CubalexDDHH","twitter_misc":{"Written by":"L\u00edsabell","Est. reading time":"3 minutes"},"schema":{"@context":"https:\/\/schema.org","@graph":[{"@type":"Article","@id":"http:\/\/cubalex.org\/2024\/05\/01\/mayelin-rodriguez-prado-sentenciada-a-15-anos-por-transmitir-las-protestas-de-nuevitas\/#article","isPartOf":{"@id":"http:\/\/cubalex.org\/2024\/05\/01\/mayelin-rodriguez-prado-sentenciada-a-15-anos-por-transmitir-las-protestas-de-nuevitas\/"},"headline":"Mayel\u00edn Rodr\u00edguez Prado: Sentenciada a 15 a\u00f1os por transmitir las protestas de Nuevitas","datePublished":"2024-05-02T03:00:00+00:00","dateModified":"2024-05-02T16:43:37+00:00","mainEntityOfPage":{"@id":"http:\/\/cubalex.org\/2024\/05\/01\/mayelin-rodriguez-prado-sentenciada-a-15-anos-por-transmitir-las-protestas-de-nuevitas\/"},"wordCount":477,"publisher":{"@id":"https:\/\/cubalex.org\/#organization"},"image":{"@id":"http:\/\/cubalex.org\/2024\/05\/01\/mayelin-rodriguez-prado-sentenciada-a-15-anos-por-transmitir-las-protestas-de-nuevitas\/#primaryimage"},"thumbnailUrl":"https:\/\/i0.wp.com\/cubalex.org\/wp-content\/uploads\/2024\/05\/Portada-sentencia-Nuevitas.png?fit=1200%2C675&ssl=1","keywords":["Cuba","Cubalex","derechos humanos","portestas","presos pol\u00edticos","represi\u00f3n"],"articleSection":["Alertas","Cubalex"],"inLanguage":"en-US"},{"@type":"WebPage","@id":"http:\/\/cubalex.org\/2024\/05\/01\/mayelin-rodriguez-prado-sentenciada-a-15-anos-por-transmitir-las-protestas-de-nuevitas\/","url":"http:\/\/cubalex.org\/2024\/05\/01\/mayelin-rodriguez-prado-sentenciada-a-15-anos-por-transmitir-las-protestas-de-nuevitas\/","name":"Mayel\u00edn Rodr\u00edguez Prado: Sentenciada a 15 a\u00f1os por transmitir las protestas de Nuevitas - Cubalex","isPartOf":{"@id":"https:\/\/cubalex.org\/#website"},"primaryImageOfPage":{"@id":"http:\/\/cubalex.org\/2024\/05\/01\/mayelin-rodriguez-prado-sentenciada-a-15-anos-por-transmitir-las-protestas-de-nuevitas\/#primaryimage"},"image":{"@id":"http:\/\/cubalex.org\/2024\/05\/01\/mayelin-rodriguez-prado-sentenciada-a-15-anos-por-transmitir-las-protestas-de-nuevitas\/#primaryimage"},"thumbnailUrl":"https:\/\/i0.wp.com\/cubalex.org\/wp-content\/uploads\/2024\/05\/Portada-sentencia-Nuevitas.png?fit=1200%2C675&ssl=1","datePublished":"2024-05-02T03:00:00+00:00","dateModified":"2024-05-02T16:43:37+00:00","breadcrumb":{"@id":"http:\/\/cubalex.org\/2024\/05\/01\/mayelin-rodriguez-prado-sentenciada-a-15-anos-por-transmitir-las-protestas-de-nuevitas\/#breadcrumb"},"inLanguage":"en-US","potentialAction":[{"@type":"ReadAction","target":["http:\/\/cubalex.org\/2024\/05\/01\/mayelin-rodriguez-prado-sentenciada-a-15-anos-por-transmitir-las-protestas-de-nuevitas\/"]}]},{"@type":"ImageObject","inLanguage":"en-US","@id":"http:\/\/cubalex.org\/2024\/05\/01\/mayelin-rodriguez-prado-sentenciada-a-15-anos-por-transmitir-las-protestas-de-nuevitas\/#primaryimage","url":"https:\/\/i0.wp.com\/cubalex.org\/wp-content\/uploads\/2024\/05\/Portada-sentencia-Nuevitas.png?fit=1200%2C675&ssl=1","contentUrl":"https:\/\/i0.wp.com\/cubalex.org\/wp-content\/uploads\/2024\/05\/Portada-sentencia-Nuevitas.png?fit=1200%2C675&ssl=1","width":1200,"height":675},{"@type":"BreadcrumbList","@id":"http:\/\/cubalex.org\/2024\/05\/01\/mayelin-rodriguez-prado-sentenciada-a-15-anos-por-transmitir-las-protestas-de-nuevitas\/#breadcrumb","itemListElement":[{"@type":"ListItem","position":1,"name":"Portada","item":"https:\/\/cubalex.org\/"},{"@type":"ListItem","position":2,"name":"Mayel\u00edn Rodr\u00edguez Prado: Sentenciada a 15 a\u00f1os por transmitir las protestas de Nuevitas"}]},{"@type":"WebSite","@id":"https:\/\/cubalex.org\/#website","url":"https:\/\/cubalex.org\/","name":"Cubalex","description":"Trabajamos en defensa de los derechos humanos, para instaurar la democracia y el Estado de derecho en Cuba","publisher":{"@id":"https:\/\/cubalex.org\/#organization"},"potentialAction":[{"@type":"SearchAction","target":{"@type":"EntryPoint","urlTemplate":"https:\/\/cubalex.org\/?s={search_term_string}"},"query-input":{"@type":"PropertyValueSpecification","valueRequired":true,"valueName":"search_term_string"}}],"inLanguage":"en-US"},{"@type":"Organization","@id":"https:\/\/cubalex.org\/#organization","name":"Cubalex","url":"https:\/\/cubalex.org\/","logo":{"@type":"ImageObject","inLanguage":"en-US","@id":"https:\/\/cubalex.org\/#\/schema\/logo\/image\/","url":"https:\/\/i0.wp.com\/cubalex.org\/wp-content\/uploads\/2026\/08\/CUBALEX1.png?fit=1445%2C300&ssl=1","contentUrl":"https:\/\/i0.wp.com\/cubalex.org\/wp-content\/uploads\/2026\/08\/CUBALEX1.png?fit=1445%2C300&ssl=1","width":1445,"height":300,"caption":"Cubalex"},"image":{"@id":"https:\/\/cubalex.org\/#\/schema\/logo\/image\/"},"sameAs":["https:\/\/www.facebook.com\/ONGcubalex","https:\/\/x.com\/CubalexDDHH","https:\/\/www.youtube.com\/@Cubalex","https:\/\/www.linkedin.com\/company\/cubalex\/","https:\/\/t.me\/cubalex"]}]}},"jetpack_shortlink":"https:\/\/wp.me\/p23ZXl-3c7","jetpack_sharing_enabled":true,"jetpack_featured_media_url":"https:\/\/i0.wp.com\/cubalex.org\/wp-content\/uploads\/2024\/05\/Portada-sentencia-Nuevitas.png?fit=1200%2C675&ssl=1","_links":{"self":[{"href":"https:\/\/cubalex.org\/en\/wp-json\/wp\/v2\/posts\/12283","targetHints":{"allow":["GET"]}}],"collection":[{"href":"https:\/\/cubalex.org\/en\/wp-json\/wp\/v2\/posts"}],"about":[{"href":"https:\/\/cubalex.org\/en\/wp-json\/wp\/v2\/types\/post"}],"replies":[{"embeddable":true,"href":"https:\/\/cubalex.org\/en\/wp-json\/wp\/v2\/comments?post=12283"}],"version-history":[{"count":0,"href":"https:\/\/cubalex.org\/en\/wp-json\/wp\/v2\/posts\/12283\/revisions"}],"wp:featuredmedia":[{"embeddable":true,"href":"https:\/\/cubalex.org\/en\/wp-json\/wp\/v2\/media\/12285"}],"wp:attachment":[{"href":"https:\/\/cubalex.org\/en\/wp-json\/wp\/v2\/media?parent=12283"}],"wp:term":[{"taxonomy":"category","embeddable":true,"href":"https:\/\/cubalex.org\/en\/wp-json\/wp\/v2\/categories?post=12283"},{"taxonomy":"post_tag","embeddable":true,"href":"https:\/\/cubalex.org\/en\/wp-json\/wp\/v2\/tags?post=12283"}],"curies":[{"name":"wp","href":"https:\/\/api.w.org\/{rel}","templated":true}]}}