{"id":15293,"date":"2025-01-10T09:00:00","date_gmt":"2025-01-10T14:00:00","guid":{"rendered":"https:\/\/cubalex.org\/?p=15293"},"modified":"2025-01-13T16:56:37","modified_gmt":"2025-01-13T21:56:37","slug":"cuba-2024-un-ano-mas-de-represion-y-violaciones-sistematicas-de-derechos-humanos","status":"publish","type":"post","link":"https:\/\/cubalex.org\/en\/2025\/01\/10\/cuba-2024-un-ano-mas-de-represion-y-violaciones-sistematicas-de-derechos-humanos\/","title":{"rendered":"Cuba 2024: Un A\u00f1o M\u00e1s de Represi\u00f3n y Violaciones Sistem\u00e1ticas de Derechos Humanos"},"content":{"rendered":"<p class=\"wp-block-paragraph\"><em><strong>En 2024, el equipo de monitoreo de Cubalex registr\u00f3 de manera sistem\u00e1tica m\u00faltiples formas de represi\u00f3n estatal, evidenciando patrones alarmantes de abuso de poder que vulneran los derechos fundamentales de la ciudadan\u00eda.<\/strong><\/em><\/p>\n\n\n\n<p class=\"wp-block-paragraph\">La represi\u00f3n no se reduce a simples estad\u00edsticas; cada cifra refleja una historia de sufrimiento y resistencia frente a un sistema que vulnera los derechos humanos de manera sistem\u00e1tica.<\/p>\n\n\n\n<p class=\"wp-block-paragraph\"><strong>Cifras que evidencian la realidad de la represi\u00f3n en Cuba<\/strong> <\/p>\n\n\n\n<p class=\"wp-block-paragraph\">Durante el a\u00f1o 2024, el equipo de monitoreo de Cubalex document\u00f3 <strong>1,559 violaciones cometidas contra personas privadas de libertad<\/strong>, exponiendo un mecanismo estatal que atenta directamente contra la dignidad humana. Adem\u00e1s, <strong>659 detenciones arbitrarias <\/strong>fueron ejecutadas como instrumentos de control, mientras que<strong> 282 citaciones<\/strong> se utilizaron para hostigar y mantener a los ciudadanos bajo constante amenaza. Los<strong> 553 casos de violencia o acoso<\/strong> no solo dejaron da\u00f1os f\u00edsicos, sino profundas heridas emocionales en las v\u00edctimas.<\/p>\n\n\n\n<figure class=\"wp-block-image size-large\"><a href=\"https:\/\/i0.wp.com\/cubalex.org\/wp-content\/uploads\/2025\/01\/Carrusel-resumen-2024-11.jpg?ssl=1\"><img data-recalc-dims=\"1\" fetchpriority=\"high\" decoding=\"async\" width=\"700\" height=\"1312\" data-attachment-id=\"15297\" data-permalink=\"https:\/\/cubalex.org\/en\/2025\/01\/10\/cuba-2024-un-ano-mas-de-represion-y-violaciones-sistematicas-de-derechos-humanos\/carrusel-resumen-2024-11\/\" data-orig-file=\"https:\/\/i0.wp.com\/cubalex.org\/wp-content\/uploads\/2025\/01\/Carrusel-resumen-2024-11.jpg?fit=2733%2C5123&amp;ssl=1\" data-orig-size=\"2733,5123\" data-comments-opened=\"0\" data-image-meta=\"{&quot;aperture&quot;:&quot;0&quot;,&quot;credit&quot;:&quot;&quot;,&quot;camera&quot;:&quot;&quot;,&quot;caption&quot;:&quot;&quot;,&quot;created_timestamp&quot;:&quot;0&quot;,&quot;copyright&quot;:&quot;&quot;,&quot;focal_length&quot;:&quot;0&quot;,&quot;iso&quot;:&quot;0&quot;,&quot;shutter_speed&quot;:&quot;0&quot;,&quot;title&quot;:&quot;&quot;,&quot;orientation&quot;:&quot;0&quot;}\" data-image-title=\"Carrusel resumen 2024-11\" data-image-description=\"\" data-image-caption=\"\" data-large-file=\"https:\/\/i0.wp.com\/cubalex.org\/wp-content\/uploads\/2025\/01\/Carrusel-resumen-2024-11.jpg?fit=546%2C1024&amp;ssl=1\" src=\"https:\/\/i0.wp.com\/cubalex.org\/wp-content\/uploads\/2025\/01\/Carrusel-resumen-2024-11.jpg?resize=700%2C1312&#038;ssl=1\" alt=\"\" class=\"wp-image-15297\" srcset=\"https:\/\/i0.wp.com\/cubalex.org\/wp-content\/uploads\/2025\/01\/Carrusel-resumen-2024-11.jpg?resize=700%2C1312&amp;ssl=1 700w, https:\/\/i0.wp.com\/cubalex.org\/wp-content\/uploads\/2025\/01\/Carrusel-resumen-2024-11.jpg?resize=250%2C469&amp;ssl=1 250w, https:\/\/i0.wp.com\/cubalex.org\/wp-content\/uploads\/2025\/01\/Carrusel-resumen-2024-11.jpg?resize=768%2C1440&amp;ssl=1 768w, https:\/\/i0.wp.com\/cubalex.org\/wp-content\/uploads\/2025\/01\/Carrusel-resumen-2024-11.jpg?resize=819%2C1536&amp;ssl=1 819w, https:\/\/i0.wp.com\/cubalex.org\/wp-content\/uploads\/2025\/01\/Carrusel-resumen-2024-11.jpg?resize=1093%2C2048&amp;ssl=1 1093w, https:\/\/i0.wp.com\/cubalex.org\/wp-content\/uploads\/2025\/01\/Carrusel-resumen-2024-11.jpg?resize=120%2C225&amp;ssl=1 120w, https:\/\/i0.wp.com\/cubalex.org\/wp-content\/uploads\/2025\/01\/Carrusel-resumen-2024-11.jpg?resize=1200%2C2249&amp;ssl=1 1200w, https:\/\/i0.wp.com\/cubalex.org\/wp-content\/uploads\/2025\/01\/Carrusel-resumen-2024-11.jpg?w=2660&amp;ssl=1 2660w\" sizes=\"(max-width: 700px) 100vw, 700px\" \/><\/a><\/figure>\n\n\n\n<p class=\"wp-block-paragraph\"><\/p>\n\n\n\n<p class=\"wp-block-paragraph\">La situaci\u00f3n es a\u00fan m\u00e1s grave con las <strong>63 muertes bajo custodia, <\/strong>que permanecen sin investigaciones independientes ni justicia para los responsables. En su lucha por exigir derechos b\u00e1sicos, <strong>139 reclusos <\/strong>llevaron a cabo huelgas de hambre, arriesgando su salud y su vida. Por otra parte, <strong>111 personas privadas de libertad<\/strong> fueron despojadas de beneficios penitenciarios, un castigo adicional para aquellos que ya enfrentan condiciones inhumanas; entre ellos, <strong>89 presos pol\u00edticos <\/strong>que encarnan el precio de la disidencia.<\/p>\n\n\n\n<p class=\"wp-block-paragraph\">Estas cifras no son solo datos en un informe; son historias de vidas truncadas, de derechos arrebatados y de un pueblo sometido a la represi\u00f3n m\u00e1s despiadada. Representan un llamado urgente a la comunidad internacional para exigir justicia y respeto a los derechos humanos en la isla.<\/p>\n\n\n\n<p class=\"wp-block-paragraph\">Desde Cubalex seguimos comprometidos con documentar, denunciar y apoyar a las v\u00edctimas de violaciones de derechos humanos en Cuba. Nuestro objetivo es visibilizar esta realidad, ofrecer asesor\u00eda legal gratuita y segura, y exigir justicia para quienes han sido afectados por estas pr\u00e1cticas represivas. Si tienes informaci\u00f3n sobre violaciones de derechos humanos o necesitas apoyo legal, no dudes en contactarnos a trav\u00e9s de\u00a0nuestras redes sociales.<br><\/p>","protected":false},"excerpt":{"rendered":"<p>En 2024, el equipo de monitoreo de Cubalex registr\u00f3 de manera sistem\u00e1tica m\u00faltiples formas de represi\u00f3n estatal, evidenciando patrones alarmantes de abuso de poder que vulneran los derechos fundamentales de la ciudadan\u00eda. La represi\u00f3n no se reduce a simples estad\u00edsticas; cada cifra refleja una historia de sufrimiento y resistencia frente a un sistema que vulnera [&hellip;]<\/p>\n","protected":false},"featured_media":15360,"comment_status":"closed","ping_status":"closed","sticky":false,"template":"","format":"standard","meta":{"_jetpack_newsletter_access":"","_jetpack_dont_email_post_to_subs":false,"_jetpack_newsletter_tier_id":0,"_jetpack_memberships_contains_paywalled_content":false,"_wpcom_ai_launchpad_first_post":false,"_jetpack_feature_clip_id":0,"_jetpack_memberships_contains_paid_content":false,"footnotes":"","jetpack_post_was_ever_published":false},"categories":[551856560,111160486],"tags":[16719,551855965,31684,112601],"class_list":["post-15293","post","type-post","status-publish","format-standard","has-post-thumbnail","hentry","category-alertas","category-cubalex","tag-cuba","tag-cubalex","tag-derechos-humanos","tag-represion"],"featured_image_src":"https:\/\/i0.wp.com\/cubalex.org\/wp-content\/uploads\/2025\/01\/Imagen-Web-Represion_Mesa-de-trabajo-1-copia.jpg?fit=5000%2C2333&ssl=1","acf":{"translation_reviewed":false},"yoast_head":"<!-- This site is optimized with the Yoast SEO plugin v28.4 - https:\/\/yoast.com\/product\/yoast-seo-wordpress\/ -->\n<title>Cuba 2024: Un A\u00f1o M\u00e1s de Represi\u00f3n y Violaciones Sistem\u00e1ticas de Derechos Humanos - Cubalex<\/title>\n<meta name=\"robots\" content=\"index, follow, max-snippet:-1, max-image-preview:large, max-video-preview:-1\" \/>\n<link rel=\"canonical\" href=\"https:\/\/cubalex.org\/en\/2025\/01\/10\/cuba-2024-un-ano-mas-de-represion-y-violaciones-sistematicas-de-derechos-humanos\/\" \/>\n<meta property=\"og:locale\" content=\"en_US\" \/>\n<meta property=\"og:type\" content=\"article\" \/>\n<meta property=\"og:title\" content=\"Cuba 2024: Un A\u00f1o M\u00e1s de Represi\u00f3n y Violaciones Sistem\u00e1ticas de Derechos Humanos - Cubalex\" \/>\n<meta property=\"og:description\" content=\"En 2024, el equipo de monitoreo de Cubalex registr\u00f3 de manera sistem\u00e1tica m\u00faltiples formas de represi\u00f3n estatal, evidenciando patrones alarmantes de abuso de poder que vulneran los derechos fundamentales de la ciudadan\u00eda. La represi\u00f3n no se reduce a simples estad\u00edsticas; cada cifra refleja una historia de sufrimiento y resistencia frente a un sistema que vulnera [&hellip;]\" \/>\n<meta property=\"og:url\" content=\"https:\/\/cubalex.org\/en\/2025\/01\/10\/cuba-2024-un-ano-mas-de-represion-y-violaciones-sistematicas-de-derechos-humanos\/\" \/>\n<meta property=\"og:site_name\" content=\"Cubalex\" \/>\n<meta property=\"article:publisher\" content=\"https:\/\/www.facebook.com\/ONGcubalex\" \/>\n<meta property=\"article:published_time\" content=\"2025-01-10T14:00:00+00:00\" \/>\n<meta property=\"article:modified_time\" content=\"2025-01-13T21:56:37+00:00\" \/>\n<meta property=\"og:image\" content=\"https:\/\/cubalex.org\/wp-content\/uploads\/2025\/01\/Imagen-Web-Represion_Mesa-de-trabajo-1-copia-700x327.jpg\" \/>\n\t<meta property=\"og:image:width\" content=\"700\" \/>\n\t<meta property=\"og:image:height\" content=\"327\" \/>\n\t<meta property=\"og:image:type\" content=\"image\/jpeg\" \/>\n<meta name=\"twitter:card\" content=\"summary_large_image\" \/>\n<meta name=\"twitter:creator\" content=\"@CubalexDDHH\" \/>\n<meta name=\"twitter:site\" content=\"@CubalexDDHH\" \/>\n<meta name=\"twitter:label1\" content=\"Written by\" \/>\n\t<meta name=\"twitter:data1\" content=\"lestat\" \/>\n\t<meta name=\"twitter:label2\" content=\"Est. reading time\" \/>\n\t<meta name=\"twitter:data2\" content=\"2 minutes\" \/>\n<script type=\"application\/ld+json\" class=\"yoast-schema-graph\">{\"@context\":\"https:\\\/\\\/schema.org\",\"@graph\":[{\"@type\":\"Article\",\"@id\":\"https:\\\/\\\/cubalex.org\\\/2025\\\/01\\\/10\\\/cuba-2024-un-ano-mas-de-represion-y-violaciones-sistematicas-de-derechos-humanos\\\/#article\",\"isPartOf\":{\"@id\":\"https:\\\/\\\/cubalex.org\\\/2025\\\/01\\\/10\\\/cuba-2024-un-ano-mas-de-represion-y-violaciones-sistematicas-de-derechos-humanos\\\/\"},\"headline\":\"Cuba 2024: Un A\u00f1o M\u00e1s de Represi\u00f3n y Violaciones Sistem\u00e1ticas de Derechos Humanos\",\"datePublished\":\"2025-01-10T14:00:00+00:00\",\"dateModified\":\"2025-01-13T21:56:37+00:00\",\"mainEntityOfPage\":{\"@id\":\"https:\\\/\\\/cubalex.org\\\/2025\\\/01\\\/10\\\/cuba-2024-un-ano-mas-de-represion-y-violaciones-sistematicas-de-derechos-humanos\\\/\"},\"wordCount\":367,\"publisher\":{\"@id\":\"https:\\\/\\\/cubalex.org\\\/#organization\"},\"image\":{\"@id\":\"https:\\\/\\\/cubalex.org\\\/2025\\\/01\\\/10\\\/cuba-2024-un-ano-mas-de-represion-y-violaciones-sistematicas-de-derechos-humanos\\\/#primaryimage\"},\"thumbnailUrl\":\"https:\\\/\\\/i0.wp.com\\\/cubalex.org\\\/wp-content\\\/uploads\\\/2025\\\/01\\\/Imagen-Web-Represion_Mesa-de-trabajo-1-copia.jpg?fit=5000%2C2333&ssl=1\",\"keywords\":[\"Cuba\",\"Cubalex\",\"derechos humanos\",\"represi\u00f3n\"],\"articleSection\":[\"Alertas\",\"Cubalex\"],\"inLanguage\":\"en-US\"},{\"@type\":\"WebPage\",\"@id\":\"https:\\\/\\\/cubalex.org\\\/2025\\\/01\\\/10\\\/cuba-2024-un-ano-mas-de-represion-y-violaciones-sistematicas-de-derechos-humanos\\\/\",\"url\":\"https:\\\/\\\/cubalex.org\\\/2025\\\/01\\\/10\\\/cuba-2024-un-ano-mas-de-represion-y-violaciones-sistematicas-de-derechos-humanos\\\/\",\"name\":\"Cuba 2024: Un A\u00f1o M\u00e1s de Represi\u00f3n y Violaciones Sistem\u00e1ticas de Derechos Humanos - Cubalex\",\"isPartOf\":{\"@id\":\"https:\\\/\\\/cubalex.org\\\/#website\"},\"primaryImageOfPage\":{\"@id\":\"https:\\\/\\\/cubalex.org\\\/2025\\\/01\\\/10\\\/cuba-2024-un-ano-mas-de-represion-y-violaciones-sistematicas-de-derechos-humanos\\\/#primaryimage\"},\"image\":{\"@id\":\"https:\\\/\\\/cubalex.org\\\/2025\\\/01\\\/10\\\/cuba-2024-un-ano-mas-de-represion-y-violaciones-sistematicas-de-derechos-humanos\\\/#primaryimage\"},\"thumbnailUrl\":\"https:\\\/\\\/i0.wp.com\\\/cubalex.org\\\/wp-content\\\/uploads\\\/2025\\\/01\\\/Imagen-Web-Represion_Mesa-de-trabajo-1-copia.jpg?fit=5000%2C2333&ssl=1\",\"datePublished\":\"2025-01-10T14:00:00+00:00\",\"dateModified\":\"2025-01-13T21:56:37+00:00\",\"breadcrumb\":{\"@id\":\"https:\\\/\\\/cubalex.org\\\/2025\\\/01\\\/10\\\/cuba-2024-un-ano-mas-de-represion-y-violaciones-sistematicas-de-derechos-humanos\\\/#breadcrumb\"},\"inLanguage\":\"en-US\",\"potentialAction\":[{\"@type\":\"ReadAction\",\"target\":[\"https:\\\/\\\/cubalex.org\\\/2025\\\/01\\\/10\\\/cuba-2024-un-ano-mas-de-represion-y-violaciones-sistematicas-de-derechos-humanos\\\/\"]}]},{\"@type\":\"ImageObject\",\"inLanguage\":\"en-US\",\"@id\":\"https:\\\/\\\/cubalex.org\\\/2025\\\/01\\\/10\\\/cuba-2024-un-ano-mas-de-represion-y-violaciones-sistematicas-de-derechos-humanos\\\/#primaryimage\",\"url\":\"https:\\\/\\\/i0.wp.com\\\/cubalex.org\\\/wp-content\\\/uploads\\\/2025\\\/01\\\/Imagen-Web-Represion_Mesa-de-trabajo-1-copia.jpg?fit=5000%2C2333&ssl=1\",\"contentUrl\":\"https:\\\/\\\/i0.wp.com\\\/cubalex.org\\\/wp-content\\\/uploads\\\/2025\\\/01\\\/Imagen-Web-Represion_Mesa-de-trabajo-1-copia.jpg?fit=5000%2C2333&ssl=1\",\"width\":5000,\"height\":2333},{\"@type\":\"BreadcrumbList\",\"@id\":\"https:\\\/\\\/cubalex.org\\\/2025\\\/01\\\/10\\\/cuba-2024-un-ano-mas-de-represion-y-violaciones-sistematicas-de-derechos-humanos\\\/#breadcrumb\",\"itemListElement\":[{\"@type\":\"ListItem\",\"position\":1,\"name\":\"Portada\",\"item\":\"https:\\\/\\\/cubalex.org\\\/\"},{\"@type\":\"ListItem\",\"position\":2,\"name\":\"Cuba 2024: Un A\u00f1o M\u00e1s de Represi\u00f3n y Violaciones Sistem\u00e1ticas de Derechos Humanos\"}]},{\"@type\":\"WebSite\",\"@id\":\"https:\\\/\\\/cubalex.org\\\/#website\",\"url\":\"https:\\\/\\\/cubalex.org\\\/\",\"name\":\"Cubalex\",\"description\":\"Trabajamos en defensa de los derechos humanos, para instaurar la democracia y el Estado de derecho en Cuba\",\"publisher\":{\"@id\":\"https:\\\/\\\/cubalex.org\\\/#organization\"},\"potentialAction\":[{\"@type\":\"SearchAction\",\"target\":{\"@type\":\"EntryPoint\",\"urlTemplate\":\"https:\\\/\\\/cubalex.org\\\/?s={search_term_string}\"},\"query-input\":{\"@type\":\"PropertyValueSpecification\",\"valueRequired\":true,\"valueName\":\"search_term_string\"}}],\"inLanguage\":\"en-US\"},{\"@type\":\"Organization\",\"@id\":\"https:\\\/\\\/cubalex.org\\\/#organization\",\"name\":\"Cubalex\",\"url\":\"https:\\\/\\\/cubalex.org\\\/\",\"logo\":{\"@type\":\"ImageObject\",\"inLanguage\":\"en-US\",\"@id\":\"https:\\\/\\\/cubalex.org\\\/#\\\/schema\\\/logo\\\/image\\\/\",\"url\":\"https:\\\/\\\/i0.wp.com\\\/cubalex.org\\\/wp-content\\\/uploads\\\/2026\\\/08\\\/CUBALEX1.png?fit=1445%2C300&ssl=1\",\"contentUrl\":\"https:\\\/\\\/i0.wp.com\\\/cubalex.org\\\/wp-content\\\/uploads\\\/2026\\\/08\\\/CUBALEX1.png?fit=1445%2C300&ssl=1\",\"width\":1445,\"height\":300,\"caption\":\"Cubalex\"},\"image\":{\"@id\":\"https:\\\/\\\/cubalex.org\\\/#\\\/schema\\\/logo\\\/image\\\/\"},\"sameAs\":[\"https:\\\/\\\/www.facebook.com\\\/ONGcubalex\",\"https:\\\/\\\/x.com\\\/CubalexDDHH\",\"https:\\\/\\\/www.youtube.com\\\/@Cubalex\",\"https:\\\/\\\/www.linkedin.com\\\/company\\\/cubalex\\\/\",\"https:\\\/\\\/t.me\\\/cubalex\"]}]}<\/script>\n<!-- \/ Yoast SEO plugin. -->","yoast_head_json":{"title":"Cuba 2024: Un A\u00f1o M\u00e1s de Represi\u00f3n y Violaciones Sistem\u00e1ticas de Derechos Humanos - Cubalex","robots":{"index":"index","follow":"follow","max-snippet":"max-snippet:-1","max-image-preview":"max-image-preview:large","max-video-preview":"max-video-preview:-1"},"canonical":"https:\/\/cubalex.org\/en\/2025\/01\/10\/cuba-2024-un-ano-mas-de-represion-y-violaciones-sistematicas-de-derechos-humanos\/","og_locale":"en_US","og_type":"article","og_title":"Cuba 2024: Un A\u00f1o M\u00e1s de Represi\u00f3n y Violaciones Sistem\u00e1ticas de Derechos Humanos - Cubalex","og_description":"En 2024, el equipo de monitoreo de Cubalex registr\u00f3 de manera sistem\u00e1tica m\u00faltiples formas de represi\u00f3n estatal, evidenciando patrones alarmantes de abuso de poder que vulneran los derechos fundamentales de la ciudadan\u00eda. La represi\u00f3n no se reduce a simples estad\u00edsticas; cada cifra refleja una historia de sufrimiento y resistencia frente a un sistema que vulnera [&hellip;]","og_url":"https:\/\/cubalex.org\/en\/2025\/01\/10\/cuba-2024-un-ano-mas-de-represion-y-violaciones-sistematicas-de-derechos-humanos\/","og_site_name":"Cubalex","article_publisher":"https:\/\/www.facebook.com\/ONGcubalex","article_published_time":"2025-01-10T14:00:00+00:00","article_modified_time":"2025-01-13T21:56:37+00:00","og_image":[{"width":700,"height":327,"url":"https:\/\/cubalex.org\/wp-content\/uploads\/2025\/01\/Imagen-Web-Represion_Mesa-de-trabajo-1-copia-700x327.jpg","type":"image\/jpeg"}],"twitter_card":"summary_large_image","twitter_creator":"@CubalexDDHH","twitter_site":"@CubalexDDHH","twitter_misc":{"Written by":"lestat","Est. reading time":"2 minutes"},"schema":{"@context":"https:\/\/schema.org","@graph":[{"@type":"Article","@id":"https:\/\/cubalex.org\/2025\/01\/10\/cuba-2024-un-ano-mas-de-represion-y-violaciones-sistematicas-de-derechos-humanos\/#article","isPartOf":{"@id":"https:\/\/cubalex.org\/2025\/01\/10\/cuba-2024-un-ano-mas-de-represion-y-violaciones-sistematicas-de-derechos-humanos\/"},"headline":"Cuba 2024: Un A\u00f1o M\u00e1s de Represi\u00f3n y Violaciones Sistem\u00e1ticas de Derechos Humanos","datePublished":"2025-01-10T14:00:00+00:00","dateModified":"2025-01-13T21:56:37+00:00","mainEntityOfPage":{"@id":"https:\/\/cubalex.org\/2025\/01\/10\/cuba-2024-un-ano-mas-de-represion-y-violaciones-sistematicas-de-derechos-humanos\/"},"wordCount":367,"publisher":{"@id":"https:\/\/cubalex.org\/#organization"},"image":{"@id":"https:\/\/cubalex.org\/2025\/01\/10\/cuba-2024-un-ano-mas-de-represion-y-violaciones-sistematicas-de-derechos-humanos\/#primaryimage"},"thumbnailUrl":"https:\/\/i0.wp.com\/cubalex.org\/wp-content\/uploads\/2025\/01\/Imagen-Web-Represion_Mesa-de-trabajo-1-copia.jpg?fit=5000%2C2333&ssl=1","keywords":["Cuba","Cubalex","derechos humanos","represi\u00f3n"],"articleSection":["Alertas","Cubalex"],"inLanguage":"en-US"},{"@type":"WebPage","@id":"https:\/\/cubalex.org\/2025\/01\/10\/cuba-2024-un-ano-mas-de-represion-y-violaciones-sistematicas-de-derechos-humanos\/","url":"https:\/\/cubalex.org\/2025\/01\/10\/cuba-2024-un-ano-mas-de-represion-y-violaciones-sistematicas-de-derechos-humanos\/","name":"Cuba 2024: Un A\u00f1o M\u00e1s de Represi\u00f3n y Violaciones Sistem\u00e1ticas de Derechos Humanos - Cubalex","isPartOf":{"@id":"https:\/\/cubalex.org\/#website"},"primaryImageOfPage":{"@id":"https:\/\/cubalex.org\/2025\/01\/10\/cuba-2024-un-ano-mas-de-represion-y-violaciones-sistematicas-de-derechos-humanos\/#primaryimage"},"image":{"@id":"https:\/\/cubalex.org\/2025\/01\/10\/cuba-2024-un-ano-mas-de-represion-y-violaciones-sistematicas-de-derechos-humanos\/#primaryimage"},"thumbnailUrl":"https:\/\/i0.wp.com\/cubalex.org\/wp-content\/uploads\/2025\/01\/Imagen-Web-Represion_Mesa-de-trabajo-1-copia.jpg?fit=5000%2C2333&ssl=1","datePublished":"2025-01-10T14:00:00+00:00","dateModified":"2025-01-13T21:56:37+00:00","breadcrumb":{"@id":"https:\/\/cubalex.org\/2025\/01\/10\/cuba-2024-un-ano-mas-de-represion-y-violaciones-sistematicas-de-derechos-humanos\/#breadcrumb"},"inLanguage":"en-US","potentialAction":[{"@type":"ReadAction","target":["https:\/\/cubalex.org\/2025\/01\/10\/cuba-2024-un-ano-mas-de-represion-y-violaciones-sistematicas-de-derechos-humanos\/"]}]},{"@type":"ImageObject","inLanguage":"en-US","@id":"https:\/\/cubalex.org\/2025\/01\/10\/cuba-2024-un-ano-mas-de-represion-y-violaciones-sistematicas-de-derechos-humanos\/#primaryimage","url":"https:\/\/i0.wp.com\/cubalex.org\/wp-content\/uploads\/2025\/01\/Imagen-Web-Represion_Mesa-de-trabajo-1-copia.jpg?fit=5000%2C2333&ssl=1","contentUrl":"https:\/\/i0.wp.com\/cubalex.org\/wp-content\/uploads\/2025\/01\/Imagen-Web-Represion_Mesa-de-trabajo-1-copia.jpg?fit=5000%2C2333&ssl=1","width":5000,"height":2333},{"@type":"BreadcrumbList","@id":"https:\/\/cubalex.org\/2025\/01\/10\/cuba-2024-un-ano-mas-de-represion-y-violaciones-sistematicas-de-derechos-humanos\/#breadcrumb","itemListElement":[{"@type":"ListItem","position":1,"name":"Portada","item":"https:\/\/cubalex.org\/"},{"@type":"ListItem","position":2,"name":"Cuba 2024: Un A\u00f1o M\u00e1s de Represi\u00f3n y Violaciones Sistem\u00e1ticas de Derechos Humanos"}]},{"@type":"WebSite","@id":"https:\/\/cubalex.org\/#website","url":"https:\/\/cubalex.org\/","name":"Cubalex","description":"Trabajamos en defensa de los derechos humanos, para instaurar la democracia y el Estado de derecho en Cuba","publisher":{"@id":"https:\/\/cubalex.org\/#organization"},"potentialAction":[{"@type":"SearchAction","target":{"@type":"EntryPoint","urlTemplate":"https:\/\/cubalex.org\/?s={search_term_string}"},"query-input":{"@type":"PropertyValueSpecification","valueRequired":true,"valueName":"search_term_string"}}],"inLanguage":"en-US"},{"@type":"Organization","@id":"https:\/\/cubalex.org\/#organization","name":"Cubalex","url":"https:\/\/cubalex.org\/","logo":{"@type":"ImageObject","inLanguage":"en-US","@id":"https:\/\/cubalex.org\/#\/schema\/logo\/image\/","url":"https:\/\/i0.wp.com\/cubalex.org\/wp-content\/uploads\/2026\/08\/CUBALEX1.png?fit=1445%2C300&ssl=1","contentUrl":"https:\/\/i0.wp.com\/cubalex.org\/wp-content\/uploads\/2026\/08\/CUBALEX1.png?fit=1445%2C300&ssl=1","width":1445,"height":300,"caption":"Cubalex"},"image":{"@id":"https:\/\/cubalex.org\/#\/schema\/logo\/image\/"},"sameAs":["https:\/\/www.facebook.com\/ONGcubalex","https:\/\/x.com\/CubalexDDHH","https:\/\/www.youtube.com\/@Cubalex","https:\/\/www.linkedin.com\/company\/cubalex\/","https:\/\/t.me\/cubalex"]}]}},"jetpack_shortlink":"https:\/\/wp.me\/p23ZXl-3YF","jetpack_sharing_enabled":true,"jetpack_featured_media_url":"https:\/\/i0.wp.com\/cubalex.org\/wp-content\/uploads\/2025\/01\/Imagen-Web-Represion_Mesa-de-trabajo-1-copia.jpg?fit=5000%2C2333&ssl=1","_links":{"self":[{"href":"https:\/\/cubalex.org\/en\/wp-json\/wp\/v2\/posts\/15293","targetHints":{"allow":["GET"]}}],"collection":[{"href":"https:\/\/cubalex.org\/en\/wp-json\/wp\/v2\/posts"}],"about":[{"href":"https:\/\/cubalex.org\/en\/wp-json\/wp\/v2\/types\/post"}],"replies":[{"embeddable":true,"href":"https:\/\/cubalex.org\/en\/wp-json\/wp\/v2\/comments?post=15293"}],"version-history":[{"count":0,"href":"https:\/\/cubalex.org\/en\/wp-json\/wp\/v2\/posts\/15293\/revisions"}],"wp:featuredmedia":[{"embeddable":true,"href":"https:\/\/cubalex.org\/en\/wp-json\/wp\/v2\/media\/15360"}],"wp:attachment":[{"href":"https:\/\/cubalex.org\/en\/wp-json\/wp\/v2\/media?parent=15293"}],"wp:term":[{"taxonomy":"category","embeddable":true,"href":"https:\/\/cubalex.org\/en\/wp-json\/wp\/v2\/categories?post=15293"},{"taxonomy":"post_tag","embeddable":true,"href":"https:\/\/cubalex.org\/en\/wp-json\/wp\/v2\/tags?post=15293"}],"curies":[{"name":"wp","href":"https:\/\/api.w.org\/{rel}","templated":true}]}}