{"id":16299,"date":"2025-04-29T13:41:11","date_gmt":"2025-04-29T17:41:11","guid":{"rendered":"https:\/\/cubalex.org\/?p=16299"},"modified":"2025-09-23T18:24:20","modified_gmt":"2025-09-23T22:24:20","slug":"cubalex-denuncia-la-revocacion-arbitraria-de-la-libertad-condicional-de-los-presos-politicos-jose-daniel-ferrer-y-felix-navarro","status":"publish","type":"post","link":"https:\/\/cubalex.org\/en\/2025\/04\/29\/cubalex-denuncia-la-revocacion-arbitraria-de-la-libertad-condicional-de-los-presos-politicos-jose-daniel-ferrer-y-felix-navarro\/","title":{"rendered":"Cubalex denuncia la revocaci\u00f3n arbitraria de la libertad condicional de los presos pol\u00edticos Jos\u00e9 Daniel Ferrer y F\u00e9lix Navarro"},"content":{"rendered":"<p class=\"wp-block-paragraph\"><strong><em>Denunciamos la revocaci\u00f3n arbitraria de la libertad condicional de los presos pol\u00edticos Jos\u00e9 Daniel Ferrer Garc\u00eda y F\u00e9lix Navarro Rodr\u00edguez, excarcelados en enero de 2025 en el contexto de negociaciones del r\u00e9gimen cubano con el Vaticano.\u00a0<\/em><\/strong><\/p>\n\n\n\n<p class=\"wp-block-paragraph\">El Tribunal Supremo Popular inform\u00f3 este 29 de abril la revocaci\u00f3n del beneficio, alegando que ambos sancionados \u201cincumplieron\u201d las condiciones impuestas durante el per\u00edodo de prueba, seg\u00fan <a href=\"https:\/\/razonesdecuba.cu\/cuba-aplica-la-ley-revoca-libertad-condicional-a-jose-daniel-ferrer-y-felix-navarro-por-violaciones-reiteradas\/\">confirm\u00f3<\/a> la p\u00e1gina oficial Las Razones de Cuba.&nbsp;<\/p>\n\n\n\n<p class=\"wp-block-paragraph\">La vicepresidenta del Tribunal Supremo Popular, Maricela Sosa Ravelo, declar\u00f3 que \u201clas salas penales de los tribunales provinciales populares de Matanzas y Santiago de Cuba revocaron la libertad condicional a dos sancionados, del grupo de los 553, que incumplieron lo establecido en la ley durante el per\u00edodo de prueba al que estaban sujetos\u201d.<\/p>\n\n\n\n<p class=\"wp-block-paragraph\">En el caso de F\u00e9lix Navarro Rodr\u00edguez, excarcelado el 18 de enero, el tribunal sostiene que habr\u00eda incumplido los t\u00e9rminos de su libertad condicional al salir de su municipio en siete ocasiones sin contar con la autorizaci\u00f3n judicial requerida. Por su parte, respecto a Jos\u00e9 Daniel Ferrer Garc\u00eda, excarcelado el 16 de enero, las autoridades alegan que no asisti\u00f3 a dos citaciones oficiales ante el juez de ejecuci\u00f3n y que, adem\u00e1s, declar\u00f3 p\u00fablicamente su negativa a acatar las condiciones impuestas.<\/p>\n\n\n\n<p class=\"wp-block-paragraph\">El comunicado tambi\u00e9n se\u00f1ala que ambos sancionados \u201cson personas que, de forma p\u00fablica, hacen llamados al desorden y al desacato a las autoridades en sus entornos sociales y digitales, y mantienen v\u00ednculos p\u00fablicos con el encargado de negocios de la Embajada de los Estados Unidos en Cuba\u201d. Aunque se aclara que estas conductas no guardan relaci\u00f3n directa con la revocaci\u00f3n de la libertad condicional, se advierte que podr\u00edan ser objeto de futuras investigaciones, abriendo as\u00ed la posibilidad de que se les imputen nuevas causas penales.<\/p>\n\n\n\n<p class=\"wp-block-paragraph\">Este martes 29 de abril, en horas de la ma\u00f1ana, Jos\u00e9 Daniel Ferrer Garc\u00eda, coordinador de la Uni\u00f3n Patri\u00f3tica de Cuba (UNPACU), fue arrestado durante un operativo de la Seguridad del Estado en la sede de la organizaci\u00f3n, ubicada en el reparto Altamira, en Santiago de Cuba. Durante el operativo, tambi\u00e9n fueron detenidos su esposa, Nelva Ismarays Ortega, su hijo peque\u00f1o y los activistas Roil\u00e1n Z\u00e1rraga Ferrer y Fernando Gonz\u00e1lez Vaillant, quienes, hasta el momento, permanecen en paradero desconocido.<\/p>\n\n\n\n<p class=\"wp-block-paragraph\">Igualmente, en horas tempranas de la ma\u00f1ana, fue detenido F\u00e9lix Navarro Rodr\u00edguez, fundador y coordinador del Partido por la Democracia Pedro Luis Boitel. Seg\u00fan reportes enviados a Cubalex, la Seguridad del Estado despleg\u00f3 un fuerte operativo policial en su vivienda. Navarro fue detenido alrededor de las 6:00 a.m., cuando se dispon\u00eda a salir junto a su esposa, la Dama de Blanco Sonia \u00c1lvarez, para asistir a la visita de su hija, la presa pol\u00edtica Sayli Navarro.<\/p>\n\n\n\n<p class=\"wp-block-paragraph\">Aunque las autoridades intentan justificar las detenciones alegando presuntos \u201cincumplimientos\u201d de formalidades judiciales, la propia narrativa oficial evidencia el verdadero objetivo: castigar el activismo pac\u00edfico de ambos l\u00edderes opositores. Desde su excarcelaci\u00f3n, Jos\u00e9 Daniel Ferrer y F\u00e9lix Navarro han sido objeto de hostigamiento constante, detenciones arbitrarias sistem\u00e1ticas y presiones permanentes con la amenaza de ser devueltos a prisi\u00f3n.<\/p>\n\n\n\n<h3 class=\"wp-block-heading\"><strong>Desde Cubalex denunciamos:<\/strong><\/h3>\n\n\n\n<p class=\"wp-block-paragraph\">-El uso arbitrario de la ley como herramienta de persecuci\u00f3n pol\u00edtica para silenciar voces cr\u00edticas.<br><\/p>\n\n\n\n<p class=\"wp-block-paragraph\">-La falta de garant\u00edas judiciales para quienes ejercen sus derechos fundamentales.<br><\/p>\n\n\n\n<p class=\"wp-block-paragraph\">-La persistencia de la represi\u00f3n estatal contra el activismo pac\u00edfico en Cuba.<br><\/p>\n\n\n\n<p class=\"wp-block-paragraph\">Hacemos un llamado urgente a la comunidad internacional, a los organismos de derechos humanos y a la sociedad civil a alzar la voz, visibilizar estos abusos y exigir al r\u00e9gimen cubano el respeto irrestricto de los derechos humanos.<\/p>\n\n\n\n<p class=\"wp-block-paragraph\">Exigimos la liberaci\u00f3n inmediata de Jos\u00e9 Daniel Ferrer Garc\u00eda, F\u00e9lix Navarro Rodr\u00edguez y de todas las personas detenidas en Cuba por ejercer sus derechos fundamentales.<\/p>\n\n\n\n<p class=\"wp-block-paragraph\"><\/p>","protected":false},"excerpt":{"rendered":"<p>Denunciamos la revocaci\u00f3n arbitraria de la libertad condicional de los presos pol\u00edticos Jos\u00e9 Daniel Ferrer Garc\u00eda y F\u00e9lix Navarro Rodr\u00edguez, excarcelados en enero de 2025 en el contexto de negociaciones del r\u00e9gimen cubano con el Vaticano.\u00a0 El Tribunal Supremo Popular inform\u00f3 este 29 de abril la revocaci\u00f3n del beneficio, alegando que ambos sancionados \u201cincumplieron\u201d las [&hellip;]<\/p>\n","protected":false},"featured_media":16301,"comment_status":"closed","ping_status":"closed","sticky":false,"template":"","format":"standard","meta":{"_jetpack_newsletter_access":"","_jetpack_dont_email_post_to_subs":false,"_jetpack_newsletter_tier_id":0,"_jetpack_memberships_contains_paywalled_content":false,"_wpcom_ai_launchpad_first_post":false,"_jetpack_feature_clip_id":0,"_jetpack_memberships_contains_paid_content":false,"footnotes":"","jetpack_post_was_ever_published":false},"categories":[551856570,551856778],"tags":[551856699,16719,551855965,31684,551856678,551856609,551856052,112601,551856698,551856617],"class_list":["post-16299","post","type-post","status-publish","format-standard","has-post-thumbnail","hentry","category-declaraciones","category-pronunciamientos","tag-beneficios-de-excarcelacion","tag-cuba","tag-cubalex","tag-derechos-humanos","tag-excarcelacion","tag-libertad-condicional","tag-presos-politicos","tag-represion","tag-revocacion","tag-tribunal-supremo"],"featured_image_src":"https:\/\/i0.wp.com\/cubalex.org\/wp-content\/uploads\/2025\/04\/Plantillas-sitio-web-11.png?fit=1200%2C560&ssl=1","acf":{"translation_reviewed":false},"yoast_head":"<!-- This site is optimized with the Yoast SEO plugin v28.4 - https:\/\/yoast.com\/product\/yoast-seo-wordpress\/ -->\n<title>Cubalex denuncia la revocaci\u00f3n arbitraria de la libertad condicional de los presos pol\u00edticos Jos\u00e9 Daniel Ferrer y F\u00e9lix Navarro - Cubalex<\/title>\n<meta name=\"robots\" content=\"index, follow, max-snippet:-1, max-image-preview:large, max-video-preview:-1\" \/>\n<link rel=\"canonical\" href=\"https:\/\/cubalex.org\/en\/2025\/04\/29\/cubalex-denuncia-la-revocacion-arbitraria-de-la-libertad-condicional-de-los-presos-politicos-jose-daniel-ferrer-y-felix-navarro\/\" \/>\n<meta property=\"og:locale\" content=\"en_US\" \/>\n<meta property=\"og:type\" content=\"article\" \/>\n<meta property=\"og:title\" content=\"Cubalex denuncia la revocaci\u00f3n arbitraria de la libertad condicional de los presos pol\u00edticos Jos\u00e9 Daniel Ferrer y F\u00e9lix Navarro - Cubalex\" \/>\n<meta property=\"og:description\" content=\"Denunciamos la revocaci\u00f3n arbitraria de la libertad condicional de los presos pol\u00edticos Jos\u00e9 Daniel Ferrer Garc\u00eda y F\u00e9lix Navarro Rodr\u00edguez, excarcelados en enero de 2025 en el contexto de negociaciones del r\u00e9gimen cubano con el Vaticano.\u00a0 El Tribunal Supremo Popular inform\u00f3 este 29 de abril la revocaci\u00f3n del beneficio, alegando que ambos sancionados \u201cincumplieron\u201d las [&hellip;]\" \/>\n<meta property=\"og:url\" content=\"https:\/\/cubalex.org\/en\/2025\/04\/29\/cubalex-denuncia-la-revocacion-arbitraria-de-la-libertad-condicional-de-los-presos-politicos-jose-daniel-ferrer-y-felix-navarro\/\" \/>\n<meta property=\"og:site_name\" content=\"Cubalex\" \/>\n<meta property=\"article:publisher\" content=\"https:\/\/www.facebook.com\/ONGcubalex\" \/>\n<meta property=\"article:published_time\" content=\"2025-04-29T17:41:11+00:00\" \/>\n<meta property=\"article:modified_time\" content=\"2025-09-23T22:24:20+00:00\" \/>\n<meta property=\"og:image\" content=\"https:\/\/cubalex.org\/wp-content\/uploads\/2025\/04\/Plantillas-sitio-web-11.png\" \/>\n\t<meta property=\"og:image:width\" content=\"1200\" \/>\n\t<meta property=\"og:image:height\" content=\"560\" \/>\n\t<meta property=\"og:image:type\" content=\"image\/png\" \/>\n<meta name=\"twitter:card\" content=\"summary_large_image\" \/>\n<meta name=\"twitter:creator\" content=\"@CubalexDDHH\" \/>\n<meta name=\"twitter:site\" content=\"@CubalexDDHH\" \/>\n<meta name=\"twitter:label1\" content=\"Written by\" \/>\n\t<meta name=\"twitter:data1\" content=\"L\u00edsabell\" \/>\n\t<meta name=\"twitter:label2\" content=\"Est. reading time\" \/>\n\t<meta name=\"twitter:data2\" content=\"3 minutes\" \/>\n<script type=\"application\/ld+json\" class=\"yoast-schema-graph\">{\"@context\":\"https:\\\/\\\/schema.org\",\"@graph\":[{\"@type\":\"Article\",\"@id\":\"https:\\\/\\\/cubalex.org\\\/2025\\\/04\\\/29\\\/cubalex-denuncia-la-revocacion-arbitraria-de-la-libertad-condicional-de-los-presos-politicos-jose-daniel-ferrer-y-felix-navarro\\\/#article\",\"isPartOf\":{\"@id\":\"https:\\\/\\\/cubalex.org\\\/2025\\\/04\\\/29\\\/cubalex-denuncia-la-revocacion-arbitraria-de-la-libertad-condicional-de-los-presos-politicos-jose-daniel-ferrer-y-felix-navarro\\\/\"},\"headline\":\"Cubalex denuncia la revocaci\u00f3n arbitraria de la libertad condicional de los presos pol\u00edticos Jos\u00e9 Daniel Ferrer y F\u00e9lix Navarro\",\"datePublished\":\"2025-04-29T17:41:11+00:00\",\"dateModified\":\"2025-09-23T22:24:20+00:00\",\"mainEntityOfPage\":{\"@id\":\"https:\\\/\\\/cubalex.org\\\/2025\\\/04\\\/29\\\/cubalex-denuncia-la-revocacion-arbitraria-de-la-libertad-condicional-de-los-presos-politicos-jose-daniel-ferrer-y-felix-navarro\\\/\"},\"wordCount\":684,\"publisher\":{\"@id\":\"https:\\\/\\\/cubalex.org\\\/#organization\"},\"image\":{\"@id\":\"https:\\\/\\\/cubalex.org\\\/2025\\\/04\\\/29\\\/cubalex-denuncia-la-revocacion-arbitraria-de-la-libertad-condicional-de-los-presos-politicos-jose-daniel-ferrer-y-felix-navarro\\\/#primaryimage\"},\"thumbnailUrl\":\"https:\\\/\\\/i0.wp.com\\\/cubalex.org\\\/wp-content\\\/uploads\\\/2025\\\/04\\\/Plantillas-sitio-web-11.png?fit=1200%2C560&ssl=1\",\"keywords\":[\"beneficios de excarcelaci\u00f3n\",\"Cuba\",\"Cubalex\",\"derechos humanos\",\"excarcelaci\u00f3n\",\"libertad condicional\",\"presos pol\u00edticos\",\"represi\u00f3n\",\"revocaci\u00f3n\",\"Tribunal Supremo\"],\"articleSection\":[\"Declaraciones\",\"Pronunciamientos\"],\"inLanguage\":\"en-US\"},{\"@type\":\"WebPage\",\"@id\":\"https:\\\/\\\/cubalex.org\\\/2025\\\/04\\\/29\\\/cubalex-denuncia-la-revocacion-arbitraria-de-la-libertad-condicional-de-los-presos-politicos-jose-daniel-ferrer-y-felix-navarro\\\/\",\"url\":\"https:\\\/\\\/cubalex.org\\\/2025\\\/04\\\/29\\\/cubalex-denuncia-la-revocacion-arbitraria-de-la-libertad-condicional-de-los-presos-politicos-jose-daniel-ferrer-y-felix-navarro\\\/\",\"name\":\"Cubalex denuncia la revocaci\u00f3n arbitraria de la libertad condicional de los presos pol\u00edticos Jos\u00e9 Daniel Ferrer y F\u00e9lix Navarro - Cubalex\",\"isPartOf\":{\"@id\":\"https:\\\/\\\/cubalex.org\\\/#website\"},\"primaryImageOfPage\":{\"@id\":\"https:\\\/\\\/cubalex.org\\\/2025\\\/04\\\/29\\\/cubalex-denuncia-la-revocacion-arbitraria-de-la-libertad-condicional-de-los-presos-politicos-jose-daniel-ferrer-y-felix-navarro\\\/#primaryimage\"},\"image\":{\"@id\":\"https:\\\/\\\/cubalex.org\\\/2025\\\/04\\\/29\\\/cubalex-denuncia-la-revocacion-arbitraria-de-la-libertad-condicional-de-los-presos-politicos-jose-daniel-ferrer-y-felix-navarro\\\/#primaryimage\"},\"thumbnailUrl\":\"https:\\\/\\\/i0.wp.com\\\/cubalex.org\\\/wp-content\\\/uploads\\\/2025\\\/04\\\/Plantillas-sitio-web-11.png?fit=1200%2C560&ssl=1\",\"datePublished\":\"2025-04-29T17:41:11+00:00\",\"dateModified\":\"2025-09-23T22:24:20+00:00\",\"breadcrumb\":{\"@id\":\"https:\\\/\\\/cubalex.org\\\/2025\\\/04\\\/29\\\/cubalex-denuncia-la-revocacion-arbitraria-de-la-libertad-condicional-de-los-presos-politicos-jose-daniel-ferrer-y-felix-navarro\\\/#breadcrumb\"},\"inLanguage\":\"en-US\",\"potentialAction\":[{\"@type\":\"ReadAction\",\"target\":[\"https:\\\/\\\/cubalex.org\\\/2025\\\/04\\\/29\\\/cubalex-denuncia-la-revocacion-arbitraria-de-la-libertad-condicional-de-los-presos-politicos-jose-daniel-ferrer-y-felix-navarro\\\/\"]}]},{\"@type\":\"ImageObject\",\"inLanguage\":\"en-US\",\"@id\":\"https:\\\/\\\/cubalex.org\\\/2025\\\/04\\\/29\\\/cubalex-denuncia-la-revocacion-arbitraria-de-la-libertad-condicional-de-los-presos-politicos-jose-daniel-ferrer-y-felix-navarro\\\/#primaryimage\",\"url\":\"https:\\\/\\\/i0.wp.com\\\/cubalex.org\\\/wp-content\\\/uploads\\\/2025\\\/04\\\/Plantillas-sitio-web-11.png?fit=1200%2C560&ssl=1\",\"contentUrl\":\"https:\\\/\\\/i0.wp.com\\\/cubalex.org\\\/wp-content\\\/uploads\\\/2025\\\/04\\\/Plantillas-sitio-web-11.png?fit=1200%2C560&ssl=1\",\"width\":1200,\"height\":560},{\"@type\":\"BreadcrumbList\",\"@id\":\"https:\\\/\\\/cubalex.org\\\/2025\\\/04\\\/29\\\/cubalex-denuncia-la-revocacion-arbitraria-de-la-libertad-condicional-de-los-presos-politicos-jose-daniel-ferrer-y-felix-navarro\\\/#breadcrumb\",\"itemListElement\":[{\"@type\":\"ListItem\",\"position\":1,\"name\":\"Portada\",\"item\":\"https:\\\/\\\/cubalex.org\\\/\"},{\"@type\":\"ListItem\",\"position\":2,\"name\":\"Cubalex denuncia la revocaci\u00f3n arbitraria de la libertad condicional de los presos pol\u00edticos Jos\u00e9 Daniel Ferrer y F\u00e9lix Navarro\"}]},{\"@type\":\"WebSite\",\"@id\":\"https:\\\/\\\/cubalex.org\\\/#website\",\"url\":\"https:\\\/\\\/cubalex.org\\\/\",\"name\":\"Cubalex\",\"description\":\"Trabajamos en defensa de los derechos humanos, para instaurar la democracia y el Estado de derecho en Cuba\",\"publisher\":{\"@id\":\"https:\\\/\\\/cubalex.org\\\/#organization\"},\"potentialAction\":[{\"@type\":\"SearchAction\",\"target\":{\"@type\":\"EntryPoint\",\"urlTemplate\":\"https:\\\/\\\/cubalex.org\\\/?s={search_term_string}\"},\"query-input\":{\"@type\":\"PropertyValueSpecification\",\"valueRequired\":true,\"valueName\":\"search_term_string\"}}],\"inLanguage\":\"en-US\"},{\"@type\":\"Organization\",\"@id\":\"https:\\\/\\\/cubalex.org\\\/#organization\",\"name\":\"Cubalex\",\"url\":\"https:\\\/\\\/cubalex.org\\\/\",\"logo\":{\"@type\":\"ImageObject\",\"inLanguage\":\"en-US\",\"@id\":\"https:\\\/\\\/cubalex.org\\\/#\\\/schema\\\/logo\\\/image\\\/\",\"url\":\"https:\\\/\\\/i0.wp.com\\\/cubalex.org\\\/wp-content\\\/uploads\\\/2026\\\/08\\\/CUBALEX1.png?fit=1445%2C300&ssl=1\",\"contentUrl\":\"https:\\\/\\\/i0.wp.com\\\/cubalex.org\\\/wp-content\\\/uploads\\\/2026\\\/08\\\/CUBALEX1.png?fit=1445%2C300&ssl=1\",\"width\":1445,\"height\":300,\"caption\":\"Cubalex\"},\"image\":{\"@id\":\"https:\\\/\\\/cubalex.org\\\/#\\\/schema\\\/logo\\\/image\\\/\"},\"sameAs\":[\"https:\\\/\\\/www.facebook.com\\\/ONGcubalex\",\"https:\\\/\\\/x.com\\\/CubalexDDHH\",\"https:\\\/\\\/www.youtube.com\\\/@Cubalex\",\"https:\\\/\\\/www.linkedin.com\\\/company\\\/cubalex\\\/\",\"https:\\\/\\\/t.me\\\/cubalex\"]}]}<\/script>\n<!-- \/ Yoast SEO plugin. -->","yoast_head_json":{"title":"Cubalex denuncia la revocaci\u00f3n arbitraria de la libertad condicional de los presos pol\u00edticos Jos\u00e9 Daniel Ferrer y F\u00e9lix Navarro - Cubalex","robots":{"index":"index","follow":"follow","max-snippet":"max-snippet:-1","max-image-preview":"max-image-preview:large","max-video-preview":"max-video-preview:-1"},"canonical":"https:\/\/cubalex.org\/en\/2025\/04\/29\/cubalex-denuncia-la-revocacion-arbitraria-de-la-libertad-condicional-de-los-presos-politicos-jose-daniel-ferrer-y-felix-navarro\/","og_locale":"en_US","og_type":"article","og_title":"Cubalex denuncia la revocaci\u00f3n arbitraria de la libertad condicional de los presos pol\u00edticos Jos\u00e9 Daniel Ferrer y F\u00e9lix Navarro - Cubalex","og_description":"Denunciamos la revocaci\u00f3n arbitraria de la libertad condicional de los presos pol\u00edticos Jos\u00e9 Daniel Ferrer Garc\u00eda y F\u00e9lix Navarro Rodr\u00edguez, excarcelados en enero de 2025 en el contexto de negociaciones del r\u00e9gimen cubano con el Vaticano.\u00a0 El Tribunal Supremo Popular inform\u00f3 este 29 de abril la revocaci\u00f3n del beneficio, alegando que ambos sancionados \u201cincumplieron\u201d las [&hellip;]","og_url":"https:\/\/cubalex.org\/en\/2025\/04\/29\/cubalex-denuncia-la-revocacion-arbitraria-de-la-libertad-condicional-de-los-presos-politicos-jose-daniel-ferrer-y-felix-navarro\/","og_site_name":"Cubalex","article_publisher":"https:\/\/www.facebook.com\/ONGcubalex","article_published_time":"2025-04-29T17:41:11+00:00","article_modified_time":"2025-09-23T22:24:20+00:00","og_image":[{"width":1200,"height":560,"url":"https:\/\/cubalex.org\/wp-content\/uploads\/2025\/04\/Plantillas-sitio-web-11.png","type":"image\/png"}],"twitter_card":"summary_large_image","twitter_creator":"@CubalexDDHH","twitter_site":"@CubalexDDHH","twitter_misc":{"Written by":"L\u00edsabell","Est. reading time":"3 minutes"},"schema":{"@context":"https:\/\/schema.org","@graph":[{"@type":"Article","@id":"https:\/\/cubalex.org\/2025\/04\/29\/cubalex-denuncia-la-revocacion-arbitraria-de-la-libertad-condicional-de-los-presos-politicos-jose-daniel-ferrer-y-felix-navarro\/#article","isPartOf":{"@id":"https:\/\/cubalex.org\/2025\/04\/29\/cubalex-denuncia-la-revocacion-arbitraria-de-la-libertad-condicional-de-los-presos-politicos-jose-daniel-ferrer-y-felix-navarro\/"},"headline":"Cubalex denuncia la revocaci\u00f3n arbitraria de la libertad condicional de los presos pol\u00edticos Jos\u00e9 Daniel Ferrer y F\u00e9lix Navarro","datePublished":"2025-04-29T17:41:11+00:00","dateModified":"2025-09-23T22:24:20+00:00","mainEntityOfPage":{"@id":"https:\/\/cubalex.org\/2025\/04\/29\/cubalex-denuncia-la-revocacion-arbitraria-de-la-libertad-condicional-de-los-presos-politicos-jose-daniel-ferrer-y-felix-navarro\/"},"wordCount":684,"publisher":{"@id":"https:\/\/cubalex.org\/#organization"},"image":{"@id":"https:\/\/cubalex.org\/2025\/04\/29\/cubalex-denuncia-la-revocacion-arbitraria-de-la-libertad-condicional-de-los-presos-politicos-jose-daniel-ferrer-y-felix-navarro\/#primaryimage"},"thumbnailUrl":"https:\/\/i0.wp.com\/cubalex.org\/wp-content\/uploads\/2025\/04\/Plantillas-sitio-web-11.png?fit=1200%2C560&ssl=1","keywords":["beneficios de excarcelaci\u00f3n","Cuba","Cubalex","derechos humanos","excarcelaci\u00f3n","libertad condicional","presos pol\u00edticos","represi\u00f3n","revocaci\u00f3n","Tribunal Supremo"],"articleSection":["Declaraciones","Pronunciamientos"],"inLanguage":"en-US"},{"@type":"WebPage","@id":"https:\/\/cubalex.org\/2025\/04\/29\/cubalex-denuncia-la-revocacion-arbitraria-de-la-libertad-condicional-de-los-presos-politicos-jose-daniel-ferrer-y-felix-navarro\/","url":"https:\/\/cubalex.org\/2025\/04\/29\/cubalex-denuncia-la-revocacion-arbitraria-de-la-libertad-condicional-de-los-presos-politicos-jose-daniel-ferrer-y-felix-navarro\/","name":"Cubalex denuncia la revocaci\u00f3n arbitraria de la libertad condicional de los presos pol\u00edticos Jos\u00e9 Daniel Ferrer y F\u00e9lix Navarro - Cubalex","isPartOf":{"@id":"https:\/\/cubalex.org\/#website"},"primaryImageOfPage":{"@id":"https:\/\/cubalex.org\/2025\/04\/29\/cubalex-denuncia-la-revocacion-arbitraria-de-la-libertad-condicional-de-los-presos-politicos-jose-daniel-ferrer-y-felix-navarro\/#primaryimage"},"image":{"@id":"https:\/\/cubalex.org\/2025\/04\/29\/cubalex-denuncia-la-revocacion-arbitraria-de-la-libertad-condicional-de-los-presos-politicos-jose-daniel-ferrer-y-felix-navarro\/#primaryimage"},"thumbnailUrl":"https:\/\/i0.wp.com\/cubalex.org\/wp-content\/uploads\/2025\/04\/Plantillas-sitio-web-11.png?fit=1200%2C560&ssl=1","datePublished":"2025-04-29T17:41:11+00:00","dateModified":"2025-09-23T22:24:20+00:00","breadcrumb":{"@id":"https:\/\/cubalex.org\/2025\/04\/29\/cubalex-denuncia-la-revocacion-arbitraria-de-la-libertad-condicional-de-los-presos-politicos-jose-daniel-ferrer-y-felix-navarro\/#breadcrumb"},"inLanguage":"en-US","potentialAction":[{"@type":"ReadAction","target":["https:\/\/cubalex.org\/2025\/04\/29\/cubalex-denuncia-la-revocacion-arbitraria-de-la-libertad-condicional-de-los-presos-politicos-jose-daniel-ferrer-y-felix-navarro\/"]}]},{"@type":"ImageObject","inLanguage":"en-US","@id":"https:\/\/cubalex.org\/2025\/04\/29\/cubalex-denuncia-la-revocacion-arbitraria-de-la-libertad-condicional-de-los-presos-politicos-jose-daniel-ferrer-y-felix-navarro\/#primaryimage","url":"https:\/\/i0.wp.com\/cubalex.org\/wp-content\/uploads\/2025\/04\/Plantillas-sitio-web-11.png?fit=1200%2C560&ssl=1","contentUrl":"https:\/\/i0.wp.com\/cubalex.org\/wp-content\/uploads\/2025\/04\/Plantillas-sitio-web-11.png?fit=1200%2C560&ssl=1","width":1200,"height":560},{"@type":"BreadcrumbList","@id":"https:\/\/cubalex.org\/2025\/04\/29\/cubalex-denuncia-la-revocacion-arbitraria-de-la-libertad-condicional-de-los-presos-politicos-jose-daniel-ferrer-y-felix-navarro\/#breadcrumb","itemListElement":[{"@type":"ListItem","position":1,"name":"Portada","item":"https:\/\/cubalex.org\/"},{"@type":"ListItem","position":2,"name":"Cubalex denuncia la revocaci\u00f3n arbitraria de la libertad condicional de los presos pol\u00edticos Jos\u00e9 Daniel Ferrer y F\u00e9lix Navarro"}]},{"@type":"WebSite","@id":"https:\/\/cubalex.org\/#website","url":"https:\/\/cubalex.org\/","name":"Cubalex","description":"Trabajamos en defensa de los derechos humanos, para instaurar la democracia y el Estado de derecho en Cuba","publisher":{"@id":"https:\/\/cubalex.org\/#organization"},"potentialAction":[{"@type":"SearchAction","target":{"@type":"EntryPoint","urlTemplate":"https:\/\/cubalex.org\/?s={search_term_string}"},"query-input":{"@type":"PropertyValueSpecification","valueRequired":true,"valueName":"search_term_string"}}],"inLanguage":"en-US"},{"@type":"Organization","@id":"https:\/\/cubalex.org\/#organization","name":"Cubalex","url":"https:\/\/cubalex.org\/","logo":{"@type":"ImageObject","inLanguage":"en-US","@id":"https:\/\/cubalex.org\/#\/schema\/logo\/image\/","url":"https:\/\/i0.wp.com\/cubalex.org\/wp-content\/uploads\/2026\/08\/CUBALEX1.png?fit=1445%2C300&ssl=1","contentUrl":"https:\/\/i0.wp.com\/cubalex.org\/wp-content\/uploads\/2026\/08\/CUBALEX1.png?fit=1445%2C300&ssl=1","width":1445,"height":300,"caption":"Cubalex"},"image":{"@id":"https:\/\/cubalex.org\/#\/schema\/logo\/image\/"},"sameAs":["https:\/\/www.facebook.com\/ONGcubalex","https:\/\/x.com\/CubalexDDHH","https:\/\/www.youtube.com\/@Cubalex","https:\/\/www.linkedin.com\/company\/cubalex\/","https:\/\/t.me\/cubalex"]}]}},"jetpack_shortlink":"https:\/\/wp.me\/p23ZXl-4eT","jetpack_sharing_enabled":true,"jetpack_featured_media_url":"https:\/\/i0.wp.com\/cubalex.org\/wp-content\/uploads\/2025\/04\/Plantillas-sitio-web-11.png?fit=1200%2C560&ssl=1","_links":{"self":[{"href":"https:\/\/cubalex.org\/en\/wp-json\/wp\/v2\/posts\/16299","targetHints":{"allow":["GET"]}}],"collection":[{"href":"https:\/\/cubalex.org\/en\/wp-json\/wp\/v2\/posts"}],"about":[{"href":"https:\/\/cubalex.org\/en\/wp-json\/wp\/v2\/types\/post"}],"replies":[{"embeddable":true,"href":"https:\/\/cubalex.org\/en\/wp-json\/wp\/v2\/comments?post=16299"}],"version-history":[{"count":0,"href":"https:\/\/cubalex.org\/en\/wp-json\/wp\/v2\/posts\/16299\/revisions"}],"wp:featuredmedia":[{"embeddable":true,"href":"https:\/\/cubalex.org\/en\/wp-json\/wp\/v2\/media\/16301"}],"wp:attachment":[{"href":"https:\/\/cubalex.org\/en\/wp-json\/wp\/v2\/media?parent=16299"}],"wp:term":[{"taxonomy":"category","embeddable":true,"href":"https:\/\/cubalex.org\/en\/wp-json\/wp\/v2\/categories?post=16299"},{"taxonomy":"post_tag","embeddable":true,"href":"https:\/\/cubalex.org\/en\/wp-json\/wp\/v2\/tags?post=16299"}],"curies":[{"name":"wp","href":"https:\/\/api.w.org\/{rel}","templated":true}]}}