{"id":16307,"date":"2025-04-30T17:41:49","date_gmt":"2025-04-30T21:41:49","guid":{"rendered":"https:\/\/cubalex.org\/?p=16307"},"modified":"2025-09-23T18:24:06","modified_gmt":"2025-09-23T22:24:06","slug":"libertad-condicional-sin-garantias-revocacion-arbitraria-y-desapariciones-forzadas-el-caso-de-felix-navarro-y-jose-daniel-ferrer-exige-accion-internacional-urgente","status":"publish","type":"post","link":"https:\/\/cubalex.org\/en\/2025\/04\/30\/libertad-condicional-sin-garantias-revocacion-arbitraria-y-desapariciones-forzadas-el-caso-de-felix-navarro-y-jose-daniel-ferrer-exige-accion-internacional-urgente\/","title":{"rendered":"Libertad condicional sin garant\u00edas, revocaci\u00f3n arbitraria y desapariciones forzadas: El caso de F\u00e9lix Navarro y Jos\u00e9 Daniel Ferrer exige acci\u00f3n internacional urgente"},"content":{"rendered":"<p class=\"wp-block-paragraph\"><strong><em>Los l\u00edderes opositores cubanos F\u00e9lix Navarro y Jos\u00e9 Daniel Ferrer han sido detenidos nuevamente en condiciones de incomunicaci\u00f3n y sin garant\u00edas legales, tras haber sido excarcelados en enero bajo un r\u00e9gimen de libertad condicional impuesto sin su consentimiento. Cubalex alerta que estos hechos forman parte de un patr\u00f3n represivo que instrumentaliza la libertad condicional como herramienta de vigilancia y castigo pol\u00edtico.&nbsp;<\/em><\/strong><\/p>\n\n\n\n<p class=\"wp-block-paragraph\">En la madrugada del 29 de abril de 2025, los l\u00edderes opositores cubanos F\u00e9lix Navarro Rodr\u00edguez y Jos\u00e9 Daniel Ferrer Garc\u00eda fueron detenidos nuevamente por agentes del Estado en procedimientos marcados por el secretismo, la violencia y la falta total de garant\u00edas. A m\u00e1s de 24 horas de su detenci\u00f3n, sus paraderos contin\u00faan sin confirmarse oficialmente, sus familiares no han podido visitarlos ni han recibido informaci\u00f3n sobre su ubicaci\u00f3n o situaci\u00f3n procesal, lo que constituye, a juicio de Cubalex, una desaparici\u00f3n forzada seg\u00fan los est\u00e1ndares internacionales. Estos hechos se suman a un patr\u00f3n sistem\u00e1tico de violaciones del derecho interno cubano y del derecho internacional de los derechos humanos, iniciado desde el mismo momento en que fueron excarcelados en enero de este a\u00f1o bajo el r\u00e9gimen de libertad condicional.<\/p>\n\n\n\n<p class=\"wp-block-paragraph\">El an\u00e1lisis jur\u00eddico y testimonial realizado demuestra que, tanto en el caso de F\u00e9lix Navarro como en el de Jos\u00e9 Daniel Ferrer, el Estado cubano ha utilizado de forma instrumental la figura de la libertad condicional con fines represivos. Este beneficio de excarcelaci\u00f3n anticipada, regulado en la Ley 152\/2022 de Ejecuci\u00f3n Penal y en su Reglamento aprobado mediante el Decreto-Ley 74\/2023, exige como condici\u00f3n esencial el consentimiento informado del sancionado y un procedimiento regular de evaluaci\u00f3n, notificaci\u00f3n y control judicial. En ninguno de los dos casos se cumplieron estos requisitos. Ni Navarro ni Ferrer solicitaron la libertad condicional. En el caso de Ferrer, se document\u00f3 su negativa p\u00fablica y reiterada a aceptar dicho r\u00e9gimen, siendo liberado sin su consentimiento y posteriormente reencarcelado por incumplir condiciones que nunca acept\u00f3.<\/p>\n\n\n\n<p class=\"wp-block-paragraph\">La actuaci\u00f3n de las autoridades judiciales y penitenciarias no s\u00f3lo ha sido contraria al principio de legalidad, sino que ha desconocido las garant\u00edas b\u00e1sicas del debido proceso. Las revocaciones se fundamentan en supuestos incumplimientos de obligaciones no impuestas formalmente, ni explicadas, ni aceptadas por los beneficiarios. En el caso de F\u00e9lix Navarro, la justificaci\u00f3n para la revocaci\u00f3n fue que sali\u00f3 sin autorizaci\u00f3n del municipio y abandon\u00f3 su empleo. Sin embargo, se le hab\u00eda autorizado verbalmente a notificar sus salidas por tel\u00e9fono. Sus ausencias respondieron, en parte, a su leg\u00edtimo ejercicio de la libertad religiosa y a visitas a su hija encarcelada. Adicionalmente, los reiterados arrestos dominicales por intentar asistir a misa le impidieron cumplir con sus obligaciones laborales, situaci\u00f3n que fue informada al tribunal. En vez de garantizar sus derechos, el Estado opt\u00f3 por revocar el beneficio otorgado.<\/p>\n\n\n\n<p class=\"wp-block-paragraph\">Desde Cubalex advertimos, tras el anuncio de las excarcelaciones el 16 de enero de 2025, que no se trataba de verdaderas liberaciones, sino de excarcelaciones anticipadas con fuertes restricciones y sin garant\u00edas. Denunciamos en aquel entonces la falta de transparencia, el car\u00e1cter selectivo y arbitrario del proceso y la posibilidad de que estas medidas fueran utilizadas como instrumento de vigilancia, chantaje o represalia pol\u00edtica. Los hechos han confirmado esta advertencia. La libertad condicional fue otorgada sin garantizar las condiciones m\u00ednimas de legalidad, y revocada de forma punitiva, utilizando criterios discrecionales que criminalizan el ejercicio leg\u00edtimo de libertades como la de expresi\u00f3n, la religi\u00f3n y la participaci\u00f3n pol\u00edtica. Puede hablarse, incluso, de un fin ejemplarizante detr\u00e1s de estas medidas, para disuadir a personas en similar situaci\u00f3n de ejercer derechos fundamentales.&nbsp;<\/p>\n\n\n\n<p class=\"wp-block-paragraph\">La detenci\u00f3n actual de Navarro y Ferrer, en circunstancias de incomunicaci\u00f3n, sin exhibir orden judicial, sin contacto con sus familias y sin informaci\u00f3n oportuna sobre su situaci\u00f3n legal, constituye un grave acto de desaparici\u00f3n forzada, conforme al art\u00edculo 2 de la Convenci\u00f3n Internacional para la Protecci\u00f3n de Todas las Personas contra las Desapariciones Forzadas. Este hecho marca la intensificaci\u00f3n de un patr\u00f3n sostenido de criminalizaci\u00f3n de la disidencia, que incluye su persecuci\u00f3n fuera y dentro de prisi\u00f3n, la imposici\u00f3n arbitraria de condiciones no aceptadas, y el sometimiento a condiciones de reclusi\u00f3n inhumanas como forma de castigo adicional.<\/p>\n\n\n\n<p class=\"wp-block-paragraph\"><strong>Desde Cubalex hacemos un llamado urgente a las organizaciones de derechos humanos, redes de defensa legal, plataformas internacionales y misiones diplom\u00e1ticas para que se sumen a este pronunciamiento y exijan conjuntamente al Estado cubano:<\/strong><\/p>\n\n\n\n<p class=\"wp-block-paragraph\">-La aparici\u00f3n inmediata con vida de F\u00e9lix Navarro y Jos\u00e9 Daniel Ferrer.<\/p>\n\n\n\n<p class=\"wp-block-paragraph\">-Informaci\u00f3n oficial sobre su situaci\u00f3n jur\u00eddica, integridad f\u00edsica y lugar de detenci\u00f3n.<\/p>\n\n\n\n<p class=\"wp-block-paragraph\">-Garant\u00edas inmediatas de acceso a sus abogados, familiares y atenci\u00f3n m\u00e9dica.<\/p>\n\n\n\n<p class=\"wp-block-paragraph\">-La suspensi\u00f3n de toda pr\u00e1ctica de revocaci\u00f3n de libertades condicionales basada en criterios discriminatorios e infundados.\u00a0\u00a0<\/p>\n\n\n\n<p class=\"wp-block-paragraph\">-El fin de la utilizaci\u00f3n del sistema penitenciario como instrumento de castigo pol\u00edtico.<\/p>\n\n\n\n<p class=\"wp-block-paragraph\">Los procesos de negociaci\u00f3n internacional no pueden continuar legitimando estas pr\u00e1cticas. Las excarcelaciones deben estar sujetas a garant\u00edas jur\u00eddicas, transparencia y respeto pleno a los derechos humanos. Sin estos elementos, lo que se presenta como un gesto humanitario se convierte en una trampa legal que expone a los beneficiarios y a sus familiares a una constante amenaza de reclusi\u00f3n arbitraria.<\/p>\n\n\n\n<p class=\"wp-block-paragraph\">Invitamos a organizaciones aliadas a sumarse a las acciones de incidencia que estamos coordinando para denunciar estos hechos ante los mecanismos internacionales de protecci\u00f3n.<\/p>\n\n\n\n<p class=\"wp-block-paragraph\"><strong>#JusticiaParaNavarroYFerrer<\/strong><strong><br><\/strong><strong>#FinDeLasDesaparicionesForzadas <\/strong><strong><br><\/strong><strong>#LibertadCondicionalSinRepresi\u00f3n<\/strong><\/p>\n\n\n\n<p class=\"wp-block-paragraph\"><em><strong>Cubalex \u2013 Centro de Informaci\u00f3n Legal<br>30 de abril de 2025&nbsp;<\/strong><\/em><\/p>","protected":false},"excerpt":{"rendered":"<p>Los l\u00edderes opositores cubanos F\u00e9lix Navarro y Jos\u00e9 Daniel Ferrer han sido detenidos nuevamente en condiciones de incomunicaci\u00f3n y sin garant\u00edas legales, tras haber sido excarcelados en enero bajo un r\u00e9gimen de libertad condicional impuesto sin su consentimiento. Cubalex alerta que estos hechos forman parte de un patr\u00f3n represivo que instrumentaliza la libertad condicional como [&hellip;]<\/p>\n","protected":false},"featured_media":16309,"comment_status":"closed","ping_status":"closed","sticky":false,"template":"","format":"standard","meta":{"_jetpack_newsletter_access":"","_jetpack_dont_email_post_to_subs":false,"_jetpack_newsletter_tier_id":0,"_jetpack_memberships_contains_paywalled_content":false,"_wpcom_ai_launchpad_first_post":false,"_jetpack_feature_clip_id":0,"_jetpack_memberships_contains_paid_content":false,"footnotes":"","jetpack_post_was_ever_published":false},"categories":[14146,551856570],"tags":[16719,551855965,31684,7629682,551856609,551856052,112601],"class_list":["post-16307","post","type-post","status-publish","format-standard","has-post-thumbnail","hentry","category-comunicados","category-declaraciones","tag-cuba","tag-cubalex","tag-derechos-humanos","tag-detencion-arbitraria","tag-libertad-condicional","tag-presos-politicos","tag-represion"],"featured_image_src":"https:\/\/i0.wp.com\/cubalex.org\/wp-content\/uploads\/2025\/04\/Plantillas-sitio-web-13.png?fit=1200%2C560&ssl=1","acf":{"translation_reviewed":false},"yoast_head":"<!-- This site is optimized with the Yoast SEO plugin v28.4 - https:\/\/yoast.com\/product\/yoast-seo-wordpress\/ -->\n<title>Libertad condicional sin garant\u00edas, revocaci\u00f3n arbitraria y desapariciones forzadas: El caso de F\u00e9lix Navarro y Jos\u00e9 Daniel Ferrer exige acci\u00f3n internacional urgente - Cubalex<\/title>\n<meta name=\"robots\" content=\"index, follow, max-snippet:-1, max-image-preview:large, max-video-preview:-1\" \/>\n<link rel=\"canonical\" href=\"https:\/\/cubalex.org\/en\/2025\/04\/30\/libertad-condicional-sin-garantias-revocacion-arbitraria-y-desapariciones-forzadas-el-caso-de-felix-navarro-y-jose-daniel-ferrer-exige-accion-internacional-urgente\/\" \/>\n<meta property=\"og:locale\" content=\"en_US\" \/>\n<meta property=\"og:type\" content=\"article\" \/>\n<meta property=\"og:title\" content=\"Libertad condicional sin garant\u00edas, revocaci\u00f3n arbitraria y desapariciones forzadas: El caso de F\u00e9lix Navarro y Jos\u00e9 Daniel Ferrer exige acci\u00f3n internacional urgente - Cubalex\" \/>\n<meta property=\"og:description\" content=\"Los l\u00edderes opositores cubanos F\u00e9lix Navarro y Jos\u00e9 Daniel Ferrer han sido detenidos nuevamente en condiciones de incomunicaci\u00f3n y sin garant\u00edas legales, tras haber sido excarcelados en enero bajo un r\u00e9gimen de libertad condicional impuesto sin su consentimiento. Cubalex alerta que estos hechos forman parte de un patr\u00f3n represivo que instrumentaliza la libertad condicional como [&hellip;]\" \/>\n<meta property=\"og:url\" content=\"https:\/\/cubalex.org\/en\/2025\/04\/30\/libertad-condicional-sin-garantias-revocacion-arbitraria-y-desapariciones-forzadas-el-caso-de-felix-navarro-y-jose-daniel-ferrer-exige-accion-internacional-urgente\/\" \/>\n<meta property=\"og:site_name\" content=\"Cubalex\" \/>\n<meta property=\"article:publisher\" content=\"https:\/\/www.facebook.com\/ONGcubalex\" \/>\n<meta property=\"article:published_time\" content=\"2025-04-30T21:41:49+00:00\" \/>\n<meta property=\"article:modified_time\" content=\"2025-09-23T22:24:06+00:00\" \/>\n<meta property=\"og:image\" content=\"https:\/\/cubalex.org\/wp-content\/uploads\/2025\/04\/Plantillas-sitio-web-13.png\" \/>\n\t<meta property=\"og:image:width\" content=\"1200\" \/>\n\t<meta property=\"og:image:height\" content=\"560\" \/>\n\t<meta property=\"og:image:type\" content=\"image\/png\" \/>\n<meta name=\"twitter:card\" content=\"summary_large_image\" \/>\n<meta name=\"twitter:creator\" content=\"@CubalexDDHH\" \/>\n<meta name=\"twitter:site\" content=\"@CubalexDDHH\" \/>\n<meta name=\"twitter:label1\" content=\"Written by\" \/>\n\t<meta name=\"twitter:data1\" content=\"L\u00edsabell\" \/>\n\t<meta name=\"twitter:label2\" content=\"Est. reading time\" \/>\n\t<meta name=\"twitter:data2\" content=\"5 minutes\" \/>\n<script type=\"application\/ld+json\" class=\"yoast-schema-graph\">{\"@context\":\"https:\\\/\\\/schema.org\",\"@graph\":[{\"@type\":\"Article\",\"@id\":\"https:\\\/\\\/cubalex.org\\\/2025\\\/04\\\/30\\\/libertad-condicional-sin-garantias-revocacion-arbitraria-y-desapariciones-forzadas-el-caso-de-felix-navarro-y-jose-daniel-ferrer-exige-accion-internacional-urgente\\\/#article\",\"isPartOf\":{\"@id\":\"https:\\\/\\\/cubalex.org\\\/2025\\\/04\\\/30\\\/libertad-condicional-sin-garantias-revocacion-arbitraria-y-desapariciones-forzadas-el-caso-de-felix-navarro-y-jose-daniel-ferrer-exige-accion-internacional-urgente\\\/\"},\"headline\":\"Libertad condicional sin garant\u00edas, revocaci\u00f3n arbitraria y desapariciones forzadas: El caso de F\u00e9lix Navarro y Jos\u00e9 Daniel Ferrer exige acci\u00f3n internacional urgente\",\"datePublished\":\"2025-04-30T21:41:49+00:00\",\"dateModified\":\"2025-09-23T22:24:06+00:00\",\"mainEntityOfPage\":{\"@id\":\"https:\\\/\\\/cubalex.org\\\/2025\\\/04\\\/30\\\/libertad-condicional-sin-garantias-revocacion-arbitraria-y-desapariciones-forzadas-el-caso-de-felix-navarro-y-jose-daniel-ferrer-exige-accion-internacional-urgente\\\/\"},\"wordCount\":992,\"publisher\":{\"@id\":\"https:\\\/\\\/cubalex.org\\\/#organization\"},\"image\":{\"@id\":\"https:\\\/\\\/cubalex.org\\\/2025\\\/04\\\/30\\\/libertad-condicional-sin-garantias-revocacion-arbitraria-y-desapariciones-forzadas-el-caso-de-felix-navarro-y-jose-daniel-ferrer-exige-accion-internacional-urgente\\\/#primaryimage\"},\"thumbnailUrl\":\"https:\\\/\\\/i0.wp.com\\\/cubalex.org\\\/wp-content\\\/uploads\\\/2025\\\/04\\\/Plantillas-sitio-web-13.png?fit=1200%2C560&ssl=1\",\"keywords\":[\"Cuba\",\"Cubalex\",\"derechos humanos\",\"detenci\u00f3n arbitraria\",\"libertad condicional\",\"presos pol\u00edticos\",\"represi\u00f3n\"],\"articleSection\":[\"Comunicados\",\"Declaraciones\"],\"inLanguage\":\"en-US\"},{\"@type\":\"WebPage\",\"@id\":\"https:\\\/\\\/cubalex.org\\\/2025\\\/04\\\/30\\\/libertad-condicional-sin-garantias-revocacion-arbitraria-y-desapariciones-forzadas-el-caso-de-felix-navarro-y-jose-daniel-ferrer-exige-accion-internacional-urgente\\\/\",\"url\":\"https:\\\/\\\/cubalex.org\\\/2025\\\/04\\\/30\\\/libertad-condicional-sin-garantias-revocacion-arbitraria-y-desapariciones-forzadas-el-caso-de-felix-navarro-y-jose-daniel-ferrer-exige-accion-internacional-urgente\\\/\",\"name\":\"Libertad condicional sin garant\u00edas, revocaci\u00f3n arbitraria y desapariciones forzadas: El caso de F\u00e9lix Navarro y Jos\u00e9 Daniel Ferrer exige acci\u00f3n internacional urgente - Cubalex\",\"isPartOf\":{\"@id\":\"https:\\\/\\\/cubalex.org\\\/#website\"},\"primaryImageOfPage\":{\"@id\":\"https:\\\/\\\/cubalex.org\\\/2025\\\/04\\\/30\\\/libertad-condicional-sin-garantias-revocacion-arbitraria-y-desapariciones-forzadas-el-caso-de-felix-navarro-y-jose-daniel-ferrer-exige-accion-internacional-urgente\\\/#primaryimage\"},\"image\":{\"@id\":\"https:\\\/\\\/cubalex.org\\\/2025\\\/04\\\/30\\\/libertad-condicional-sin-garantias-revocacion-arbitraria-y-desapariciones-forzadas-el-caso-de-felix-navarro-y-jose-daniel-ferrer-exige-accion-internacional-urgente\\\/#primaryimage\"},\"thumbnailUrl\":\"https:\\\/\\\/i0.wp.com\\\/cubalex.org\\\/wp-content\\\/uploads\\\/2025\\\/04\\\/Plantillas-sitio-web-13.png?fit=1200%2C560&ssl=1\",\"datePublished\":\"2025-04-30T21:41:49+00:00\",\"dateModified\":\"2025-09-23T22:24:06+00:00\",\"breadcrumb\":{\"@id\":\"https:\\\/\\\/cubalex.org\\\/2025\\\/04\\\/30\\\/libertad-condicional-sin-garantias-revocacion-arbitraria-y-desapariciones-forzadas-el-caso-de-felix-navarro-y-jose-daniel-ferrer-exige-accion-internacional-urgente\\\/#breadcrumb\"},\"inLanguage\":\"en-US\",\"potentialAction\":[{\"@type\":\"ReadAction\",\"target\":[\"https:\\\/\\\/cubalex.org\\\/2025\\\/04\\\/30\\\/libertad-condicional-sin-garantias-revocacion-arbitraria-y-desapariciones-forzadas-el-caso-de-felix-navarro-y-jose-daniel-ferrer-exige-accion-internacional-urgente\\\/\"]}]},{\"@type\":\"ImageObject\",\"inLanguage\":\"en-US\",\"@id\":\"https:\\\/\\\/cubalex.org\\\/2025\\\/04\\\/30\\\/libertad-condicional-sin-garantias-revocacion-arbitraria-y-desapariciones-forzadas-el-caso-de-felix-navarro-y-jose-daniel-ferrer-exige-accion-internacional-urgente\\\/#primaryimage\",\"url\":\"https:\\\/\\\/i0.wp.com\\\/cubalex.org\\\/wp-content\\\/uploads\\\/2025\\\/04\\\/Plantillas-sitio-web-13.png?fit=1200%2C560&ssl=1\",\"contentUrl\":\"https:\\\/\\\/i0.wp.com\\\/cubalex.org\\\/wp-content\\\/uploads\\\/2025\\\/04\\\/Plantillas-sitio-web-13.png?fit=1200%2C560&ssl=1\",\"width\":1200,\"height\":560},{\"@type\":\"BreadcrumbList\",\"@id\":\"https:\\\/\\\/cubalex.org\\\/2025\\\/04\\\/30\\\/libertad-condicional-sin-garantias-revocacion-arbitraria-y-desapariciones-forzadas-el-caso-de-felix-navarro-y-jose-daniel-ferrer-exige-accion-internacional-urgente\\\/#breadcrumb\",\"itemListElement\":[{\"@type\":\"ListItem\",\"position\":1,\"name\":\"Portada\",\"item\":\"https:\\\/\\\/cubalex.org\\\/\"},{\"@type\":\"ListItem\",\"position\":2,\"name\":\"Libertad condicional sin garant\u00edas, revocaci\u00f3n arbitraria y desapariciones forzadas: El caso de F\u00e9lix Navarro y Jos\u00e9 Daniel Ferrer exige acci\u00f3n internacional urgente\"}]},{\"@type\":\"WebSite\",\"@id\":\"https:\\\/\\\/cubalex.org\\\/#website\",\"url\":\"https:\\\/\\\/cubalex.org\\\/\",\"name\":\"Cubalex\",\"description\":\"Trabajamos en defensa de los derechos humanos, para instaurar la democracia y el Estado de derecho en Cuba\",\"publisher\":{\"@id\":\"https:\\\/\\\/cubalex.org\\\/#organization\"},\"potentialAction\":[{\"@type\":\"SearchAction\",\"target\":{\"@type\":\"EntryPoint\",\"urlTemplate\":\"https:\\\/\\\/cubalex.org\\\/?s={search_term_string}\"},\"query-input\":{\"@type\":\"PropertyValueSpecification\",\"valueRequired\":true,\"valueName\":\"search_term_string\"}}],\"inLanguage\":\"en-US\"},{\"@type\":\"Organization\",\"@id\":\"https:\\\/\\\/cubalex.org\\\/#organization\",\"name\":\"Cubalex\",\"url\":\"https:\\\/\\\/cubalex.org\\\/\",\"logo\":{\"@type\":\"ImageObject\",\"inLanguage\":\"en-US\",\"@id\":\"https:\\\/\\\/cubalex.org\\\/#\\\/schema\\\/logo\\\/image\\\/\",\"url\":\"https:\\\/\\\/i0.wp.com\\\/cubalex.org\\\/wp-content\\\/uploads\\\/2026\\\/08\\\/CUBALEX1.png?fit=1445%2C300&ssl=1\",\"contentUrl\":\"https:\\\/\\\/i0.wp.com\\\/cubalex.org\\\/wp-content\\\/uploads\\\/2026\\\/08\\\/CUBALEX1.png?fit=1445%2C300&ssl=1\",\"width\":1445,\"height\":300,\"caption\":\"Cubalex\"},\"image\":{\"@id\":\"https:\\\/\\\/cubalex.org\\\/#\\\/schema\\\/logo\\\/image\\\/\"},\"sameAs\":[\"https:\\\/\\\/www.facebook.com\\\/ONGcubalex\",\"https:\\\/\\\/x.com\\\/CubalexDDHH\",\"https:\\\/\\\/www.youtube.com\\\/@Cubalex\",\"https:\\\/\\\/www.linkedin.com\\\/company\\\/cubalex\\\/\",\"https:\\\/\\\/t.me\\\/cubalex\"]}]}<\/script>\n<!-- \/ Yoast SEO plugin. -->","yoast_head_json":{"title":"Libertad condicional sin garant\u00edas, revocaci\u00f3n arbitraria y desapariciones forzadas: El caso de F\u00e9lix Navarro y Jos\u00e9 Daniel Ferrer exige acci\u00f3n internacional urgente - Cubalex","robots":{"index":"index","follow":"follow","max-snippet":"max-snippet:-1","max-image-preview":"max-image-preview:large","max-video-preview":"max-video-preview:-1"},"canonical":"https:\/\/cubalex.org\/en\/2025\/04\/30\/libertad-condicional-sin-garantias-revocacion-arbitraria-y-desapariciones-forzadas-el-caso-de-felix-navarro-y-jose-daniel-ferrer-exige-accion-internacional-urgente\/","og_locale":"en_US","og_type":"article","og_title":"Libertad condicional sin garant\u00edas, revocaci\u00f3n arbitraria y desapariciones forzadas: El caso de F\u00e9lix Navarro y Jos\u00e9 Daniel Ferrer exige acci\u00f3n internacional urgente - Cubalex","og_description":"Los l\u00edderes opositores cubanos F\u00e9lix Navarro y Jos\u00e9 Daniel Ferrer han sido detenidos nuevamente en condiciones de incomunicaci\u00f3n y sin garant\u00edas legales, tras haber sido excarcelados en enero bajo un r\u00e9gimen de libertad condicional impuesto sin su consentimiento. Cubalex alerta que estos hechos forman parte de un patr\u00f3n represivo que instrumentaliza la libertad condicional como [&hellip;]","og_url":"https:\/\/cubalex.org\/en\/2025\/04\/30\/libertad-condicional-sin-garantias-revocacion-arbitraria-y-desapariciones-forzadas-el-caso-de-felix-navarro-y-jose-daniel-ferrer-exige-accion-internacional-urgente\/","og_site_name":"Cubalex","article_publisher":"https:\/\/www.facebook.com\/ONGcubalex","article_published_time":"2025-04-30T21:41:49+00:00","article_modified_time":"2025-09-23T22:24:06+00:00","og_image":[{"width":1200,"height":560,"url":"https:\/\/cubalex.org\/wp-content\/uploads\/2025\/04\/Plantillas-sitio-web-13.png","type":"image\/png"}],"twitter_card":"summary_large_image","twitter_creator":"@CubalexDDHH","twitter_site":"@CubalexDDHH","twitter_misc":{"Written by":"L\u00edsabell","Est. reading time":"5 minutes"},"schema":{"@context":"https:\/\/schema.org","@graph":[{"@type":"Article","@id":"https:\/\/cubalex.org\/2025\/04\/30\/libertad-condicional-sin-garantias-revocacion-arbitraria-y-desapariciones-forzadas-el-caso-de-felix-navarro-y-jose-daniel-ferrer-exige-accion-internacional-urgente\/#article","isPartOf":{"@id":"https:\/\/cubalex.org\/2025\/04\/30\/libertad-condicional-sin-garantias-revocacion-arbitraria-y-desapariciones-forzadas-el-caso-de-felix-navarro-y-jose-daniel-ferrer-exige-accion-internacional-urgente\/"},"headline":"Libertad condicional sin garant\u00edas, revocaci\u00f3n arbitraria y desapariciones forzadas: El caso de F\u00e9lix Navarro y Jos\u00e9 Daniel Ferrer exige acci\u00f3n internacional urgente","datePublished":"2025-04-30T21:41:49+00:00","dateModified":"2025-09-23T22:24:06+00:00","mainEntityOfPage":{"@id":"https:\/\/cubalex.org\/2025\/04\/30\/libertad-condicional-sin-garantias-revocacion-arbitraria-y-desapariciones-forzadas-el-caso-de-felix-navarro-y-jose-daniel-ferrer-exige-accion-internacional-urgente\/"},"wordCount":992,"publisher":{"@id":"https:\/\/cubalex.org\/#organization"},"image":{"@id":"https:\/\/cubalex.org\/2025\/04\/30\/libertad-condicional-sin-garantias-revocacion-arbitraria-y-desapariciones-forzadas-el-caso-de-felix-navarro-y-jose-daniel-ferrer-exige-accion-internacional-urgente\/#primaryimage"},"thumbnailUrl":"https:\/\/i0.wp.com\/cubalex.org\/wp-content\/uploads\/2025\/04\/Plantillas-sitio-web-13.png?fit=1200%2C560&ssl=1","keywords":["Cuba","Cubalex","derechos humanos","detenci\u00f3n arbitraria","libertad condicional","presos pol\u00edticos","represi\u00f3n"],"articleSection":["Comunicados","Declaraciones"],"inLanguage":"en-US"},{"@type":"WebPage","@id":"https:\/\/cubalex.org\/2025\/04\/30\/libertad-condicional-sin-garantias-revocacion-arbitraria-y-desapariciones-forzadas-el-caso-de-felix-navarro-y-jose-daniel-ferrer-exige-accion-internacional-urgente\/","url":"https:\/\/cubalex.org\/2025\/04\/30\/libertad-condicional-sin-garantias-revocacion-arbitraria-y-desapariciones-forzadas-el-caso-de-felix-navarro-y-jose-daniel-ferrer-exige-accion-internacional-urgente\/","name":"Libertad condicional sin garant\u00edas, revocaci\u00f3n arbitraria y desapariciones forzadas: El caso de F\u00e9lix Navarro y Jos\u00e9 Daniel Ferrer exige acci\u00f3n internacional urgente - Cubalex","isPartOf":{"@id":"https:\/\/cubalex.org\/#website"},"primaryImageOfPage":{"@id":"https:\/\/cubalex.org\/2025\/04\/30\/libertad-condicional-sin-garantias-revocacion-arbitraria-y-desapariciones-forzadas-el-caso-de-felix-navarro-y-jose-daniel-ferrer-exige-accion-internacional-urgente\/#primaryimage"},"image":{"@id":"https:\/\/cubalex.org\/2025\/04\/30\/libertad-condicional-sin-garantias-revocacion-arbitraria-y-desapariciones-forzadas-el-caso-de-felix-navarro-y-jose-daniel-ferrer-exige-accion-internacional-urgente\/#primaryimage"},"thumbnailUrl":"https:\/\/i0.wp.com\/cubalex.org\/wp-content\/uploads\/2025\/04\/Plantillas-sitio-web-13.png?fit=1200%2C560&ssl=1","datePublished":"2025-04-30T21:41:49+00:00","dateModified":"2025-09-23T22:24:06+00:00","breadcrumb":{"@id":"https:\/\/cubalex.org\/2025\/04\/30\/libertad-condicional-sin-garantias-revocacion-arbitraria-y-desapariciones-forzadas-el-caso-de-felix-navarro-y-jose-daniel-ferrer-exige-accion-internacional-urgente\/#breadcrumb"},"inLanguage":"en-US","potentialAction":[{"@type":"ReadAction","target":["https:\/\/cubalex.org\/2025\/04\/30\/libertad-condicional-sin-garantias-revocacion-arbitraria-y-desapariciones-forzadas-el-caso-de-felix-navarro-y-jose-daniel-ferrer-exige-accion-internacional-urgente\/"]}]},{"@type":"ImageObject","inLanguage":"en-US","@id":"https:\/\/cubalex.org\/2025\/04\/30\/libertad-condicional-sin-garantias-revocacion-arbitraria-y-desapariciones-forzadas-el-caso-de-felix-navarro-y-jose-daniel-ferrer-exige-accion-internacional-urgente\/#primaryimage","url":"https:\/\/i0.wp.com\/cubalex.org\/wp-content\/uploads\/2025\/04\/Plantillas-sitio-web-13.png?fit=1200%2C560&ssl=1","contentUrl":"https:\/\/i0.wp.com\/cubalex.org\/wp-content\/uploads\/2025\/04\/Plantillas-sitio-web-13.png?fit=1200%2C560&ssl=1","width":1200,"height":560},{"@type":"BreadcrumbList","@id":"https:\/\/cubalex.org\/2025\/04\/30\/libertad-condicional-sin-garantias-revocacion-arbitraria-y-desapariciones-forzadas-el-caso-de-felix-navarro-y-jose-daniel-ferrer-exige-accion-internacional-urgente\/#breadcrumb","itemListElement":[{"@type":"ListItem","position":1,"name":"Portada","item":"https:\/\/cubalex.org\/"},{"@type":"ListItem","position":2,"name":"Libertad condicional sin garant\u00edas, revocaci\u00f3n arbitraria y desapariciones forzadas: El caso de F\u00e9lix Navarro y Jos\u00e9 Daniel Ferrer exige acci\u00f3n internacional urgente"}]},{"@type":"WebSite","@id":"https:\/\/cubalex.org\/#website","url":"https:\/\/cubalex.org\/","name":"Cubalex","description":"Trabajamos en defensa de los derechos humanos, para instaurar la democracia y el Estado de derecho en Cuba","publisher":{"@id":"https:\/\/cubalex.org\/#organization"},"potentialAction":[{"@type":"SearchAction","target":{"@type":"EntryPoint","urlTemplate":"https:\/\/cubalex.org\/?s={search_term_string}"},"query-input":{"@type":"PropertyValueSpecification","valueRequired":true,"valueName":"search_term_string"}}],"inLanguage":"en-US"},{"@type":"Organization","@id":"https:\/\/cubalex.org\/#organization","name":"Cubalex","url":"https:\/\/cubalex.org\/","logo":{"@type":"ImageObject","inLanguage":"en-US","@id":"https:\/\/cubalex.org\/#\/schema\/logo\/image\/","url":"https:\/\/i0.wp.com\/cubalex.org\/wp-content\/uploads\/2026\/08\/CUBALEX1.png?fit=1445%2C300&ssl=1","contentUrl":"https:\/\/i0.wp.com\/cubalex.org\/wp-content\/uploads\/2026\/08\/CUBALEX1.png?fit=1445%2C300&ssl=1","width":1445,"height":300,"caption":"Cubalex"},"image":{"@id":"https:\/\/cubalex.org\/#\/schema\/logo\/image\/"},"sameAs":["https:\/\/www.facebook.com\/ONGcubalex","https:\/\/x.com\/CubalexDDHH","https:\/\/www.youtube.com\/@Cubalex","https:\/\/www.linkedin.com\/company\/cubalex\/","https:\/\/t.me\/cubalex"]}]}},"jetpack_shortlink":"https:\/\/wp.me\/p23ZXl-4f1","jetpack_sharing_enabled":true,"jetpack_featured_media_url":"https:\/\/i0.wp.com\/cubalex.org\/wp-content\/uploads\/2025\/04\/Plantillas-sitio-web-13.png?fit=1200%2C560&ssl=1","_links":{"self":[{"href":"https:\/\/cubalex.org\/en\/wp-json\/wp\/v2\/posts\/16307","targetHints":{"allow":["GET"]}}],"collection":[{"href":"https:\/\/cubalex.org\/en\/wp-json\/wp\/v2\/posts"}],"about":[{"href":"https:\/\/cubalex.org\/en\/wp-json\/wp\/v2\/types\/post"}],"replies":[{"embeddable":true,"href":"https:\/\/cubalex.org\/en\/wp-json\/wp\/v2\/comments?post=16307"}],"version-history":[{"count":0,"href":"https:\/\/cubalex.org\/en\/wp-json\/wp\/v2\/posts\/16307\/revisions"}],"wp:featuredmedia":[{"embeddable":true,"href":"https:\/\/cubalex.org\/en\/wp-json\/wp\/v2\/media\/16309"}],"wp:attachment":[{"href":"https:\/\/cubalex.org\/en\/wp-json\/wp\/v2\/media?parent=16307"}],"wp:term":[{"taxonomy":"category","embeddable":true,"href":"https:\/\/cubalex.org\/en\/wp-json\/wp\/v2\/categories?post=16307"},{"taxonomy":"post_tag","embeddable":true,"href":"https:\/\/cubalex.org\/en\/wp-json\/wp\/v2\/tags?post=16307"}],"curies":[{"name":"wp","href":"https:\/\/api.w.org\/{rel}","templated":true}]}}