{"id":16316,"date":"2025-05-01T16:57:38","date_gmt":"2025-05-01T20:57:38","guid":{"rendered":"https:\/\/cubalex.org\/?p=16316"},"modified":"2025-09-23T18:23:47","modified_gmt":"2025-09-23T22:23:47","slug":"cuba-sin-garantias-legales-revocacion-de-libertad-condicional-como-forma-de-represion-politica","status":"publish","type":"post","link":"https:\/\/cubalex.org\/en\/2025\/05\/01\/cuba-sin-garantias-legales-revocacion-de-libertad-condicional-como-forma-de-represion-politica\/","title":{"rendered":"Cuba sin garant\u00edas legales: revocaci\u00f3n de libertad condicional como forma de represi\u00f3n pol\u00edtica"},"content":{"rendered":"<p class=\"wp-block-paragraph\"><em><strong>Foto: Captura de pantalla del programa &#8220;A fondo&#8221;, de Am\u00e9rica TV. <\/strong><\/em> <\/p>\n\n\n\n<p class=\"wp-block-paragraph\"><em><strong>En declaraciones ofrecidas al periodista <strong>Juan Manuel Cao<\/strong>, Laritza Diversent destac\u00f3 que el Estado  cubano <strong>utiliza la revocaci\u00f3n de la libertad condicional como forma de castigo pol\u00edtico<\/strong>.<\/strong><\/em> <\/p>\n\n\n\n<p class=\"wp-block-paragraph\">La directora ejecutiva de Cubalex, Laritza Diversent, fue entrevistada por el reconocido periodista Juan Manuel Cao en su programa \u201cA fondo\u201d, transmitido por Am\u00e9rica TV, en el que analiz\u00f3 las recientes revocaciones arbitrarias de libertad condicional a los presos pol\u00edticos Jos\u00e9 Daniel Ferrer Garc\u00eda y F\u00e9lix Navarro Rodr\u00edguez. Ambos l\u00edderes opositores fueron detenidos de forma violenta y sin garant\u00edas el pasado 29 de abril, como parte de operativos policiales coordinados tras la decisi\u00f3n del Tribunal Supremo Popular de revocar el beneficio de libertad condicional que les hab\u00eda sido otorgado en enero de 2025, en el marco de negociaciones diplom\u00e1ticas entre el r\u00e9gimen cubano y el Vaticano.<\/p>\n\n\n\n<p class=\"wp-block-paragraph\">Durante la entrevista, Diversent denunci\u00f3 que en Cuba la ley no funciona como garant\u00eda de derechos, sino como un instrumento de represi\u00f3n pol\u00edtica. Subray\u00f3 que el sistema judicial responde directamente a los intereses del Estado, y que en lugar de proteger a la ciudadan\u00eda, encubre violaciones sistem\u00e1ticas de derechos humanos.<\/p>\n\n\n\n<h3 class=\"wp-block-heading\"><strong>La libertad condicional como instrumento de control pol\u00edtico <\/strong><\/h3>\n\n\n\n<p class=\"wp-block-paragraph\">Diversent explic\u00f3 que tanto la concesi\u00f3n como la revocaci\u00f3n de la libertad condicional en los casos de Ferrer y Navarro est\u00e1n marcadas por graves irregularidades jur\u00eddicas. Se\u00f1al\u00f3 que ninguno de los dos solicit\u00f3 dicho beneficio, lo que invalida cualquier obligaci\u00f3n de cumplir con condiciones que no aceptaron de forma voluntaria ni consciente.<\/p>\n\n\n\n<p class=\"wp-block-paragraph\">El uso de esta figura, que en teor\u00eda debe servir como un mecanismo de reinserci\u00f3n social, ha sido tergiversado para criminalizar el activismo pac\u00edfico de estos reconocidos l\u00edderes opositores. En lugar de favorecer su reincorporaci\u00f3n a la sociedad, el Estado la ha utilizado para imponer condiciones restrictivas, ejercer vigilancia pol\u00edtica y mantener la persecuci\u00f3n bajo una fachada de legalidad.<\/p>\n\n\n\n<h3 class=\"wp-block-heading\"><strong>\u00bfPor qu\u00e9 hablamos de desapariciones forzadas?<\/strong><\/h3>\n\n\n\n<p class=\"wp-block-paragraph\">Durante la entrevista, Laritza Diversent advirti\u00f3 que la revocaci\u00f3n de la libertad condicional a los opositores estuvo acompa\u00f1ada de desapariciones forzadas, una pr\u00e1ctica sistem\u00e1tica que Cubalex ha denunciado reiteradamente. Explic\u00f3 que, seg\u00fan los est\u00e1ndares internacionales, una desaparici\u00f3n forzada ocurre cuando agentes del Estado detienen a una persona y niegan proporcionar informaci\u00f3n sobre su paradero, lo cual impide cualquier tipo de protecci\u00f3n legal. <\/p>\n\n\n<div class=\"wp-block-image\">\n<figure class=\"aligncenter size-large\"><a href=\"https:\/\/i0.wp.com\/cubalex.org\/wp-content\/uploads\/2025\/05\/Navarro.png?ssl=1\"><img data-recalc-dims=\"1\" fetchpriority=\"high\" decoding=\"async\" width=\"700\" height=\"354\" data-attachment-id=\"16320\" data-permalink=\"https:\/\/cubalex.org\/en\/2025\/05\/01\/cuba-sin-garantias-legales-revocacion-de-libertad-condicional-como-forma-de-represion-politica\/navarro\/\" data-orig-file=\"https:\/\/i0.wp.com\/cubalex.org\/wp-content\/uploads\/2025\/05\/Navarro.png?fit=1828%2C925&amp;ssl=1\" data-orig-size=\"1828,925\" data-comments-opened=\"0\" data-image-meta=\"{&quot;aperture&quot;:&quot;0&quot;,&quot;credit&quot;:&quot;&quot;,&quot;camera&quot;:&quot;&quot;,&quot;caption&quot;:&quot;&quot;,&quot;created_timestamp&quot;:&quot;0&quot;,&quot;copyright&quot;:&quot;&quot;,&quot;focal_length&quot;:&quot;0&quot;,&quot;iso&quot;:&quot;0&quot;,&quot;shutter_speed&quot;:&quot;0&quot;,&quot;title&quot;:&quot;&quot;,&quot;orientation&quot;:&quot;0&quot;}\" data-image-title=\"Navarro\" data-image-description=\"\" data-image-caption=\"\" data-large-file=\"https:\/\/i0.wp.com\/cubalex.org\/wp-content\/uploads\/2025\/05\/Navarro.png?fit=700%2C354&amp;ssl=1\" src=\"https:\/\/i0.wp.com\/cubalex.org\/wp-content\/uploads\/2025\/05\/Navarro.png?resize=700%2C354&#038;ssl=1\" alt=\"\" class=\"wp-image-16320\" srcset=\"https:\/\/i0.wp.com\/cubalex.org\/wp-content\/uploads\/2025\/05\/Navarro.png?resize=700%2C354&amp;ssl=1 700w, https:\/\/i0.wp.com\/cubalex.org\/wp-content\/uploads\/2025\/05\/Navarro.png?resize=250%2C127&amp;ssl=1 250w, https:\/\/i0.wp.com\/cubalex.org\/wp-content\/uploads\/2025\/05\/Navarro.png?resize=768%2C389&amp;ssl=1 768w, https:\/\/i0.wp.com\/cubalex.org\/wp-content\/uploads\/2025\/05\/Navarro.png?resize=1536%2C777&amp;ssl=1 1536w, https:\/\/i0.wp.com\/cubalex.org\/wp-content\/uploads\/2025\/05\/Navarro.png?resize=120%2C61&amp;ssl=1 120w, https:\/\/i0.wp.com\/cubalex.org\/wp-content\/uploads\/2025\/05\/Navarro.png?resize=1200%2C607&amp;ssl=1 1200w, https:\/\/i0.wp.com\/cubalex.org\/wp-content\/uploads\/2025\/05\/Navarro.png?w=1828&amp;ssl=1 1828w\" sizes=\"(max-width: 700px) 100vw, 700px\" \/><\/a><figcaption class=\"wp-element-caption\"><strong><em>En entrevista con Cubalex, F\u00e9lix Navarro explic\u00f3 que el tribunal nunca le entreg\u00f3 por escrito la prohibici\u00f3n de salir de su municipio. Sin embargo, esa supuesta violaci\u00f3n fue luego utilizada por las autoridades como argumento para revocar su libertad condicional.<\/em><\/strong><em><strong> Foto: Captura de pantalla del programa &#8220;A fondo&#8221;. <\/strong><\/em><\/figcaption><\/figure>\n<\/div>\n\n\n<p class=\"has-small-font-size wp-block-paragraph\"><\/p>\n\n\n\n<p class=\"wp-block-paragraph\">En el caso de F\u00e9lix Navarro, su esposa Sonia \u00c1lvarez, tambi\u00e9n reconocida activista de derechos humanos, se dirigi\u00f3 a la unidad policial del municipio de Perico, en la provincia de Matanzas \u2014lugar de residencia de ambos\u2014, y las autoridades se negaron a confirmar su detenci\u00f3n o revelar su ubicaci\u00f3n, incurriendo as\u00ed en una violaci\u00f3n grave reconocida tanto por el C\u00f3digo Penal cubano como por el derecho internacional.<\/p>\n\n\n\n<p class=\"wp-block-paragraph\">Diversent subray\u00f3 que, en estos casos \u2014muchos de ellos documentados por Cubalex\u2014, las personas detenidas quedan en un limbo jur\u00eddico, ya que las autoridades act\u00faan con total discrecionalidad y los tribunales, al no ser independientes, no ejercen una supervisi\u00f3n efectiva del proceso. Se\u00f1al\u00f3 adem\u00e1s que, en repetidas ocasiones, se ha proporcionado informaci\u00f3n falsa a los familiares, asegur\u00e1ndoles que la persona detenida se encuentra en una estaci\u00f3n policial determinada, cuando en realidad ha sido trasladada y permanece recluida en otro lugar sin notificaci\u00f3n oficial. Por ello, mientras la familia no pueda ver a la persona ni establecer contacto directo \u2014al menos por v\u00eda telef\u00f3nica\u2014, Cubalex la considera en situaci\u00f3n de desaparici\u00f3n forzada.&nbsp;<\/p>\n\n\n\n<h3 class=\"wp-block-heading\"><strong>La instrumentalizaci\u00f3n del sistema judicial<\/strong><\/h3>\n\n\n\n<p class=\"wp-block-paragraph\">Diversent alert\u00f3 tambi\u00e9n sobre la utilizaci\u00f3n del sistema judicial cubano como un instrumento represivo, orientado a castigar a quienes ejercen su derecho a la libertad de expresi\u00f3n. Uno de los puntos m\u00e1s relevantes del debate fue el contenido del comunicado oficial del Tribunal Supremo Popular, emitido el 29 de abril, en el que se se\u00f1ala que Jos\u00e9 Daniel Ferrer y F\u00e9lix Navarro son personas que, \u201cde forma p\u00fablica, hacen llamados al desorden y al desacato a las autoridades en sus entornos sociales y digitales, y mantienen v\u00ednculos p\u00fablicos con el encargado de negocios de la Embajada de los Estados Unidos en Cuba\u201d.<\/p>\n\n\n\n<p class=\"wp-block-paragraph\">Aunque el propio documento aclara que dichas conductas no guardan relaci\u00f3n directa con la revocaci\u00f3n de la libertad condicional, tambi\u00e9n advierte que podr\u00edan ser objeto de futuras investigaciones penales, dejando abierta la posibilidad de nuevas imputaciones por motivos pol\u00edticos.<\/p>\n\n\n\n<p class=\"wp-block-paragraph\">Para Diversent, este se\u00f1alamiento constituye una prueba clara de la intencionalidad pol\u00edtica de las detenciones. No solo se pretende silenciar a los opositores, sino tambi\u00e9n enviar un mensaje aleccionador a las personas excarceladas bajo condiciones restrictivas, reforzando as\u00ed el clima de represi\u00f3n y autocensura entre quienes ejercen activismo c\u00edvico en la isla.&nbsp;<\/p>\n\n\n\n<h3 class=\"wp-block-heading\"><strong><strong>Violencia institucional contra menores: sin protecci\u00f3n ni rendici\u00f3n de cuentas&nbsp;&nbsp;<\/strong><\/strong><\/h3>\n\n\n\n<p class=\"wp-block-paragraph\">La abogada defensora de derechos humanos tambi\u00e9n denunci\u00f3 la utilizaci\u00f3n de ni\u00f1os en actos de repudio, como ocurri\u00f3 recientemente frente a la sede de la Uni\u00f3n Patri\u00f3tica de Cuba (UNPACU), en Santiago de Cuba. Alert\u00f3 sobre c\u00f3mo los menores son instrumentalizados en acciones de contenido pol\u00edtico, sin el consentimiento de sus padres, lo que constituye una violaci\u00f3n del propio C\u00f3digo de las Familias y expone a los ni\u00f1os a entornos de violencia y adoctrinamiento.<\/p>\n\n\n<div class=\"wp-block-image\">\n<figure class=\"aligncenter size-large\"><a href=\"https:\/\/i0.wp.com\/cubalex.org\/wp-content\/uploads\/2025\/05\/Screenshot-2025-05-06-at-4.05.49%E2%80%AFPM.png?ssl=1\"><img data-recalc-dims=\"1\" decoding=\"async\" width=\"700\" height=\"391\" data-attachment-id=\"16445\" data-permalink=\"https:\/\/cubalex.org\/en\/2025\/05\/01\/cuba-sin-garantias-legales-revocacion-de-libertad-condicional-como-forma-de-represion-politica\/screenshot-2025-05-06-at-4-05-49-pm\/\" data-orig-file=\"https:\/\/i0.wp.com\/cubalex.org\/wp-content\/uploads\/2025\/05\/Screenshot-2025-05-06-at-4.05.49%E2%80%AFPM.png?fit=2545%2C1421&amp;ssl=1\" data-orig-size=\"2545,1421\" data-comments-opened=\"0\" data-image-meta=\"{&quot;aperture&quot;:&quot;0&quot;,&quot;credit&quot;:&quot;&quot;,&quot;camera&quot;:&quot;&quot;,&quot;caption&quot;:&quot;&quot;,&quot;created_timestamp&quot;:&quot;0&quot;,&quot;copyright&quot;:&quot;&quot;,&quot;focal_length&quot;:&quot;0&quot;,&quot;iso&quot;:&quot;0&quot;,&quot;shutter_speed&quot;:&quot;0&quot;,&quot;title&quot;:&quot;&quot;,&quot;orientation&quot;:&quot;0&quot;}\" data-image-title=\"Screenshot 2025-05-06 at 4.05.49\u202fPM\" data-image-description=\"\" data-image-caption=\"\" data-large-file=\"https:\/\/i0.wp.com\/cubalex.org\/wp-content\/uploads\/2025\/05\/Screenshot-2025-05-06-at-4.05.49%E2%80%AFPM.png?fit=700%2C391&amp;ssl=1\" src=\"https:\/\/i0.wp.com\/cubalex.org\/wp-content\/uploads\/2025\/05\/Screenshot-2025-05-06-at-4.05.49%E2%80%AFPM.png?resize=700%2C391&#038;ssl=1\" alt=\"\" class=\"wp-image-16445\" srcset=\"https:\/\/i0.wp.com\/cubalex.org\/wp-content\/uploads\/2025\/05\/Screenshot-2025-05-06-at-4.05.49%E2%80%AFPM.png?resize=700%2C391&amp;ssl=1 700w, https:\/\/i0.wp.com\/cubalex.org\/wp-content\/uploads\/2025\/05\/Screenshot-2025-05-06-at-4.05.49%E2%80%AFPM.png?resize=250%2C140&amp;ssl=1 250w, https:\/\/i0.wp.com\/cubalex.org\/wp-content\/uploads\/2025\/05\/Screenshot-2025-05-06-at-4.05.49%E2%80%AFPM.png?resize=768%2C429&amp;ssl=1 768w, https:\/\/i0.wp.com\/cubalex.org\/wp-content\/uploads\/2025\/05\/Screenshot-2025-05-06-at-4.05.49%E2%80%AFPM.png?resize=1536%2C858&amp;ssl=1 1536w, https:\/\/i0.wp.com\/cubalex.org\/wp-content\/uploads\/2025\/05\/Screenshot-2025-05-06-at-4.05.49%E2%80%AFPM.png?resize=2048%2C1144&amp;ssl=1 2048w, https:\/\/i0.wp.com\/cubalex.org\/wp-content\/uploads\/2025\/05\/Screenshot-2025-05-06-at-4.05.49%E2%80%AFPM.png?resize=120%2C67&amp;ssl=1 120w\" sizes=\"(max-width: 700px) 100vw, 700px\" \/><\/a><figcaption class=\"wp-element-caption\"><em><strong>Ni\u00f1os participando en un acto de repudio frente a la sede de UNPACU, en el reparto Altamira, Santiago de Cuba. Foto: Captura de pantalla del programa &#8220;A Fondo&#8221;.<\/strong><\/em><\/figcaption><\/figure>\n<\/div>\n\n\n<p class=\"has-small-font-size wp-block-paragraph\"><\/p>\n\n\n\n<p class=\"wp-block-paragraph\">Diversent subray\u00f3 que este tipo de pr\u00e1cticas no solo infringen la ley, sino que adem\u00e1s ponen en riesgo el bienestar f\u00edsico y emocional de los menores. En ese sentido, destac\u00f3 el caso del hijo menor de Jos\u00e9 Daniel Ferrer, de apenas cinco a\u00f1os de edad, quien fue testigo de c\u00f3mo agentes de la polic\u00eda y de la Seguridad del Estado irrumpieron violentamente en su hogar y se llevaron detenido a su padre. El menor, se\u00f1al\u00f3 Diversent, fue sometido a una experiencia traum\u00e1tica al presenciar la irrupci\u00f3n violenta de las fuerzas represivas y ser sacado por la fuerza de su vivienda, permaneciendo durante varias horas en condici\u00f3n de reclusi\u00f3n junto a su madre, sin que se brindara informaci\u00f3n sobre su situaci\u00f3n o paradero.<\/p>\n\n\n\n<p class=\"wp-block-paragraph\">Estas acciones \u2014denunci\u00f3 Diversent\u2014 reflejan un patr\u00f3n de represi\u00f3n institucional que no solo afecta a los activistas, sino tambi\u00e9n a sus familias, especialmente a ni\u00f1os y ni\u00f1as que son expuestos a la violencia estatal sin que exista reconocimiento ni rendici\u00f3n de cuentas por parte del Estado.<\/p>\n\n\n\n<p class=\"wp-block-paragraph\">Laritza Diversent fue enf\u00e1tica al afirmar que en Cuba no existe un Estado de Derecho: la ley no act\u00faa como garant\u00eda de derechos, sino como herramienta de persecuci\u00f3n, represi\u00f3n y silenciamiento contra quienes disienten del r\u00e9gimen. La revocaci\u00f3n de la libertad condicional a Jos\u00e9 Daniel Ferrer y F\u00e9lix Navarro no constituye simplemente una arbitrariedad, sino que forma parte de una estrategia sistem\u00e1tica de criminalizaci\u00f3n de la disidencia pol\u00edtica, dirigida a castigar la opini\u00f3n y la acci\u00f3n c\u00edvica independiente.&nbsp;<\/p>\n\n\n\n<p class=\"wp-block-paragraph\">\ud83d\udd17&nbsp; <strong>Lee nuestro pronunciamiento urgente sobre este caso: <br><\/strong> \ud83d\udc49<a href=\"https:\/\/cubalex.org\/en\/2025\/04\/30\/libertad-condicional-sin-garantias-revocacion-arbitraria-y-desapariciones-forzadas-el-caso-de-felix-navarro-y-jose-daniel-ferrer-exige-accion-internacional-urgente\/\"> Libertad condicional sin garant\u00edas, revocaci\u00f3n arbitraria y desapariciones forzadas: el caso de F\u00e9lix Navarro y Jos\u00e9 Daniel Ferrer exige acci\u00f3n internacional urgente<\/a> <\/p>\n\n\n\n<figure class=\"wp-block-embed is-type-video is-provider-youtube wp-block-embed-youtube wp-embed-aspect-16-9 wp-has-aspect-ratio\"><div class=\"wp-block-embed__wrapper\">\n<span class=\"embed-youtube\" style=\"text-align:center; display: block;\"><iframe class=\"youtube-player\" width=\"1330\" height=\"749\" src=\"https:\/\/www.youtube.com\/embed\/agkt-bYX6Ls?version=3&#038;rel=1&#038;showsearch=0&#038;showinfo=1&#038;iv_load_policy=1&#038;fs=1&#038;hl=en-US&#038;autohide=2&#038;wmode=transparent\" allowfullscreen=\"true\" style=\"border:0;\" sandbox=\"allow-scripts allow-same-origin allow-popups allow-presentation allow-popups-to-escape-sandbox\"><\/iframe><\/span>\n<\/div><\/figure>\n\n\n\n<p class=\"wp-block-paragraph\"><\/p>","protected":false},"excerpt":{"rendered":"<p>Foto: Captura de pantalla del programa &#8220;A fondo&#8221;, de Am\u00e9rica TV. En declaraciones ofrecidas al periodista Juan Manuel Cao, Laritza Diversent destac\u00f3 que el Estado cubano utiliza la revocaci\u00f3n de la libertad condicional como forma de castigo pol\u00edtico. La directora ejecutiva de Cubalex, Laritza Diversent, fue entrevistada por el reconocido periodista Juan Manuel Cao en [&hellip;]<\/p>\n","protected":false},"featured_media":16440,"comment_status":"closed","ping_status":"closed","sticky":false,"template":"","format":"standard","meta":{"_jetpack_newsletter_access":"","_jetpack_dont_email_post_to_subs":false,"_jetpack_newsletter_tier_id":0,"_jetpack_memberships_contains_paywalled_content":false,"_wpcom_ai_launchpad_first_post":false,"_jetpack_feature_clip_id":0,"_jetpack_memberships_contains_paid_content":false,"footnotes":"","jetpack_post_was_ever_published":false},"categories":[551856570,551856778],"tags":[551856702,16719,551855965,31684,551856701,7629682,551856703,551856609,551856052,112601,551856014],"class_list":["post-16316","post","type-post","status-publish","format-standard","has-post-thumbnail","hentry","category-declaraciones","category-pronunciamientos","tag-a-fondo","tag-cuba","tag-cubalex","tag-derechos-humanos","tag-desapariciones-forzadas","tag-detencion-arbitraria","tag-felix-navarro","tag-libertad-condicional","tag-presos-politicos","tag-represion","tag-unpacu"],"featured_image_src":"https:\/\/i0.wp.com\/cubalex.org\/wp-content\/uploads\/2025\/05\/Plantillas-sitio-web-12.png?fit=1200%2C560&ssl=1","acf":{"translation_reviewed":false},"yoast_head":"<!-- This site is optimized with the Yoast SEO plugin v28.4 - https:\/\/yoast.com\/product\/yoast-seo-wordpress\/ -->\n<title>Cuba sin garant\u00edas legales: revocaci\u00f3n de libertad condicional como forma de represi\u00f3n pol\u00edtica - Cubalex<\/title>\n<meta name=\"robots\" content=\"index, follow, max-snippet:-1, max-image-preview:large, max-video-preview:-1\" \/>\n<link rel=\"canonical\" href=\"https:\/\/cubalex.org\/en\/2025\/05\/01\/cuba-sin-garantias-legales-revocacion-de-libertad-condicional-como-forma-de-represion-politica\/\" \/>\n<meta property=\"og:locale\" content=\"en_US\" \/>\n<meta property=\"og:type\" content=\"article\" \/>\n<meta property=\"og:title\" content=\"Cuba sin garant\u00edas legales: revocaci\u00f3n de libertad condicional como forma de represi\u00f3n pol\u00edtica - Cubalex\" \/>\n<meta property=\"og:description\" content=\"Foto: Captura de pantalla del programa &#8220;A fondo&#8221;, de Am\u00e9rica TV. En declaraciones ofrecidas al periodista Juan Manuel Cao, Laritza Diversent destac\u00f3 que el Estado cubano utiliza la revocaci\u00f3n de la libertad condicional como forma de castigo pol\u00edtico. La directora ejecutiva de Cubalex, Laritza Diversent, fue entrevistada por el reconocido periodista Juan Manuel Cao en [&hellip;]\" \/>\n<meta property=\"og:url\" content=\"https:\/\/cubalex.org\/en\/2025\/05\/01\/cuba-sin-garantias-legales-revocacion-de-libertad-condicional-como-forma-de-represion-politica\/\" \/>\n<meta property=\"og:site_name\" content=\"Cubalex\" \/>\n<meta property=\"article:publisher\" content=\"https:\/\/www.facebook.com\/ONGcubalex\" \/>\n<meta property=\"article:published_time\" content=\"2025-05-01T20:57:38+00:00\" \/>\n<meta property=\"article:modified_time\" content=\"2025-09-23T22:23:47+00:00\" \/>\n<meta property=\"og:image\" content=\"https:\/\/cubalex.org\/wp-content\/uploads\/2025\/05\/Plantillas-sitio-web-12.png\" \/>\n\t<meta property=\"og:image:width\" content=\"1200\" \/>\n\t<meta property=\"og:image:height\" content=\"560\" \/>\n\t<meta property=\"og:image:type\" content=\"image\/png\" \/>\n<meta name=\"twitter:card\" content=\"summary_large_image\" \/>\n<meta name=\"twitter:creator\" content=\"@CubalexDDHH\" \/>\n<meta name=\"twitter:site\" content=\"@CubalexDDHH\" \/>\n<meta name=\"twitter:label1\" content=\"Written by\" \/>\n\t<meta name=\"twitter:data1\" content=\"L\u00edsabell\" \/>\n\t<meta name=\"twitter:label2\" content=\"Est. reading time\" \/>\n\t<meta name=\"twitter:data2\" content=\"7 minutes\" \/>\n<script type=\"application\/ld+json\" class=\"yoast-schema-graph\">{\"@context\":\"https:\\\/\\\/schema.org\",\"@graph\":[{\"@type\":\"Article\",\"@id\":\"https:\\\/\\\/cubalex.org\\\/2025\\\/05\\\/01\\\/cuba-sin-garantias-legales-revocacion-de-libertad-condicional-como-forma-de-represion-politica\\\/#article\",\"isPartOf\":{\"@id\":\"https:\\\/\\\/cubalex.org\\\/2025\\\/05\\\/01\\\/cuba-sin-garantias-legales-revocacion-de-libertad-condicional-como-forma-de-represion-politica\\\/\"},\"headline\":\"Cuba sin garant\u00edas legales: revocaci\u00f3n de libertad condicional como forma de represi\u00f3n pol\u00edtica\",\"datePublished\":\"2025-05-01T20:57:38+00:00\",\"dateModified\":\"2025-09-23T22:23:47+00:00\",\"mainEntityOfPage\":{\"@id\":\"https:\\\/\\\/cubalex.org\\\/2025\\\/05\\\/01\\\/cuba-sin-garantias-legales-revocacion-de-libertad-condicional-como-forma-de-represion-politica\\\/\"},\"wordCount\":1354,\"publisher\":{\"@id\":\"https:\\\/\\\/cubalex.org\\\/#organization\"},\"image\":{\"@id\":\"https:\\\/\\\/cubalex.org\\\/2025\\\/05\\\/01\\\/cuba-sin-garantias-legales-revocacion-de-libertad-condicional-como-forma-de-represion-politica\\\/#primaryimage\"},\"thumbnailUrl\":\"https:\\\/\\\/i0.wp.com\\\/cubalex.org\\\/wp-content\\\/uploads\\\/2025\\\/05\\\/Plantillas-sitio-web-12.png?fit=1200%2C560&ssl=1\",\"keywords\":[\"A fondo\",\"Cuba\",\"Cubalex\",\"derechos humanos\",\"desapariciones forzadas\",\"detenci\u00f3n arbitraria\",\"F\u00e9lix Navarro\",\"libertad condicional\",\"presos pol\u00edticos\",\"represi\u00f3n\",\"UNPACU\"],\"articleSection\":[\"Declaraciones\",\"Pronunciamientos\"],\"inLanguage\":\"en-US\"},{\"@type\":\"WebPage\",\"@id\":\"https:\\\/\\\/cubalex.org\\\/2025\\\/05\\\/01\\\/cuba-sin-garantias-legales-revocacion-de-libertad-condicional-como-forma-de-represion-politica\\\/\",\"url\":\"https:\\\/\\\/cubalex.org\\\/2025\\\/05\\\/01\\\/cuba-sin-garantias-legales-revocacion-de-libertad-condicional-como-forma-de-represion-politica\\\/\",\"name\":\"Cuba sin garant\u00edas legales: revocaci\u00f3n de libertad condicional como forma de represi\u00f3n pol\u00edtica - Cubalex\",\"isPartOf\":{\"@id\":\"https:\\\/\\\/cubalex.org\\\/#website\"},\"primaryImageOfPage\":{\"@id\":\"https:\\\/\\\/cubalex.org\\\/2025\\\/05\\\/01\\\/cuba-sin-garantias-legales-revocacion-de-libertad-condicional-como-forma-de-represion-politica\\\/#primaryimage\"},\"image\":{\"@id\":\"https:\\\/\\\/cubalex.org\\\/2025\\\/05\\\/01\\\/cuba-sin-garantias-legales-revocacion-de-libertad-condicional-como-forma-de-represion-politica\\\/#primaryimage\"},\"thumbnailUrl\":\"https:\\\/\\\/i0.wp.com\\\/cubalex.org\\\/wp-content\\\/uploads\\\/2025\\\/05\\\/Plantillas-sitio-web-12.png?fit=1200%2C560&ssl=1\",\"datePublished\":\"2025-05-01T20:57:38+00:00\",\"dateModified\":\"2025-09-23T22:23:47+00:00\",\"breadcrumb\":{\"@id\":\"https:\\\/\\\/cubalex.org\\\/2025\\\/05\\\/01\\\/cuba-sin-garantias-legales-revocacion-de-libertad-condicional-como-forma-de-represion-politica\\\/#breadcrumb\"},\"inLanguage\":\"en-US\",\"potentialAction\":[{\"@type\":\"ReadAction\",\"target\":[\"https:\\\/\\\/cubalex.org\\\/2025\\\/05\\\/01\\\/cuba-sin-garantias-legales-revocacion-de-libertad-condicional-como-forma-de-represion-politica\\\/\"]}]},{\"@type\":\"ImageObject\",\"inLanguage\":\"en-US\",\"@id\":\"https:\\\/\\\/cubalex.org\\\/2025\\\/05\\\/01\\\/cuba-sin-garantias-legales-revocacion-de-libertad-condicional-como-forma-de-represion-politica\\\/#primaryimage\",\"url\":\"https:\\\/\\\/i0.wp.com\\\/cubalex.org\\\/wp-content\\\/uploads\\\/2025\\\/05\\\/Plantillas-sitio-web-12.png?fit=1200%2C560&ssl=1\",\"contentUrl\":\"https:\\\/\\\/i0.wp.com\\\/cubalex.org\\\/wp-content\\\/uploads\\\/2025\\\/05\\\/Plantillas-sitio-web-12.png?fit=1200%2C560&ssl=1\",\"width\":1200,\"height\":560},{\"@type\":\"BreadcrumbList\",\"@id\":\"https:\\\/\\\/cubalex.org\\\/2025\\\/05\\\/01\\\/cuba-sin-garantias-legales-revocacion-de-libertad-condicional-como-forma-de-represion-politica\\\/#breadcrumb\",\"itemListElement\":[{\"@type\":\"ListItem\",\"position\":1,\"name\":\"Portada\",\"item\":\"https:\\\/\\\/cubalex.org\\\/\"},{\"@type\":\"ListItem\",\"position\":2,\"name\":\"Cuba sin garant\u00edas legales: revocaci\u00f3n de libertad condicional como forma de represi\u00f3n pol\u00edtica\"}]},{\"@type\":\"WebSite\",\"@id\":\"https:\\\/\\\/cubalex.org\\\/#website\",\"url\":\"https:\\\/\\\/cubalex.org\\\/\",\"name\":\"Cubalex\",\"description\":\"Trabajamos en defensa de los derechos humanos, para instaurar la democracia y el Estado de derecho en Cuba\",\"publisher\":{\"@id\":\"https:\\\/\\\/cubalex.org\\\/#organization\"},\"potentialAction\":[{\"@type\":\"SearchAction\",\"target\":{\"@type\":\"EntryPoint\",\"urlTemplate\":\"https:\\\/\\\/cubalex.org\\\/?s={search_term_string}\"},\"query-input\":{\"@type\":\"PropertyValueSpecification\",\"valueRequired\":true,\"valueName\":\"search_term_string\"}}],\"inLanguage\":\"en-US\"},{\"@type\":\"Organization\",\"@id\":\"https:\\\/\\\/cubalex.org\\\/#organization\",\"name\":\"Cubalex\",\"url\":\"https:\\\/\\\/cubalex.org\\\/\",\"logo\":{\"@type\":\"ImageObject\",\"inLanguage\":\"en-US\",\"@id\":\"https:\\\/\\\/cubalex.org\\\/#\\\/schema\\\/logo\\\/image\\\/\",\"url\":\"https:\\\/\\\/i0.wp.com\\\/cubalex.org\\\/wp-content\\\/uploads\\\/2026\\\/08\\\/CUBALEX1.png?fit=1445%2C300&ssl=1\",\"contentUrl\":\"https:\\\/\\\/i0.wp.com\\\/cubalex.org\\\/wp-content\\\/uploads\\\/2026\\\/08\\\/CUBALEX1.png?fit=1445%2C300&ssl=1\",\"width\":1445,\"height\":300,\"caption\":\"Cubalex\"},\"image\":{\"@id\":\"https:\\\/\\\/cubalex.org\\\/#\\\/schema\\\/logo\\\/image\\\/\"},\"sameAs\":[\"https:\\\/\\\/www.facebook.com\\\/ONGcubalex\",\"https:\\\/\\\/x.com\\\/CubalexDDHH\",\"https:\\\/\\\/www.youtube.com\\\/@Cubalex\",\"https:\\\/\\\/www.linkedin.com\\\/company\\\/cubalex\\\/\",\"https:\\\/\\\/t.me\\\/cubalex\"]}]}<\/script>\n<!-- \/ Yoast SEO plugin. -->","yoast_head_json":{"title":"Cuba sin garant\u00edas legales: revocaci\u00f3n de libertad condicional como forma de represi\u00f3n pol\u00edtica - Cubalex","robots":{"index":"index","follow":"follow","max-snippet":"max-snippet:-1","max-image-preview":"max-image-preview:large","max-video-preview":"max-video-preview:-1"},"canonical":"https:\/\/cubalex.org\/en\/2025\/05\/01\/cuba-sin-garantias-legales-revocacion-de-libertad-condicional-como-forma-de-represion-politica\/","og_locale":"en_US","og_type":"article","og_title":"Cuba sin garant\u00edas legales: revocaci\u00f3n de libertad condicional como forma de represi\u00f3n pol\u00edtica - Cubalex","og_description":"Foto: Captura de pantalla del programa &#8220;A fondo&#8221;, de Am\u00e9rica TV. En declaraciones ofrecidas al periodista Juan Manuel Cao, Laritza Diversent destac\u00f3 que el Estado cubano utiliza la revocaci\u00f3n de la libertad condicional como forma de castigo pol\u00edtico. La directora ejecutiva de Cubalex, Laritza Diversent, fue entrevistada por el reconocido periodista Juan Manuel Cao en [&hellip;]","og_url":"https:\/\/cubalex.org\/en\/2025\/05\/01\/cuba-sin-garantias-legales-revocacion-de-libertad-condicional-como-forma-de-represion-politica\/","og_site_name":"Cubalex","article_publisher":"https:\/\/www.facebook.com\/ONGcubalex","article_published_time":"2025-05-01T20:57:38+00:00","article_modified_time":"2025-09-23T22:23:47+00:00","og_image":[{"width":1200,"height":560,"url":"https:\/\/cubalex.org\/wp-content\/uploads\/2025\/05\/Plantillas-sitio-web-12.png","type":"image\/png"}],"twitter_card":"summary_large_image","twitter_creator":"@CubalexDDHH","twitter_site":"@CubalexDDHH","twitter_misc":{"Written by":"L\u00edsabell","Est. reading time":"7 minutes"},"schema":{"@context":"https:\/\/schema.org","@graph":[{"@type":"Article","@id":"https:\/\/cubalex.org\/2025\/05\/01\/cuba-sin-garantias-legales-revocacion-de-libertad-condicional-como-forma-de-represion-politica\/#article","isPartOf":{"@id":"https:\/\/cubalex.org\/2025\/05\/01\/cuba-sin-garantias-legales-revocacion-de-libertad-condicional-como-forma-de-represion-politica\/"},"headline":"Cuba sin garant\u00edas legales: revocaci\u00f3n de libertad condicional como forma de represi\u00f3n pol\u00edtica","datePublished":"2025-05-01T20:57:38+00:00","dateModified":"2025-09-23T22:23:47+00:00","mainEntityOfPage":{"@id":"https:\/\/cubalex.org\/2025\/05\/01\/cuba-sin-garantias-legales-revocacion-de-libertad-condicional-como-forma-de-represion-politica\/"},"wordCount":1354,"publisher":{"@id":"https:\/\/cubalex.org\/#organization"},"image":{"@id":"https:\/\/cubalex.org\/2025\/05\/01\/cuba-sin-garantias-legales-revocacion-de-libertad-condicional-como-forma-de-represion-politica\/#primaryimage"},"thumbnailUrl":"https:\/\/i0.wp.com\/cubalex.org\/wp-content\/uploads\/2025\/05\/Plantillas-sitio-web-12.png?fit=1200%2C560&ssl=1","keywords":["A fondo","Cuba","Cubalex","derechos humanos","desapariciones forzadas","detenci\u00f3n arbitraria","F\u00e9lix Navarro","libertad condicional","presos pol\u00edticos","represi\u00f3n","UNPACU"],"articleSection":["Declaraciones","Pronunciamientos"],"inLanguage":"en-US"},{"@type":"WebPage","@id":"https:\/\/cubalex.org\/2025\/05\/01\/cuba-sin-garantias-legales-revocacion-de-libertad-condicional-como-forma-de-represion-politica\/","url":"https:\/\/cubalex.org\/2025\/05\/01\/cuba-sin-garantias-legales-revocacion-de-libertad-condicional-como-forma-de-represion-politica\/","name":"Cuba sin garant\u00edas legales: revocaci\u00f3n de libertad condicional como forma de represi\u00f3n pol\u00edtica - Cubalex","isPartOf":{"@id":"https:\/\/cubalex.org\/#website"},"primaryImageOfPage":{"@id":"https:\/\/cubalex.org\/2025\/05\/01\/cuba-sin-garantias-legales-revocacion-de-libertad-condicional-como-forma-de-represion-politica\/#primaryimage"},"image":{"@id":"https:\/\/cubalex.org\/2025\/05\/01\/cuba-sin-garantias-legales-revocacion-de-libertad-condicional-como-forma-de-represion-politica\/#primaryimage"},"thumbnailUrl":"https:\/\/i0.wp.com\/cubalex.org\/wp-content\/uploads\/2025\/05\/Plantillas-sitio-web-12.png?fit=1200%2C560&ssl=1","datePublished":"2025-05-01T20:57:38+00:00","dateModified":"2025-09-23T22:23:47+00:00","breadcrumb":{"@id":"https:\/\/cubalex.org\/2025\/05\/01\/cuba-sin-garantias-legales-revocacion-de-libertad-condicional-como-forma-de-represion-politica\/#breadcrumb"},"inLanguage":"en-US","potentialAction":[{"@type":"ReadAction","target":["https:\/\/cubalex.org\/2025\/05\/01\/cuba-sin-garantias-legales-revocacion-de-libertad-condicional-como-forma-de-represion-politica\/"]}]},{"@type":"ImageObject","inLanguage":"en-US","@id":"https:\/\/cubalex.org\/2025\/05\/01\/cuba-sin-garantias-legales-revocacion-de-libertad-condicional-como-forma-de-represion-politica\/#primaryimage","url":"https:\/\/i0.wp.com\/cubalex.org\/wp-content\/uploads\/2025\/05\/Plantillas-sitio-web-12.png?fit=1200%2C560&ssl=1","contentUrl":"https:\/\/i0.wp.com\/cubalex.org\/wp-content\/uploads\/2025\/05\/Plantillas-sitio-web-12.png?fit=1200%2C560&ssl=1","width":1200,"height":560},{"@type":"BreadcrumbList","@id":"https:\/\/cubalex.org\/2025\/05\/01\/cuba-sin-garantias-legales-revocacion-de-libertad-condicional-como-forma-de-represion-politica\/#breadcrumb","itemListElement":[{"@type":"ListItem","position":1,"name":"Portada","item":"https:\/\/cubalex.org\/"},{"@type":"ListItem","position":2,"name":"Cuba sin garant\u00edas legales: revocaci\u00f3n de libertad condicional como forma de represi\u00f3n pol\u00edtica"}]},{"@type":"WebSite","@id":"https:\/\/cubalex.org\/#website","url":"https:\/\/cubalex.org\/","name":"Cubalex","description":"Trabajamos en defensa de los derechos humanos, para instaurar la democracia y el Estado de derecho en Cuba","publisher":{"@id":"https:\/\/cubalex.org\/#organization"},"potentialAction":[{"@type":"SearchAction","target":{"@type":"EntryPoint","urlTemplate":"https:\/\/cubalex.org\/?s={search_term_string}"},"query-input":{"@type":"PropertyValueSpecification","valueRequired":true,"valueName":"search_term_string"}}],"inLanguage":"en-US"},{"@type":"Organization","@id":"https:\/\/cubalex.org\/#organization","name":"Cubalex","url":"https:\/\/cubalex.org\/","logo":{"@type":"ImageObject","inLanguage":"en-US","@id":"https:\/\/cubalex.org\/#\/schema\/logo\/image\/","url":"https:\/\/i0.wp.com\/cubalex.org\/wp-content\/uploads\/2026\/08\/CUBALEX1.png?fit=1445%2C300&ssl=1","contentUrl":"https:\/\/i0.wp.com\/cubalex.org\/wp-content\/uploads\/2026\/08\/CUBALEX1.png?fit=1445%2C300&ssl=1","width":1445,"height":300,"caption":"Cubalex"},"image":{"@id":"https:\/\/cubalex.org\/#\/schema\/logo\/image\/"},"sameAs":["https:\/\/www.facebook.com\/ONGcubalex","https:\/\/x.com\/CubalexDDHH","https:\/\/www.youtube.com\/@Cubalex","https:\/\/www.linkedin.com\/company\/cubalex\/","https:\/\/t.me\/cubalex"]}]}},"jetpack_shortlink":"https:\/\/wp.me\/p23ZXl-4fa","jetpack_sharing_enabled":true,"jetpack_featured_media_url":"https:\/\/i0.wp.com\/cubalex.org\/wp-content\/uploads\/2025\/05\/Plantillas-sitio-web-12.png?fit=1200%2C560&ssl=1","_links":{"self":[{"href":"https:\/\/cubalex.org\/en\/wp-json\/wp\/v2\/posts\/16316","targetHints":{"allow":["GET"]}}],"collection":[{"href":"https:\/\/cubalex.org\/en\/wp-json\/wp\/v2\/posts"}],"about":[{"href":"https:\/\/cubalex.org\/en\/wp-json\/wp\/v2\/types\/post"}],"replies":[{"embeddable":true,"href":"https:\/\/cubalex.org\/en\/wp-json\/wp\/v2\/comments?post=16316"}],"version-history":[{"count":0,"href":"https:\/\/cubalex.org\/en\/wp-json\/wp\/v2\/posts\/16316\/revisions"}],"wp:featuredmedia":[{"embeddable":true,"href":"https:\/\/cubalex.org\/en\/wp-json\/wp\/v2\/media\/16440"}],"wp:attachment":[{"href":"https:\/\/cubalex.org\/en\/wp-json\/wp\/v2\/media?parent=16316"}],"wp:term":[{"taxonomy":"category","embeddable":true,"href":"https:\/\/cubalex.org\/en\/wp-json\/wp\/v2\/categories?post=16316"},{"taxonomy":"post_tag","embeddable":true,"href":"https:\/\/cubalex.org\/en\/wp-json\/wp\/v2\/tags?post=16316"}],"curies":[{"name":"wp","href":"https:\/\/api.w.org\/{rel}","templated":true}]}}