{"id":16887,"date":"2025-06-13T13:10:03","date_gmt":"2025-06-13T17:10:03","guid":{"rendered":"https:\/\/cubalex.org\/?p=16887"},"modified":"2026-06-23T12:48:05","modified_gmt":"2026-06-23T16:48:05","slug":"criminalizar-la-critica-el-caso-ricardo-suarez-marrero-ante-el-derecho-penal-cubano","status":"publish","type":"post","link":"https:\/\/cubalex.org\/en\/2025\/06\/13\/criminalizar-la-critica-el-caso-ricardo-suarez-marrero-ante-el-derecho-penal-cubano\/","title":{"rendered":"Criminalizar la cr\u00edtica: el caso Ricardo Su\u00e1rez Marrero ante el derecho penal cubano\u00a0"},"content":{"rendered":"<p class=\"wp-block-paragraph\"><strong><em>Este an\u00e1lisis jur\u00eddico elaborado por el equipo legal de Cubalex examina las graves irregularidades procesales y sustantivas en el caso de Ricardo Su\u00e1rez Marrero, ex oficial del MININT condenado por delitos de contenido pol\u00edtico. El informe evidencia c\u00f3mo el derecho penal y la jurisdicci\u00f3n militar se han utilizado para castigar la expresi\u00f3n cr\u00edtica y disciplinar ideol\u00f3gicamente a quienes desaf\u00edan al poder, incluso desde dentro del sistema.&nbsp;&nbsp;<\/em><\/strong><\/p>\n\n\n\n<p class=\"wp-block-paragraph\">En una ciudad de Cuba, un hombre de 59 a\u00f1os, jubilado, publica bajo seud\u00f3nimo algunos textos cr\u00edticos en redes sociales. Denuncia malas pr\u00e1cticas del Ministerio del Interior, habla de corrupci\u00f3n, de decisiones cuestionables y de estructuras de poder desgastadas. Lo que quiz\u00e1s no imagin\u00f3 Ricardo Su\u00e1rez Marrero es que esas publicaciones, hechas ya como civil retirado, ser\u00edan consideradas actos de espionaje por los mismos que alguna vez fueron sus compa\u00f1eros de uniforme.<\/p>\n\n\n\n<p class=\"wp-block-paragraph\">Ricardo no es un disidente tradicional. Durante a\u00f1os form\u00f3 parte de la estructura del Ministerio del Interior, dedicado a lo que en Cuba se conoce como \u201clucha contra la subversi\u00f3n\u201d. Es decir, se encargaba de vigilar, perseguir y, en ocasiones, <a href=\"https:\/\/www.youtube.com\/watch?v=tLn1guFph7s&amp;t=1091s\" type=\"link\" id=\"https:\/\/www.youtube.com\/watch?v=tLn1guFph7s&amp;t=1091s\">reprimir<\/a> el trabajo de activistas, periodistas y defensores de derechos humanos. Por eso, para muchas personas, resulta dif\u00edcil empatizar con su situaci\u00f3n actual.<\/p>\n\n\n\n<p class=\"wp-block-paragraph\">Pero m\u00e1s all\u00e1 de su pasado, lo que est\u00e1 en juego hoy es una pregunta fundamental: \u00bfPuede una persona ser juzgada con justicia en Cuba cuando se atreve a hablar, incluso despu\u00e9s de haber servido al poder?<\/p>\n\n\n\n<p class=\"wp-block-paragraph\">Ricardo fue condenado por seis delitos: espionaje, revelaci\u00f3n de secretos y cuatro cargos de desacato. La historia detr\u00e1s de estas acusaciones deja un sabor amargo.&nbsp; <\/p>\n\n\n\n<h3 class=\"wp-block-heading\"><strong>Los documentos y las dudas<\/strong><\/h3>\n\n\n\n<p class=\"wp-block-paragraph\">Ricardo fue sancionado por tener en su poder documentos antiguos del MININT, algunos de los cuales us\u00f3 como referencia para escribir sus textos cr\u00edticos. Se trataba, por ejemplo, de un manual de psicolog\u00eda operativa y algunos apuntes manuscritos. Seg\u00fan las autoridades, ese material deb\u00eda permanecer \u201cclasificado\u201d. Pero nunca se present\u00f3 una prueba t\u00e9cnica que demostrara que esos documentos segu\u00edan siendo confidenciales. Ni peritajes, ni certificaciones actualizadas. Solo se asumi\u00f3 que eran secretos porque as\u00ed lo dec\u00eda una orden interna del Ministerio. Es como si alguien guardara en casa un manual viejo de su trabajo anterior y, por usarlo a\u00f1os despu\u00e9s para criticar a su antigua empresa, fuera acusado de traici\u00f3n.<\/p>\n\n\n\n<p class=\"wp-block-paragraph\">Pero hay m\u00e1s. No se le castiga \u00fanicamente por haber conservado esos documentos, sino tambi\u00e9n por haber escrito en redes sociales sobre corrupci\u00f3n y abusos. Para el tribunal, eso fue suficiente para considerarlo un esp\u00eda. No se presentaron pruebas de que hubiera compartido informaci\u00f3n con gobiernos extranjeros, ni de que se hubiera beneficiado personalmente de lo que public\u00f3. Aun as\u00ed, la interpretaci\u00f3n del tribunal fue tajante: criticar al sistema \u2014incluso siendo un civil retirado\u2014 puede considerarse una amenaza a la seguridad del Estado. <\/p>\n\n\n\n<h3 class=\"wp-block-heading\"><strong>\u00bfEspiar a qui\u00e9n? \u00bfY c\u00f3mo?<\/strong><\/h3>\n\n\n\n<p class=\"wp-block-paragraph\">Cuando uno piensa en un esp\u00eda, imagina a alguien que roba secretos, usa identidades falsas, se infiltra en lugares prohibidos. Pero Ricardo no hizo nada de eso. No utiliz\u00f3 dispositivos especiales, no se ocult\u00f3 para obtener informaci\u00f3n, y los datos que manejaba ya estaban en su poder por su antiguo cargo. La \u00fanica \u201cinfiltraci\u00f3n\u201d fue publicar en redes sociales bajo seud\u00f3nimo.<\/p>\n\n\n\n<p class=\"wp-block-paragraph\">El tribunal interpret\u00f3 que esa publicaci\u00f3n, sin importar su repercusi\u00f3n real, equival\u00eda a un acto de espionaje. La ley cubana exige que para ese delito haya una intenci\u00f3n clara de da\u00f1ar la defensa nacional o ayudar a un actor extranjero. En este caso, esa intenci\u00f3n nunca se prob\u00f3. Solo se asumi\u00f3. <\/p>\n\n\n\n<h3 class=\"wp-block-heading\"><strong>Cr\u00edticas no son delitos<\/strong><\/h3>\n\n\n\n<p class=\"wp-block-paragraph\">Otra parte de la condena se bas\u00f3 en sus cr\u00edticas a funcionarios del Estado. El tribunal lo consider\u00f3 culpable de \u201cdesacato\u201d, una figura legal que penaliza insultos a autoridades. Pero no se trat\u00f3 de insultos personales ni de ofensas vulgares. Fueron cr\u00edticas de naturaleza pol\u00edtica, firmadas con seud\u00f3nimo, en las que cuestionaba el funcionamiento del gobierno y sus instituciones.<\/p>\n\n\n\n<p class=\"wp-block-paragraph\">Seg\u00fan los tratados internacionales de derechos humanos, esas expresiones est\u00e1n protegidas por la libertad de pensamiento y de expresi\u00f3n. Incluso la propia Constituci\u00f3n cubana reconoce el derecho de los ciudadanos a opinar libremente. Sancionar a una persona por criticar a quienes gobiernan \u2014especialmente cuando ya no forma parte de las fuerzas armadas\u2014 es incompatible con estos principios fundamentales. La cr\u00edtica no puede confundirse con un delito. <\/p>\n\n\n\n<h3 class=\"wp-block-heading\"><strong>Un civil juzgado como militar<\/strong> <\/h3>\n\n\n\n<p class=\"wp-block-paragraph\">Quiz\u00e1s uno de los aspectos m\u00e1s preocupantes del caso es que, aunque Ricardo ya estaba jubilado y sus actos no ten\u00edan relaci\u00f3n con funciones militares, fue juzgado por tribunales militares. Esto no es solo una cuesti\u00f3n de forma. La justicia militar est\u00e1 pensada para casos que ocurren dentro del \u00e1mbito militar: soldados en funciones, conflictos internos, faltas disciplinarias. Pero juzgar a un civil por sus opiniones p\u00fablicas, en un tribunal donde los jueces tambi\u00e9n son militares, pone en duda la imparcialidad del juicio.<\/p>\n\n\n\n<p class=\"wp-block-paragraph\">El derecho internacional \u2014y la propia Constituci\u00f3n cubana\u2014 exige que las personas sean juzgadas por un tribunal independiente e imparcial. Cuando se salta esta regla, se pone en riesgo el derecho a un juicio justo. Y eso, m\u00e1s all\u00e1 del pasado de Ricardo, deber\u00eda preocuparnos a todos.<\/p>\n\n\n\n<h3 class=\"wp-block-heading\"><strong>Un caso inc\u00f3modo, pero necesario de contar<\/strong><\/h3>\n\n\n\n<p class=\"wp-block-paragraph\">Es comprensible que muchas personas no sientan simpat\u00eda por Ricardo Su\u00e1rez Marrero. Su participaci\u00f3n en la represi\u00f3n contra activistas dej\u00f3 huellas profundas. Pero en un Estado de Derecho, los derechos no se pierden por el pasado de una persona. Incluso alguien que fue parte del sistema tiene derecho a expresar sus ideas, a ser juzgado con garant\u00edas y a no ser castigado de forma desproporcionada.<\/p>\n\n\n\n<p class=\"wp-block-paragraph\">La historia de Ricardo pone en evidencia un problema mayor: c\u00f3mo se utiliza el derecho penal en Cuba para silenciar a quienes resultan inc\u00f3modos al poder, incluso si en otro momento lo sirvieron. La justicia no puede ser una herramienta de venganza ni un instrumento de control pol\u00edtico. Contar su caso no es justificar lo que fue, sino se\u00f1alar lo que est\u00e1 mal. Porque hoy se encarcela a un jubilado por escribir cr\u00edticas al gobierno, pero ma\u00f1ana podr\u00eda ser cualquiera de nosotros. <\/p>\n\n\n\n<h3 class=\"wp-block-heading\"><strong>An\u00e1lisis legal: La construcci\u00f3n penal del \u201cenemigo interno\u201d en el caso de Ricardo Su\u00e1rez Marrero&nbsp;&nbsp;<\/strong><\/h3>\n\n\n\n<p class=\"wp-block-paragraph\">El caso del ex oficial del Ministerio del Interior (MININT) Ricardo Su\u00e1rez Marrero, condenado en 2024 por los delitos de espionaje, revelaci\u00f3n de secretos concernientes a la seguridad del Estado y desacato, ilustra con nitidez las tensiones entre el sistema penal cubano, los principios constitucionales y los est\u00e1ndares internacionales de derechos humanos. A trav\u00e9s de este an\u00e1lisis se evidencia c\u00f3mo el uso expansivo del derecho penal y la jurisdicci\u00f3n militar configuraron un proceso viciado por m\u00faltiples irregularidades sustantivas y procesales que comprometen su validez jur\u00eddica.&nbsp;<\/p>\n\n\n\n<h3 class=\"wp-block-heading\"><strong>I. El tipo penal de espionaje: entre la expansi\u00f3n conceptual y la ausencia de dolo<\/strong><\/h3>\n\n\n\n<p class=\"wp-block-paragraph\">La condena por espionaje se sustenta en el art\u00edculo 116.3 del C\u00f3digo Penal cubano. No obstante, el an\u00e1lisis de la sentencia revela una interpretaci\u00f3n extensiva incompatible con los principios de tipicidad y legalidad penal. Seg\u00fan la doctrina penal, el espionaje exige como m\u00ednimo tres elementos: (i) acceso clandestino o fraudulento a informaci\u00f3n clasificada, (ii) ausencia de autorizaci\u00f3n leg\u00edtima, y (iii) dolo espec\u00edfico o intenci\u00f3n orientada a afectar la seguridad del Estado, generalmente mediante comunicaci\u00f3n con actores hostiles.<\/p>\n\n\n\n<p class=\"wp-block-paragraph\">En el caso de Su\u00e1rez Marrero, los documentos utilizados fueron obtenidos en el ejercicio leg\u00edtimo de sus funciones y conservados tras su licenciamiento en 2018. No se evidencia una conducta oculta, el uso de medios encubiertos ni infiltraci\u00f3n, elementos imprescindibles para configurar el tipo penal.&nbsp;<\/p>\n\n\n\n<p class=\"wp-block-paragraph\">Asimismo, no se acredit\u00f3 que los documentos conservaran valor estrat\u00e9gico o vigencia clasificatoria al momento de su divulgaci\u00f3n. La ausencia de peritajes t\u00e9cnicos o certificaciones actualizadas invalida el car\u00e1cter confidencial alegado. La presunci\u00f3n de \u201csecreto\u201d basada en disposiciones internas del MININT (\u00f3rdenes 4\/2018, 23\/2007 y 21\/2004) no satisface el est\u00e1ndar penal requerido por los Decretos-Leyes 78\/2024 y 199\/1999, que exigen la inclusi\u00f3n de tales documentos en registros institucionales formales.<\/p>\n\n\n\n<p class=\"wp-block-paragraph\">Finalmente, el dolo espec\u00edfico fue construido <em>ex post facto<\/em>, derivado de las consecuencias pol\u00edticas de las publicaciones, lo cual contraviene el principio de culpabilidad y de responsabilidad por el hecho. La conducta \u2014enmarcada en la libertad de expresi\u00f3n cr\u00edtica\u2014 carece de v\u00ednculo con potencias extranjeras o fines de inteligencia hostil.<\/p>\n\n\n\n<h3 class=\"wp-block-heading\"><strong>II. Revelaci\u00f3n de secretos: doble incriminaci\u00f3n y presunci\u00f3n de da\u00f1o<\/strong><\/h3>\n\n\n\n<p class=\"wp-block-paragraph\">La imputaci\u00f3n simult\u00e1nea de revelaci\u00f3n de secretos (art. 117.1.2.a del C\u00f3digo Penal) se superpone con el delito de espionaje en los mismos hechos: conservaci\u00f3n y divulgaci\u00f3n de documentos obtenidos en funciones oficiales. Esta acumulaci\u00f3n vulnera el principio de especialidad penal y configura una violaci\u00f3n al principio <em>non bis in idem<\/em>, al sancionar dos veces la misma conducta material.<\/p>\n\n\n\n<p class=\"wp-block-paragraph\">M\u00e1s grave a\u00fan, la subsunci\u00f3n del hecho al tipo penal de revelaci\u00f3n de secretos se apoya exclusivamente en normas internas de naturaleza administrativa, obviando la exigencia de acreditaci\u00f3n t\u00e9cnico-jur\u00eddica de la clasificaci\u00f3n de la informaci\u00f3n. En lugar de probarse el da\u00f1o potencial o real derivado de la difusi\u00f3n, se presume el riesgo por la mera procedencia institucional de los documentos.<\/p>\n\n\n\n<p class=\"wp-block-paragraph\">El contenido mismo de las publicaciones \u2014que incluye an\u00e1lisis cr\u00edticos sobre estructuras del MININT, referencias a operaciones obsoletas y reclamos laborales\u2014 no fue evaluado materialmente para establecer si pod\u00eda causar un perjuicio concreto a la seguridad nacional. La imputaci\u00f3n opera sobre la base de una peligrosidad abstracta, lo que transgrede el principio de lesividad.<\/p>\n\n\n\n<h3 class=\"wp-block-heading\"><strong>III. Desacato: colisi\u00f3n entre norma penal y libertad de expresi\u00f3n<\/strong><\/h3>\n\n\n\n<p class=\"wp-block-paragraph\">La tipificaci\u00f3n del desacato, conforme al art\u00edculo 185.1.2 del C\u00f3digo Penal, se aplic\u00f3 a expresiones cr\u00edticas vertidas por Su\u00e1rez Marrero sobre altos funcionarios del Estado. No obstante, la sentencia prescinde de analizar el elemento subjetivo doloso y la intensidad lesiva del contenido expresivo.<\/p>\n\n\n\n<p class=\"wp-block-paragraph\">El desacato, como figura penal, ha sido objeto de amplio cuestionamiento por parte de organismos internacionales. Tanto la Corte Interamericana de Derechos Humanos como el Comit\u00e9 de Derechos Humanos de la ONU han sostenido que tales normas, al castigar opiniones cr\u00edticas dirigidas a autoridades p\u00fablicas, constituyen una forma inadmisible de censura penal. La Observaci\u00f3n General N.\u00ba 34 del Comit\u00e9 de Derechos Humanos establece que las leyes de desacato son \u201cincompatibles per se\u201d con el art\u00edculo 19 del Pacto Internacional de Derechos Civiles y Pol\u00edticos (PIDCP).<\/p>\n\n\n\n<p class=\"wp-block-paragraph\">Cuba, firmante del PIDCP desde 2008, ha asumido la obligaci\u00f3n internacional de abstenerse de actos contrarios al objeto del tratado, en virtud del art\u00edculo 18 de la Convenci\u00f3n de Viena sobre el Derecho de los Tratados. Adicionalmente, el art\u00edculo 54 de la Constituci\u00f3n reconoce el derecho a la libertad de expresi\u00f3n, que no puede ser restringido mediante tipos penales incompatibles con el bloque de constitucionalidad vigente.<\/p>\n\n\n\n<h3 class=\"wp-block-heading\"><strong>IV. Jurisdicci\u00f3n militar sobre un civil: violaci\u00f3n del derecho al juez natural<\/strong><\/h3>\n\n\n\n<p class=\"wp-block-paragraph\">Uno de los aspectos m\u00e1s cuestionables del proceso es la intervenci\u00f3n de la jurisdicci\u00f3n militar para juzgar a un civil jubilado, por hechos acaecidos a\u00f1os despu\u00e9s de haber cesado sus funciones en el MININT. Ni la sentencia de primera instancia (Tribunal Militar Territorial Oriental) ni la de casaci\u00f3n (Sala de lo Militar del Tribunal Supremo Popular) justifican la competencia material ni personal del tribunal castrense.<\/p>\n\n\n\n<p class=\"wp-block-paragraph\">Esta omisi\u00f3n infringe el derecho al juez natural, consagrado en el art\u00edculo 14.1 del PIDCP y el art\u00edculo 10 de la Declaraci\u00f3n Universal de Derechos Humanos (DUDH). Ambos instrumentos integran el ordenamiento jur\u00eddico cubano conforme al art\u00edculo 8 constitucional, el cual establece la incorporaci\u00f3n directa de los tratados internacionales firmados por Cuba al bloque de constitucionalidad nacional.<\/p>\n\n\n\n<p class=\"wp-block-paragraph\">La jurisprudencia internacional ha sido consistente en desautorizar la competencia de tribunales militares sobre civiles, salvo en situaciones excepcionales que no se configuran en este caso. La aplicaci\u00f3n de una jurisdicci\u00f3n especial sin fundamento legal vulnera el debido proceso y constituye una nulidad procesal absoluta.<\/p>\n\n\n\n<h3 class=\"wp-block-heading\"><strong>V. Conclusi\u00f3n: el derecho penal como instrumento de disciplinamiento ideol\u00f3gico<\/strong><\/h3>\n\n\n\n<p class=\"wp-block-paragraph\">La condena de Ricardo Su\u00e1rez Marrero pone en evidencia un patr\u00f3n de utilizaci\u00f3n expansiva del derecho penal para castigar la disidencia, incluso cuando proviene de antiguos integrantes del aparato estatal. Lejos de responder a la protecci\u00f3n de bienes jur\u00eddicos concretos, los tipos penales utilizados en este caso operan como mecanismos simb\u00f3licos para sancionar la p\u00e9rdida de lealtad institucional.<\/p>\n\n\n\n<p class=\"wp-block-paragraph\">Desde la perspectiva del Estado de Derecho, la tipificaci\u00f3n extensiva, la ausencia de dolo, la falta de lesividad, la duplicidad sancionadora y la inobservancia del juez natural configuran un proceso contrario a los principios b\u00e1sicos del derecho penal garantista. Urge, en consecuencia, una revisi\u00f3n integral del proceso, a fin de restituir las garant\u00edas vulneradas y restablecer la coherencia del orden jur\u00eddico cubano con los compromisos internacionales que el propio Estado ha asumido.<\/p>\n\n\n\n<p class=\"wp-block-paragraph\"><\/p>","protected":false},"excerpt":{"rendered":"<p>Este an\u00e1lisis jur\u00eddico elaborado por el equipo legal de Cubalex examina las graves irregularidades procesales y sustantivas en el caso de Ricardo Su\u00e1rez Marrero, ex oficial del MININT condenado por delitos de contenido pol\u00edtico. El informe evidencia c\u00f3mo el derecho penal y la jurisdicci\u00f3n militar se han utilizado para castigar la expresi\u00f3n cr\u00edtica y disciplinar [&hellip;]<\/p>\n","protected":false},"featured_media":16894,"comment_status":"closed","ping_status":"closed","sticky":false,"template":"","format":"standard","meta":{"_jetpack_newsletter_access":"","_jetpack_dont_email_post_to_subs":false,"_jetpack_newsletter_tier_id":0,"_jetpack_memberships_contains_paywalled_content":false,"_wpcom_ai_launchpad_first_post":false,"_jetpack_feature_clip_id":0,"_jetpack_memberships_contains_paid_content":false,"footnotes":"","jetpack_post_was_ever_published":false},"categories":[551856634,111160486],"tags":[551856635,16719,551855965,551856748,31684,4229637,551856750,551856751,969086,551856633,551856005],"class_list":["post-16887","post","type-post","status-publish","format-standard","has-post-thumbnail","hentry","category-analisis-legal","category-cubalex","tag-analisis-legal","tag-cuba","tag-cubalex","tag-derecho-penal","tag-derechos-humanos","tag-desacato","tag-espionaje","tag-minint","tag-ministerio-del-interior","tag-redes-sociales","tag-seguridad-del-estado"],"featured_image_src":"https:\/\/i0.wp.com\/cubalex.org\/wp-content\/uploads\/2025\/06\/Plantillas-sitio-web-26-1.png?fit=1200%2C560&ssl=1","acf":{"translation_reviewed":false},"yoast_head":"<!-- This site is optimized with the Yoast SEO plugin v28.4 - https:\/\/yoast.com\/product\/yoast-seo-wordpress\/ -->\n<title>Criminalizar la cr\u00edtica: el caso Ricardo Su\u00e1rez Marrero ante el derecho penal cubano\u00a0 - Cubalex<\/title>\n<meta name=\"robots\" content=\"index, follow, max-snippet:-1, max-image-preview:large, max-video-preview:-1\" \/>\n<link rel=\"canonical\" href=\"https:\/\/cubalex.org\/en\/2025\/06\/13\/criminalizar-la-critica-el-caso-ricardo-suarez-marrero-ante-el-derecho-penal-cubano\/\" \/>\n<meta property=\"og:locale\" content=\"en_US\" \/>\n<meta property=\"og:type\" content=\"article\" \/>\n<meta property=\"og:title\" content=\"Criminalizar la cr\u00edtica: el caso Ricardo Su\u00e1rez Marrero ante el derecho penal cubano\u00a0 - Cubalex\" \/>\n<meta property=\"og:description\" content=\"Este an\u00e1lisis jur\u00eddico elaborado por el equipo legal de Cubalex examina las graves irregularidades procesales y sustantivas en el caso de Ricardo Su\u00e1rez Marrero, ex oficial del MININT condenado por delitos de contenido pol\u00edtico. El informe evidencia c\u00f3mo el derecho penal y la jurisdicci\u00f3n militar se han utilizado para castigar la expresi\u00f3n cr\u00edtica y disciplinar [&hellip;]\" \/>\n<meta property=\"og:url\" content=\"https:\/\/cubalex.org\/en\/2025\/06\/13\/criminalizar-la-critica-el-caso-ricardo-suarez-marrero-ante-el-derecho-penal-cubano\/\" \/>\n<meta property=\"og:site_name\" content=\"Cubalex\" \/>\n<meta property=\"article:publisher\" content=\"https:\/\/www.facebook.com\/ONGcubalex\" \/>\n<meta property=\"article:published_time\" content=\"2025-06-13T17:10:03+00:00\" \/>\n<meta property=\"article:modified_time\" content=\"2026-06-23T16:48:05+00:00\" \/>\n<meta property=\"og:image\" content=\"https:\/\/cubalex.org\/wp-content\/uploads\/2025\/06\/Plantillas-sitio-web-26-1.png\" \/>\n\t<meta property=\"og:image:width\" content=\"1200\" \/>\n\t<meta property=\"og:image:height\" content=\"560\" \/>\n\t<meta property=\"og:image:type\" content=\"image\/png\" \/>\n<meta name=\"twitter:card\" content=\"summary_large_image\" \/>\n<meta name=\"twitter:creator\" content=\"@CubalexDDHH\" \/>\n<meta name=\"twitter:site\" content=\"@CubalexDDHH\" \/>\n<meta name=\"twitter:label1\" content=\"Written by\" \/>\n\t<meta name=\"twitter:data1\" content=\"random\" \/>\n\t<meta name=\"twitter:label2\" content=\"Est. reading time\" \/>\n\t<meta name=\"twitter:data2\" content=\"10 minutes\" \/>\n<script type=\"application\/ld+json\" class=\"yoast-schema-graph\">{\"@context\":\"https:\\\/\\\/schema.org\",\"@graph\":[{\"@type\":\"Article\",\"@id\":\"https:\\\/\\\/cubalex.org\\\/2025\\\/06\\\/13\\\/criminalizar-la-critica-el-caso-ricardo-suarez-marrero-ante-el-derecho-penal-cubano\\\/#article\",\"isPartOf\":{\"@id\":\"https:\\\/\\\/cubalex.org\\\/2025\\\/06\\\/13\\\/criminalizar-la-critica-el-caso-ricardo-suarez-marrero-ante-el-derecho-penal-cubano\\\/\"},\"headline\":\"Criminalizar la cr\u00edtica: el caso Ricardo Su\u00e1rez Marrero ante el derecho penal cubano\u00a0\",\"datePublished\":\"2025-06-13T17:10:03+00:00\",\"dateModified\":\"2026-06-23T16:48:05+00:00\",\"mainEntityOfPage\":{\"@id\":\"https:\\\/\\\/cubalex.org\\\/2025\\\/06\\\/13\\\/criminalizar-la-critica-el-caso-ricardo-suarez-marrero-ante-el-derecho-penal-cubano\\\/\"},\"wordCount\":2265,\"publisher\":{\"@id\":\"https:\\\/\\\/cubalex.org\\\/#organization\"},\"image\":{\"@id\":\"https:\\\/\\\/cubalex.org\\\/2025\\\/06\\\/13\\\/criminalizar-la-critica-el-caso-ricardo-suarez-marrero-ante-el-derecho-penal-cubano\\\/#primaryimage\"},\"thumbnailUrl\":\"https:\\\/\\\/i0.wp.com\\\/cubalex.org\\\/wp-content\\\/uploads\\\/2025\\\/06\\\/Plantillas-sitio-web-26-1.png?fit=1200%2C560&ssl=1\",\"keywords\":[\"An\u00e1lisis legal\",\"Cuba\",\"Cubalex\",\"derecho penal\",\"derechos humanos\",\"desacato\",\"espionaje\",\"MININT\",\"ministerio del interior\",\"redes sociales\",\"seguridad del estado\"],\"articleSection\":[\"An\u00e1lisis Legal\",\"Cubalex\"],\"inLanguage\":\"en-US\"},{\"@type\":\"WebPage\",\"@id\":\"https:\\\/\\\/cubalex.org\\\/2025\\\/06\\\/13\\\/criminalizar-la-critica-el-caso-ricardo-suarez-marrero-ante-el-derecho-penal-cubano\\\/\",\"url\":\"https:\\\/\\\/cubalex.org\\\/2025\\\/06\\\/13\\\/criminalizar-la-critica-el-caso-ricardo-suarez-marrero-ante-el-derecho-penal-cubano\\\/\",\"name\":\"Criminalizar la cr\u00edtica: el caso Ricardo Su\u00e1rez Marrero ante el derecho penal cubano\u00a0 - Cubalex\",\"isPartOf\":{\"@id\":\"https:\\\/\\\/cubalex.org\\\/#website\"},\"primaryImageOfPage\":{\"@id\":\"https:\\\/\\\/cubalex.org\\\/2025\\\/06\\\/13\\\/criminalizar-la-critica-el-caso-ricardo-suarez-marrero-ante-el-derecho-penal-cubano\\\/#primaryimage\"},\"image\":{\"@id\":\"https:\\\/\\\/cubalex.org\\\/2025\\\/06\\\/13\\\/criminalizar-la-critica-el-caso-ricardo-suarez-marrero-ante-el-derecho-penal-cubano\\\/#primaryimage\"},\"thumbnailUrl\":\"https:\\\/\\\/i0.wp.com\\\/cubalex.org\\\/wp-content\\\/uploads\\\/2025\\\/06\\\/Plantillas-sitio-web-26-1.png?fit=1200%2C560&ssl=1\",\"datePublished\":\"2025-06-13T17:10:03+00:00\",\"dateModified\":\"2026-06-23T16:48:05+00:00\",\"breadcrumb\":{\"@id\":\"https:\\\/\\\/cubalex.org\\\/2025\\\/06\\\/13\\\/criminalizar-la-critica-el-caso-ricardo-suarez-marrero-ante-el-derecho-penal-cubano\\\/#breadcrumb\"},\"inLanguage\":\"en-US\",\"potentialAction\":[{\"@type\":\"ReadAction\",\"target\":[\"https:\\\/\\\/cubalex.org\\\/2025\\\/06\\\/13\\\/criminalizar-la-critica-el-caso-ricardo-suarez-marrero-ante-el-derecho-penal-cubano\\\/\"]}]},{\"@type\":\"ImageObject\",\"inLanguage\":\"en-US\",\"@id\":\"https:\\\/\\\/cubalex.org\\\/2025\\\/06\\\/13\\\/criminalizar-la-critica-el-caso-ricardo-suarez-marrero-ante-el-derecho-penal-cubano\\\/#primaryimage\",\"url\":\"https:\\\/\\\/i0.wp.com\\\/cubalex.org\\\/wp-content\\\/uploads\\\/2025\\\/06\\\/Plantillas-sitio-web-26-1.png?fit=1200%2C560&ssl=1\",\"contentUrl\":\"https:\\\/\\\/i0.wp.com\\\/cubalex.org\\\/wp-content\\\/uploads\\\/2025\\\/06\\\/Plantillas-sitio-web-26-1.png?fit=1200%2C560&ssl=1\",\"width\":1200,\"height\":560},{\"@type\":\"BreadcrumbList\",\"@id\":\"https:\\\/\\\/cubalex.org\\\/2025\\\/06\\\/13\\\/criminalizar-la-critica-el-caso-ricardo-suarez-marrero-ante-el-derecho-penal-cubano\\\/#breadcrumb\",\"itemListElement\":[{\"@type\":\"ListItem\",\"position\":1,\"name\":\"Portada\",\"item\":\"https:\\\/\\\/cubalex.org\\\/\"},{\"@type\":\"ListItem\",\"position\":2,\"name\":\"Criminalizar la cr\u00edtica: el caso Ricardo Su\u00e1rez Marrero ante el derecho penal cubano\u00a0\"}]},{\"@type\":\"WebSite\",\"@id\":\"https:\\\/\\\/cubalex.org\\\/#website\",\"url\":\"https:\\\/\\\/cubalex.org\\\/\",\"name\":\"Cubalex\",\"description\":\"Trabajamos en defensa de los derechos humanos, para instaurar la democracia y el Estado de derecho en Cuba\",\"publisher\":{\"@id\":\"https:\\\/\\\/cubalex.org\\\/#organization\"},\"potentialAction\":[{\"@type\":\"SearchAction\",\"target\":{\"@type\":\"EntryPoint\",\"urlTemplate\":\"https:\\\/\\\/cubalex.org\\\/?s={search_term_string}\"},\"query-input\":{\"@type\":\"PropertyValueSpecification\",\"valueRequired\":true,\"valueName\":\"search_term_string\"}}],\"inLanguage\":\"en-US\"},{\"@type\":\"Organization\",\"@id\":\"https:\\\/\\\/cubalex.org\\\/#organization\",\"name\":\"Cubalex\",\"url\":\"https:\\\/\\\/cubalex.org\\\/\",\"logo\":{\"@type\":\"ImageObject\",\"inLanguage\":\"en-US\",\"@id\":\"https:\\\/\\\/cubalex.org\\\/#\\\/schema\\\/logo\\\/image\\\/\",\"url\":\"https:\\\/\\\/i0.wp.com\\\/cubalex.org\\\/wp-content\\\/uploads\\\/2026\\\/08\\\/CUBALEX1.png?fit=1445%2C300&ssl=1\",\"contentUrl\":\"https:\\\/\\\/i0.wp.com\\\/cubalex.org\\\/wp-content\\\/uploads\\\/2026\\\/08\\\/CUBALEX1.png?fit=1445%2C300&ssl=1\",\"width\":1445,\"height\":300,\"caption\":\"Cubalex\"},\"image\":{\"@id\":\"https:\\\/\\\/cubalex.org\\\/#\\\/schema\\\/logo\\\/image\\\/\"},\"sameAs\":[\"https:\\\/\\\/www.facebook.com\\\/ONGcubalex\",\"https:\\\/\\\/x.com\\\/CubalexDDHH\",\"https:\\\/\\\/www.youtube.com\\\/@Cubalex\",\"https:\\\/\\\/www.linkedin.com\\\/company\\\/cubalex\\\/\",\"https:\\\/\\\/t.me\\\/cubalex\"]}]}<\/script>\n<!-- \/ Yoast SEO plugin. -->","yoast_head_json":{"title":"Criminalizar la cr\u00edtica: el caso Ricardo Su\u00e1rez Marrero ante el derecho penal cubano\u00a0 - Cubalex","robots":{"index":"index","follow":"follow","max-snippet":"max-snippet:-1","max-image-preview":"max-image-preview:large","max-video-preview":"max-video-preview:-1"},"canonical":"https:\/\/cubalex.org\/en\/2025\/06\/13\/criminalizar-la-critica-el-caso-ricardo-suarez-marrero-ante-el-derecho-penal-cubano\/","og_locale":"en_US","og_type":"article","og_title":"Criminalizar la cr\u00edtica: el caso Ricardo Su\u00e1rez Marrero ante el derecho penal cubano\u00a0 - Cubalex","og_description":"Este an\u00e1lisis jur\u00eddico elaborado por el equipo legal de Cubalex examina las graves irregularidades procesales y sustantivas en el caso de Ricardo Su\u00e1rez Marrero, ex oficial del MININT condenado por delitos de contenido pol\u00edtico. El informe evidencia c\u00f3mo el derecho penal y la jurisdicci\u00f3n militar se han utilizado para castigar la expresi\u00f3n cr\u00edtica y disciplinar [&hellip;]","og_url":"https:\/\/cubalex.org\/en\/2025\/06\/13\/criminalizar-la-critica-el-caso-ricardo-suarez-marrero-ante-el-derecho-penal-cubano\/","og_site_name":"Cubalex","article_publisher":"https:\/\/www.facebook.com\/ONGcubalex","article_published_time":"2025-06-13T17:10:03+00:00","article_modified_time":"2026-06-23T16:48:05+00:00","og_image":[{"width":1200,"height":560,"url":"https:\/\/cubalex.org\/wp-content\/uploads\/2025\/06\/Plantillas-sitio-web-26-1.png","type":"image\/png"}],"twitter_card":"summary_large_image","twitter_creator":"@CubalexDDHH","twitter_site":"@CubalexDDHH","twitter_misc":{"Written by":"random","Est. reading time":"10 minutes"},"schema":{"@context":"https:\/\/schema.org","@graph":[{"@type":"Article","@id":"https:\/\/cubalex.org\/2025\/06\/13\/criminalizar-la-critica-el-caso-ricardo-suarez-marrero-ante-el-derecho-penal-cubano\/#article","isPartOf":{"@id":"https:\/\/cubalex.org\/2025\/06\/13\/criminalizar-la-critica-el-caso-ricardo-suarez-marrero-ante-el-derecho-penal-cubano\/"},"headline":"Criminalizar la cr\u00edtica: el caso Ricardo Su\u00e1rez Marrero ante el derecho penal cubano\u00a0","datePublished":"2025-06-13T17:10:03+00:00","dateModified":"2026-06-23T16:48:05+00:00","mainEntityOfPage":{"@id":"https:\/\/cubalex.org\/2025\/06\/13\/criminalizar-la-critica-el-caso-ricardo-suarez-marrero-ante-el-derecho-penal-cubano\/"},"wordCount":2265,"publisher":{"@id":"https:\/\/cubalex.org\/#organization"},"image":{"@id":"https:\/\/cubalex.org\/2025\/06\/13\/criminalizar-la-critica-el-caso-ricardo-suarez-marrero-ante-el-derecho-penal-cubano\/#primaryimage"},"thumbnailUrl":"https:\/\/i0.wp.com\/cubalex.org\/wp-content\/uploads\/2025\/06\/Plantillas-sitio-web-26-1.png?fit=1200%2C560&ssl=1","keywords":["An\u00e1lisis legal","Cuba","Cubalex","derecho penal","derechos humanos","desacato","espionaje","MININT","ministerio del interior","redes sociales","seguridad del estado"],"articleSection":["An\u00e1lisis Legal","Cubalex"],"inLanguage":"en-US"},{"@type":"WebPage","@id":"https:\/\/cubalex.org\/2025\/06\/13\/criminalizar-la-critica-el-caso-ricardo-suarez-marrero-ante-el-derecho-penal-cubano\/","url":"https:\/\/cubalex.org\/2025\/06\/13\/criminalizar-la-critica-el-caso-ricardo-suarez-marrero-ante-el-derecho-penal-cubano\/","name":"Criminalizar la cr\u00edtica: el caso Ricardo Su\u00e1rez Marrero ante el derecho penal cubano\u00a0 - Cubalex","isPartOf":{"@id":"https:\/\/cubalex.org\/#website"},"primaryImageOfPage":{"@id":"https:\/\/cubalex.org\/2025\/06\/13\/criminalizar-la-critica-el-caso-ricardo-suarez-marrero-ante-el-derecho-penal-cubano\/#primaryimage"},"image":{"@id":"https:\/\/cubalex.org\/2025\/06\/13\/criminalizar-la-critica-el-caso-ricardo-suarez-marrero-ante-el-derecho-penal-cubano\/#primaryimage"},"thumbnailUrl":"https:\/\/i0.wp.com\/cubalex.org\/wp-content\/uploads\/2025\/06\/Plantillas-sitio-web-26-1.png?fit=1200%2C560&ssl=1","datePublished":"2025-06-13T17:10:03+00:00","dateModified":"2026-06-23T16:48:05+00:00","breadcrumb":{"@id":"https:\/\/cubalex.org\/2025\/06\/13\/criminalizar-la-critica-el-caso-ricardo-suarez-marrero-ante-el-derecho-penal-cubano\/#breadcrumb"},"inLanguage":"en-US","potentialAction":[{"@type":"ReadAction","target":["https:\/\/cubalex.org\/2025\/06\/13\/criminalizar-la-critica-el-caso-ricardo-suarez-marrero-ante-el-derecho-penal-cubano\/"]}]},{"@type":"ImageObject","inLanguage":"en-US","@id":"https:\/\/cubalex.org\/2025\/06\/13\/criminalizar-la-critica-el-caso-ricardo-suarez-marrero-ante-el-derecho-penal-cubano\/#primaryimage","url":"https:\/\/i0.wp.com\/cubalex.org\/wp-content\/uploads\/2025\/06\/Plantillas-sitio-web-26-1.png?fit=1200%2C560&ssl=1","contentUrl":"https:\/\/i0.wp.com\/cubalex.org\/wp-content\/uploads\/2025\/06\/Plantillas-sitio-web-26-1.png?fit=1200%2C560&ssl=1","width":1200,"height":560},{"@type":"BreadcrumbList","@id":"https:\/\/cubalex.org\/2025\/06\/13\/criminalizar-la-critica-el-caso-ricardo-suarez-marrero-ante-el-derecho-penal-cubano\/#breadcrumb","itemListElement":[{"@type":"ListItem","position":1,"name":"Portada","item":"https:\/\/cubalex.org\/"},{"@type":"ListItem","position":2,"name":"Criminalizar la cr\u00edtica: el caso Ricardo Su\u00e1rez Marrero ante el derecho penal cubano\u00a0"}]},{"@type":"WebSite","@id":"https:\/\/cubalex.org\/#website","url":"https:\/\/cubalex.org\/","name":"Cubalex","description":"Trabajamos en defensa de los derechos humanos, para instaurar la democracia y el Estado de derecho en Cuba","publisher":{"@id":"https:\/\/cubalex.org\/#organization"},"potentialAction":[{"@type":"SearchAction","target":{"@type":"EntryPoint","urlTemplate":"https:\/\/cubalex.org\/?s={search_term_string}"},"query-input":{"@type":"PropertyValueSpecification","valueRequired":true,"valueName":"search_term_string"}}],"inLanguage":"en-US"},{"@type":"Organization","@id":"https:\/\/cubalex.org\/#organization","name":"Cubalex","url":"https:\/\/cubalex.org\/","logo":{"@type":"ImageObject","inLanguage":"en-US","@id":"https:\/\/cubalex.org\/#\/schema\/logo\/image\/","url":"https:\/\/i0.wp.com\/cubalex.org\/wp-content\/uploads\/2026\/08\/CUBALEX1.png?fit=1445%2C300&ssl=1","contentUrl":"https:\/\/i0.wp.com\/cubalex.org\/wp-content\/uploads\/2026\/08\/CUBALEX1.png?fit=1445%2C300&ssl=1","width":1445,"height":300,"caption":"Cubalex"},"image":{"@id":"https:\/\/cubalex.org\/#\/schema\/logo\/image\/"},"sameAs":["https:\/\/www.facebook.com\/ONGcubalex","https:\/\/x.com\/CubalexDDHH","https:\/\/www.youtube.com\/@Cubalex","https:\/\/www.linkedin.com\/company\/cubalex\/","https:\/\/t.me\/cubalex"]}]}},"jetpack_shortlink":"https:\/\/wp.me\/p23ZXl-4on","jetpack_sharing_enabled":true,"jetpack_featured_media_url":"https:\/\/i0.wp.com\/cubalex.org\/wp-content\/uploads\/2025\/06\/Plantillas-sitio-web-26-1.png?fit=1200%2C560&ssl=1","_links":{"self":[{"href":"https:\/\/cubalex.org\/en\/wp-json\/wp\/v2\/posts\/16887","targetHints":{"allow":["GET"]}}],"collection":[{"href":"https:\/\/cubalex.org\/en\/wp-json\/wp\/v2\/posts"}],"about":[{"href":"https:\/\/cubalex.org\/en\/wp-json\/wp\/v2\/types\/post"}],"replies":[{"embeddable":true,"href":"https:\/\/cubalex.org\/en\/wp-json\/wp\/v2\/comments?post=16887"}],"version-history":[{"count":1,"href":"https:\/\/cubalex.org\/en\/wp-json\/wp\/v2\/posts\/16887\/revisions"}],"predecessor-version":[{"id":22973,"href":"https:\/\/cubalex.org\/en\/wp-json\/wp\/v2\/posts\/16887\/revisions\/22973"}],"wp:featuredmedia":[{"embeddable":true,"href":"https:\/\/cubalex.org\/en\/wp-json\/wp\/v2\/media\/16894"}],"wp:attachment":[{"href":"https:\/\/cubalex.org\/en\/wp-json\/wp\/v2\/media?parent=16887"}],"wp:term":[{"taxonomy":"category","embeddable":true,"href":"https:\/\/cubalex.org\/en\/wp-json\/wp\/v2\/categories?post=16887"},{"taxonomy":"post_tag","embeddable":true,"href":"https:\/\/cubalex.org\/en\/wp-json\/wp\/v2\/tags?post=16887"}],"curies":[{"name":"wp","href":"https:\/\/api.w.org\/{rel}","templated":true}]}}