{"id":18161,"date":"2025-09-24T14:31:23","date_gmt":"2025-09-24T18:31:23","guid":{"rendered":"https:\/\/cubalex.org\/?p=18161"},"modified":"2025-12-17T17:07:07","modified_gmt":"2025-12-17T22:07:07","slug":"juicio-contra-el-preso-politico-yaser-garcia-lopez-concluso-para-sentencia","status":"publish","type":"post","link":"https:\/\/cubalex.org\/en\/2025\/09\/24\/juicio-contra-el-preso-politico-yaser-garcia-lopez-concluso-para-sentencia\/","title":{"rendered":"Juicio contra el preso pol\u00edtico Yaser Garc\u00eda L\u00f3pez: concluso para sentencia"},"content":{"rendered":"<p class=\"wp-block-paragraph\"><strong><em>Foto: Yaser Garc\u00eda L\u00f3pez\/Facebook. <\/em><\/strong><\/p>\n\n\n\n<p class=\"wp-block-paragraph\">De acuerdo con informaci\u00f3n recibida por Cubalex, el juicio contra el preso pol\u00edtico Yaser Garc\u00eda L\u00f3pez se celebr\u00f3 el martes 23 de septiembre de 2025 y qued\u00f3 concluso para sentencia. <\/p>\n\n\n\n<p class=\"wp-block-paragraph\">El <a href=\"https:\/\/www.facebook.com\/ONGcubalex\/posts\/pfbid0AqPQGEn6ny8PjZpDLkVij5JoZKfBU1EvFK3jQ8BFi7XDM4SKw4KwrH8mwvv146Jdl\">juicio<\/a> estuvo a cargo del juez ponente Justo Gustavo Faife Hern\u00e1ndez, del Tribunal Provincial Popular de Villa Clara. Se trata de un proceso que vulnera derechos b\u00e1sicos como la libertad de expresi\u00f3n y busca castigar de forma ejemplarizante a Yaser por su postura cr\u00edtica frente al r\u00e9gimen y sus publicaciones en redes sociales.  El fiscal Frank Julio Cotilla Rodr\u00edguez solicit\u00f3 una condena de 8 a\u00f1os de prisi\u00f3n: seis por \u201cpropaganda contra el orden constitucional\u201d y dos por \u201cdesorden p\u00fablico\u201d. <\/p>\n\n\n\n<p class=\"wp-block-paragraph\">Yaser fue <a href=\"https:\/\/www.facebook.com\/ONGcubalex\/posts\/pfbid02Zn16KZD6TR2T1mmdtNvwBWAZmnzePKiF7HHBaBKMoKyLPpFUgvKf9MCVyeihRBT1l\">detenido<\/a> desde el 18 de marzo de 2025 por gritar consignas antigubernamentales y por sus publicaciones cr\u00edticas en redes sociales. <\/p>\n\n\n\n<h3 class=\"wp-block-heading\">Situaci\u00f3n actual<\/h3>\n\n\n\n<p class=\"wp-block-paragraph\">Yaser permanece recluido en la prisi\u00f3n La Pendiente, en Santa Clara. Los elementos del caso muestran un proceso arbitrario que busca silenciar voces cr\u00edticas y sancionar el ejercicio de la libertad de expresi\u00f3n.<\/p>\n\n\n\n<p class=\"wp-block-paragraph\">Desde Cubalex alertamos sobre este caso y daremos seguimiento para actualizar la informaci\u00f3n en cuanto se conozcan nuevos detalles.<\/p>\n\n\n\n<p class=\"wp-block-paragraph\"><\/p>","protected":false},"excerpt":{"rendered":"<p>Foto: Yaser Garc\u00eda L\u00f3pez\/Facebook. De acuerdo con informaci\u00f3n recibida por Cubalex, el juicio contra el preso pol\u00edtico Yaser Garc\u00eda L\u00f3pez se celebr\u00f3 el martes 23 de septiembre de 2025 y qued\u00f3 concluso para sentencia. El juicio estuvo a cargo del juez ponente Justo Gustavo Faife Hern\u00e1ndez, del Tribunal Provincial Popular de Villa Clara. Se trata [&hellip;]<\/p>\n","protected":false},"featured_media":20039,"comment_status":"closed","ping_status":"closed","sticky":false,"template":"","format":"standard","meta":{"_jetpack_newsletter_access":"","_jetpack_dont_email_post_to_subs":false,"_jetpack_newsletter_tier_id":0,"_jetpack_memberships_contains_paywalled_content":false,"_wpcom_ai_launchpad_first_post":false,"_jetpack_feature_clip_id":0,"_jetpack_memberships_contains_paid_content":false,"footnotes":"","jetpack_post_was_ever_published":false},"categories":[551856560],"tags":[],"class_list":["post-18161","post","type-post","status-publish","format-standard","has-post-thumbnail","hentry","category-alertas"],"featured_image_src":"https:\/\/i0.wp.com\/cubalex.org\/wp-content\/uploads\/2025\/09\/Plantillas-sitio-web-76.png?fit=1200%2C560&ssl=1","acf":{"translation_reviewed":false},"yoast_head":"<!-- This site is optimized with the Yoast SEO plugin v28.4 - https:\/\/yoast.com\/product\/yoast-seo-wordpress\/ -->\n<title>Juicio contra el preso pol\u00edtico Yaser Garc\u00eda L\u00f3pez: concluso para sentencia - Cubalex<\/title>\n<meta name=\"robots\" content=\"index, follow, max-snippet:-1, max-image-preview:large, max-video-preview:-1\" \/>\n<link rel=\"canonical\" href=\"https:\/\/cubalex.org\/en\/2025\/09\/24\/juicio-contra-el-preso-politico-yaser-garcia-lopez-concluso-para-sentencia\/\" \/>\n<meta property=\"og:locale\" content=\"en_US\" \/>\n<meta property=\"og:type\" content=\"article\" \/>\n<meta property=\"og:title\" content=\"Juicio contra el preso pol\u00edtico Yaser Garc\u00eda L\u00f3pez: concluso para sentencia - Cubalex\" \/>\n<meta property=\"og:description\" content=\"Foto: Yaser Garc\u00eda L\u00f3pez\/Facebook. De acuerdo con informaci\u00f3n recibida por Cubalex, el juicio contra el preso pol\u00edtico Yaser Garc\u00eda L\u00f3pez se celebr\u00f3 el martes 23 de septiembre de 2025 y qued\u00f3 concluso para sentencia. El juicio estuvo a cargo del juez ponente Justo Gustavo Faife Hern\u00e1ndez, del Tribunal Provincial Popular de Villa Clara. Se trata [&hellip;]\" \/>\n<meta property=\"og:url\" content=\"https:\/\/cubalex.org\/en\/2025\/09\/24\/juicio-contra-el-preso-politico-yaser-garcia-lopez-concluso-para-sentencia\/\" \/>\n<meta property=\"og:site_name\" content=\"Cubalex\" \/>\n<meta property=\"article:publisher\" content=\"https:\/\/www.facebook.com\/ONGcubalex\" \/>\n<meta property=\"article:published_time\" content=\"2025-09-24T18:31:23+00:00\" \/>\n<meta property=\"article:modified_time\" content=\"2025-12-17T22:07:07+00:00\" \/>\n<meta property=\"og:image\" content=\"https:\/\/cubalex.org\/wp-content\/uploads\/2025\/09\/Plantillas-sitio-web-76.png\" \/>\n\t<meta property=\"og:image:width\" content=\"1200\" \/>\n\t<meta property=\"og:image:height\" content=\"560\" \/>\n\t<meta property=\"og:image:type\" content=\"image\/png\" \/>\n<meta name=\"twitter:card\" content=\"summary_large_image\" \/>\n<meta name=\"twitter:creator\" content=\"@CubalexDDHH\" \/>\n<meta name=\"twitter:site\" content=\"@CubalexDDHH\" \/>\n<meta name=\"twitter:label1\" content=\"Written by\" \/>\n\t<meta name=\"twitter:data1\" content=\"lestat\" \/>\n\t<meta name=\"twitter:label2\" content=\"Est. reading time\" \/>\n\t<meta name=\"twitter:data2\" content=\"2 minutes\" \/>\n<script type=\"application\/ld+json\" class=\"yoast-schema-graph\">{\"@context\":\"https:\\\/\\\/schema.org\",\"@graph\":[{\"@type\":\"Article\",\"@id\":\"https:\\\/\\\/cubalex.org\\\/2025\\\/09\\\/24\\\/juicio-contra-el-preso-politico-yaser-garcia-lopez-concluso-para-sentencia\\\/#article\",\"isPartOf\":{\"@id\":\"https:\\\/\\\/cubalex.org\\\/2025\\\/09\\\/24\\\/juicio-contra-el-preso-politico-yaser-garcia-lopez-concluso-para-sentencia\\\/\"},\"headline\":\"Juicio contra el preso pol\u00edtico Yaser Garc\u00eda L\u00f3pez: concluso para sentencia\",\"datePublished\":\"2025-09-24T18:31:23+00:00\",\"dateModified\":\"2025-12-17T22:07:07+00:00\",\"mainEntityOfPage\":{\"@id\":\"https:\\\/\\\/cubalex.org\\\/2025\\\/09\\\/24\\\/juicio-contra-el-preso-politico-yaser-garcia-lopez-concluso-para-sentencia\\\/\"},\"wordCount\":221,\"publisher\":{\"@id\":\"https:\\\/\\\/cubalex.org\\\/#organization\"},\"image\":{\"@id\":\"https:\\\/\\\/cubalex.org\\\/2025\\\/09\\\/24\\\/juicio-contra-el-preso-politico-yaser-garcia-lopez-concluso-para-sentencia\\\/#primaryimage\"},\"thumbnailUrl\":\"https:\\\/\\\/i0.wp.com\\\/cubalex.org\\\/wp-content\\\/uploads\\\/2025\\\/09\\\/Plantillas-sitio-web-76.png?fit=1200%2C560&ssl=1\",\"articleSection\":[\"Alertas\"],\"inLanguage\":\"en-US\"},{\"@type\":\"WebPage\",\"@id\":\"https:\\\/\\\/cubalex.org\\\/2025\\\/09\\\/24\\\/juicio-contra-el-preso-politico-yaser-garcia-lopez-concluso-para-sentencia\\\/\",\"url\":\"https:\\\/\\\/cubalex.org\\\/2025\\\/09\\\/24\\\/juicio-contra-el-preso-politico-yaser-garcia-lopez-concluso-para-sentencia\\\/\",\"name\":\"Juicio contra el preso pol\u00edtico Yaser Garc\u00eda L\u00f3pez: concluso para sentencia - Cubalex\",\"isPartOf\":{\"@id\":\"https:\\\/\\\/cubalex.org\\\/#website\"},\"primaryImageOfPage\":{\"@id\":\"https:\\\/\\\/cubalex.org\\\/2025\\\/09\\\/24\\\/juicio-contra-el-preso-politico-yaser-garcia-lopez-concluso-para-sentencia\\\/#primaryimage\"},\"image\":{\"@id\":\"https:\\\/\\\/cubalex.org\\\/2025\\\/09\\\/24\\\/juicio-contra-el-preso-politico-yaser-garcia-lopez-concluso-para-sentencia\\\/#primaryimage\"},\"thumbnailUrl\":\"https:\\\/\\\/i0.wp.com\\\/cubalex.org\\\/wp-content\\\/uploads\\\/2025\\\/09\\\/Plantillas-sitio-web-76.png?fit=1200%2C560&ssl=1\",\"datePublished\":\"2025-09-24T18:31:23+00:00\",\"dateModified\":\"2025-12-17T22:07:07+00:00\",\"breadcrumb\":{\"@id\":\"https:\\\/\\\/cubalex.org\\\/2025\\\/09\\\/24\\\/juicio-contra-el-preso-politico-yaser-garcia-lopez-concluso-para-sentencia\\\/#breadcrumb\"},\"inLanguage\":\"en-US\",\"potentialAction\":[{\"@type\":\"ReadAction\",\"target\":[\"https:\\\/\\\/cubalex.org\\\/2025\\\/09\\\/24\\\/juicio-contra-el-preso-politico-yaser-garcia-lopez-concluso-para-sentencia\\\/\"]}]},{\"@type\":\"ImageObject\",\"inLanguage\":\"en-US\",\"@id\":\"https:\\\/\\\/cubalex.org\\\/2025\\\/09\\\/24\\\/juicio-contra-el-preso-politico-yaser-garcia-lopez-concluso-para-sentencia\\\/#primaryimage\",\"url\":\"https:\\\/\\\/i0.wp.com\\\/cubalex.org\\\/wp-content\\\/uploads\\\/2025\\\/09\\\/Plantillas-sitio-web-76.png?fit=1200%2C560&ssl=1\",\"contentUrl\":\"https:\\\/\\\/i0.wp.com\\\/cubalex.org\\\/wp-content\\\/uploads\\\/2025\\\/09\\\/Plantillas-sitio-web-76.png?fit=1200%2C560&ssl=1\",\"width\":1200,\"height\":560},{\"@type\":\"BreadcrumbList\",\"@id\":\"https:\\\/\\\/cubalex.org\\\/2025\\\/09\\\/24\\\/juicio-contra-el-preso-politico-yaser-garcia-lopez-concluso-para-sentencia\\\/#breadcrumb\",\"itemListElement\":[{\"@type\":\"ListItem\",\"position\":1,\"name\":\"Portada\",\"item\":\"https:\\\/\\\/cubalex.org\\\/\"},{\"@type\":\"ListItem\",\"position\":2,\"name\":\"Juicio contra el preso pol\u00edtico Yaser Garc\u00eda L\u00f3pez: concluso para sentencia\"}]},{\"@type\":\"WebSite\",\"@id\":\"https:\\\/\\\/cubalex.org\\\/#website\",\"url\":\"https:\\\/\\\/cubalex.org\\\/\",\"name\":\"Cubalex\",\"description\":\"Trabajamos en defensa de los derechos humanos, para instaurar la democracia y el Estado de derecho en Cuba\",\"publisher\":{\"@id\":\"https:\\\/\\\/cubalex.org\\\/#organization\"},\"potentialAction\":[{\"@type\":\"SearchAction\",\"target\":{\"@type\":\"EntryPoint\",\"urlTemplate\":\"https:\\\/\\\/cubalex.org\\\/?s={search_term_string}\"},\"query-input\":{\"@type\":\"PropertyValueSpecification\",\"valueRequired\":true,\"valueName\":\"search_term_string\"}}],\"inLanguage\":\"en-US\"},{\"@type\":\"Organization\",\"@id\":\"https:\\\/\\\/cubalex.org\\\/#organization\",\"name\":\"Cubalex\",\"url\":\"https:\\\/\\\/cubalex.org\\\/\",\"logo\":{\"@type\":\"ImageObject\",\"inLanguage\":\"en-US\",\"@id\":\"https:\\\/\\\/cubalex.org\\\/#\\\/schema\\\/logo\\\/image\\\/\",\"url\":\"https:\\\/\\\/i0.wp.com\\\/cubalex.org\\\/wp-content\\\/uploads\\\/2026\\\/08\\\/CUBALEX1.png?fit=1445%2C300&ssl=1\",\"contentUrl\":\"https:\\\/\\\/i0.wp.com\\\/cubalex.org\\\/wp-content\\\/uploads\\\/2026\\\/08\\\/CUBALEX1.png?fit=1445%2C300&ssl=1\",\"width\":1445,\"height\":300,\"caption\":\"Cubalex\"},\"image\":{\"@id\":\"https:\\\/\\\/cubalex.org\\\/#\\\/schema\\\/logo\\\/image\\\/\"},\"sameAs\":[\"https:\\\/\\\/www.facebook.com\\\/ONGcubalex\",\"https:\\\/\\\/x.com\\\/CubalexDDHH\",\"https:\\\/\\\/www.youtube.com\\\/@Cubalex\",\"https:\\\/\\\/www.linkedin.com\\\/company\\\/cubalex\\\/\",\"https:\\\/\\\/t.me\\\/cubalex\"]}]}<\/script>\n<!-- \/ Yoast SEO plugin. -->","yoast_head_json":{"title":"Juicio contra el preso pol\u00edtico Yaser Garc\u00eda L\u00f3pez: concluso para sentencia - Cubalex","robots":{"index":"index","follow":"follow","max-snippet":"max-snippet:-1","max-image-preview":"max-image-preview:large","max-video-preview":"max-video-preview:-1"},"canonical":"https:\/\/cubalex.org\/en\/2025\/09\/24\/juicio-contra-el-preso-politico-yaser-garcia-lopez-concluso-para-sentencia\/","og_locale":"en_US","og_type":"article","og_title":"Juicio contra el preso pol\u00edtico Yaser Garc\u00eda L\u00f3pez: concluso para sentencia - Cubalex","og_description":"Foto: Yaser Garc\u00eda L\u00f3pez\/Facebook. De acuerdo con informaci\u00f3n recibida por Cubalex, el juicio contra el preso pol\u00edtico Yaser Garc\u00eda L\u00f3pez se celebr\u00f3 el martes 23 de septiembre de 2025 y qued\u00f3 concluso para sentencia. El juicio estuvo a cargo del juez ponente Justo Gustavo Faife Hern\u00e1ndez, del Tribunal Provincial Popular de Villa Clara. Se trata [&hellip;]","og_url":"https:\/\/cubalex.org\/en\/2025\/09\/24\/juicio-contra-el-preso-politico-yaser-garcia-lopez-concluso-para-sentencia\/","og_site_name":"Cubalex","article_publisher":"https:\/\/www.facebook.com\/ONGcubalex","article_published_time":"2025-09-24T18:31:23+00:00","article_modified_time":"2025-12-17T22:07:07+00:00","og_image":[{"width":1200,"height":560,"url":"https:\/\/cubalex.org\/wp-content\/uploads\/2025\/09\/Plantillas-sitio-web-76.png","type":"image\/png"}],"twitter_card":"summary_large_image","twitter_creator":"@CubalexDDHH","twitter_site":"@CubalexDDHH","twitter_misc":{"Written by":"lestat","Est. reading time":"2 minutes"},"schema":{"@context":"https:\/\/schema.org","@graph":[{"@type":"Article","@id":"https:\/\/cubalex.org\/2025\/09\/24\/juicio-contra-el-preso-politico-yaser-garcia-lopez-concluso-para-sentencia\/#article","isPartOf":{"@id":"https:\/\/cubalex.org\/2025\/09\/24\/juicio-contra-el-preso-politico-yaser-garcia-lopez-concluso-para-sentencia\/"},"headline":"Juicio contra el preso pol\u00edtico Yaser Garc\u00eda L\u00f3pez: concluso para sentencia","datePublished":"2025-09-24T18:31:23+00:00","dateModified":"2025-12-17T22:07:07+00:00","mainEntityOfPage":{"@id":"https:\/\/cubalex.org\/2025\/09\/24\/juicio-contra-el-preso-politico-yaser-garcia-lopez-concluso-para-sentencia\/"},"wordCount":221,"publisher":{"@id":"https:\/\/cubalex.org\/#organization"},"image":{"@id":"https:\/\/cubalex.org\/2025\/09\/24\/juicio-contra-el-preso-politico-yaser-garcia-lopez-concluso-para-sentencia\/#primaryimage"},"thumbnailUrl":"https:\/\/i0.wp.com\/cubalex.org\/wp-content\/uploads\/2025\/09\/Plantillas-sitio-web-76.png?fit=1200%2C560&ssl=1","articleSection":["Alertas"],"inLanguage":"en-US"},{"@type":"WebPage","@id":"https:\/\/cubalex.org\/2025\/09\/24\/juicio-contra-el-preso-politico-yaser-garcia-lopez-concluso-para-sentencia\/","url":"https:\/\/cubalex.org\/2025\/09\/24\/juicio-contra-el-preso-politico-yaser-garcia-lopez-concluso-para-sentencia\/","name":"Juicio contra el preso pol\u00edtico Yaser Garc\u00eda L\u00f3pez: concluso para sentencia - Cubalex","isPartOf":{"@id":"https:\/\/cubalex.org\/#website"},"primaryImageOfPage":{"@id":"https:\/\/cubalex.org\/2025\/09\/24\/juicio-contra-el-preso-politico-yaser-garcia-lopez-concluso-para-sentencia\/#primaryimage"},"image":{"@id":"https:\/\/cubalex.org\/2025\/09\/24\/juicio-contra-el-preso-politico-yaser-garcia-lopez-concluso-para-sentencia\/#primaryimage"},"thumbnailUrl":"https:\/\/i0.wp.com\/cubalex.org\/wp-content\/uploads\/2025\/09\/Plantillas-sitio-web-76.png?fit=1200%2C560&ssl=1","datePublished":"2025-09-24T18:31:23+00:00","dateModified":"2025-12-17T22:07:07+00:00","breadcrumb":{"@id":"https:\/\/cubalex.org\/2025\/09\/24\/juicio-contra-el-preso-politico-yaser-garcia-lopez-concluso-para-sentencia\/#breadcrumb"},"inLanguage":"en-US","potentialAction":[{"@type":"ReadAction","target":["https:\/\/cubalex.org\/2025\/09\/24\/juicio-contra-el-preso-politico-yaser-garcia-lopez-concluso-para-sentencia\/"]}]},{"@type":"ImageObject","inLanguage":"en-US","@id":"https:\/\/cubalex.org\/2025\/09\/24\/juicio-contra-el-preso-politico-yaser-garcia-lopez-concluso-para-sentencia\/#primaryimage","url":"https:\/\/i0.wp.com\/cubalex.org\/wp-content\/uploads\/2025\/09\/Plantillas-sitio-web-76.png?fit=1200%2C560&ssl=1","contentUrl":"https:\/\/i0.wp.com\/cubalex.org\/wp-content\/uploads\/2025\/09\/Plantillas-sitio-web-76.png?fit=1200%2C560&ssl=1","width":1200,"height":560},{"@type":"BreadcrumbList","@id":"https:\/\/cubalex.org\/2025\/09\/24\/juicio-contra-el-preso-politico-yaser-garcia-lopez-concluso-para-sentencia\/#breadcrumb","itemListElement":[{"@type":"ListItem","position":1,"name":"Portada","item":"https:\/\/cubalex.org\/"},{"@type":"ListItem","position":2,"name":"Juicio contra el preso pol\u00edtico Yaser Garc\u00eda L\u00f3pez: concluso para sentencia"}]},{"@type":"WebSite","@id":"https:\/\/cubalex.org\/#website","url":"https:\/\/cubalex.org\/","name":"Cubalex","description":"Trabajamos en defensa de los derechos humanos, para instaurar la democracia y el Estado de derecho en Cuba","publisher":{"@id":"https:\/\/cubalex.org\/#organization"},"potentialAction":[{"@type":"SearchAction","target":{"@type":"EntryPoint","urlTemplate":"https:\/\/cubalex.org\/?s={search_term_string}"},"query-input":{"@type":"PropertyValueSpecification","valueRequired":true,"valueName":"search_term_string"}}],"inLanguage":"en-US"},{"@type":"Organization","@id":"https:\/\/cubalex.org\/#organization","name":"Cubalex","url":"https:\/\/cubalex.org\/","logo":{"@type":"ImageObject","inLanguage":"en-US","@id":"https:\/\/cubalex.org\/#\/schema\/logo\/image\/","url":"https:\/\/i0.wp.com\/cubalex.org\/wp-content\/uploads\/2026\/08\/CUBALEX1.png?fit=1445%2C300&ssl=1","contentUrl":"https:\/\/i0.wp.com\/cubalex.org\/wp-content\/uploads\/2026\/08\/CUBALEX1.png?fit=1445%2C300&ssl=1","width":1445,"height":300,"caption":"Cubalex"},"image":{"@id":"https:\/\/cubalex.org\/#\/schema\/logo\/image\/"},"sameAs":["https:\/\/www.facebook.com\/ONGcubalex","https:\/\/x.com\/CubalexDDHH","https:\/\/www.youtube.com\/@Cubalex","https:\/\/www.linkedin.com\/company\/cubalex\/","https:\/\/t.me\/cubalex"]}]}},"jetpack_shortlink":"https:\/\/wp.me\/p23ZXl-4IV","jetpack_sharing_enabled":true,"jetpack_featured_media_url":"https:\/\/i0.wp.com\/cubalex.org\/wp-content\/uploads\/2025\/09\/Plantillas-sitio-web-76.png?fit=1200%2C560&ssl=1","_links":{"self":[{"href":"https:\/\/cubalex.org\/en\/wp-json\/wp\/v2\/posts\/18161","targetHints":{"allow":["GET"]}}],"collection":[{"href":"https:\/\/cubalex.org\/en\/wp-json\/wp\/v2\/posts"}],"about":[{"href":"https:\/\/cubalex.org\/en\/wp-json\/wp\/v2\/types\/post"}],"replies":[{"embeddable":true,"href":"https:\/\/cubalex.org\/en\/wp-json\/wp\/v2\/comments?post=18161"}],"version-history":[{"count":0,"href":"https:\/\/cubalex.org\/en\/wp-json\/wp\/v2\/posts\/18161\/revisions"}],"wp:featuredmedia":[{"embeddable":true,"href":"https:\/\/cubalex.org\/en\/wp-json\/wp\/v2\/media\/20039"}],"wp:attachment":[{"href":"https:\/\/cubalex.org\/en\/wp-json\/wp\/v2\/media?parent=18161"}],"wp:term":[{"taxonomy":"category","embeddable":true,"href":"https:\/\/cubalex.org\/en\/wp-json\/wp\/v2\/categories?post=18161"},{"taxonomy":"post_tag","embeddable":true,"href":"https:\/\/cubalex.org\/en\/wp-json\/wp\/v2\/tags?post=18161"}],"curies":[{"name":"wp","href":"https:\/\/api.w.org\/{rel}","templated":true}]}}