{"id":18490,"date":"2025-09-25T12:18:48","date_gmt":"2025-09-25T16:18:48","guid":{"rendered":"https:\/\/cubalex.org\/?p=18490"},"modified":"2025-09-25T14:30:27","modified_gmt":"2025-09-25T18:30:27","slug":"juicio-contra-los-manifestantes-de-encrucijada-concluso-para-sentencia-en-un-proceso-marcado-por-irregularidades","status":"publish","type":"post","link":"https:\/\/cubalex.org\/en\/2025\/09\/25\/juicio-contra-los-manifestantes-de-encrucijada-concluso-para-sentencia-en-un-proceso-marcado-por-irregularidades\/","title":{"rendered":"Juicio contra los manifestantes de Encrucijada: concluso para sentencia en un proceso marcado por irregularidades"},"content":{"rendered":"<p class=\"wp-block-paragraph\"><\/p>\n\n\n\n<p class=\"wp-block-paragraph\">El juicio contra los manifestantes de Encrucijada, detenidos arbitrariamente desde hace m\u00e1s de diez meses, qued\u00f3 concluso para sentencia este 24 de septiembre de 2025, confirm\u00f3 a<a href=\"https:\/\/adncuba.com\/es\/derechos-humanos\/queda-concluso-para-sentencia-el-juicio-contra-jose-gabriel-barrenechea\"> ADN <\/a>un familiar del preso pol\u00edtico Jos\u00e9 Gabriel Barrenechea.<\/p>\n\n\n\n<p class=\"wp-block-paragraph\">Seg\u00fan la fuente, que estuvo presente en el Tribunal de Santa Clara, la audiencia se extendi\u00f3 hasta las 8:00 p.m. La defensa expuso con solidez las inconsistencias de la acusaci\u00f3n fabricada por la Seguridad del Estado.<\/p>\n\n\n\n<h2 class=\"wp-block-heading\"><strong>Militarizaci\u00f3n y ambiente de hostigamiento<\/strong><\/h2>\n\n\n\n<p class=\"wp-block-paragraph\">La sala donde se desarroll\u00f3 el juicio estaba fuertemente militarizada: 17 efectivos en total, entre ellos cuatro reclutas del Servicio Militar y trece integrantes de las tropas especiales conocidas como Boinas Negras, armados con pistolas.<\/p>\n\n\n\n<p class=\"wp-block-paragraph\">Cubalex recibi\u00f3 informaci\u00f3n de que \u00fanicamente se permiti\u00f3 la entrada de cuatro familiares por cada detenido, en un ambiente de hostigamiento que buscaba transmitir la imagen de que los acusados eran criminales peligrosos.<\/p>\n\n\n\n<h2 class=\"wp-block-heading\"><strong>Petici\u00f3n fiscal y acusaciones desproporcionadas<\/strong><\/h2>\n\n\n\n<p class=\"wp-block-paragraph\">Seis manifestantes <a href=\"https:\/\/www.facebook.com\/share\/p\/15Eiw4TSnQK\/?mibextid=wwXIfr\">enfrentan<\/a> condenas de entre cinco y nueve a\u00f1os de c\u00e1rcel por el supuesto delito de \u201cdes\u00f3rdenes p\u00fablicos\u201d, simplemente por ejercer su derecho a la protesta pac\u00edfica.<\/p>\n\n\n\n<p class=\"wp-block-paragraph\">La Fiscal\u00eda solicit\u00f3 las siguientes penas:<\/p>\n\n\n\n<ul class=\"wp-block-list\">\n<li>9 a\u00f1os para Yandri Torres Quintana<br><\/li>\n\n\n\n<li>9 a\u00f1os para Rafael Javier Camacho Herrera<br><\/li>\n\n\n\n<li>6 a\u00f1os para Jos\u00e9 Gabriel Barrenechea Ch\u00e1vez<br><\/li>\n\n\n\n<li>5 a\u00f1os para Rodel B\u00e1rbaro Rodr\u00edguez Espinosa<br><\/li>\n\n\n\n<li>4 a\u00f1os para Yuniesky Lorences Dom\u00ednguez<br><\/li>\n\n\n\n<li>5 a\u00f1os de limitaci\u00f3n de libertad para Marcos Daniel D\u00edaz Rodr\u00edguez<br><\/li>\n<\/ul>\n\n\n\n<h2 class=\"wp-block-heading\"><strong>El derecho a la protesta pac\u00edfica<\/strong><\/h2>\n\n\n\n<p class=\"wp-block-paragraph\">Las protestas del 7 de noviembre de 2024 en Encrucijada, Villa Clara, fueron una leg\u00edtima expresi\u00f3n de descontento ante el colapso energ\u00e9tico y la falta de soluciones por parte del r\u00e9gimen. No hubo violencia ni enfrentamientos: las personas ejercieron de manera pac\u00edfica su derecho a exigir una vida digna.<\/p>\n\n\n\n<figure class=\"wp-block-embed is-type-rich is-provider-twitter wp-block-embed-twitter\"><div class=\"wp-block-embed__wrapper\">\n<div class=\"embed-x\"><blockquote class=\"twitter-tweet\" data-width=\"550\" data-dnt=\"true\"><p lang=\"es\" dir=\"ltr\">\ud83d\udccc <a href=\"https:\/\/x.com\/hashtag\/AlertaCubalex?src=hash&amp;ref_src=twsrc%5Etfw\">#AlertaCubalex<\/a> | Fiscal\u00eda solicita hasta 9 a\u00f1os de privaci\u00f3n de libertad para manifestantes de las protestas en <a href=\"https:\/\/x.com\/hashtag\/Encrucijada?src=hash&amp;ref_src=twsrc%5Etfw\">#Encrucijada<\/a>, <a href=\"https:\/\/x.com\/hashtag\/VillaClara?src=hash&amp;ref_src=twsrc%5Etfw\">#VillaClara<\/a>. M\u00e1s detalles \ud83e\uddf5 <a href=\"https:\/\/t.co\/Np239yQPDg\">pic.twitter.com\/Np239yQPDg<\/a><\/p>&mdash; Cubalex (@CubalexDDHH) <a href=\"https:\/\/x.com\/CubalexDDHH\/status\/1951306309346709706?ref_src=twsrc%5Etfw\">August 1, 2025<\/a><\/blockquote><script async src=\"https:\/\/platform.x.com\/widgets.js\" charset=\"utf-8\"><\/script><\/div>\n<\/div><\/figure>\n\n\n\n<p class=\"wp-block-paragraph\">Criminalizar la protesta social constituye una violaci\u00f3n grave de los est\u00e1ndares internacionales de derechos humanos, incluidos el derecho a la libertad de expresi\u00f3n, reuni\u00f3n pac\u00edfica y participaci\u00f3n ciudadana, reconocidos en tratados como el Pacto Internacional de Derechos Civiles y Pol\u00edticos, del cual Cuba es Estado parte.<\/p>\n\n\n\n<figure class=\"wp-block-embed is-type-rich is-provider-twitter wp-block-embed-twitter\"><div class=\"wp-block-embed__wrapper\">\n<div class=\"embed-x\"><blockquote class=\"twitter-tweet\" data-width=\"550\" data-dnt=\"true\"><p lang=\"es\" dir=\"ltr\">11\/ <br>Estas son las conclusiones provisionales de la Fiscal\u00eda, a las que tuvo acceso <a href=\"https:\/\/x.com\/hashtag\/Cubalex?src=hash&amp;ref_src=twsrc%5Etfw\">#Cubalex<\/a>. El documento refleja un intento de justificar sanciones desproporcionadas por hechos que no constituyen delitos, sino el ejercicio leg\u00edtimo de derechos fundamentales. <a href=\"https:\/\/x.com\/hashtag\/AlertaCubalex?src=hash&amp;ref_src=twsrc%5Etfw\">#AlertaCubalex<\/a> <a href=\"https:\/\/t.co\/lLoHY0J7fr\">pic.twitter.com\/lLoHY0J7fr<\/a><\/p>&mdash; Cubalex (@CubalexDDHH) <a href=\"https:\/\/x.com\/CubalexDDHH\/status\/1951308650162557282?ref_src=twsrc%5Etfw\">August 1, 2025<\/a><\/blockquote><script async src=\"https:\/\/platform.x.com\/widgets.js\" charset=\"utf-8\"><\/script><\/div>\n<\/div><\/figure>\n\n\n\n<h2 class=\"wp-block-heading\"><strong>Conclusi\u00f3n<\/strong><\/h2>\n\n\n\n<p class=\"wp-block-paragraph\">Este juicio refleja un patr\u00f3n sistem\u00e1tico de represi\u00f3n en Cuba, donde se criminaliza el ejercicio pac\u00edfico de derechos fundamentales y se utilizan los tribunales para legitimar procesos fabricados por la Seguridad del Estado.<\/p>\n\n\n\n<p class=\"wp-block-paragraph\">Protestar no es un crimen, es un derecho.<\/p>\n\n\n\n<p class=\"wp-block-paragraph\">Cubalex dar\u00e1 seguimiento y actualizar\u00e1 la informaci\u00f3n cuando se dicte la sentencia.<\/p>\n\n\n\n<p class=\"wp-block-paragraph\"><\/p>","protected":false},"excerpt":{"rendered":"<p>El juicio contra los manifestantes de Encrucijada, detenidos arbitrariamente desde hace m\u00e1s de diez meses, qued\u00f3 concluso para sentencia este 24 de septiembre de 2025, confirm\u00f3 a ADN un familiar del preso pol\u00edtico Jos\u00e9 Gabriel Barrenechea. Seg\u00fan la fuente, que estuvo presente en el Tribunal de Santa Clara, la audiencia se extendi\u00f3 hasta las 8:00 [&hellip;]<\/p>\n","protected":false},"featured_media":16073,"comment_status":"closed","ping_status":"closed","sticky":false,"template":"","format":"standard","meta":{"_jetpack_newsletter_access":"","_jetpack_dont_email_post_to_subs":false,"_jetpack_newsletter_tier_id":0,"_jetpack_memberships_contains_paywalled_content":false,"_wpcom_ai_launchpad_first_post":false,"_jetpack_feature_clip_id":0,"_jetpack_memberships_contains_paid_content":false,"footnotes":"","jetpack_post_was_ever_published":false},"categories":[551856560],"tags":[],"class_list":["post-18490","post","type-post","status-publish","format-standard","has-post-thumbnail","hentry","category-alertas"],"featured_image_src":"https:\/\/i0.wp.com\/cubalex.org\/wp-content\/uploads\/2025\/03\/servicios.jpg?fit=1920%2C1080&ssl=1","acf":{"translation_reviewed":false},"yoast_head":"<!-- This site is optimized with the Yoast SEO plugin v28.4 - https:\/\/yoast.com\/product\/yoast-seo-wordpress\/ -->\n<title>Juicio contra los manifestantes de Encrucijada: concluso para sentencia en un proceso marcado por irregularidades - Cubalex<\/title>\n<meta name=\"robots\" content=\"index, follow, max-snippet:-1, max-image-preview:large, max-video-preview:-1\" \/>\n<link rel=\"canonical\" href=\"https:\/\/cubalex.org\/en\/2025\/09\/25\/juicio-contra-los-manifestantes-de-encrucijada-concluso-para-sentencia-en-un-proceso-marcado-por-irregularidades\/\" \/>\n<meta property=\"og:locale\" content=\"en_US\" \/>\n<meta property=\"og:type\" content=\"article\" \/>\n<meta property=\"og:title\" content=\"Juicio contra los manifestantes de Encrucijada: concluso para sentencia en un proceso marcado por irregularidades - Cubalex\" \/>\n<meta property=\"og:description\" content=\"El juicio contra los manifestantes de Encrucijada, detenidos arbitrariamente desde hace m\u00e1s de diez meses, qued\u00f3 concluso para sentencia este 24 de septiembre de 2025, confirm\u00f3 a ADN un familiar del preso pol\u00edtico Jos\u00e9 Gabriel Barrenechea. Seg\u00fan la fuente, que estuvo presente en el Tribunal de Santa Clara, la audiencia se extendi\u00f3 hasta las 8:00 [&hellip;]\" \/>\n<meta property=\"og:url\" content=\"https:\/\/cubalex.org\/en\/2025\/09\/25\/juicio-contra-los-manifestantes-de-encrucijada-concluso-para-sentencia-en-un-proceso-marcado-por-irregularidades\/\" \/>\n<meta property=\"og:site_name\" content=\"Cubalex\" \/>\n<meta property=\"article:publisher\" content=\"https:\/\/www.facebook.com\/ONGcubalex\" \/>\n<meta property=\"article:published_time\" content=\"2025-09-25T16:18:48+00:00\" \/>\n<meta property=\"article:modified_time\" content=\"2025-09-25T18:30:27+00:00\" \/>\n<meta property=\"og:image\" content=\"https:\/\/cubalex.org\/wp-content\/uploads\/2025\/03\/servicios.jpg\" \/>\n\t<meta property=\"og:image:width\" content=\"1920\" \/>\n\t<meta property=\"og:image:height\" content=\"1080\" \/>\n\t<meta property=\"og:image:type\" content=\"image\/jpeg\" \/>\n<meta name=\"twitter:card\" content=\"summary_large_image\" \/>\n<meta name=\"twitter:creator\" content=\"@CubalexDDHH\" \/>\n<meta name=\"twitter:site\" content=\"@CubalexDDHH\" \/>\n<meta name=\"twitter:label1\" content=\"Written by\" \/>\n\t<meta name=\"twitter:data1\" content=\"lestat\" \/>\n\t<meta name=\"twitter:label2\" content=\"Est. reading time\" \/>\n\t<meta name=\"twitter:data2\" content=\"2 minutes\" \/>\n<script type=\"application\/ld+json\" class=\"yoast-schema-graph\">{\"@context\":\"https:\\\/\\\/schema.org\",\"@graph\":[{\"@type\":\"Article\",\"@id\":\"https:\\\/\\\/cubalex.org\\\/2025\\\/09\\\/25\\\/juicio-contra-los-manifestantes-de-encrucijada-concluso-para-sentencia-en-un-proceso-marcado-por-irregularidades\\\/#article\",\"isPartOf\":{\"@id\":\"https:\\\/\\\/cubalex.org\\\/2025\\\/09\\\/25\\\/juicio-contra-los-manifestantes-de-encrucijada-concluso-para-sentencia-en-un-proceso-marcado-por-irregularidades\\\/\"},\"headline\":\"Juicio contra los manifestantes de Encrucijada: concluso para sentencia en un proceso marcado por irregularidades\",\"datePublished\":\"2025-09-25T16:18:48+00:00\",\"dateModified\":\"2025-09-25T18:30:27+00:00\",\"mainEntityOfPage\":{\"@id\":\"https:\\\/\\\/cubalex.org\\\/2025\\\/09\\\/25\\\/juicio-contra-los-manifestantes-de-encrucijada-concluso-para-sentencia-en-un-proceso-marcado-por-irregularidades\\\/\"},\"wordCount\":442,\"publisher\":{\"@id\":\"https:\\\/\\\/cubalex.org\\\/#organization\"},\"image\":{\"@id\":\"https:\\\/\\\/cubalex.org\\\/2025\\\/09\\\/25\\\/juicio-contra-los-manifestantes-de-encrucijada-concluso-para-sentencia-en-un-proceso-marcado-por-irregularidades\\\/#primaryimage\"},\"thumbnailUrl\":\"https:\\\/\\\/i0.wp.com\\\/cubalex.org\\\/wp-content\\\/uploads\\\/2025\\\/03\\\/servicios.jpg?fit=1920%2C1080&ssl=1\",\"articleSection\":[\"Alertas\"],\"inLanguage\":\"en-US\"},{\"@type\":\"WebPage\",\"@id\":\"https:\\\/\\\/cubalex.org\\\/2025\\\/09\\\/25\\\/juicio-contra-los-manifestantes-de-encrucijada-concluso-para-sentencia-en-un-proceso-marcado-por-irregularidades\\\/\",\"url\":\"https:\\\/\\\/cubalex.org\\\/2025\\\/09\\\/25\\\/juicio-contra-los-manifestantes-de-encrucijada-concluso-para-sentencia-en-un-proceso-marcado-por-irregularidades\\\/\",\"name\":\"Juicio contra los manifestantes de Encrucijada: concluso para sentencia en un proceso marcado por irregularidades - Cubalex\",\"isPartOf\":{\"@id\":\"https:\\\/\\\/cubalex.org\\\/#website\"},\"primaryImageOfPage\":{\"@id\":\"https:\\\/\\\/cubalex.org\\\/2025\\\/09\\\/25\\\/juicio-contra-los-manifestantes-de-encrucijada-concluso-para-sentencia-en-un-proceso-marcado-por-irregularidades\\\/#primaryimage\"},\"image\":{\"@id\":\"https:\\\/\\\/cubalex.org\\\/2025\\\/09\\\/25\\\/juicio-contra-los-manifestantes-de-encrucijada-concluso-para-sentencia-en-un-proceso-marcado-por-irregularidades\\\/#primaryimage\"},\"thumbnailUrl\":\"https:\\\/\\\/i0.wp.com\\\/cubalex.org\\\/wp-content\\\/uploads\\\/2025\\\/03\\\/servicios.jpg?fit=1920%2C1080&ssl=1\",\"datePublished\":\"2025-09-25T16:18:48+00:00\",\"dateModified\":\"2025-09-25T18:30:27+00:00\",\"breadcrumb\":{\"@id\":\"https:\\\/\\\/cubalex.org\\\/2025\\\/09\\\/25\\\/juicio-contra-los-manifestantes-de-encrucijada-concluso-para-sentencia-en-un-proceso-marcado-por-irregularidades\\\/#breadcrumb\"},\"inLanguage\":\"en-US\",\"potentialAction\":[{\"@type\":\"ReadAction\",\"target\":[\"https:\\\/\\\/cubalex.org\\\/2025\\\/09\\\/25\\\/juicio-contra-los-manifestantes-de-encrucijada-concluso-para-sentencia-en-un-proceso-marcado-por-irregularidades\\\/\"]}]},{\"@type\":\"ImageObject\",\"inLanguage\":\"en-US\",\"@id\":\"https:\\\/\\\/cubalex.org\\\/2025\\\/09\\\/25\\\/juicio-contra-los-manifestantes-de-encrucijada-concluso-para-sentencia-en-un-proceso-marcado-por-irregularidades\\\/#primaryimage\",\"url\":\"https:\\\/\\\/i0.wp.com\\\/cubalex.org\\\/wp-content\\\/uploads\\\/2025\\\/03\\\/servicios.jpg?fit=1920%2C1080&ssl=1\",\"contentUrl\":\"https:\\\/\\\/i0.wp.com\\\/cubalex.org\\\/wp-content\\\/uploads\\\/2025\\\/03\\\/servicios.jpg?fit=1920%2C1080&ssl=1\",\"width\":1920,\"height\":1080},{\"@type\":\"BreadcrumbList\",\"@id\":\"https:\\\/\\\/cubalex.org\\\/2025\\\/09\\\/25\\\/juicio-contra-los-manifestantes-de-encrucijada-concluso-para-sentencia-en-un-proceso-marcado-por-irregularidades\\\/#breadcrumb\",\"itemListElement\":[{\"@type\":\"ListItem\",\"position\":1,\"name\":\"Portada\",\"item\":\"https:\\\/\\\/cubalex.org\\\/\"},{\"@type\":\"ListItem\",\"position\":2,\"name\":\"Juicio contra los manifestantes de Encrucijada: concluso para sentencia en un proceso marcado por irregularidades\"}]},{\"@type\":\"WebSite\",\"@id\":\"https:\\\/\\\/cubalex.org\\\/#website\",\"url\":\"https:\\\/\\\/cubalex.org\\\/\",\"name\":\"Cubalex\",\"description\":\"Trabajamos en defensa de los derechos humanos, para instaurar la democracia y el Estado de derecho en Cuba\",\"publisher\":{\"@id\":\"https:\\\/\\\/cubalex.org\\\/#organization\"},\"potentialAction\":[{\"@type\":\"SearchAction\",\"target\":{\"@type\":\"EntryPoint\",\"urlTemplate\":\"https:\\\/\\\/cubalex.org\\\/?s={search_term_string}\"},\"query-input\":{\"@type\":\"PropertyValueSpecification\",\"valueRequired\":true,\"valueName\":\"search_term_string\"}}],\"inLanguage\":\"en-US\"},{\"@type\":\"Organization\",\"@id\":\"https:\\\/\\\/cubalex.org\\\/#organization\",\"name\":\"Cubalex\",\"url\":\"https:\\\/\\\/cubalex.org\\\/\",\"logo\":{\"@type\":\"ImageObject\",\"inLanguage\":\"en-US\",\"@id\":\"https:\\\/\\\/cubalex.org\\\/#\\\/schema\\\/logo\\\/image\\\/\",\"url\":\"https:\\\/\\\/i0.wp.com\\\/cubalex.org\\\/wp-content\\\/uploads\\\/2026\\\/08\\\/CUBALEX1.png?fit=1445%2C300&ssl=1\",\"contentUrl\":\"https:\\\/\\\/i0.wp.com\\\/cubalex.org\\\/wp-content\\\/uploads\\\/2026\\\/08\\\/CUBALEX1.png?fit=1445%2C300&ssl=1\",\"width\":1445,\"height\":300,\"caption\":\"Cubalex\"},\"image\":{\"@id\":\"https:\\\/\\\/cubalex.org\\\/#\\\/schema\\\/logo\\\/image\\\/\"},\"sameAs\":[\"https:\\\/\\\/www.facebook.com\\\/ONGcubalex\",\"https:\\\/\\\/x.com\\\/CubalexDDHH\",\"https:\\\/\\\/www.youtube.com\\\/@Cubalex\",\"https:\\\/\\\/www.linkedin.com\\\/company\\\/cubalex\\\/\",\"https:\\\/\\\/t.me\\\/cubalex\"]}]}<\/script>\n<!-- \/ Yoast SEO plugin. -->","yoast_head_json":{"title":"Juicio contra los manifestantes de Encrucijada: concluso para sentencia en un proceso marcado por irregularidades - Cubalex","robots":{"index":"index","follow":"follow","max-snippet":"max-snippet:-1","max-image-preview":"max-image-preview:large","max-video-preview":"max-video-preview:-1"},"canonical":"https:\/\/cubalex.org\/en\/2025\/09\/25\/juicio-contra-los-manifestantes-de-encrucijada-concluso-para-sentencia-en-un-proceso-marcado-por-irregularidades\/","og_locale":"en_US","og_type":"article","og_title":"Juicio contra los manifestantes de Encrucijada: concluso para sentencia en un proceso marcado por irregularidades - Cubalex","og_description":"El juicio contra los manifestantes de Encrucijada, detenidos arbitrariamente desde hace m\u00e1s de diez meses, qued\u00f3 concluso para sentencia este 24 de septiembre de 2025, confirm\u00f3 a ADN un familiar del preso pol\u00edtico Jos\u00e9 Gabriel Barrenechea. Seg\u00fan la fuente, que estuvo presente en el Tribunal de Santa Clara, la audiencia se extendi\u00f3 hasta las 8:00 [&hellip;]","og_url":"https:\/\/cubalex.org\/en\/2025\/09\/25\/juicio-contra-los-manifestantes-de-encrucijada-concluso-para-sentencia-en-un-proceso-marcado-por-irregularidades\/","og_site_name":"Cubalex","article_publisher":"https:\/\/www.facebook.com\/ONGcubalex","article_published_time":"2025-09-25T16:18:48+00:00","article_modified_time":"2025-09-25T18:30:27+00:00","og_image":[{"width":1920,"height":1080,"url":"https:\/\/cubalex.org\/wp-content\/uploads\/2025\/03\/servicios.jpg","type":"image\/jpeg"}],"twitter_card":"summary_large_image","twitter_creator":"@CubalexDDHH","twitter_site":"@CubalexDDHH","twitter_misc":{"Written by":"lestat","Est. reading time":"2 minutes"},"schema":{"@context":"https:\/\/schema.org","@graph":[{"@type":"Article","@id":"https:\/\/cubalex.org\/2025\/09\/25\/juicio-contra-los-manifestantes-de-encrucijada-concluso-para-sentencia-en-un-proceso-marcado-por-irregularidades\/#article","isPartOf":{"@id":"https:\/\/cubalex.org\/2025\/09\/25\/juicio-contra-los-manifestantes-de-encrucijada-concluso-para-sentencia-en-un-proceso-marcado-por-irregularidades\/"},"headline":"Juicio contra los manifestantes de Encrucijada: concluso para sentencia en un proceso marcado por irregularidades","datePublished":"2025-09-25T16:18:48+00:00","dateModified":"2025-09-25T18:30:27+00:00","mainEntityOfPage":{"@id":"https:\/\/cubalex.org\/2025\/09\/25\/juicio-contra-los-manifestantes-de-encrucijada-concluso-para-sentencia-en-un-proceso-marcado-por-irregularidades\/"},"wordCount":442,"publisher":{"@id":"https:\/\/cubalex.org\/#organization"},"image":{"@id":"https:\/\/cubalex.org\/2025\/09\/25\/juicio-contra-los-manifestantes-de-encrucijada-concluso-para-sentencia-en-un-proceso-marcado-por-irregularidades\/#primaryimage"},"thumbnailUrl":"https:\/\/i0.wp.com\/cubalex.org\/wp-content\/uploads\/2025\/03\/servicios.jpg?fit=1920%2C1080&ssl=1","articleSection":["Alertas"],"inLanguage":"en-US"},{"@type":"WebPage","@id":"https:\/\/cubalex.org\/2025\/09\/25\/juicio-contra-los-manifestantes-de-encrucijada-concluso-para-sentencia-en-un-proceso-marcado-por-irregularidades\/","url":"https:\/\/cubalex.org\/2025\/09\/25\/juicio-contra-los-manifestantes-de-encrucijada-concluso-para-sentencia-en-un-proceso-marcado-por-irregularidades\/","name":"Juicio contra los manifestantes de Encrucijada: concluso para sentencia en un proceso marcado por irregularidades - Cubalex","isPartOf":{"@id":"https:\/\/cubalex.org\/#website"},"primaryImageOfPage":{"@id":"https:\/\/cubalex.org\/2025\/09\/25\/juicio-contra-los-manifestantes-de-encrucijada-concluso-para-sentencia-en-un-proceso-marcado-por-irregularidades\/#primaryimage"},"image":{"@id":"https:\/\/cubalex.org\/2025\/09\/25\/juicio-contra-los-manifestantes-de-encrucijada-concluso-para-sentencia-en-un-proceso-marcado-por-irregularidades\/#primaryimage"},"thumbnailUrl":"https:\/\/i0.wp.com\/cubalex.org\/wp-content\/uploads\/2025\/03\/servicios.jpg?fit=1920%2C1080&ssl=1","datePublished":"2025-09-25T16:18:48+00:00","dateModified":"2025-09-25T18:30:27+00:00","breadcrumb":{"@id":"https:\/\/cubalex.org\/2025\/09\/25\/juicio-contra-los-manifestantes-de-encrucijada-concluso-para-sentencia-en-un-proceso-marcado-por-irregularidades\/#breadcrumb"},"inLanguage":"en-US","potentialAction":[{"@type":"ReadAction","target":["https:\/\/cubalex.org\/2025\/09\/25\/juicio-contra-los-manifestantes-de-encrucijada-concluso-para-sentencia-en-un-proceso-marcado-por-irregularidades\/"]}]},{"@type":"ImageObject","inLanguage":"en-US","@id":"https:\/\/cubalex.org\/2025\/09\/25\/juicio-contra-los-manifestantes-de-encrucijada-concluso-para-sentencia-en-un-proceso-marcado-por-irregularidades\/#primaryimage","url":"https:\/\/i0.wp.com\/cubalex.org\/wp-content\/uploads\/2025\/03\/servicios.jpg?fit=1920%2C1080&ssl=1","contentUrl":"https:\/\/i0.wp.com\/cubalex.org\/wp-content\/uploads\/2025\/03\/servicios.jpg?fit=1920%2C1080&ssl=1","width":1920,"height":1080},{"@type":"BreadcrumbList","@id":"https:\/\/cubalex.org\/2025\/09\/25\/juicio-contra-los-manifestantes-de-encrucijada-concluso-para-sentencia-en-un-proceso-marcado-por-irregularidades\/#breadcrumb","itemListElement":[{"@type":"ListItem","position":1,"name":"Portada","item":"https:\/\/cubalex.org\/"},{"@type":"ListItem","position":2,"name":"Juicio contra los manifestantes de Encrucijada: concluso para sentencia en un proceso marcado por irregularidades"}]},{"@type":"WebSite","@id":"https:\/\/cubalex.org\/#website","url":"https:\/\/cubalex.org\/","name":"Cubalex","description":"Trabajamos en defensa de los derechos humanos, para instaurar la democracia y el Estado de derecho en Cuba","publisher":{"@id":"https:\/\/cubalex.org\/#organization"},"potentialAction":[{"@type":"SearchAction","target":{"@type":"EntryPoint","urlTemplate":"https:\/\/cubalex.org\/?s={search_term_string}"},"query-input":{"@type":"PropertyValueSpecification","valueRequired":true,"valueName":"search_term_string"}}],"inLanguage":"en-US"},{"@type":"Organization","@id":"https:\/\/cubalex.org\/#organization","name":"Cubalex","url":"https:\/\/cubalex.org\/","logo":{"@type":"ImageObject","inLanguage":"en-US","@id":"https:\/\/cubalex.org\/#\/schema\/logo\/image\/","url":"https:\/\/i0.wp.com\/cubalex.org\/wp-content\/uploads\/2026\/08\/CUBALEX1.png?fit=1445%2C300&ssl=1","contentUrl":"https:\/\/i0.wp.com\/cubalex.org\/wp-content\/uploads\/2026\/08\/CUBALEX1.png?fit=1445%2C300&ssl=1","width":1445,"height":300,"caption":"Cubalex"},"image":{"@id":"https:\/\/cubalex.org\/#\/schema\/logo\/image\/"},"sameAs":["https:\/\/www.facebook.com\/ONGcubalex","https:\/\/x.com\/CubalexDDHH","https:\/\/www.youtube.com\/@Cubalex","https:\/\/www.linkedin.com\/company\/cubalex\/","https:\/\/t.me\/cubalex"]}]}},"jetpack_shortlink":"https:\/\/wp.me\/p23ZXl-4Oe","jetpack_sharing_enabled":true,"jetpack_featured_media_url":"https:\/\/i0.wp.com\/cubalex.org\/wp-content\/uploads\/2025\/03\/servicios.jpg?fit=1920%2C1080&ssl=1","_links":{"self":[{"href":"https:\/\/cubalex.org\/en\/wp-json\/wp\/v2\/posts\/18490","targetHints":{"allow":["GET"]}}],"collection":[{"href":"https:\/\/cubalex.org\/en\/wp-json\/wp\/v2\/posts"}],"about":[{"href":"https:\/\/cubalex.org\/en\/wp-json\/wp\/v2\/types\/post"}],"replies":[{"embeddable":true,"href":"https:\/\/cubalex.org\/en\/wp-json\/wp\/v2\/comments?post=18490"}],"version-history":[{"count":0,"href":"https:\/\/cubalex.org\/en\/wp-json\/wp\/v2\/posts\/18490\/revisions"}],"wp:featuredmedia":[{"embeddable":true,"href":"https:\/\/cubalex.org\/en\/wp-json\/wp\/v2\/media\/16073"}],"wp:attachment":[{"href":"https:\/\/cubalex.org\/en\/wp-json\/wp\/v2\/media?parent=18490"}],"wp:term":[{"taxonomy":"category","embeddable":true,"href":"https:\/\/cubalex.org\/en\/wp-json\/wp\/v2\/categories?post=18490"},{"taxonomy":"post_tag","embeddable":true,"href":"https:\/\/cubalex.org\/en\/wp-json\/wp\/v2\/tags?post=18490"}],"curies":[{"name":"wp","href":"https:\/\/api.w.org\/{rel}","templated":true}]}}