{"id":21681,"date":"2026-03-23T14:55:42","date_gmt":"2026-03-23T18:55:42","guid":{"rendered":"https:\/\/cubalex.org\/?p=21681"},"modified":"2026-03-23T14:55:51","modified_gmt":"2026-03-23T18:55:51","slug":"tribunal-provincial-de-artemisa-se-niega-a-recibir-apelacion-sobre-caso-de-luis-manuel-otero-dentro-de-termino-legal","status":"publish","type":"post","link":"https:\/\/cubalex.org\/en\/2026\/03\/23\/tribunal-provincial-de-artemisa-se-niega-a-recibir-apelacion-sobre-caso-de-luis-manuel-otero-dentro-de-termino-legal\/","title":{"rendered":"Tribunal Provincial de Artemisa se niega a recibir apelaci\u00f3n sobre caso de Luis Manuel Otero dentro de t\u00e9rmino legal"},"content":{"rendered":"<p class=\"wp-block-paragraph\">Cubalex denuncia que el Tribunal Provincial Popular de Artemisa se est\u00e1 negando a recibir, dentro del t\u00e9rmino legal establecido, el recurso de apelaci\u00f3n presentado en el marco del<a href=\"https:\/\/cubalex.org\/en\/2026\/03\/23\/tribunal-cubano-se-contradice-y-bloquea-habeas-corpus-a-favor-de-luis-manuel-otero-alcantara\/\"> procedimiento de Habeas Corpus a favor de Luis Manuel Otero Alc\u00e1ntara.<\/a><\/p>\n\n\n\n<p class=\"wp-block-paragraph\">En el d\u00eda de hoy, la persona encargada de presentar el recurso acudi\u00f3 al Tribunal en tiempo, pero el documento no fue recibido bajo el argumento de que el funcionario correspondiente no se encontraba disponible. Se le indic\u00f3 regresar al d\u00eda siguiente.<\/p>\n\n\n\n<p class=\"wp-block-paragraph\">Para el equipo legal de Cubalex, esta actuaci\u00f3n es jur\u00eddicamente inadmisible. El plazo para la presentaci\u00f3n del recurso vence hoy. Forzar su recepci\u00f3n en una fecha posterior coloca al recurrente fuera de t\u00e9rmino, lo que en la pr\u00e1ctica implica la p\u00e9rdida del derecho a recurrir y <strong>constituye una forma de obstrucci\u00f3n del acceso a la justicia.<\/strong><\/p>\n\n\n\n<p class=\"wp-block-paragraph\">De acuerdo con la legislaci\u00f3n procesal cubana, el Tribunal Provincial de Artemisa tiene la obligaci\u00f3n de recibir el recurso presentado dentro del t\u00e9rmino legal; incorporarlo al expediente correspondiente y elevarlo al Tribunal Supremo Popular (TSP) para su tramitaci\u00f3n.<\/p>\n\n\n\n<p class=\"wp-block-paragraph\">La negativa a recibir el escrito no solo vulnera el derecho al debido proceso, sino que refuerza un patr\u00f3n ya documentado en este caso: <strong>la utilizaci\u00f3n de mecanismos formales para bloquear el acceso efectivo al Habeas Corpus.<\/strong><\/p>\n\n\n\n<p class=\"wp-block-paragraph\">Este hecho se suma a las irregularidades ya identificadas en el Auto de fecha 12 de marzo de 2026, mediante el cual el Tribunal rechaz\u00f3 la solicitud por supuesta falta de competencia, sin fundamentaci\u00f3n jur\u00eddica ni indicaci\u00f3n del \u00f3rgano competente.<\/p>\n\n\n\n<p class=\"wp-block-paragraph\">La petici\u00f3n original de Habeas Corpus se sustenta en que <a href=\"https:\/\/cubalex.org\/en\/2026\/03\/11\/presentan-habeas-corpus-a-favor-del-artivista-y-preso-politico-luis-manuel-otero-alcantara\/\">Luis Manuel Otero Alc\u00e1ntara habr\u00eda cumplido \u00edntegramente la sanci\u00f3n impuesta<\/a>, por lo que su permanencia en prisi\u00f3n constituye una privaci\u00f3n ilegal de libertad.<\/p>\n\n\n\n<p class=\"wp-block-paragraph\">La negativa actual a recibir el recurso de apelaci\u00f3n agrava esta situaci\u00f3n y configura una violaci\u00f3n adicional de garant\u00edas procesales b\u00e1sicas.<\/p>\n\n\n\n<p class=\"wp-block-paragraph\">Cubalex exige la recepci\u00f3n inmediata del recurso presentado dentro de t\u00e9rmino; la tramitaci\u00f3n efectiva del procedimiento; la remisi\u00f3n del expediente al Tribunal Supremo Popular; el cese de pr\u00e1cticas que obstaculizan el acceso a la justicia.<\/p>\n\n\n\n<p class=\"wp-block-paragraph\">Asimismo advierte que estos hechos ser\u00e1n documentados y presentados ante mecanismos internacionales de protecci\u00f3n de derechos humanos, como evidencia de denegaci\u00f3n de justicia y restricci\u00f3n del Habeas Corpus en Cuba.<\/p>","protected":false},"excerpt":{"rendered":"<p>Cubalex denuncia que el Tribunal Provincial Popular de Artemisa se est\u00e1 negando a recibir, dentro del t\u00e9rmino legal establecido, el recurso de apelaci\u00f3n presentado en el marco del procedimiento de Habeas Corpus a favor de Luis Manuel Otero Alc\u00e1ntara.<\/p>","protected":false},"featured_media":6887,"comment_status":"closed","ping_status":"closed","sticky":false,"template":"","format":"standard","meta":{"_jetpack_newsletter_access":"","_jetpack_dont_email_post_to_subs":false,"_jetpack_newsletter_tier_id":0,"_jetpack_memberships_contains_paywalled_content":false,"_wpcom_ai_launchpad_first_post":false,"_jetpack_feature_clip_id":0,"_jetpack_memberships_contains_paid_content":false,"footnotes":"","jetpack_post_was_ever_published":false},"categories":[551856560],"tags":[551855965,31684,139553,551856052],"class_list":["post-21681","post","type-post","status-publish","format-standard","has-post-thumbnail","hentry","category-alertas","tag-cubalex","tag-derechos-humanos","tag-leyes","tag-presos-politicos"],"featured_image_src":"https:\/\/i0.wp.com\/cubalex.org\/wp-content\/uploads\/2020\/12\/kat-20-11-21-1.jpg?fit=960%2C640&ssl=1","acf":{"translation_reviewed":false},"yoast_head":"<!-- This site is optimized with the Yoast SEO plugin v28.4 - https:\/\/yoast.com\/product\/yoast-seo-wordpress\/ -->\n<title>Tribunal Provincial de Artemisa se niega a recibir apelaci\u00f3n sobre caso de Luis Manuel Otero dentro de t\u00e9rmino legal - Cubalex<\/title>\n<meta name=\"description\" content=\"Cubalex denuncia que el Tribunal Provincial Popular de Artemisa se est\u00e1 negando a recibir, dentro del t\u00e9rmino legal establecido, el recurso de apelaci\u00f3n presentado en el marco del procedimiento de Habeas Corpus a favor de Luis Manuel Otero Alc\u00e1ntara.\" \/>\n<meta name=\"robots\" content=\"index, follow, max-snippet:-1, max-image-preview:large, max-video-preview:-1\" \/>\n<link rel=\"canonical\" href=\"https:\/\/cubalex.org\/en\/2026\/03\/23\/tribunal-provincial-de-artemisa-se-niega-a-recibir-apelacion-sobre-caso-de-luis-manuel-otero-dentro-de-termino-legal\/\" \/>\n<meta property=\"og:locale\" content=\"en_US\" \/>\n<meta property=\"og:type\" content=\"article\" \/>\n<meta property=\"og:title\" content=\"Tribunal Provincial de Artemisa se niega a recibir apelaci\u00f3n sobre caso de Luis Manuel Otero dentro de t\u00e9rmino legal - Cubalex\" \/>\n<meta property=\"og:description\" content=\"Cubalex denuncia que el Tribunal Provincial Popular de Artemisa se est\u00e1 negando a recibir, dentro del t\u00e9rmino legal establecido, el recurso de apelaci\u00f3n presentado en el marco del procedimiento de Habeas Corpus a favor de Luis Manuel Otero Alc\u00e1ntara.\" \/>\n<meta property=\"og:url\" content=\"https:\/\/cubalex.org\/en\/2026\/03\/23\/tribunal-provincial-de-artemisa-se-niega-a-recibir-apelacion-sobre-caso-de-luis-manuel-otero-dentro-de-termino-legal\/\" \/>\n<meta property=\"og:site_name\" content=\"Cubalex\" \/>\n<meta property=\"article:publisher\" content=\"https:\/\/www.facebook.com\/ONGcubalex\" \/>\n<meta property=\"article:published_time\" content=\"2026-03-23T18:55:42+00:00\" \/>\n<meta property=\"article:modified_time\" content=\"2026-03-23T18:55:51+00:00\" \/>\n<meta property=\"og:image\" content=\"https:\/\/cubalex.org\/wp-content\/uploads\/2020\/12\/kat-20-11-21-1.jpg\" \/>\n\t<meta property=\"og:image:width\" content=\"960\" \/>\n\t<meta property=\"og:image:height\" content=\"640\" \/>\n\t<meta property=\"og:image:type\" content=\"image\/jpeg\" \/>\n<meta name=\"twitter:card\" content=\"summary_large_image\" \/>\n<meta name=\"twitter:creator\" content=\"@CubalexDDHH\" \/>\n<meta name=\"twitter:site\" content=\"@CubalexDDHH\" \/>\n<meta name=\"twitter:label1\" content=\"Written by\" \/>\n\t<meta name=\"twitter:data1\" content=\"puravida\" \/>\n\t<meta name=\"twitter:label2\" content=\"Est. reading time\" \/>\n\t<meta name=\"twitter:data2\" content=\"2 minutes\" \/>\n<script type=\"application\/ld+json\" class=\"yoast-schema-graph\">{\"@context\":\"https:\\\/\\\/schema.org\",\"@graph\":[{\"@type\":\"Article\",\"@id\":\"https:\\\/\\\/cubalex.org\\\/2026\\\/03\\\/23\\\/tribunal-provincial-de-artemisa-se-niega-a-recibir-apelacion-sobre-caso-de-luis-manuel-otero-dentro-de-termino-legal\\\/#article\",\"isPartOf\":{\"@id\":\"https:\\\/\\\/cubalex.org\\\/2026\\\/03\\\/23\\\/tribunal-provincial-de-artemisa-se-niega-a-recibir-apelacion-sobre-caso-de-luis-manuel-otero-dentro-de-termino-legal\\\/\"},\"headline\":\"Tribunal Provincial de Artemisa se niega a recibir apelaci\u00f3n sobre caso de Luis Manuel Otero dentro de t\u00e9rmino legal\",\"datePublished\":\"2026-03-23T18:55:42+00:00\",\"dateModified\":\"2026-03-23T18:55:51+00:00\",\"mainEntityOfPage\":{\"@id\":\"https:\\\/\\\/cubalex.org\\\/2026\\\/03\\\/23\\\/tribunal-provincial-de-artemisa-se-niega-a-recibir-apelacion-sobre-caso-de-luis-manuel-otero-dentro-de-termino-legal\\\/\"},\"wordCount\":432,\"publisher\":{\"@id\":\"https:\\\/\\\/cubalex.org\\\/#organization\"},\"image\":{\"@id\":\"https:\\\/\\\/cubalex.org\\\/2026\\\/03\\\/23\\\/tribunal-provincial-de-artemisa-se-niega-a-recibir-apelacion-sobre-caso-de-luis-manuel-otero-dentro-de-termino-legal\\\/#primaryimage\"},\"thumbnailUrl\":\"https:\\\/\\\/i0.wp.com\\\/cubalex.org\\\/wp-content\\\/uploads\\\/2020\\\/12\\\/kat-20-11-21-1.jpg?fit=960%2C640&ssl=1\",\"keywords\":[\"Cubalex\",\"derechos humanos\",\"leyes\",\"presos pol\u00edticos\"],\"articleSection\":[\"Alertas\"],\"inLanguage\":\"en-US\"},{\"@type\":\"WebPage\",\"@id\":\"https:\\\/\\\/cubalex.org\\\/2026\\\/03\\\/23\\\/tribunal-provincial-de-artemisa-se-niega-a-recibir-apelacion-sobre-caso-de-luis-manuel-otero-dentro-de-termino-legal\\\/\",\"url\":\"https:\\\/\\\/cubalex.org\\\/2026\\\/03\\\/23\\\/tribunal-provincial-de-artemisa-se-niega-a-recibir-apelacion-sobre-caso-de-luis-manuel-otero-dentro-de-termino-legal\\\/\",\"name\":\"Tribunal Provincial de Artemisa se niega a recibir apelaci\u00f3n sobre caso de Luis Manuel Otero dentro de t\u00e9rmino legal - Cubalex\",\"isPartOf\":{\"@id\":\"https:\\\/\\\/cubalex.org\\\/#website\"},\"primaryImageOfPage\":{\"@id\":\"https:\\\/\\\/cubalex.org\\\/2026\\\/03\\\/23\\\/tribunal-provincial-de-artemisa-se-niega-a-recibir-apelacion-sobre-caso-de-luis-manuel-otero-dentro-de-termino-legal\\\/#primaryimage\"},\"image\":{\"@id\":\"https:\\\/\\\/cubalex.org\\\/2026\\\/03\\\/23\\\/tribunal-provincial-de-artemisa-se-niega-a-recibir-apelacion-sobre-caso-de-luis-manuel-otero-dentro-de-termino-legal\\\/#primaryimage\"},\"thumbnailUrl\":\"https:\\\/\\\/i0.wp.com\\\/cubalex.org\\\/wp-content\\\/uploads\\\/2020\\\/12\\\/kat-20-11-21-1.jpg?fit=960%2C640&ssl=1\",\"datePublished\":\"2026-03-23T18:55:42+00:00\",\"dateModified\":\"2026-03-23T18:55:51+00:00\",\"description\":\"Cubalex denuncia que el Tribunal Provincial Popular de Artemisa se est\u00e1 negando a recibir, dentro del t\u00e9rmino legal establecido, el recurso de apelaci\u00f3n presentado en el marco del procedimiento de Habeas Corpus a favor de Luis Manuel Otero Alc\u00e1ntara.\",\"breadcrumb\":{\"@id\":\"https:\\\/\\\/cubalex.org\\\/2026\\\/03\\\/23\\\/tribunal-provincial-de-artemisa-se-niega-a-recibir-apelacion-sobre-caso-de-luis-manuel-otero-dentro-de-termino-legal\\\/#breadcrumb\"},\"inLanguage\":\"en-US\",\"potentialAction\":[{\"@type\":\"ReadAction\",\"target\":[\"https:\\\/\\\/cubalex.org\\\/2026\\\/03\\\/23\\\/tribunal-provincial-de-artemisa-se-niega-a-recibir-apelacion-sobre-caso-de-luis-manuel-otero-dentro-de-termino-legal\\\/\"]}]},{\"@type\":\"ImageObject\",\"inLanguage\":\"en-US\",\"@id\":\"https:\\\/\\\/cubalex.org\\\/2026\\\/03\\\/23\\\/tribunal-provincial-de-artemisa-se-niega-a-recibir-apelacion-sobre-caso-de-luis-manuel-otero-dentro-de-termino-legal\\\/#primaryimage\",\"url\":\"https:\\\/\\\/i0.wp.com\\\/cubalex.org\\\/wp-content\\\/uploads\\\/2020\\\/12\\\/kat-20-11-21-1.jpg?fit=960%2C640&ssl=1\",\"contentUrl\":\"https:\\\/\\\/i0.wp.com\\\/cubalex.org\\\/wp-content\\\/uploads\\\/2020\\\/12\\\/kat-20-11-21-1.jpg?fit=960%2C640&ssl=1\",\"width\":960,\"height\":640,\"caption\":\"Luis Manuel Otero\"},{\"@type\":\"BreadcrumbList\",\"@id\":\"https:\\\/\\\/cubalex.org\\\/2026\\\/03\\\/23\\\/tribunal-provincial-de-artemisa-se-niega-a-recibir-apelacion-sobre-caso-de-luis-manuel-otero-dentro-de-termino-legal\\\/#breadcrumb\",\"itemListElement\":[{\"@type\":\"ListItem\",\"position\":1,\"name\":\"Portada\",\"item\":\"https:\\\/\\\/cubalex.org\\\/\"},{\"@type\":\"ListItem\",\"position\":2,\"name\":\"Tribunal Provincial de Artemisa se niega a recibir apelaci\u00f3n sobre caso de Luis Manuel Otero dentro de t\u00e9rmino legal\"}]},{\"@type\":\"WebSite\",\"@id\":\"https:\\\/\\\/cubalex.org\\\/#website\",\"url\":\"https:\\\/\\\/cubalex.org\\\/\",\"name\":\"Cubalex\",\"description\":\"Trabajamos en defensa de los derechos humanos, para instaurar la democracia y el Estado de derecho en Cuba\",\"publisher\":{\"@id\":\"https:\\\/\\\/cubalex.org\\\/#organization\"},\"potentialAction\":[{\"@type\":\"SearchAction\",\"target\":{\"@type\":\"EntryPoint\",\"urlTemplate\":\"https:\\\/\\\/cubalex.org\\\/?s={search_term_string}\"},\"query-input\":{\"@type\":\"PropertyValueSpecification\",\"valueRequired\":true,\"valueName\":\"search_term_string\"}}],\"inLanguage\":\"en-US\"},{\"@type\":\"Organization\",\"@id\":\"https:\\\/\\\/cubalex.org\\\/#organization\",\"name\":\"Cubalex\",\"url\":\"https:\\\/\\\/cubalex.org\\\/\",\"logo\":{\"@type\":\"ImageObject\",\"inLanguage\":\"en-US\",\"@id\":\"https:\\\/\\\/cubalex.org\\\/#\\\/schema\\\/logo\\\/image\\\/\",\"url\":\"https:\\\/\\\/i0.wp.com\\\/cubalex.org\\\/wp-content\\\/uploads\\\/2026\\\/08\\\/CUBALEX1.png?fit=1445%2C300&ssl=1\",\"contentUrl\":\"https:\\\/\\\/i0.wp.com\\\/cubalex.org\\\/wp-content\\\/uploads\\\/2026\\\/08\\\/CUBALEX1.png?fit=1445%2C300&ssl=1\",\"width\":1445,\"height\":300,\"caption\":\"Cubalex\"},\"image\":{\"@id\":\"https:\\\/\\\/cubalex.org\\\/#\\\/schema\\\/logo\\\/image\\\/\"},\"sameAs\":[\"https:\\\/\\\/www.facebook.com\\\/ONGcubalex\",\"https:\\\/\\\/x.com\\\/CubalexDDHH\",\"https:\\\/\\\/www.youtube.com\\\/@Cubalex\",\"https:\\\/\\\/www.linkedin.com\\\/company\\\/cubalex\\\/\",\"https:\\\/\\\/t.me\\\/cubalex\"]}]}<\/script>\n<!-- \/ Yoast SEO plugin. -->","yoast_head_json":{"title":"Tribunal Provincial de Artemisa se niega a recibir apelaci\u00f3n sobre caso de Luis Manuel Otero dentro de t\u00e9rmino legal - Cubalex","description":"Cubalex denuncia que el Tribunal Provincial Popular de Artemisa se est\u00e1 negando a recibir, dentro del t\u00e9rmino legal establecido, el recurso de apelaci\u00f3n presentado en el marco del procedimiento de Habeas Corpus a favor de Luis Manuel Otero Alc\u00e1ntara.","robots":{"index":"index","follow":"follow","max-snippet":"max-snippet:-1","max-image-preview":"max-image-preview:large","max-video-preview":"max-video-preview:-1"},"canonical":"https:\/\/cubalex.org\/en\/2026\/03\/23\/tribunal-provincial-de-artemisa-se-niega-a-recibir-apelacion-sobre-caso-de-luis-manuel-otero-dentro-de-termino-legal\/","og_locale":"en_US","og_type":"article","og_title":"Tribunal Provincial de Artemisa se niega a recibir apelaci\u00f3n sobre caso de Luis Manuel Otero dentro de t\u00e9rmino legal - Cubalex","og_description":"Cubalex denuncia que el Tribunal Provincial Popular de Artemisa se est\u00e1 negando a recibir, dentro del t\u00e9rmino legal establecido, el recurso de apelaci\u00f3n presentado en el marco del procedimiento de Habeas Corpus a favor de Luis Manuel Otero Alc\u00e1ntara.","og_url":"https:\/\/cubalex.org\/en\/2026\/03\/23\/tribunal-provincial-de-artemisa-se-niega-a-recibir-apelacion-sobre-caso-de-luis-manuel-otero-dentro-de-termino-legal\/","og_site_name":"Cubalex","article_publisher":"https:\/\/www.facebook.com\/ONGcubalex","article_published_time":"2026-03-23T18:55:42+00:00","article_modified_time":"2026-03-23T18:55:51+00:00","og_image":[{"width":960,"height":640,"url":"https:\/\/cubalex.org\/wp-content\/uploads\/2020\/12\/kat-20-11-21-1.jpg","type":"image\/jpeg"}],"twitter_card":"summary_large_image","twitter_creator":"@CubalexDDHH","twitter_site":"@CubalexDDHH","twitter_misc":{"Written by":"puravida","Est. reading time":"2 minutes"},"schema":{"@context":"https:\/\/schema.org","@graph":[{"@type":"Article","@id":"https:\/\/cubalex.org\/2026\/03\/23\/tribunal-provincial-de-artemisa-se-niega-a-recibir-apelacion-sobre-caso-de-luis-manuel-otero-dentro-de-termino-legal\/#article","isPartOf":{"@id":"https:\/\/cubalex.org\/2026\/03\/23\/tribunal-provincial-de-artemisa-se-niega-a-recibir-apelacion-sobre-caso-de-luis-manuel-otero-dentro-de-termino-legal\/"},"headline":"Tribunal Provincial de Artemisa se niega a recibir apelaci\u00f3n sobre caso de Luis Manuel Otero dentro de t\u00e9rmino legal","datePublished":"2026-03-23T18:55:42+00:00","dateModified":"2026-03-23T18:55:51+00:00","mainEntityOfPage":{"@id":"https:\/\/cubalex.org\/2026\/03\/23\/tribunal-provincial-de-artemisa-se-niega-a-recibir-apelacion-sobre-caso-de-luis-manuel-otero-dentro-de-termino-legal\/"},"wordCount":432,"publisher":{"@id":"https:\/\/cubalex.org\/#organization"},"image":{"@id":"https:\/\/cubalex.org\/2026\/03\/23\/tribunal-provincial-de-artemisa-se-niega-a-recibir-apelacion-sobre-caso-de-luis-manuel-otero-dentro-de-termino-legal\/#primaryimage"},"thumbnailUrl":"https:\/\/i0.wp.com\/cubalex.org\/wp-content\/uploads\/2020\/12\/kat-20-11-21-1.jpg?fit=960%2C640&ssl=1","keywords":["Cubalex","derechos humanos","leyes","presos pol\u00edticos"],"articleSection":["Alertas"],"inLanguage":"en-US"},{"@type":"WebPage","@id":"https:\/\/cubalex.org\/2026\/03\/23\/tribunal-provincial-de-artemisa-se-niega-a-recibir-apelacion-sobre-caso-de-luis-manuel-otero-dentro-de-termino-legal\/","url":"https:\/\/cubalex.org\/2026\/03\/23\/tribunal-provincial-de-artemisa-se-niega-a-recibir-apelacion-sobre-caso-de-luis-manuel-otero-dentro-de-termino-legal\/","name":"Tribunal Provincial de Artemisa se niega a recibir apelaci\u00f3n sobre caso de Luis Manuel Otero dentro de t\u00e9rmino legal - Cubalex","isPartOf":{"@id":"https:\/\/cubalex.org\/#website"},"primaryImageOfPage":{"@id":"https:\/\/cubalex.org\/2026\/03\/23\/tribunal-provincial-de-artemisa-se-niega-a-recibir-apelacion-sobre-caso-de-luis-manuel-otero-dentro-de-termino-legal\/#primaryimage"},"image":{"@id":"https:\/\/cubalex.org\/2026\/03\/23\/tribunal-provincial-de-artemisa-se-niega-a-recibir-apelacion-sobre-caso-de-luis-manuel-otero-dentro-de-termino-legal\/#primaryimage"},"thumbnailUrl":"https:\/\/i0.wp.com\/cubalex.org\/wp-content\/uploads\/2020\/12\/kat-20-11-21-1.jpg?fit=960%2C640&ssl=1","datePublished":"2026-03-23T18:55:42+00:00","dateModified":"2026-03-23T18:55:51+00:00","description":"Cubalex denuncia que el Tribunal Provincial Popular de Artemisa se est\u00e1 negando a recibir, dentro del t\u00e9rmino legal establecido, el recurso de apelaci\u00f3n presentado en el marco del procedimiento de Habeas Corpus a favor de Luis Manuel Otero Alc\u00e1ntara.","breadcrumb":{"@id":"https:\/\/cubalex.org\/2026\/03\/23\/tribunal-provincial-de-artemisa-se-niega-a-recibir-apelacion-sobre-caso-de-luis-manuel-otero-dentro-de-termino-legal\/#breadcrumb"},"inLanguage":"en-US","potentialAction":[{"@type":"ReadAction","target":["https:\/\/cubalex.org\/2026\/03\/23\/tribunal-provincial-de-artemisa-se-niega-a-recibir-apelacion-sobre-caso-de-luis-manuel-otero-dentro-de-termino-legal\/"]}]},{"@type":"ImageObject","inLanguage":"en-US","@id":"https:\/\/cubalex.org\/2026\/03\/23\/tribunal-provincial-de-artemisa-se-niega-a-recibir-apelacion-sobre-caso-de-luis-manuel-otero-dentro-de-termino-legal\/#primaryimage","url":"https:\/\/i0.wp.com\/cubalex.org\/wp-content\/uploads\/2020\/12\/kat-20-11-21-1.jpg?fit=960%2C640&ssl=1","contentUrl":"https:\/\/i0.wp.com\/cubalex.org\/wp-content\/uploads\/2020\/12\/kat-20-11-21-1.jpg?fit=960%2C640&ssl=1","width":960,"height":640,"caption":"Luis Manuel Otero"},{"@type":"BreadcrumbList","@id":"https:\/\/cubalex.org\/2026\/03\/23\/tribunal-provincial-de-artemisa-se-niega-a-recibir-apelacion-sobre-caso-de-luis-manuel-otero-dentro-de-termino-legal\/#breadcrumb","itemListElement":[{"@type":"ListItem","position":1,"name":"Portada","item":"https:\/\/cubalex.org\/"},{"@type":"ListItem","position":2,"name":"Tribunal Provincial de Artemisa se niega a recibir apelaci\u00f3n sobre caso de Luis Manuel Otero dentro de t\u00e9rmino legal"}]},{"@type":"WebSite","@id":"https:\/\/cubalex.org\/#website","url":"https:\/\/cubalex.org\/","name":"Cubalex","description":"Trabajamos en defensa de los derechos humanos, para instaurar la democracia y el Estado de derecho en Cuba","publisher":{"@id":"https:\/\/cubalex.org\/#organization"},"potentialAction":[{"@type":"SearchAction","target":{"@type":"EntryPoint","urlTemplate":"https:\/\/cubalex.org\/?s={search_term_string}"},"query-input":{"@type":"PropertyValueSpecification","valueRequired":true,"valueName":"search_term_string"}}],"inLanguage":"en-US"},{"@type":"Organization","@id":"https:\/\/cubalex.org\/#organization","name":"Cubalex","url":"https:\/\/cubalex.org\/","logo":{"@type":"ImageObject","inLanguage":"en-US","@id":"https:\/\/cubalex.org\/#\/schema\/logo\/image\/","url":"https:\/\/i0.wp.com\/cubalex.org\/wp-content\/uploads\/2026\/08\/CUBALEX1.png?fit=1445%2C300&ssl=1","contentUrl":"https:\/\/i0.wp.com\/cubalex.org\/wp-content\/uploads\/2026\/08\/CUBALEX1.png?fit=1445%2C300&ssl=1","width":1445,"height":300,"caption":"Cubalex"},"image":{"@id":"https:\/\/cubalex.org\/#\/schema\/logo\/image\/"},"sameAs":["https:\/\/www.facebook.com\/ONGcubalex","https:\/\/x.com\/CubalexDDHH","https:\/\/www.youtube.com\/@Cubalex","https:\/\/www.linkedin.com\/company\/cubalex\/","https:\/\/t.me\/cubalex"]}]}},"jetpack_shortlink":"https:\/\/wp.me\/p23ZXl-5DH","jetpack_sharing_enabled":true,"jetpack_featured_media_url":"https:\/\/i0.wp.com\/cubalex.org\/wp-content\/uploads\/2020\/12\/kat-20-11-21-1.jpg?fit=960%2C640&ssl=1","_links":{"self":[{"href":"https:\/\/cubalex.org\/en\/wp-json\/wp\/v2\/posts\/21681","targetHints":{"allow":["GET"]}}],"collection":[{"href":"https:\/\/cubalex.org\/en\/wp-json\/wp\/v2\/posts"}],"about":[{"href":"https:\/\/cubalex.org\/en\/wp-json\/wp\/v2\/types\/post"}],"replies":[{"embeddable":true,"href":"https:\/\/cubalex.org\/en\/wp-json\/wp\/v2\/comments?post=21681"}],"version-history":[{"count":0,"href":"https:\/\/cubalex.org\/en\/wp-json\/wp\/v2\/posts\/21681\/revisions"}],"wp:featuredmedia":[{"embeddable":true,"href":"https:\/\/cubalex.org\/en\/wp-json\/wp\/v2\/media\/6887"}],"wp:attachment":[{"href":"https:\/\/cubalex.org\/en\/wp-json\/wp\/v2\/media?parent=21681"}],"wp:term":[{"taxonomy":"category","embeddable":true,"href":"https:\/\/cubalex.org\/en\/wp-json\/wp\/v2\/categories?post=21681"},{"taxonomy":"post_tag","embeddable":true,"href":"https:\/\/cubalex.org\/en\/wp-json\/wp\/v2\/tags?post=21681"}],"curies":[{"name":"wp","href":"https:\/\/api.w.org\/{rel}","templated":true}]}}