{"id":21706,"date":"2026-03-26T10:50:30","date_gmt":"2026-03-26T14:50:30","guid":{"rendered":"https:\/\/cubalex.org\/?p=21706"},"modified":"2026-08-22T06:36:12","modified_gmt":"2026-08-22T10:36:12","slug":"grabar-a-la-policia-en-cuba-no-es-delito-es-un-derecho-ciudadano","status":"publish","type":"post","link":"https:\/\/cubalex.org\/en\/2026\/03\/26\/grabar-a-la-policia-en-cuba-no-es-delito-es-un-derecho-ciudadano\/","title":{"rendered":"Grabar a la polic\u00eda en Cuba no es delito, es un derecho ciudadano"},"content":{"rendered":"<p class=\"wp-block-paragraph\">En el mes de marzo, la represi\u00f3n contra la<em> influencer <\/em>cubana Anna Sof\u00eda Ben\u00edtez y su madre, Caridad Silvente, se ha agudizado. Ambas est\u00e1n siendo imputadas por el supuesto delito de \u201cactos contra la intimidad personal y familiar, la propia imagen y voz, identidad de otra persona y sus datos\u201d, y les impusieron medidas cautelares de reclusi\u00f3n domiciliaria.<\/p>\n\n\n\n<p class=\"wp-block-paragraph\">Desde Cubalex, denunciamos la creciente criminalizaci\u00f3n del control ciudadano en Cuba. La justificaci\u00f3n que ha utilizado el Estado cubano en esta ocasi\u00f3n fue que Silvente film\u00f3 con su celular a un oficial del Ministerio del Interior (MININT) que le entregaba una citaci\u00f3n oficial. El oficial alega que la grabaci\u00f3n viol\u00f3 su &#8220;derecho a la intimidad&#8221; y que ahora se siente &#8220;amenazado&#8221; tras la divulgaci\u00f3n de su identidad en redes sociales. <\/p>\n\n\n\n<p class=\"wp-block-paragraph\">Sin embargo, un an\u00e1lisis detallado de las leyes vigentes en Cuba, as\u00ed como de los est\u00e1ndares internacionales sobre derechos humanos, demuestra que estos argumentos carecen de base legal y son utilizados \u00fanicamente para garantizar la impunidad de los agentes del Estado.<\/p>\n\n\n\n<ol class=\"wp-block-list\">\n<li><strong>\u00bfPor qu\u00e9 s\u00ed es legal grabar a un polic\u00eda en ejercicio de sus funciones?<\/strong><\/li>\n<\/ol>\n\n\n\n<p class=\"wp-block-paragraph\">Contrario a lo que intentan imponer las autoridades mediante la intimidaci\u00f3n, el marco jur\u00eddico cubano actual respalda el derecho a documentar la actuaci\u00f3n policial:<\/p>\n\n\n\n<ul class=\"wp-block-list\">\n<li><strong>Los funcionarios deben rendir cuentas al pueblo:<\/strong> la <a href=\"https:\/\/www.gacetaoficial.gob.cu\/sites\/default\/files\/goc-2019-ex5.pdf\">Constituci\u00f3n de la Rep\u00fablica de Cuba (2019)<\/a> es clara: los \u00f3rganos del Estado, sus directivos y empleados est\u00e1n obligados a someterse al control del pueblo. Adem\u00e1s, en el art\u00edculo 101 se establece que los \u00f3rganos del Estado deben actuar con la debida transparencia. Un polic\u00eda que entrega una citaci\u00f3n est\u00e1 realizando un acto p\u00fablico y oficial, no uno privado, por lo cual se expone al control y la verificaci\u00f3n de ese acto.<\/li>\n\n\n\n<li><strong>El derecho a recibir informaci\u00f3n:<\/strong> todas las personas en Cuba tienen el derecho constitucional de recibir del Estado informaci\u00f3n veraz, objetiva y oportuna, y a acceder a la que se genere en las entidades estatales. Grabar un procedimiento oficial es una forma leg\u00edtima de preservar esa informaci\u00f3n y constituye una forma de controlar si la actuaci\u00f3n de un funcionario o agente estatal se ajusta a la legalidad.<\/li>\n\n\n\n<li><strong>La ley permite las grabaciones de particulares:<\/strong> la <a href=\"https:\/\/www.parlamentocubano.gob.cu\/sites\/default\/files\/documento\/2022-01\/del%20proceso%20penal.pdf\">Ley del Proceso Penal (2021)<\/a>, en su Art\u00edculo 326, reconoce expl\u00edcitamente que las grabaciones de audio e imagen realizadas por personas particulares pueden ser admitidas como prueba siempre que no se obtengan mediante enga\u00f1o o violencia. Filmar a un oficial en la calle mientras cumple su trabajo no es un delito; es, de hecho, una forma de obtener pruebas l\u00edcitas sobre la legalidad de un acto. De tal forma, ese material pudiera emplearse en un eventual proceso judicial donde se juzgue si el comportamiento del agente policial se ajusta o no a la ley.<\/li>\n<\/ul>\n\n\n\n<ol start=\"2\" class=\"wp-block-list\">\n<li><strong>Desmontando los argumentos del oficial<\/strong><\/li>\n<\/ol>\n\n\n\n<ul class=\"wp-block-list\">\n<li><strong>El mito de la &#8220;violaci\u00f3n a la intimidad&#8221;: <\/strong>el derecho a la intimidad protege la vida familiar, la salud y el domicilio personal. Un oficial actuando como agente de la autoridad en la v\u00eda p\u00fablica o en el portal de una vivienda no est\u00e1 en su &#8220;esfera privada&#8221;. Al representar al Estado, su privacidad se reduce ante el inter\u00e9s de la poblaci\u00f3n de comprobar que su actuaci\u00f3n sea legal.<\/li>\n\n\n\n<li><strong>La supuesta &#8220;amenaza&#8221; por divulgar su identidad:<\/strong> los agentes de la autoridad tienen la obligaci\u00f3n legal de identificarse y actuar de cara al p\u00fablico. La difusi\u00f3n de la imagen de un funcionario realizando un acto de autoridad no constituye el delito de amenaza, ya que este requiere la intenci\u00f3n real de cometer un da\u00f1o futuro contra la persona, no la mera exposici\u00f3n de su conducta oficial.<\/li>\n<\/ul>\n\n\n\n<ol start=\"3\" class=\"wp-block-list\">\n<li><strong>El uso arbitrario de la ley para castigar a los ciudadanos<\/strong><\/li>\n<\/ol>\n\n\n\n<p class=\"wp-block-paragraph\">La imposici\u00f3n a Anna Sof\u00eda Ben\u00edtez y Caridad Silvente de una medida cautelar de reclusi\u00f3n domiciliaria y la posibilidad de que las acusen por la presunta comisi\u00f3n de alg\u00fan delito, son ileg\u00edtimas. Seg\u00fan la Ley del Proceso Penal, esta medida cautelar s\u00f3lo debe aplicarse cuando sea necesario para asegurar que el acusado no escape o para evitar que siga cometiendo delitos. De ah\u00ed que castigar a estas personas por un acto que no constituye delito sea una violaci\u00f3n del principio de legalidad, una forma de tortura psicol\u00f3gica y control social.&nbsp;<\/p>\n\n\n\n<p class=\"wp-block-paragraph\">Adem\u00e1s, la Corte Interamericana de Derechos Humanos (CorteIDH) <a href=\"https:\/\/www.corteidh.or.cr\/docs\/supervisiones\/fontevecchia_y_Damico_19_04_23.pdf\">determin\u00f3<\/a> que los funcionarios se exponen a m\u00e1s escrutinio social y, si hay inter\u00e9s p\u00fablico, la protecci\u00f3n de su privacidad es menor que la de un ciudadano.\u00a0<\/p>\n\n\n\n<p class=\"wp-block-paragraph\"><strong>Grabar a la polic\u00eda mientras cumplen sus funciones no es un acto de &#8220;desacato&#8221; ni de &#8220;resistencia<\/strong>&#8220;, sino una garant\u00eda de que se respeten los derechos humanos y la dignidad de las personas. La detenci\u00f3n y el proceso contra Anna Sof\u00eda Ben\u00edtez y Caridad Silvente buscan silenciar a la ciudadan\u00eda y evitar que se documenten las irregularidades y abusos de poder que ocurren a diario en Cuba. Estos\u00a0 actos de hostigamiento y acoso contra la joven creadora de contenido, quien expone la crisis social que se vive en Cuba a diario, pretenden lograr su silenciamiento mediante la intimidaci\u00f3n.<\/p>\n\n\n\n<p class=\"wp-block-paragraph\"><\/p>","protected":false},"excerpt":{"rendered":"<p>Caridad Silvente fue imputada por filmar a un oficial del MININT entreg\u00e1ndole una citaci\u00f3n. Cubalex demuestra que la Constituci\u00f3n cubana, la Ley del Proceso Penal y est\u00e1ndares internacionales respaldan ese derecho. El caso es parte de un patr\u00f3n de criminalizaci\u00f3n del control ciudadano.<\/p>","protected":false},"featured_media":21709,"comment_status":"closed","ping_status":"closed","sticky":false,"template":"","format":"standard","meta":{"_jetpack_newsletter_access":"","_jetpack_dont_email_post_to_subs":false,"_jetpack_newsletter_tier_id":0,"_jetpack_memberships_contains_paywalled_content":false,"_wpcom_ai_launchpad_first_post":false,"_jetpack_feature_clip_id":0,"_jetpack_memberships_contains_paid_content":false,"footnotes":"","jetpack_post_was_ever_published":false},"categories":[551856634],"tags":[31684,34097768,139553,14037],"class_list":["post-21706","post","type-post","status-publish","format-standard","has-post-thumbnail","hentry","category-analisis-legal","tag-derechos-humanos","tag-estado-cubano","tag-leyes","tag-mujeres"],"featured_image_src":"https:\/\/i0.wp.com\/cubalex.org\/wp-content\/uploads\/2026\/03\/Plantillas-sitio-web-2.jpg?fit=1200%2C560&ssl=1","acf":{"translation_reviewed":false},"yoast_head":"<!-- This site is optimized with the Yoast SEO plugin v28.4 - https:\/\/yoast.com\/product\/yoast-seo-wordpress\/ -->\n<title>Grabar a la polic\u00eda en Cuba no es delito, es un derecho ciudadano - Cubalex<\/title>\n<meta name=\"description\" content=\"En el mes de marzo, la represi\u00f3n contra la influencer cubana Anna Sof\u00eda Ben\u00edtez y su madre, Caridad Silvente, se ha agudizado. Ambas est\u00e1n siendo imputadas por el supuesto delito de \u201cactos contra la intimidad personal y familiar, la propia imagen y voz, identidad de otra persona y sus datos\u201d, y les impusieron medidas cautelares de reclusi\u00f3n domiciliaria.\" \/>\n<meta name=\"robots\" content=\"index, follow, max-snippet:-1, max-image-preview:large, max-video-preview:-1\" \/>\n<link rel=\"canonical\" href=\"https:\/\/cubalex.org\/en\/2026\/03\/26\/grabar-a-la-policia-en-cuba-no-es-delito-es-un-derecho-ciudadano\/\" \/>\n<meta property=\"og:locale\" content=\"en_US\" \/>\n<meta property=\"og:type\" content=\"article\" \/>\n<meta property=\"og:title\" content=\"Grabar a la polic\u00eda en Cuba no es delito, es un derecho ciudadano - Cubalex\" \/>\n<meta property=\"og:description\" content=\"En el mes de marzo, la represi\u00f3n contra la influencer cubana Anna Sof\u00eda Ben\u00edtez y su madre, Caridad Silvente, se ha agudizado. Ambas est\u00e1n siendo imputadas por el supuesto delito de \u201cactos contra la intimidad personal y familiar, la propia imagen y voz, identidad de otra persona y sus datos\u201d, y les impusieron medidas cautelares de reclusi\u00f3n domiciliaria.\" \/>\n<meta property=\"og:url\" content=\"https:\/\/cubalex.org\/en\/2026\/03\/26\/grabar-a-la-policia-en-cuba-no-es-delito-es-un-derecho-ciudadano\/\" \/>\n<meta property=\"og:site_name\" content=\"Cubalex\" \/>\n<meta property=\"article:publisher\" content=\"https:\/\/www.facebook.com\/ONGcubalex\" \/>\n<meta property=\"article:published_time\" content=\"2026-03-26T14:50:30+00:00\" \/>\n<meta property=\"article:modified_time\" content=\"2026-08-22T10:36:12+00:00\" \/>\n<meta property=\"og:image\" content=\"https:\/\/i0.wp.com\/cubalex.org\/wp-content\/uploads\/2026\/03\/Plantillas-sitio-web-2.jpg?fit=1200%2C560&ssl=1\" \/>\n\t<meta property=\"og:image:width\" content=\"1200\" \/>\n\t<meta property=\"og:image:height\" content=\"560\" \/>\n\t<meta property=\"og:image:type\" content=\"image\/jpeg\" \/>\n<meta name=\"twitter:card\" content=\"summary_large_image\" \/>\n<meta name=\"twitter:creator\" content=\"@CubalexDDHH\" \/>\n<meta name=\"twitter:site\" content=\"@CubalexDDHH\" \/>\n<meta name=\"twitter:label1\" content=\"Written by\" \/>\n\t<meta name=\"twitter:data1\" content=\"puravida\" \/>\n\t<meta name=\"twitter:label2\" content=\"Est. reading time\" \/>\n\t<meta name=\"twitter:data2\" content=\"5 minutes\" \/>\n<script type=\"application\/ld+json\" class=\"yoast-schema-graph\">{\"@context\":\"https:\\\/\\\/schema.org\",\"@graph\":[{\"@type\":\"Article\",\"@id\":\"https:\\\/\\\/cubalex.org\\\/2026\\\/03\\\/26\\\/grabar-a-la-policia-en-cuba-no-es-delito-es-un-derecho-ciudadano\\\/#article\",\"isPartOf\":{\"@id\":\"https:\\\/\\\/cubalex.org\\\/2026\\\/03\\\/26\\\/grabar-a-la-policia-en-cuba-no-es-delito-es-un-derecho-ciudadano\\\/\"},\"headline\":\"Grabar a la polic\u00eda en Cuba no es delito, es un derecho ciudadano\",\"datePublished\":\"2026-03-26T14:50:30+00:00\",\"dateModified\":\"2026-08-22T10:36:12+00:00\",\"mainEntityOfPage\":{\"@id\":\"https:\\\/\\\/cubalex.org\\\/2026\\\/03\\\/26\\\/grabar-a-la-policia-en-cuba-no-es-delito-es-un-derecho-ciudadano\\\/\"},\"wordCount\":911,\"publisher\":{\"@id\":\"https:\\\/\\\/cubalex.org\\\/#organization\"},\"image\":{\"@id\":\"https:\\\/\\\/cubalex.org\\\/2026\\\/03\\\/26\\\/grabar-a-la-policia-en-cuba-no-es-delito-es-un-derecho-ciudadano\\\/#primaryimage\"},\"thumbnailUrl\":\"https:\\\/\\\/i0.wp.com\\\/cubalex.org\\\/wp-content\\\/uploads\\\/2026\\\/03\\\/Plantillas-sitio-web-2.jpg?fit=1200%2C560&ssl=1\",\"keywords\":[\"derechos humanos\",\"Estado cubano\",\"leyes\",\"mujeres\"],\"articleSection\":[\"An\u00e1lisis Legal\"],\"inLanguage\":\"en-US\"},{\"@type\":\"WebPage\",\"@id\":\"https:\\\/\\\/cubalex.org\\\/2026\\\/03\\\/26\\\/grabar-a-la-policia-en-cuba-no-es-delito-es-un-derecho-ciudadano\\\/\",\"url\":\"https:\\\/\\\/cubalex.org\\\/2026\\\/03\\\/26\\\/grabar-a-la-policia-en-cuba-no-es-delito-es-un-derecho-ciudadano\\\/\",\"name\":\"Grabar a la polic\u00eda en Cuba no es delito, es un derecho ciudadano - Cubalex\",\"isPartOf\":{\"@id\":\"https:\\\/\\\/cubalex.org\\\/#website\"},\"primaryImageOfPage\":{\"@id\":\"https:\\\/\\\/cubalex.org\\\/2026\\\/03\\\/26\\\/grabar-a-la-policia-en-cuba-no-es-delito-es-un-derecho-ciudadano\\\/#primaryimage\"},\"image\":{\"@id\":\"https:\\\/\\\/cubalex.org\\\/2026\\\/03\\\/26\\\/grabar-a-la-policia-en-cuba-no-es-delito-es-un-derecho-ciudadano\\\/#primaryimage\"},\"thumbnailUrl\":\"https:\\\/\\\/i0.wp.com\\\/cubalex.org\\\/wp-content\\\/uploads\\\/2026\\\/03\\\/Plantillas-sitio-web-2.jpg?fit=1200%2C560&ssl=1\",\"datePublished\":\"2026-03-26T14:50:30+00:00\",\"dateModified\":\"2026-08-22T10:36:12+00:00\",\"description\":\"En el mes de marzo, la represi\u00f3n contra la influencer cubana Anna Sof\u00eda Ben\u00edtez y su madre, Caridad Silvente, se ha agudizado. Ambas est\u00e1n siendo imputadas por el supuesto delito de \u201cactos contra la intimidad personal y familiar, la propia imagen y voz, identidad de otra persona y sus datos\u201d, y les impusieron medidas cautelares de reclusi\u00f3n domiciliaria.\",\"breadcrumb\":{\"@id\":\"https:\\\/\\\/cubalex.org\\\/2026\\\/03\\\/26\\\/grabar-a-la-policia-en-cuba-no-es-delito-es-un-derecho-ciudadano\\\/#breadcrumb\"},\"inLanguage\":\"en-US\",\"potentialAction\":[{\"@type\":\"ReadAction\",\"target\":[\"https:\\\/\\\/cubalex.org\\\/2026\\\/03\\\/26\\\/grabar-a-la-policia-en-cuba-no-es-delito-es-un-derecho-ciudadano\\\/\"]}]},{\"@type\":\"ImageObject\",\"inLanguage\":\"en-US\",\"@id\":\"https:\\\/\\\/cubalex.org\\\/2026\\\/03\\\/26\\\/grabar-a-la-policia-en-cuba-no-es-delito-es-un-derecho-ciudadano\\\/#primaryimage\",\"url\":\"https:\\\/\\\/i0.wp.com\\\/cubalex.org\\\/wp-content\\\/uploads\\\/2026\\\/03\\\/Plantillas-sitio-web-2.jpg?fit=1200%2C560&ssl=1\",\"contentUrl\":\"https:\\\/\\\/i0.wp.com\\\/cubalex.org\\\/wp-content\\\/uploads\\\/2026\\\/03\\\/Plantillas-sitio-web-2.jpg?fit=1200%2C560&ssl=1\",\"width\":1200,\"height\":560},{\"@type\":\"BreadcrumbList\",\"@id\":\"https:\\\/\\\/cubalex.org\\\/2026\\\/03\\\/26\\\/grabar-a-la-policia-en-cuba-no-es-delito-es-un-derecho-ciudadano\\\/#breadcrumb\",\"itemListElement\":[{\"@type\":\"ListItem\",\"position\":1,\"name\":\"Portada\",\"item\":\"https:\\\/\\\/cubalex.org\\\/\"},{\"@type\":\"ListItem\",\"position\":2,\"name\":\"Grabar a la polic\u00eda en Cuba no es delito, es un derecho ciudadano\"}]},{\"@type\":\"WebSite\",\"@id\":\"https:\\\/\\\/cubalex.org\\\/#website\",\"url\":\"https:\\\/\\\/cubalex.org\\\/\",\"name\":\"Cubalex\",\"description\":\"Trabajamos en defensa de los derechos humanos, para instaurar la democracia y el Estado de derecho en Cuba\",\"publisher\":{\"@id\":\"https:\\\/\\\/cubalex.org\\\/#organization\"},\"potentialAction\":[{\"@type\":\"SearchAction\",\"target\":{\"@type\":\"EntryPoint\",\"urlTemplate\":\"https:\\\/\\\/cubalex.org\\\/?s={search_term_string}\"},\"query-input\":{\"@type\":\"PropertyValueSpecification\",\"valueRequired\":true,\"valueName\":\"search_term_string\"}}],\"inLanguage\":\"en-US\"},{\"@type\":\"Organization\",\"@id\":\"https:\\\/\\\/cubalex.org\\\/#organization\",\"name\":\"Cubalex\",\"url\":\"https:\\\/\\\/cubalex.org\\\/\",\"logo\":{\"@type\":\"ImageObject\",\"inLanguage\":\"en-US\",\"@id\":\"https:\\\/\\\/cubalex.org\\\/#\\\/schema\\\/logo\\\/image\\\/\",\"url\":\"https:\\\/\\\/i0.wp.com\\\/cubalex.org\\\/wp-content\\\/uploads\\\/2026\\\/08\\\/CUBALEX1.png?fit=1445%2C300&ssl=1\",\"contentUrl\":\"https:\\\/\\\/i0.wp.com\\\/cubalex.org\\\/wp-content\\\/uploads\\\/2026\\\/08\\\/CUBALEX1.png?fit=1445%2C300&ssl=1\",\"width\":1445,\"height\":300,\"caption\":\"Cubalex\"},\"image\":{\"@id\":\"https:\\\/\\\/cubalex.org\\\/#\\\/schema\\\/logo\\\/image\\\/\"},\"sameAs\":[\"https:\\\/\\\/www.facebook.com\\\/ONGcubalex\",\"https:\\\/\\\/x.com\\\/CubalexDDHH\",\"https:\\\/\\\/www.youtube.com\\\/@Cubalex\",\"https:\\\/\\\/www.linkedin.com\\\/company\\\/cubalex\\\/\",\"https:\\\/\\\/t.me\\\/cubalex\"]}]}<\/script>\n<!-- \/ Yoast SEO plugin. -->","yoast_head_json":{"title":"Grabar a la polic\u00eda en Cuba no es delito, es un derecho ciudadano - Cubalex","description":"En el mes de marzo, la represi\u00f3n contra la influencer cubana Anna Sof\u00eda Ben\u00edtez y su madre, Caridad Silvente, se ha agudizado. Ambas est\u00e1n siendo imputadas por el supuesto delito de \u201cactos contra la intimidad personal y familiar, la propia imagen y voz, identidad de otra persona y sus datos\u201d, y les impusieron medidas cautelares de reclusi\u00f3n domiciliaria.","robots":{"index":"index","follow":"follow","max-snippet":"max-snippet:-1","max-image-preview":"max-image-preview:large","max-video-preview":"max-video-preview:-1"},"canonical":"https:\/\/cubalex.org\/en\/2026\/03\/26\/grabar-a-la-policia-en-cuba-no-es-delito-es-un-derecho-ciudadano\/","og_locale":"en_US","og_type":"article","og_title":"Grabar a la polic\u00eda en Cuba no es delito, es un derecho ciudadano - Cubalex","og_description":"En el mes de marzo, la represi\u00f3n contra la influencer cubana Anna Sof\u00eda Ben\u00edtez y su madre, Caridad Silvente, se ha agudizado. Ambas est\u00e1n siendo imputadas por el supuesto delito de \u201cactos contra la intimidad personal y familiar, la propia imagen y voz, identidad de otra persona y sus datos\u201d, y les impusieron medidas cautelares de reclusi\u00f3n domiciliaria.","og_url":"https:\/\/cubalex.org\/en\/2026\/03\/26\/grabar-a-la-policia-en-cuba-no-es-delito-es-un-derecho-ciudadano\/","og_site_name":"Cubalex","article_publisher":"https:\/\/www.facebook.com\/ONGcubalex","article_published_time":"2026-03-26T14:50:30+00:00","article_modified_time":"2026-08-22T10:36:12+00:00","og_image":[{"width":1200,"height":560,"url":"https:\/\/i0.wp.com\/cubalex.org\/wp-content\/uploads\/2026\/03\/Plantillas-sitio-web-2.jpg?fit=1200%2C560&ssl=1","type":"image\/jpeg"}],"twitter_card":"summary_large_image","twitter_creator":"@CubalexDDHH","twitter_site":"@CubalexDDHH","twitter_misc":{"Written by":"puravida","Est. reading time":"5 minutes"},"schema":{"@context":"https:\/\/schema.org","@graph":[{"@type":"Article","@id":"https:\/\/cubalex.org\/2026\/03\/26\/grabar-a-la-policia-en-cuba-no-es-delito-es-un-derecho-ciudadano\/#article","isPartOf":{"@id":"https:\/\/cubalex.org\/2026\/03\/26\/grabar-a-la-policia-en-cuba-no-es-delito-es-un-derecho-ciudadano\/"},"headline":"Grabar a la polic\u00eda en Cuba no es delito, es un derecho ciudadano","datePublished":"2026-03-26T14:50:30+00:00","dateModified":"2026-08-22T10:36:12+00:00","mainEntityOfPage":{"@id":"https:\/\/cubalex.org\/2026\/03\/26\/grabar-a-la-policia-en-cuba-no-es-delito-es-un-derecho-ciudadano\/"},"wordCount":911,"publisher":{"@id":"https:\/\/cubalex.org\/#organization"},"image":{"@id":"https:\/\/cubalex.org\/2026\/03\/26\/grabar-a-la-policia-en-cuba-no-es-delito-es-un-derecho-ciudadano\/#primaryimage"},"thumbnailUrl":"https:\/\/i0.wp.com\/cubalex.org\/wp-content\/uploads\/2026\/03\/Plantillas-sitio-web-2.jpg?fit=1200%2C560&ssl=1","keywords":["derechos humanos","Estado cubano","leyes","mujeres"],"articleSection":["An\u00e1lisis Legal"],"inLanguage":"en-US"},{"@type":"WebPage","@id":"https:\/\/cubalex.org\/2026\/03\/26\/grabar-a-la-policia-en-cuba-no-es-delito-es-un-derecho-ciudadano\/","url":"https:\/\/cubalex.org\/2026\/03\/26\/grabar-a-la-policia-en-cuba-no-es-delito-es-un-derecho-ciudadano\/","name":"Grabar a la polic\u00eda en Cuba no es delito, es un derecho ciudadano - Cubalex","isPartOf":{"@id":"https:\/\/cubalex.org\/#website"},"primaryImageOfPage":{"@id":"https:\/\/cubalex.org\/2026\/03\/26\/grabar-a-la-policia-en-cuba-no-es-delito-es-un-derecho-ciudadano\/#primaryimage"},"image":{"@id":"https:\/\/cubalex.org\/2026\/03\/26\/grabar-a-la-policia-en-cuba-no-es-delito-es-un-derecho-ciudadano\/#primaryimage"},"thumbnailUrl":"https:\/\/i0.wp.com\/cubalex.org\/wp-content\/uploads\/2026\/03\/Plantillas-sitio-web-2.jpg?fit=1200%2C560&ssl=1","datePublished":"2026-03-26T14:50:30+00:00","dateModified":"2026-08-22T10:36:12+00:00","description":"En el mes de marzo, la represi\u00f3n contra la influencer cubana Anna Sof\u00eda Ben\u00edtez y su madre, Caridad Silvente, se ha agudizado. Ambas est\u00e1n siendo imputadas por el supuesto delito de \u201cactos contra la intimidad personal y familiar, la propia imagen y voz, identidad de otra persona y sus datos\u201d, y les impusieron medidas cautelares de reclusi\u00f3n domiciliaria.","breadcrumb":{"@id":"https:\/\/cubalex.org\/2026\/03\/26\/grabar-a-la-policia-en-cuba-no-es-delito-es-un-derecho-ciudadano\/#breadcrumb"},"inLanguage":"en-US","potentialAction":[{"@type":"ReadAction","target":["https:\/\/cubalex.org\/2026\/03\/26\/grabar-a-la-policia-en-cuba-no-es-delito-es-un-derecho-ciudadano\/"]}]},{"@type":"ImageObject","inLanguage":"en-US","@id":"https:\/\/cubalex.org\/2026\/03\/26\/grabar-a-la-policia-en-cuba-no-es-delito-es-un-derecho-ciudadano\/#primaryimage","url":"https:\/\/i0.wp.com\/cubalex.org\/wp-content\/uploads\/2026\/03\/Plantillas-sitio-web-2.jpg?fit=1200%2C560&ssl=1","contentUrl":"https:\/\/i0.wp.com\/cubalex.org\/wp-content\/uploads\/2026\/03\/Plantillas-sitio-web-2.jpg?fit=1200%2C560&ssl=1","width":1200,"height":560},{"@type":"BreadcrumbList","@id":"https:\/\/cubalex.org\/2026\/03\/26\/grabar-a-la-policia-en-cuba-no-es-delito-es-un-derecho-ciudadano\/#breadcrumb","itemListElement":[{"@type":"ListItem","position":1,"name":"Portada","item":"https:\/\/cubalex.org\/"},{"@type":"ListItem","position":2,"name":"Grabar a la polic\u00eda en Cuba no es delito, es un derecho ciudadano"}]},{"@type":"WebSite","@id":"https:\/\/cubalex.org\/#website","url":"https:\/\/cubalex.org\/","name":"Cubalex","description":"Trabajamos en defensa de los derechos humanos, para instaurar la democracia y el Estado de derecho en Cuba","publisher":{"@id":"https:\/\/cubalex.org\/#organization"},"potentialAction":[{"@type":"SearchAction","target":{"@type":"EntryPoint","urlTemplate":"https:\/\/cubalex.org\/?s={search_term_string}"},"query-input":{"@type":"PropertyValueSpecification","valueRequired":true,"valueName":"search_term_string"}}],"inLanguage":"en-US"},{"@type":"Organization","@id":"https:\/\/cubalex.org\/#organization","name":"Cubalex","url":"https:\/\/cubalex.org\/","logo":{"@type":"ImageObject","inLanguage":"en-US","@id":"https:\/\/cubalex.org\/#\/schema\/logo\/image\/","url":"https:\/\/i0.wp.com\/cubalex.org\/wp-content\/uploads\/2026\/08\/CUBALEX1.png?fit=1445%2C300&ssl=1","contentUrl":"https:\/\/i0.wp.com\/cubalex.org\/wp-content\/uploads\/2026\/08\/CUBALEX1.png?fit=1445%2C300&ssl=1","width":1445,"height":300,"caption":"Cubalex"},"image":{"@id":"https:\/\/cubalex.org\/#\/schema\/logo\/image\/"},"sameAs":["https:\/\/www.facebook.com\/ONGcubalex","https:\/\/x.com\/CubalexDDHH","https:\/\/www.youtube.com\/@Cubalex","https:\/\/www.linkedin.com\/company\/cubalex\/","https:\/\/t.me\/cubalex"]}]}},"jetpack_shortlink":"https:\/\/wp.me\/p23ZXl-5E6","jetpack_sharing_enabled":true,"jetpack_featured_media_url":"https:\/\/i0.wp.com\/cubalex.org\/wp-content\/uploads\/2026\/03\/Plantillas-sitio-web-2.jpg?fit=1200%2C560&ssl=1","_links":{"self":[{"href":"https:\/\/cubalex.org\/en\/wp-json\/wp\/v2\/posts\/21706","targetHints":{"allow":["GET"]}}],"collection":[{"href":"https:\/\/cubalex.org\/en\/wp-json\/wp\/v2\/posts"}],"about":[{"href":"https:\/\/cubalex.org\/en\/wp-json\/wp\/v2\/types\/post"}],"replies":[{"embeddable":true,"href":"https:\/\/cubalex.org\/en\/wp-json\/wp\/v2\/comments?post=21706"}],"version-history":[{"count":1,"href":"https:\/\/cubalex.org\/en\/wp-json\/wp\/v2\/posts\/21706\/revisions"}],"predecessor-version":[{"id":24803,"href":"https:\/\/cubalex.org\/en\/wp-json\/wp\/v2\/posts\/21706\/revisions\/24803"}],"wp:featuredmedia":[{"embeddable":true,"href":"https:\/\/cubalex.org\/en\/wp-json\/wp\/v2\/media\/21709"}],"wp:attachment":[{"href":"https:\/\/cubalex.org\/en\/wp-json\/wp\/v2\/media?parent=21706"}],"wp:term":[{"taxonomy":"category","embeddable":true,"href":"https:\/\/cubalex.org\/en\/wp-json\/wp\/v2\/categories?post=21706"},{"taxonomy":"post_tag","embeddable":true,"href":"https:\/\/cubalex.org\/en\/wp-json\/wp\/v2\/tags?post=21706"}],"curies":[{"name":"wp","href":"https:\/\/api.w.org\/{rel}","templated":true}]}}