{"id":21712,"date":"2026-03-31T11:06:01","date_gmt":"2026-03-31T15:06:01","guid":{"rendered":"https:\/\/cubalex.org\/?p=21712"},"modified":"2026-08-22T06:35:03","modified_gmt":"2026-08-22T10:35:03","slug":"cuando-la-ley-protege-y-desprotege-al-mismo-tiempo-caso-de-jonathan-muir-y-menores-detenidos-en-cuba","status":"publish","type":"post","link":"https:\/\/cubalex.org\/en\/2026\/03\/31\/cuando-la-ley-protege-y-desprotege-al-mismo-tiempo-caso-de-jonathan-muir-y-menores-detenidos-en-cuba\/","title":{"rendered":"Cuando la ley protege y desprotege al mismo tiempo: caso de Jonathan Muir y menores detenidos en Cuba"},"content":{"rendered":"<p class=\"wp-block-paragraph\">Jonathan David Muir Burgos, un <a href=\"https:\/\/cubalex.org\/en\/2026\/03\/17\/represion-tras-protesta-en-moron-menores-detenidos-y-denuncia-de-un-joven-herido-de-bala\/\">adolescente de 16 a\u00f1os detenido tras una protesta ocurrida en Mor\u00f3n<\/a>, Ciego de \u00c1vila, el pasado 13 de marzo, es hoy un ejemplo claro de c\u00f3mo funciona el sistema penal cubano cuando se trata de menores de edad. <\/p>\n\n\n\n<p class=\"wp-block-paragraph\">Actualmente, el menor est\u00e1 siendo <a href=\"https:\/\/www.martinoticias.com\/a\/acusan-de-sabotaje-a-adolescente-cubano-por-protesta-contra-el-partido-comunista-en-mor%C3%B3n\/454058.html\">procesado <\/a>por el supuesto delito de sabotaje y podr\u00eda ser imputado de otro cargo por un fiscal militar, seg\u00fan indic\u00f3 la instructora policial a sus familiares. Se encuentra recluido en el Departamento T\u00e9cnico de Investigaciones (DTI) de Ciego de \u00c1vila desde hace dos semanas.<\/p>\n\n\n\n<p class=\"wp-block-paragraph\">Su caso ocurre en un contexto marcado por una crisis profunda \u2014econ\u00f3mica, social y pol\u00edtica\u2014 donde las protestas se han convertido en una respuesta frecuente al deterioro de las condiciones de vida. En ese escenario, cada vez m\u00e1s adolescentes se ven involucrados en procesos penales.<\/p>\n\n\n\n<p class=\"wp-block-paragraph\">Este reporte analiza su caso como <strong>estudio de referencia<\/strong> para entender: qu\u00e9 dice la ley sobre los menores entre 16 y 18 a\u00f1os, qu\u00e9 irregularidades pueden ocurrir en la pr\u00e1ctica y qu\u00e9 pueden hacer las familias para protegerlos.<\/p>\n\n\n\n<h1 class=\"wp-block-heading\">\u00bfQu\u00e9 dice la ley sobre los menores entre 16 y 18 a\u00f1os?<\/h1>\n\n\n\n<p class=\"wp-block-paragraph\">En Cuba, a partir de los 16 a\u00f1os una persona puede ser juzgada penalmente. Sin embargo, la ley reconoce que no son adultos y establece algunas garant\u00edas:<\/p>\n\n\n\n<h3 class=\"wp-block-heading\"><strong>Protecciones legales (en teor\u00eda)<\/strong><\/h3>\n\n\n\n<ul class=\"wp-block-list\">\n<li>No pueden recibir:\n<ul class=\"wp-block-list\">\n<li>pena de muerte<\/li>\n\n\n\n<li>cadena perpetua<\/li>\n<\/ul>\n<\/li>\n\n\n\n<li>Las sanciones pueden reducirse<\/li>\n\n\n\n<li>Se pueden aplicar medidas alternativas a prisi\u00f3n<\/li>\n\n\n\n<li>Tienen derecho a:\n<ul class=\"wp-block-list\">\n<li>abogado<\/li>\n\n\n\n<li>estar acompa\u00f1ados por sus padres<\/li>\n\n\n\n<li>juicio a puertas cerradas<\/li>\n<\/ul>\n<\/li>\n<\/ul>\n\n\n\n<p class=\"wp-block-paragraph\">Adem\u00e1s, la ley establece que:<\/p>\n\n\n\n<ul class=\"wp-block-list\">\n<li>Los padres deben ser informados de la detenci\u00f3n<\/li>\n\n\n\n<li>El menor puede estar acompa\u00f1ado durante el proceso<\/li>\n<\/ul>\n\n\n\n<p class=\"wp-block-paragraph\">Aunque estas garant\u00edas existen en el papel, el sistema permite que <strong>las mismas autoridades que detienen, investigan y acusan, decidan cu\u00e1ndo aplicarlas<\/strong>. Esto abre la puerta a abusos.<\/p>\n\n\n\n<h1 class=\"wp-block-heading\">El caso de Jonathan: c\u00f3mo la ley protege y desprotege<\/h1>\n\n\n\n<p class=\"wp-block-paragraph\">El caso de Jonathan muestra claramente esta contradicci\u00f3n. Por ejemplo, la ley permite detener a una persona hasta 24 horas sin orden judicial. Esto significa que:<\/p>\n\n\n\n<ul class=\"wp-block-list\">\n<li>La polic\u00eda puede detener a un menor sin autorizaci\u00f3n de un juez<\/li>\n\n\n\n<li>El control judicial no existe.<\/li>\n<\/ul>\n\n\n\n<p class=\"wp-block-paragraph\">Ese per\u00edodo es precisamente donde ocurren muchos abusos:<\/p>\n\n\n\n<ul class=\"wp-block-list\">\n<li>interrogatorios sin defensa<\/li>\n\n\n\n<li>presi\u00f3n psicol\u00f3gica<\/li>\n\n\n\n<li>incomunicaci\u00f3n<\/li>\n<\/ul>\n\n\n\n<p class=\"wp-block-paragraph\">La ley dice que el menor tiene derecho a defensa, pero tambi\u00e9n establece que:<\/p>\n\n\n\n<ul class=\"wp-block-list\">\n<li>el abogado interviene despu\u00e9s de la \u201cinstrucci\u00f3n de cargos\u201d<\/li>\n<\/ul>\n\n\n\n<p class=\"wp-block-paragraph\"><strong>Consecuencia real:<\/strong><\/p>\n\n\n\n<ul class=\"wp-block-list\">\n<li>el menor puede ser interrogado solo<\/li>\n\n\n\n<li>puede declarar sin entender el proceso<\/li>\n\n\n\n<li>puede autoincriminarse<\/li>\n<\/ul>\n\n\n\n<p class=\"wp-block-paragraph\">La ley permite que los padres est\u00e9n presentes.<\/p>\n\n\n\n<p class=\"wp-block-paragraph\">Sin embargo, en la pr\u00e1ctica:<\/p>\n\n\n\n<ul class=\"wp-block-list\">\n<li>muchas familias no son notificadas a tiempo<\/li>\n\n\n\n<li>no participan en interrogatorios<\/li>\n\n\n\n<li>no pueden intervenir en decisiones iniciales<\/li>\n<\/ul>\n\n\n\n<p class=\"wp-block-paragraph\">Esto deja al menor <strong>completamente desprotegido en la fase m\u00e1s cr\u00edtica<\/strong>.<\/p>\n\n\n\n<p class=\"wp-block-paragraph\">Aunque la ley promueve:<\/p>\n\n\n\n<ul class=\"wp-block-list\">\n<li>sanciones educativas<\/li>\n\n\n\n<li>reinserci\u00f3n social<\/li>\n<\/ul>\n\n\n\n<p class=\"wp-block-paragraph\">En casos como el de Jonathan:<\/p>\n\n\n\n<ul class=\"wp-block-list\">\n<li>se aplica prisi\u00f3n preventiva<\/li>\n\n\n\n<li>se mantiene la detenci\u00f3n incluso con problemas de salud<\/li>\n<\/ul>\n\n\n\n<p class=\"wp-block-paragraph\">Esto contradice un principio fundamental:<\/p>\n\n\n\n<p class=\"wp-block-paragraph\">\u2192 <strong>La privaci\u00f3n de libertad en menores debe ser el \u00faltimo recurso<\/strong><\/p>\n\n\n\n<p class=\"wp-block-paragraph\">Puede leer el informe completo <a href=\"https:\/\/cubalex.org\/wp-content\/uploads\/2026\/03\/Menores-de-Edad-y-protesta-.docx.pdf\">aqu\u00ed:<\/a><\/p>\n\n\n\n\t\t<div class=\"wppdfemb-frame-container-1\" style=\"-webkit-overflow-scrolling:auto;\">\n\t\t\t<iframe class=\"pdfembed-iframe nonfullscreen wppdf-emb-iframe-1\"\n\t\t\t\tsrc=\"https:\/\/cubalex.org\/en\/?pdfemb-data=eyJwZGZJRCI6MjE3MzgsInVybCI6Imh0dHBzOlwvXC9jdWJhbGV4Lm9yZ1wvd3AtY29udGVudFwvdXBsb2Fkc1wvMjAyNlwvMDNcL01lbm9yZXMtZGUtRWRhZC15LXByb3Rlc3RhLS5kb2N4LnBkZiIsIlRycENvbnRlbnRSZXN0cmljdGlvbiI6eyJyZXN0cmljdGlvbl90eXBlIjoiZXhjbHVkZSIsInNlbGVjdGVkX2xhbmd1YWdlcyI6W10sInBhbmVsX29wZW4iOnRydWV9LCJjb250ZW50Q29udHJvbHMiOnsiZW5hYmxlZCI6ZmFsc2UsInJ1bGVzIjpbXX0sInRpdGxlIjoiTWVub3Jlcy1kZS1FZGFkLXktcHJvdGVzdGEtLmRvY3giLCJpbmRleCI6MX0\"\n\t\t\t\ttitle=\"Menores-de-Edad-y-protesta-.docx\"\t\t\t\tdata-pdf-id=\"21738\"\n\t\t\t\tdata-pdf-index=\"1\"\n\t\t\t\tstyle=\"border:none;width:100%;max-width:100%;height:100vh;\"\n\t\t\t\tscrolling=\"yes\">\n\t\t\t<\/iframe>\n\t\t<\/div>\n\n\t\t\n\n\n<p class=\"wp-block-paragraph\"><\/p>","protected":false},"excerpt":{"rendered":"<p>Adolescente de 16 a\u00f1os detenido dos semanas por protestar en Ciego de \u00c1vila. Acusado de sabotaje, enfrenta proceso penal sin abogado ni control judicial en las primeras 24 horas, contradiciendo las garant\u00edas que la propia ley cubana reconoce a los menores.<\/p>","protected":false},"featured_media":21724,"comment_status":"closed","ping_status":"closed","sticky":false,"template":"","format":"standard","meta":{"_jetpack_newsletter_access":"","_jetpack_dont_email_post_to_subs":false,"_jetpack_newsletter_tier_id":0,"_jetpack_memberships_contains_paywalled_content":false,"_wpcom_ai_launchpad_first_post":false,"_jetpack_feature_clip_id":0,"_jetpack_memberships_contains_paid_content":false,"footnotes":"","jetpack_post_was_ever_published":false},"categories":[551856634],"tags":[551855965,31684,34097768,139553],"class_list":["post-21712","post","type-post","status-publish","format-standard","has-post-thumbnail","hentry","category-analisis-legal","tag-cubalex","tag-derechos-humanos","tag-estado-cubano","tag-leyes"],"featured_image_src":"https:\/\/i0.wp.com\/cubalex.org\/wp-content\/uploads\/2026\/03\/jonathan-muir.jpg?fit=1200%2C560&ssl=1","acf":{"translation_reviewed":false},"yoast_head":"<!-- This site is optimized with the Yoast SEO plugin v28.4 - https:\/\/yoast.com\/product\/yoast-seo-wordpress\/ -->\n<title>Cuando la ley protege y desprotege al mismo tiempo: caso de Jonathan Muir y menores detenidos en Cuba - Cubalex<\/title>\n<meta name=\"description\" content=\"Jonathan David Muir Burgos, un adolescente de 16 a\u00f1os detenido tras participar en una protesta en Mor\u00f3n, Ciego de \u00c1vila, es hoy un ejemplo claro de c\u00f3mo funciona el sistema penal cubano cuando se trata de menores de edad.Su caso ocurre en un contexto marcado por una crisis profunda \u2014econ\u00f3mica, social y pol\u00edtica\u2014 donde las protestas se han convertido en una respuesta frecuente al deterioro de las condiciones de vida. En ese escenario, cada vez m\u00e1s adolescentes se ven involucrados en procesos penales.\" \/>\n<meta name=\"robots\" content=\"index, follow, max-snippet:-1, max-image-preview:large, max-video-preview:-1\" \/>\n<link rel=\"canonical\" href=\"https:\/\/cubalex.org\/en\/2026\/03\/31\/cuando-la-ley-protege-y-desprotege-al-mismo-tiempo-caso-de-jonathan-muir-y-menores-detenidos-en-cuba\/\" \/>\n<meta property=\"og:locale\" content=\"en_US\" \/>\n<meta property=\"og:type\" content=\"article\" \/>\n<meta property=\"og:title\" content=\"Cuando la ley protege y desprotege al mismo tiempo: caso de Jonathan Muir y menores detenidos en Cuba - Cubalex\" \/>\n<meta property=\"og:description\" content=\"Jonathan David Muir Burgos, un adolescente de 16 a\u00f1os detenido tras participar en una protesta en Mor\u00f3n, Ciego de \u00c1vila, es hoy un ejemplo claro de c\u00f3mo funciona el sistema penal cubano cuando se trata de menores de edad.Su caso ocurre en un contexto marcado por una crisis profunda \u2014econ\u00f3mica, social y pol\u00edtica\u2014 donde las protestas se han convertido en una respuesta frecuente al deterioro de las condiciones de vida. En ese escenario, cada vez m\u00e1s adolescentes se ven involucrados en procesos penales.\" \/>\n<meta property=\"og:url\" content=\"https:\/\/cubalex.org\/en\/2026\/03\/31\/cuando-la-ley-protege-y-desprotege-al-mismo-tiempo-caso-de-jonathan-muir-y-menores-detenidos-en-cuba\/\" \/>\n<meta property=\"og:site_name\" content=\"Cubalex\" \/>\n<meta property=\"article:publisher\" content=\"https:\/\/www.facebook.com\/ONGcubalex\" \/>\n<meta property=\"article:published_time\" content=\"2026-03-31T15:06:01+00:00\" \/>\n<meta property=\"article:modified_time\" content=\"2026-08-22T10:35:03+00:00\" \/>\n<meta property=\"og:image\" content=\"https:\/\/i0.wp.com\/cubalex.org\/wp-content\/uploads\/2026\/03\/jonathan-muir.jpg?fit=1200%2C560&ssl=1\" \/>\n\t<meta property=\"og:image:width\" content=\"1200\" \/>\n\t<meta property=\"og:image:height\" content=\"560\" \/>\n\t<meta property=\"og:image:type\" content=\"image\/jpeg\" \/>\n<meta name=\"twitter:card\" content=\"summary_large_image\" \/>\n<meta name=\"twitter:creator\" content=\"@CubalexDDHH\" \/>\n<meta name=\"twitter:site\" content=\"@CubalexDDHH\" \/>\n<meta name=\"twitter:label1\" content=\"Written by\" \/>\n\t<meta name=\"twitter:data1\" content=\"puravida\" \/>\n\t<meta name=\"twitter:label2\" content=\"Est. reading time\" \/>\n\t<meta name=\"twitter:data2\" content=\"3 minutes\" \/>\n<script type=\"application\/ld+json\" class=\"yoast-schema-graph\">{\"@context\":\"https:\\\/\\\/schema.org\",\"@graph\":[{\"@type\":\"Article\",\"@id\":\"https:\\\/\\\/cubalex.org\\\/2026\\\/03\\\/31\\\/cuando-la-ley-protege-y-desprotege-al-mismo-tiempo-caso-de-jonathan-muir-y-menores-detenidos-en-cuba\\\/#article\",\"isPartOf\":{\"@id\":\"https:\\\/\\\/cubalex.org\\\/2026\\\/03\\\/31\\\/cuando-la-ley-protege-y-desprotege-al-mismo-tiempo-caso-de-jonathan-muir-y-menores-detenidos-en-cuba\\\/\"},\"headline\":\"Cuando la ley protege y desprotege al mismo tiempo: caso de Jonathan Muir y menores detenidos en Cuba\",\"datePublished\":\"2026-03-31T15:06:01+00:00\",\"dateModified\":\"2026-08-22T10:35:03+00:00\",\"mainEntityOfPage\":{\"@id\":\"https:\\\/\\\/cubalex.org\\\/2026\\\/03\\\/31\\\/cuando-la-ley-protege-y-desprotege-al-mismo-tiempo-caso-de-jonathan-muir-y-menores-detenidos-en-cuba\\\/\"},\"wordCount\":546,\"publisher\":{\"@id\":\"https:\\\/\\\/cubalex.org\\\/#organization\"},\"image\":{\"@id\":\"https:\\\/\\\/cubalex.org\\\/2026\\\/03\\\/31\\\/cuando-la-ley-protege-y-desprotege-al-mismo-tiempo-caso-de-jonathan-muir-y-menores-detenidos-en-cuba\\\/#primaryimage\"},\"thumbnailUrl\":\"https:\\\/\\\/i0.wp.com\\\/cubalex.org\\\/wp-content\\\/uploads\\\/2026\\\/03\\\/jonathan-muir.jpg?fit=1200%2C560&ssl=1\",\"keywords\":[\"Cubalex\",\"derechos humanos\",\"Estado cubano\",\"leyes\"],\"articleSection\":[\"An\u00e1lisis Legal\"],\"inLanguage\":\"en-US\"},{\"@type\":\"WebPage\",\"@id\":\"https:\\\/\\\/cubalex.org\\\/2026\\\/03\\\/31\\\/cuando-la-ley-protege-y-desprotege-al-mismo-tiempo-caso-de-jonathan-muir-y-menores-detenidos-en-cuba\\\/\",\"url\":\"https:\\\/\\\/cubalex.org\\\/2026\\\/03\\\/31\\\/cuando-la-ley-protege-y-desprotege-al-mismo-tiempo-caso-de-jonathan-muir-y-menores-detenidos-en-cuba\\\/\",\"name\":\"Cuando la ley protege y desprotege al mismo tiempo: caso de Jonathan Muir y menores detenidos en Cuba - Cubalex\",\"isPartOf\":{\"@id\":\"https:\\\/\\\/cubalex.org\\\/#website\"},\"primaryImageOfPage\":{\"@id\":\"https:\\\/\\\/cubalex.org\\\/2026\\\/03\\\/31\\\/cuando-la-ley-protege-y-desprotege-al-mismo-tiempo-caso-de-jonathan-muir-y-menores-detenidos-en-cuba\\\/#primaryimage\"},\"image\":{\"@id\":\"https:\\\/\\\/cubalex.org\\\/2026\\\/03\\\/31\\\/cuando-la-ley-protege-y-desprotege-al-mismo-tiempo-caso-de-jonathan-muir-y-menores-detenidos-en-cuba\\\/#primaryimage\"},\"thumbnailUrl\":\"https:\\\/\\\/i0.wp.com\\\/cubalex.org\\\/wp-content\\\/uploads\\\/2026\\\/03\\\/jonathan-muir.jpg?fit=1200%2C560&ssl=1\",\"datePublished\":\"2026-03-31T15:06:01+00:00\",\"dateModified\":\"2026-08-22T10:35:03+00:00\",\"description\":\"Jonathan David Muir Burgos, un adolescente de 16 a\u00f1os detenido tras participar en una protesta en Mor\u00f3n, Ciego de \u00c1vila, es hoy un ejemplo claro de c\u00f3mo funciona el sistema penal cubano cuando se trata de menores de edad.Su caso ocurre en un contexto marcado por una crisis profunda \u2014econ\u00f3mica, social y pol\u00edtica\u2014 donde las protestas se han convertido en una respuesta frecuente al deterioro de las condiciones de vida. En ese escenario, cada vez m\u00e1s adolescentes se ven involucrados en procesos penales.\",\"breadcrumb\":{\"@id\":\"https:\\\/\\\/cubalex.org\\\/2026\\\/03\\\/31\\\/cuando-la-ley-protege-y-desprotege-al-mismo-tiempo-caso-de-jonathan-muir-y-menores-detenidos-en-cuba\\\/#breadcrumb\"},\"inLanguage\":\"en-US\",\"potentialAction\":[{\"@type\":\"ReadAction\",\"target\":[\"https:\\\/\\\/cubalex.org\\\/2026\\\/03\\\/31\\\/cuando-la-ley-protege-y-desprotege-al-mismo-tiempo-caso-de-jonathan-muir-y-menores-detenidos-en-cuba\\\/\"]}]},{\"@type\":\"ImageObject\",\"inLanguage\":\"en-US\",\"@id\":\"https:\\\/\\\/cubalex.org\\\/2026\\\/03\\\/31\\\/cuando-la-ley-protege-y-desprotege-al-mismo-tiempo-caso-de-jonathan-muir-y-menores-detenidos-en-cuba\\\/#primaryimage\",\"url\":\"https:\\\/\\\/i0.wp.com\\\/cubalex.org\\\/wp-content\\\/uploads\\\/2026\\\/03\\\/jonathan-muir.jpg?fit=1200%2C560&ssl=1\",\"contentUrl\":\"https:\\\/\\\/i0.wp.com\\\/cubalex.org\\\/wp-content\\\/uploads\\\/2026\\\/03\\\/jonathan-muir.jpg?fit=1200%2C560&ssl=1\",\"width\":1200,\"height\":560},{\"@type\":\"BreadcrumbList\",\"@id\":\"https:\\\/\\\/cubalex.org\\\/2026\\\/03\\\/31\\\/cuando-la-ley-protege-y-desprotege-al-mismo-tiempo-caso-de-jonathan-muir-y-menores-detenidos-en-cuba\\\/#breadcrumb\",\"itemListElement\":[{\"@type\":\"ListItem\",\"position\":1,\"name\":\"Portada\",\"item\":\"https:\\\/\\\/cubalex.org\\\/\"},{\"@type\":\"ListItem\",\"position\":2,\"name\":\"Cuando la ley protege y desprotege al mismo tiempo: caso de Jonathan Muir y menores detenidos en Cuba\"}]},{\"@type\":\"WebSite\",\"@id\":\"https:\\\/\\\/cubalex.org\\\/#website\",\"url\":\"https:\\\/\\\/cubalex.org\\\/\",\"name\":\"Cubalex\",\"description\":\"Trabajamos en defensa de los derechos humanos, para instaurar la democracia y el Estado de derecho en Cuba\",\"publisher\":{\"@id\":\"https:\\\/\\\/cubalex.org\\\/#organization\"},\"potentialAction\":[{\"@type\":\"SearchAction\",\"target\":{\"@type\":\"EntryPoint\",\"urlTemplate\":\"https:\\\/\\\/cubalex.org\\\/?s={search_term_string}\"},\"query-input\":{\"@type\":\"PropertyValueSpecification\",\"valueRequired\":true,\"valueName\":\"search_term_string\"}}],\"inLanguage\":\"en-US\"},{\"@type\":\"Organization\",\"@id\":\"https:\\\/\\\/cubalex.org\\\/#organization\",\"name\":\"Cubalex\",\"url\":\"https:\\\/\\\/cubalex.org\\\/\",\"logo\":{\"@type\":\"ImageObject\",\"inLanguage\":\"en-US\",\"@id\":\"https:\\\/\\\/cubalex.org\\\/#\\\/schema\\\/logo\\\/image\\\/\",\"url\":\"https:\\\/\\\/i0.wp.com\\\/cubalex.org\\\/wp-content\\\/uploads\\\/2026\\\/08\\\/CUBALEX1.png?fit=1445%2C300&ssl=1\",\"contentUrl\":\"https:\\\/\\\/i0.wp.com\\\/cubalex.org\\\/wp-content\\\/uploads\\\/2026\\\/08\\\/CUBALEX1.png?fit=1445%2C300&ssl=1\",\"width\":1445,\"height\":300,\"caption\":\"Cubalex\"},\"image\":{\"@id\":\"https:\\\/\\\/cubalex.org\\\/#\\\/schema\\\/logo\\\/image\\\/\"},\"sameAs\":[\"https:\\\/\\\/www.facebook.com\\\/ONGcubalex\",\"https:\\\/\\\/x.com\\\/CubalexDDHH\",\"https:\\\/\\\/www.youtube.com\\\/@Cubalex\",\"https:\\\/\\\/www.linkedin.com\\\/company\\\/cubalex\\\/\",\"https:\\\/\\\/t.me\\\/cubalex\"]}]}<\/script>\n<!-- \/ Yoast SEO plugin. -->","yoast_head_json":{"title":"Cuando la ley protege y desprotege al mismo tiempo: caso de Jonathan Muir y menores detenidos en Cuba - Cubalex","description":"Jonathan David Muir Burgos, un adolescente de 16 a\u00f1os detenido tras participar en una protesta en Mor\u00f3n, Ciego de \u00c1vila, es hoy un ejemplo claro de c\u00f3mo funciona el sistema penal cubano cuando se trata de menores de edad.Su caso ocurre en un contexto marcado por una crisis profunda \u2014econ\u00f3mica, social y pol\u00edtica\u2014 donde las protestas se han convertido en una respuesta frecuente al deterioro de las condiciones de vida. En ese escenario, cada vez m\u00e1s adolescentes se ven involucrados en procesos penales.","robots":{"index":"index","follow":"follow","max-snippet":"max-snippet:-1","max-image-preview":"max-image-preview:large","max-video-preview":"max-video-preview:-1"},"canonical":"https:\/\/cubalex.org\/en\/2026\/03\/31\/cuando-la-ley-protege-y-desprotege-al-mismo-tiempo-caso-de-jonathan-muir-y-menores-detenidos-en-cuba\/","og_locale":"en_US","og_type":"article","og_title":"Cuando la ley protege y desprotege al mismo tiempo: caso de Jonathan Muir y menores detenidos en Cuba - Cubalex","og_description":"Jonathan David Muir Burgos, un adolescente de 16 a\u00f1os detenido tras participar en una protesta en Mor\u00f3n, Ciego de \u00c1vila, es hoy un ejemplo claro de c\u00f3mo funciona el sistema penal cubano cuando se trata de menores de edad.Su caso ocurre en un contexto marcado por una crisis profunda \u2014econ\u00f3mica, social y pol\u00edtica\u2014 donde las protestas se han convertido en una respuesta frecuente al deterioro de las condiciones de vida. En ese escenario, cada vez m\u00e1s adolescentes se ven involucrados en procesos penales.","og_url":"https:\/\/cubalex.org\/en\/2026\/03\/31\/cuando-la-ley-protege-y-desprotege-al-mismo-tiempo-caso-de-jonathan-muir-y-menores-detenidos-en-cuba\/","og_site_name":"Cubalex","article_publisher":"https:\/\/www.facebook.com\/ONGcubalex","article_published_time":"2026-03-31T15:06:01+00:00","article_modified_time":"2026-08-22T10:35:03+00:00","og_image":[{"width":1200,"height":560,"url":"https:\/\/i0.wp.com\/cubalex.org\/wp-content\/uploads\/2026\/03\/jonathan-muir.jpg?fit=1200%2C560&ssl=1","type":"image\/jpeg"}],"twitter_card":"summary_large_image","twitter_creator":"@CubalexDDHH","twitter_site":"@CubalexDDHH","twitter_misc":{"Written by":"puravida","Est. reading time":"3 minutes"},"schema":{"@context":"https:\/\/schema.org","@graph":[{"@type":"Article","@id":"https:\/\/cubalex.org\/2026\/03\/31\/cuando-la-ley-protege-y-desprotege-al-mismo-tiempo-caso-de-jonathan-muir-y-menores-detenidos-en-cuba\/#article","isPartOf":{"@id":"https:\/\/cubalex.org\/2026\/03\/31\/cuando-la-ley-protege-y-desprotege-al-mismo-tiempo-caso-de-jonathan-muir-y-menores-detenidos-en-cuba\/"},"headline":"Cuando la ley protege y desprotege al mismo tiempo: caso de Jonathan Muir y menores detenidos en Cuba","datePublished":"2026-03-31T15:06:01+00:00","dateModified":"2026-08-22T10:35:03+00:00","mainEntityOfPage":{"@id":"https:\/\/cubalex.org\/2026\/03\/31\/cuando-la-ley-protege-y-desprotege-al-mismo-tiempo-caso-de-jonathan-muir-y-menores-detenidos-en-cuba\/"},"wordCount":546,"publisher":{"@id":"https:\/\/cubalex.org\/#organization"},"image":{"@id":"https:\/\/cubalex.org\/2026\/03\/31\/cuando-la-ley-protege-y-desprotege-al-mismo-tiempo-caso-de-jonathan-muir-y-menores-detenidos-en-cuba\/#primaryimage"},"thumbnailUrl":"https:\/\/i0.wp.com\/cubalex.org\/wp-content\/uploads\/2026\/03\/jonathan-muir.jpg?fit=1200%2C560&ssl=1","keywords":["Cubalex","derechos humanos","Estado cubano","leyes"],"articleSection":["An\u00e1lisis Legal"],"inLanguage":"en-US"},{"@type":"WebPage","@id":"https:\/\/cubalex.org\/2026\/03\/31\/cuando-la-ley-protege-y-desprotege-al-mismo-tiempo-caso-de-jonathan-muir-y-menores-detenidos-en-cuba\/","url":"https:\/\/cubalex.org\/2026\/03\/31\/cuando-la-ley-protege-y-desprotege-al-mismo-tiempo-caso-de-jonathan-muir-y-menores-detenidos-en-cuba\/","name":"Cuando la ley protege y desprotege al mismo tiempo: caso de Jonathan Muir y menores detenidos en Cuba - Cubalex","isPartOf":{"@id":"https:\/\/cubalex.org\/#website"},"primaryImageOfPage":{"@id":"https:\/\/cubalex.org\/2026\/03\/31\/cuando-la-ley-protege-y-desprotege-al-mismo-tiempo-caso-de-jonathan-muir-y-menores-detenidos-en-cuba\/#primaryimage"},"image":{"@id":"https:\/\/cubalex.org\/2026\/03\/31\/cuando-la-ley-protege-y-desprotege-al-mismo-tiempo-caso-de-jonathan-muir-y-menores-detenidos-en-cuba\/#primaryimage"},"thumbnailUrl":"https:\/\/i0.wp.com\/cubalex.org\/wp-content\/uploads\/2026\/03\/jonathan-muir.jpg?fit=1200%2C560&ssl=1","datePublished":"2026-03-31T15:06:01+00:00","dateModified":"2026-08-22T10:35:03+00:00","description":"Jonathan David Muir Burgos, un adolescente de 16 a\u00f1os detenido tras participar en una protesta en Mor\u00f3n, Ciego de \u00c1vila, es hoy un ejemplo claro de c\u00f3mo funciona el sistema penal cubano cuando se trata de menores de edad.Su caso ocurre en un contexto marcado por una crisis profunda \u2014econ\u00f3mica, social y pol\u00edtica\u2014 donde las protestas se han convertido en una respuesta frecuente al deterioro de las condiciones de vida. En ese escenario, cada vez m\u00e1s adolescentes se ven involucrados en procesos penales.","breadcrumb":{"@id":"https:\/\/cubalex.org\/2026\/03\/31\/cuando-la-ley-protege-y-desprotege-al-mismo-tiempo-caso-de-jonathan-muir-y-menores-detenidos-en-cuba\/#breadcrumb"},"inLanguage":"en-US","potentialAction":[{"@type":"ReadAction","target":["https:\/\/cubalex.org\/2026\/03\/31\/cuando-la-ley-protege-y-desprotege-al-mismo-tiempo-caso-de-jonathan-muir-y-menores-detenidos-en-cuba\/"]}]},{"@type":"ImageObject","inLanguage":"en-US","@id":"https:\/\/cubalex.org\/2026\/03\/31\/cuando-la-ley-protege-y-desprotege-al-mismo-tiempo-caso-de-jonathan-muir-y-menores-detenidos-en-cuba\/#primaryimage","url":"https:\/\/i0.wp.com\/cubalex.org\/wp-content\/uploads\/2026\/03\/jonathan-muir.jpg?fit=1200%2C560&ssl=1","contentUrl":"https:\/\/i0.wp.com\/cubalex.org\/wp-content\/uploads\/2026\/03\/jonathan-muir.jpg?fit=1200%2C560&ssl=1","width":1200,"height":560},{"@type":"BreadcrumbList","@id":"https:\/\/cubalex.org\/2026\/03\/31\/cuando-la-ley-protege-y-desprotege-al-mismo-tiempo-caso-de-jonathan-muir-y-menores-detenidos-en-cuba\/#breadcrumb","itemListElement":[{"@type":"ListItem","position":1,"name":"Portada","item":"https:\/\/cubalex.org\/"},{"@type":"ListItem","position":2,"name":"Cuando la ley protege y desprotege al mismo tiempo: caso de Jonathan Muir y menores detenidos en Cuba"}]},{"@type":"WebSite","@id":"https:\/\/cubalex.org\/#website","url":"https:\/\/cubalex.org\/","name":"Cubalex","description":"Trabajamos en defensa de los derechos humanos, para instaurar la democracia y el Estado de derecho en Cuba","publisher":{"@id":"https:\/\/cubalex.org\/#organization"},"potentialAction":[{"@type":"SearchAction","target":{"@type":"EntryPoint","urlTemplate":"https:\/\/cubalex.org\/?s={search_term_string}"},"query-input":{"@type":"PropertyValueSpecification","valueRequired":true,"valueName":"search_term_string"}}],"inLanguage":"en-US"},{"@type":"Organization","@id":"https:\/\/cubalex.org\/#organization","name":"Cubalex","url":"https:\/\/cubalex.org\/","logo":{"@type":"ImageObject","inLanguage":"en-US","@id":"https:\/\/cubalex.org\/#\/schema\/logo\/image\/","url":"https:\/\/i0.wp.com\/cubalex.org\/wp-content\/uploads\/2026\/08\/CUBALEX1.png?fit=1445%2C300&ssl=1","contentUrl":"https:\/\/i0.wp.com\/cubalex.org\/wp-content\/uploads\/2026\/08\/CUBALEX1.png?fit=1445%2C300&ssl=1","width":1445,"height":300,"caption":"Cubalex"},"image":{"@id":"https:\/\/cubalex.org\/#\/schema\/logo\/image\/"},"sameAs":["https:\/\/www.facebook.com\/ONGcubalex","https:\/\/x.com\/CubalexDDHH","https:\/\/www.youtube.com\/@Cubalex","https:\/\/www.linkedin.com\/company\/cubalex\/","https:\/\/t.me\/cubalex"]}]}},"jetpack_shortlink":"https:\/\/wp.me\/p23ZXl-5Ec","jetpack_sharing_enabled":true,"jetpack_featured_media_url":"https:\/\/i0.wp.com\/cubalex.org\/wp-content\/uploads\/2026\/03\/jonathan-muir.jpg?fit=1200%2C560&ssl=1","_links":{"self":[{"href":"https:\/\/cubalex.org\/en\/wp-json\/wp\/v2\/posts\/21712","targetHints":{"allow":["GET"]}}],"collection":[{"href":"https:\/\/cubalex.org\/en\/wp-json\/wp\/v2\/posts"}],"about":[{"href":"https:\/\/cubalex.org\/en\/wp-json\/wp\/v2\/types\/post"}],"replies":[{"embeddable":true,"href":"https:\/\/cubalex.org\/en\/wp-json\/wp\/v2\/comments?post=21712"}],"version-history":[{"count":1,"href":"https:\/\/cubalex.org\/en\/wp-json\/wp\/v2\/posts\/21712\/revisions"}],"predecessor-version":[{"id":24799,"href":"https:\/\/cubalex.org\/en\/wp-json\/wp\/v2\/posts\/21712\/revisions\/24799"}],"wp:featuredmedia":[{"embeddable":true,"href":"https:\/\/cubalex.org\/en\/wp-json\/wp\/v2\/media\/21724"}],"wp:attachment":[{"href":"https:\/\/cubalex.org\/en\/wp-json\/wp\/v2\/media?parent=21712"}],"wp:term":[{"taxonomy":"category","embeddable":true,"href":"https:\/\/cubalex.org\/en\/wp-json\/wp\/v2\/categories?post=21712"},{"taxonomy":"post_tag","embeddable":true,"href":"https:\/\/cubalex.org\/en\/wp-json\/wp\/v2\/tags?post=21712"}],"curies":[{"name":"wp","href":"https:\/\/api.w.org\/{rel}","templated":true}]}}