{"id":21958,"date":"2026-04-15T21:46:04","date_gmt":"2026-04-16T01:46:04","guid":{"rendered":"https:\/\/cubalex.org\/?p=21958"},"modified":"2026-08-22T06:34:55","modified_gmt":"2026-08-22T10:34:55","slug":"caso-anna-sofia-benitez-y-su-madre-archivo-definitivo-y-violaciones-a-sus-derechos-fundamentales","status":"publish","type":"post","link":"https:\/\/cubalex.org\/en\/2026\/04\/15\/caso-anna-sofia-benitez-y-su-madre-archivo-definitivo-y-violaciones-a-sus-derechos-fundamentales\/","title":{"rendered":"Caso Anna Sof\u00eda Ben\u00edtez y su madre: &#8216;Archivo definitivo&#8217; y violaciones a sus derechos fundamentales"},"content":{"rendered":"<p class=\"wp-block-paragraph\">En marzo anterior, la influencer cubana Anna Sof\u00eda Ben\u00edtez y su madre, Caridad Silvente fueron imputadas por el supuesto delito de \u201cactos contra la intimidad personal y familiar, la propia imagen y voz, identidad de otra persona y sus datos\u201d, y les impusieron medidas cautelares de reclusi\u00f3n domiciliaria.<\/p>\n\n\n\n<p class=\"wp-block-paragraph\">\u00bfEl presunto delito? Publicar en redes sociales un video en el que se identifica al oficial de la polic\u00eda que le llev\u00f3 una citaci\u00f3n a Caridad Silvente a inicios de marzo.<\/p>\n\n\n\n<p class=\"wp-block-paragraph\">Luego de un mes de citaciones e interrogatorios, el 13 de abril anterior, la Fiscal\u00eda Provincial de La Habana les <a href=\"https:\/\/www.cubanet.org\/archivan-denuncia-contra-anna-bensi-y-su-madre-pero-las-amenazan-con-llevarlas-a-prision\/\">inform\u00f3 <\/a>que el caso en su contra <strong>quedaba archivado de forma definitiva<\/strong>; no sin volverlas a amenazar con ir a prisi\u00f3n.<\/p>\n\n\n\n<figure class=\"wp-block-embed is-type-rich is-provider-gestor-del-servicio wp-block-embed-gestor-del-servicio\"><div class=\"wp-block-embed__wrapper\">\n<div class=\"fb-post\" data-href=\"https:\/\/www.facebook.com\/AnnaBensi04\/posts\/1606773997221171?ref=embed_post\" data-width=\"552\" style=\"background-color: #fff; display: inline-block;\"><\/div>\n<\/div><\/figure>\n\n\n\n<p class=\"wp-block-paragraph\">El equipo legal de Cubalex considera que la actuaci\u00f3n de las autoridades policiales en el caso de la influencer y su madre constituye una vulneraci\u00f3n evidente de disposiciones legales vigentes en Cuba, con impacto directo en sus derechos fundamentales. Aunque el expediente ha sido recientemente archivado, las<strong> irregularidades cometidas durante su tramitaci\u00f3n merecen un an\u00e1lisis jur\u00eddico detallado por sus implicaciones.<\/strong><\/p>\n\n\n\n<p class=\"wp-block-paragraph\">En relaci\u00f3n con el <a href=\"https:\/\/www.gacetaoficial.gob.cu\/es\/ley-no-151-codigo-penal\">C\u00f3digo Penal,<\/a> resulta imprescindible destacar lo establecido en su art\u00edculo 394.1, que dispone textualmente que los delitos de calumnia, injuria y actos contra la intimidad, la imagen, la voz, los datos o la identidad de una persona \u201csolo son perseguibles en virtud de querella de la persona ofendida o de su representante legal cuando aquella sea menor de dieciocho a\u00f1os o en estado de discapacidad mental\u201d. Esta disposici\u00f3n complementaria delimita de forma expresa el car\u00e1cter privado de la acci\u00f3n penal en estos supuestos, excluyendo de manera preceptiva e impositiva cualquier actuaci\u00f3n de oficio por parte de las autoridades policiales o fiscales.<\/p>\n\n\n\n<p class=\"wp-block-paragraph\">No obstante, la estaci\u00f3n policial de Alamar, La Habana, a trav\u00e9s del investigador criminalista Yosdanis Santana, inici\u00f3 y dio curso a la denuncia o Atestado No. 14879 de 2026, actuando presuntamente bajo \u00f3rdenes superiores, en el que se imput\u00f3 a ambas por el delito mencionado. Esta actuaci\u00f3n se realiz\u00f3 sin que mediara querella de la persona presuntamente ofendida o de su representante legal, incurriendo as\u00ed en una flagrante violaci\u00f3n de lo dispuesto en el art\u00edculo 394 del propio cuerpo legal. <\/p>\n\n\n\n<p class=\"wp-block-paragraph\">En consecuencia,<strong> bajo ning\u00fan concepto la Polic\u00eda pod\u00eda iniciar ni dar curso a un proceso penal por este delito, al tratarse de una figura que \u00fanicamente admite persecuci\u00f3n mediante acci\u00f3n privada.<\/strong><\/p>\n\n\n\n<p class=\"wp-block-paragraph\">Asimismo, Cubalex advierte que los hechos imputados carecen de un elemento esencial de tipicidad exigido para la configuraci\u00f3n del delito previsto en el art\u00edculo 393. La conducta atribuida \u2014consistente en filmar al agente policial que acudi\u00f3 al domicilio de ambas ciudadanas para entregar una citaci\u00f3n y la posterior difusi\u00f3n de ese video en redes sociales\u2014 no encuadra en el tipo penal referido, ya que la norma exige que la informaci\u00f3n reproducida o divulgada tenga car\u00e1cter personal o familiar de la persona presuntamente ofendida. <strong>En este caso, <a href=\"https:\/\/cubalex.org\/en\/2026\/03\/26\/grabar-a-la-policia-en-cuba-no-es-delito-es-un-derecho-ciudadano\/\">lo difundido corresponde a una actuaci\u00f3n de car\u00e1cter p\u00fablico<\/a>,<\/strong> como es la entrega de una citaci\u00f3n oficial por parte de un agente policial.<\/p>\n\n\n\n<p class=\"wp-block-paragraph\">Por otra parte, como consecuencia directa de esta actuaci\u00f3n ilegal, se produjo la vulneraci\u00f3n de derechos constitucionales reconocidos en el art\u00edculo 52 de la <a href=\"http:\/\/cuba.cu\/gobierno\/NuevaConstitucion.pdf\">Constituci\u00f3n de la Rep\u00fablica de Cuba<\/a>, el cual establece que las personas tienen libertad de entrar, permanecer, transitar y salir del territorio nacional, as\u00ed como cambiar de domicilio o residencia, con las \u00fanicas limitaciones establecidas por la ley. Al ser consideradas imputadas, Caridad Silvente y Anna Sof\u00eda Ben\u00edtez<strong> fueron sometidas a medidas cautelares de reclusi\u00f3n domiciliaria y prohibici\u00f3n de salida del territorio nacional<\/strong>, lo que restringi\u00f3 su libertad personal y de movimiento. Estas medidas les impidieron salir de su domicilio sin autorizaci\u00f3n de las autoridades policiales y les prohibieron viajar al exterior durante el tiempo que dur\u00f3 el proceso, configurando una restricci\u00f3n arbitraria derivada de un procedimiento carente de base legal.<\/p>\n\n\n\n<p class=\"wp-block-paragraph\">En este caso la actuaci\u00f3n de las autoridades policiales no solo fue jur\u00eddicamente improcedente, sino que evidenci\u00f3 un<strong> uso indebido del poder punitivo del Estado<\/strong>, con el prop\u00f3sito de reprimir a ambas mujeres, en contravenci\u00f3n de las garant\u00edas establecidas en el ordenamiento jur\u00eddico cubano.<\/p>","protected":false},"excerpt":{"rendered":"<p>Una influencer y su madre fueron sometidas a arresto domiciliario y prohibici\u00f3n de salida del pa\u00eds durante un mes por publicar un video de un polic\u00eda. La polic\u00eda viol\u00f3 el art\u00edculo 394 del C\u00f3digo Penal cubano, que solo permite persecuci\u00f3n privada en ese delito.<\/p>","protected":false},"featured_media":21962,"comment_status":"closed","ping_status":"closed","sticky":false,"template":"","format":"standard","meta":{"_jetpack_newsletter_access":"","_jetpack_dont_email_post_to_subs":false,"_jetpack_newsletter_tier_id":0,"_jetpack_memberships_contains_paywalled_content":false,"_wpcom_ai_launchpad_first_post":false,"_jetpack_feature_clip_id":0,"_jetpack_memberships_contains_paid_content":false,"footnotes":"","jetpack_post_was_ever_published":false},"categories":[551856634],"tags":[31684,139553,14037],"class_list":["post-21958","post","type-post","status-publish","format-standard","has-post-thumbnail","hentry","category-analisis-legal","tag-derechos-humanos","tag-leyes","tag-mujeres"],"featured_image_src":"https:\/\/i0.wp.com\/cubalex.org\/wp-content\/uploads\/2026\/04\/Plantillas-sitio-web-1-1.jpg?fit=1200%2C560&ssl=1","acf":{"translation_reviewed":false},"yoast_head":"<!-- This site is optimized with the Yoast SEO plugin v28.4 - https:\/\/yoast.com\/product\/yoast-seo-wordpress\/ -->\n<title>Caso Anna Sof\u00eda Ben\u00edtez y su madre: &#039;Archivo definitivo&#039; y violaciones a sus derechos fundamentales - Cubalex<\/title>\n<meta name=\"description\" content=\"Luego de un mes de citaciones e interrogatorios, el 13 de abril anterior, la Fiscal\u00eda Provincial de La Habana les inform\u00f3 que el caso en su contra quedaba archivado de forma definitiva; no sin volverlas a amenazar con ir a prisi\u00f3n.\" \/>\n<meta name=\"robots\" content=\"index, follow, max-snippet:-1, max-image-preview:large, max-video-preview:-1\" \/>\n<link rel=\"canonical\" href=\"https:\/\/cubalex.org\/en\/2026\/04\/15\/caso-anna-sofia-benitez-y-su-madre-archivo-definitivo-y-violaciones-a-sus-derechos-fundamentales\/\" \/>\n<meta property=\"og:locale\" content=\"en_US\" \/>\n<meta property=\"og:type\" content=\"article\" \/>\n<meta property=\"og:title\" content=\"Caso Anna Sof\u00eda Ben\u00edtez y su madre: &#039;Archivo definitivo&#039; y violaciones a sus derechos fundamentales - Cubalex\" \/>\n<meta property=\"og:description\" content=\"Luego de un mes de citaciones e interrogatorios, el 13 de abril anterior, la Fiscal\u00eda Provincial de La Habana les inform\u00f3 que el caso en su contra quedaba archivado de forma definitiva; no sin volverlas a amenazar con ir a prisi\u00f3n.\" \/>\n<meta property=\"og:url\" content=\"https:\/\/cubalex.org\/en\/2026\/04\/15\/caso-anna-sofia-benitez-y-su-madre-archivo-definitivo-y-violaciones-a-sus-derechos-fundamentales\/\" \/>\n<meta property=\"og:site_name\" content=\"Cubalex\" \/>\n<meta property=\"article:publisher\" content=\"https:\/\/www.facebook.com\/ONGcubalex\" \/>\n<meta property=\"article:published_time\" content=\"2026-04-16T01:46:04+00:00\" \/>\n<meta property=\"article:modified_time\" content=\"2026-08-22T10:34:55+00:00\" \/>\n<meta property=\"og:image\" content=\"https:\/\/i0.wp.com\/cubalex.org\/wp-content\/uploads\/2026\/04\/Plantillas-sitio-web-1-1.jpg?fit=1200%2C560&ssl=1\" \/>\n\t<meta property=\"og:image:width\" content=\"1200\" \/>\n\t<meta property=\"og:image:height\" content=\"560\" \/>\n\t<meta property=\"og:image:type\" content=\"image\/jpeg\" \/>\n<meta name=\"twitter:card\" content=\"summary_large_image\" \/>\n<meta name=\"twitter:creator\" content=\"@CubalexDDHH\" \/>\n<meta name=\"twitter:site\" content=\"@CubalexDDHH\" \/>\n<meta name=\"twitter:label1\" content=\"Written by\" \/>\n\t<meta name=\"twitter:data1\" content=\"puravida\" \/>\n\t<meta name=\"twitter:label2\" content=\"Est. reading time\" \/>\n\t<meta name=\"twitter:data2\" content=\"4 minutes\" \/>\n<script type=\"application\/ld+json\" class=\"yoast-schema-graph\">{\"@context\":\"https:\\\/\\\/schema.org\",\"@graph\":[{\"@type\":\"Article\",\"@id\":\"https:\\\/\\\/cubalex.org\\\/2026\\\/04\\\/15\\\/caso-anna-sofia-benitez-y-su-madre-archivo-definitivo-y-violaciones-a-sus-derechos-fundamentales\\\/#article\",\"isPartOf\":{\"@id\":\"https:\\\/\\\/cubalex.org\\\/2026\\\/04\\\/15\\\/caso-anna-sofia-benitez-y-su-madre-archivo-definitivo-y-violaciones-a-sus-derechos-fundamentales\\\/\"},\"headline\":\"Caso Anna Sof\u00eda Ben\u00edtez y su madre: &#8216;Archivo definitivo&#8217; y violaciones a sus derechos fundamentales\",\"datePublished\":\"2026-04-16T01:46:04+00:00\",\"dateModified\":\"2026-08-22T10:34:55+00:00\",\"mainEntityOfPage\":{\"@id\":\"https:\\\/\\\/cubalex.org\\\/2026\\\/04\\\/15\\\/caso-anna-sofia-benitez-y-su-madre-archivo-definitivo-y-violaciones-a-sus-derechos-fundamentales\\\/\"},\"wordCount\":760,\"publisher\":{\"@id\":\"https:\\\/\\\/cubalex.org\\\/#organization\"},\"image\":{\"@id\":\"https:\\\/\\\/cubalex.org\\\/2026\\\/04\\\/15\\\/caso-anna-sofia-benitez-y-su-madre-archivo-definitivo-y-violaciones-a-sus-derechos-fundamentales\\\/#primaryimage\"},\"thumbnailUrl\":\"https:\\\/\\\/i0.wp.com\\\/cubalex.org\\\/wp-content\\\/uploads\\\/2026\\\/04\\\/Plantillas-sitio-web-1-1.jpg?fit=1200%2C560&ssl=1\",\"keywords\":[\"derechos humanos\",\"leyes\",\"mujeres\"],\"articleSection\":[\"An\u00e1lisis Legal\"],\"inLanguage\":\"en-US\"},{\"@type\":\"WebPage\",\"@id\":\"https:\\\/\\\/cubalex.org\\\/2026\\\/04\\\/15\\\/caso-anna-sofia-benitez-y-su-madre-archivo-definitivo-y-violaciones-a-sus-derechos-fundamentales\\\/\",\"url\":\"https:\\\/\\\/cubalex.org\\\/2026\\\/04\\\/15\\\/caso-anna-sofia-benitez-y-su-madre-archivo-definitivo-y-violaciones-a-sus-derechos-fundamentales\\\/\",\"name\":\"Caso Anna Sof\u00eda Ben\u00edtez y su madre: 'Archivo definitivo' y violaciones a sus derechos fundamentales - Cubalex\",\"isPartOf\":{\"@id\":\"https:\\\/\\\/cubalex.org\\\/#website\"},\"primaryImageOfPage\":{\"@id\":\"https:\\\/\\\/cubalex.org\\\/2026\\\/04\\\/15\\\/caso-anna-sofia-benitez-y-su-madre-archivo-definitivo-y-violaciones-a-sus-derechos-fundamentales\\\/#primaryimage\"},\"image\":{\"@id\":\"https:\\\/\\\/cubalex.org\\\/2026\\\/04\\\/15\\\/caso-anna-sofia-benitez-y-su-madre-archivo-definitivo-y-violaciones-a-sus-derechos-fundamentales\\\/#primaryimage\"},\"thumbnailUrl\":\"https:\\\/\\\/i0.wp.com\\\/cubalex.org\\\/wp-content\\\/uploads\\\/2026\\\/04\\\/Plantillas-sitio-web-1-1.jpg?fit=1200%2C560&ssl=1\",\"datePublished\":\"2026-04-16T01:46:04+00:00\",\"dateModified\":\"2026-08-22T10:34:55+00:00\",\"description\":\"Luego de un mes de citaciones e interrogatorios, el 13 de abril anterior, la Fiscal\u00eda Provincial de La Habana les inform\u00f3 que el caso en su contra quedaba archivado de forma definitiva; no sin volverlas a amenazar con ir a prisi\u00f3n.\",\"breadcrumb\":{\"@id\":\"https:\\\/\\\/cubalex.org\\\/2026\\\/04\\\/15\\\/caso-anna-sofia-benitez-y-su-madre-archivo-definitivo-y-violaciones-a-sus-derechos-fundamentales\\\/#breadcrumb\"},\"inLanguage\":\"en-US\",\"potentialAction\":[{\"@type\":\"ReadAction\",\"target\":[\"https:\\\/\\\/cubalex.org\\\/2026\\\/04\\\/15\\\/caso-anna-sofia-benitez-y-su-madre-archivo-definitivo-y-violaciones-a-sus-derechos-fundamentales\\\/\"]}]},{\"@type\":\"ImageObject\",\"inLanguage\":\"en-US\",\"@id\":\"https:\\\/\\\/cubalex.org\\\/2026\\\/04\\\/15\\\/caso-anna-sofia-benitez-y-su-madre-archivo-definitivo-y-violaciones-a-sus-derechos-fundamentales\\\/#primaryimage\",\"url\":\"https:\\\/\\\/i0.wp.com\\\/cubalex.org\\\/wp-content\\\/uploads\\\/2026\\\/04\\\/Plantillas-sitio-web-1-1.jpg?fit=1200%2C560&ssl=1\",\"contentUrl\":\"https:\\\/\\\/i0.wp.com\\\/cubalex.org\\\/wp-content\\\/uploads\\\/2026\\\/04\\\/Plantillas-sitio-web-1-1.jpg?fit=1200%2C560&ssl=1\",\"width\":1200,\"height\":560},{\"@type\":\"BreadcrumbList\",\"@id\":\"https:\\\/\\\/cubalex.org\\\/2026\\\/04\\\/15\\\/caso-anna-sofia-benitez-y-su-madre-archivo-definitivo-y-violaciones-a-sus-derechos-fundamentales\\\/#breadcrumb\",\"itemListElement\":[{\"@type\":\"ListItem\",\"position\":1,\"name\":\"Portada\",\"item\":\"https:\\\/\\\/cubalex.org\\\/\"},{\"@type\":\"ListItem\",\"position\":2,\"name\":\"Caso Anna Sof\u00eda Ben\u00edtez y su madre: &#8216;Archivo definitivo&#8217; y violaciones a sus derechos fundamentales\"}]},{\"@type\":\"WebSite\",\"@id\":\"https:\\\/\\\/cubalex.org\\\/#website\",\"url\":\"https:\\\/\\\/cubalex.org\\\/\",\"name\":\"Cubalex\",\"description\":\"Trabajamos en defensa de los derechos humanos, para instaurar la democracia y el Estado de derecho en Cuba\",\"publisher\":{\"@id\":\"https:\\\/\\\/cubalex.org\\\/#organization\"},\"potentialAction\":[{\"@type\":\"SearchAction\",\"target\":{\"@type\":\"EntryPoint\",\"urlTemplate\":\"https:\\\/\\\/cubalex.org\\\/?s={search_term_string}\"},\"query-input\":{\"@type\":\"PropertyValueSpecification\",\"valueRequired\":true,\"valueName\":\"search_term_string\"}}],\"inLanguage\":\"en-US\"},{\"@type\":\"Organization\",\"@id\":\"https:\\\/\\\/cubalex.org\\\/#organization\",\"name\":\"Cubalex\",\"url\":\"https:\\\/\\\/cubalex.org\\\/\",\"logo\":{\"@type\":\"ImageObject\",\"inLanguage\":\"en-US\",\"@id\":\"https:\\\/\\\/cubalex.org\\\/#\\\/schema\\\/logo\\\/image\\\/\",\"url\":\"https:\\\/\\\/i0.wp.com\\\/cubalex.org\\\/wp-content\\\/uploads\\\/2026\\\/08\\\/CUBALEX1.png?fit=1445%2C300&ssl=1\",\"contentUrl\":\"https:\\\/\\\/i0.wp.com\\\/cubalex.org\\\/wp-content\\\/uploads\\\/2026\\\/08\\\/CUBALEX1.png?fit=1445%2C300&ssl=1\",\"width\":1445,\"height\":300,\"caption\":\"Cubalex\"},\"image\":{\"@id\":\"https:\\\/\\\/cubalex.org\\\/#\\\/schema\\\/logo\\\/image\\\/\"},\"sameAs\":[\"https:\\\/\\\/www.facebook.com\\\/ONGcubalex\",\"https:\\\/\\\/x.com\\\/CubalexDDHH\",\"https:\\\/\\\/www.youtube.com\\\/@Cubalex\",\"https:\\\/\\\/www.linkedin.com\\\/company\\\/cubalex\\\/\",\"https:\\\/\\\/t.me\\\/cubalex\"]}]}<\/script>\n<!-- \/ Yoast SEO plugin. -->","yoast_head_json":{"title":"Caso Anna Sof\u00eda Ben\u00edtez y su madre: 'Archivo definitivo' y violaciones a sus derechos fundamentales - Cubalex","description":"Luego de un mes de citaciones e interrogatorios, el 13 de abril anterior, la Fiscal\u00eda Provincial de La Habana les inform\u00f3 que el caso en su contra quedaba archivado de forma definitiva; no sin volverlas a amenazar con ir a prisi\u00f3n.","robots":{"index":"index","follow":"follow","max-snippet":"max-snippet:-1","max-image-preview":"max-image-preview:large","max-video-preview":"max-video-preview:-1"},"canonical":"https:\/\/cubalex.org\/en\/2026\/04\/15\/caso-anna-sofia-benitez-y-su-madre-archivo-definitivo-y-violaciones-a-sus-derechos-fundamentales\/","og_locale":"en_US","og_type":"article","og_title":"Caso Anna Sof\u00eda Ben\u00edtez y su madre: 'Archivo definitivo' y violaciones a sus derechos fundamentales - Cubalex","og_description":"Luego de un mes de citaciones e interrogatorios, el 13 de abril anterior, la Fiscal\u00eda Provincial de La Habana les inform\u00f3 que el caso en su contra quedaba archivado de forma definitiva; no sin volverlas a amenazar con ir a prisi\u00f3n.","og_url":"https:\/\/cubalex.org\/en\/2026\/04\/15\/caso-anna-sofia-benitez-y-su-madre-archivo-definitivo-y-violaciones-a-sus-derechos-fundamentales\/","og_site_name":"Cubalex","article_publisher":"https:\/\/www.facebook.com\/ONGcubalex","article_published_time":"2026-04-16T01:46:04+00:00","article_modified_time":"2026-08-22T10:34:55+00:00","og_image":[{"width":1200,"height":560,"url":"https:\/\/i0.wp.com\/cubalex.org\/wp-content\/uploads\/2026\/04\/Plantillas-sitio-web-1-1.jpg?fit=1200%2C560&ssl=1","type":"image\/jpeg"}],"twitter_card":"summary_large_image","twitter_creator":"@CubalexDDHH","twitter_site":"@CubalexDDHH","twitter_misc":{"Written by":"puravida","Est. reading time":"4 minutes"},"schema":{"@context":"https:\/\/schema.org","@graph":[{"@type":"Article","@id":"https:\/\/cubalex.org\/2026\/04\/15\/caso-anna-sofia-benitez-y-su-madre-archivo-definitivo-y-violaciones-a-sus-derechos-fundamentales\/#article","isPartOf":{"@id":"https:\/\/cubalex.org\/2026\/04\/15\/caso-anna-sofia-benitez-y-su-madre-archivo-definitivo-y-violaciones-a-sus-derechos-fundamentales\/"},"headline":"Caso Anna Sof\u00eda Ben\u00edtez y su madre: &#8216;Archivo definitivo&#8217; y violaciones a sus derechos fundamentales","datePublished":"2026-04-16T01:46:04+00:00","dateModified":"2026-08-22T10:34:55+00:00","mainEntityOfPage":{"@id":"https:\/\/cubalex.org\/2026\/04\/15\/caso-anna-sofia-benitez-y-su-madre-archivo-definitivo-y-violaciones-a-sus-derechos-fundamentales\/"},"wordCount":760,"publisher":{"@id":"https:\/\/cubalex.org\/#organization"},"image":{"@id":"https:\/\/cubalex.org\/2026\/04\/15\/caso-anna-sofia-benitez-y-su-madre-archivo-definitivo-y-violaciones-a-sus-derechos-fundamentales\/#primaryimage"},"thumbnailUrl":"https:\/\/i0.wp.com\/cubalex.org\/wp-content\/uploads\/2026\/04\/Plantillas-sitio-web-1-1.jpg?fit=1200%2C560&ssl=1","keywords":["derechos humanos","leyes","mujeres"],"articleSection":["An\u00e1lisis Legal"],"inLanguage":"en-US"},{"@type":"WebPage","@id":"https:\/\/cubalex.org\/2026\/04\/15\/caso-anna-sofia-benitez-y-su-madre-archivo-definitivo-y-violaciones-a-sus-derechos-fundamentales\/","url":"https:\/\/cubalex.org\/2026\/04\/15\/caso-anna-sofia-benitez-y-su-madre-archivo-definitivo-y-violaciones-a-sus-derechos-fundamentales\/","name":"Caso Anna Sof\u00eda Ben\u00edtez y su madre: 'Archivo definitivo' y violaciones a sus derechos fundamentales - Cubalex","isPartOf":{"@id":"https:\/\/cubalex.org\/#website"},"primaryImageOfPage":{"@id":"https:\/\/cubalex.org\/2026\/04\/15\/caso-anna-sofia-benitez-y-su-madre-archivo-definitivo-y-violaciones-a-sus-derechos-fundamentales\/#primaryimage"},"image":{"@id":"https:\/\/cubalex.org\/2026\/04\/15\/caso-anna-sofia-benitez-y-su-madre-archivo-definitivo-y-violaciones-a-sus-derechos-fundamentales\/#primaryimage"},"thumbnailUrl":"https:\/\/i0.wp.com\/cubalex.org\/wp-content\/uploads\/2026\/04\/Plantillas-sitio-web-1-1.jpg?fit=1200%2C560&ssl=1","datePublished":"2026-04-16T01:46:04+00:00","dateModified":"2026-08-22T10:34:55+00:00","description":"Luego de un mes de citaciones e interrogatorios, el 13 de abril anterior, la Fiscal\u00eda Provincial de La Habana les inform\u00f3 que el caso en su contra quedaba archivado de forma definitiva; no sin volverlas a amenazar con ir a prisi\u00f3n.","breadcrumb":{"@id":"https:\/\/cubalex.org\/2026\/04\/15\/caso-anna-sofia-benitez-y-su-madre-archivo-definitivo-y-violaciones-a-sus-derechos-fundamentales\/#breadcrumb"},"inLanguage":"en-US","potentialAction":[{"@type":"ReadAction","target":["https:\/\/cubalex.org\/2026\/04\/15\/caso-anna-sofia-benitez-y-su-madre-archivo-definitivo-y-violaciones-a-sus-derechos-fundamentales\/"]}]},{"@type":"ImageObject","inLanguage":"en-US","@id":"https:\/\/cubalex.org\/2026\/04\/15\/caso-anna-sofia-benitez-y-su-madre-archivo-definitivo-y-violaciones-a-sus-derechos-fundamentales\/#primaryimage","url":"https:\/\/i0.wp.com\/cubalex.org\/wp-content\/uploads\/2026\/04\/Plantillas-sitio-web-1-1.jpg?fit=1200%2C560&ssl=1","contentUrl":"https:\/\/i0.wp.com\/cubalex.org\/wp-content\/uploads\/2026\/04\/Plantillas-sitio-web-1-1.jpg?fit=1200%2C560&ssl=1","width":1200,"height":560},{"@type":"BreadcrumbList","@id":"https:\/\/cubalex.org\/2026\/04\/15\/caso-anna-sofia-benitez-y-su-madre-archivo-definitivo-y-violaciones-a-sus-derechos-fundamentales\/#breadcrumb","itemListElement":[{"@type":"ListItem","position":1,"name":"Portada","item":"https:\/\/cubalex.org\/"},{"@type":"ListItem","position":2,"name":"Caso Anna Sof\u00eda Ben\u00edtez y su madre: &#8216;Archivo definitivo&#8217; y violaciones a sus derechos fundamentales"}]},{"@type":"WebSite","@id":"https:\/\/cubalex.org\/#website","url":"https:\/\/cubalex.org\/","name":"Cubalex","description":"Trabajamos en defensa de los derechos humanos, para instaurar la democracia y el Estado de derecho en Cuba","publisher":{"@id":"https:\/\/cubalex.org\/#organization"},"potentialAction":[{"@type":"SearchAction","target":{"@type":"EntryPoint","urlTemplate":"https:\/\/cubalex.org\/?s={search_term_string}"},"query-input":{"@type":"PropertyValueSpecification","valueRequired":true,"valueName":"search_term_string"}}],"inLanguage":"en-US"},{"@type":"Organization","@id":"https:\/\/cubalex.org\/#organization","name":"Cubalex","url":"https:\/\/cubalex.org\/","logo":{"@type":"ImageObject","inLanguage":"en-US","@id":"https:\/\/cubalex.org\/#\/schema\/logo\/image\/","url":"https:\/\/i0.wp.com\/cubalex.org\/wp-content\/uploads\/2026\/08\/CUBALEX1.png?fit=1445%2C300&ssl=1","contentUrl":"https:\/\/i0.wp.com\/cubalex.org\/wp-content\/uploads\/2026\/08\/CUBALEX1.png?fit=1445%2C300&ssl=1","width":1445,"height":300,"caption":"Cubalex"},"image":{"@id":"https:\/\/cubalex.org\/#\/schema\/logo\/image\/"},"sameAs":["https:\/\/www.facebook.com\/ONGcubalex","https:\/\/x.com\/CubalexDDHH","https:\/\/www.youtube.com\/@Cubalex","https:\/\/www.linkedin.com\/company\/cubalex\/","https:\/\/t.me\/cubalex"]}]}},"jetpack_shortlink":"https:\/\/wp.me\/p23ZXl-5Ia","jetpack_sharing_enabled":true,"jetpack_featured_media_url":"https:\/\/i0.wp.com\/cubalex.org\/wp-content\/uploads\/2026\/04\/Plantillas-sitio-web-1-1.jpg?fit=1200%2C560&ssl=1","_links":{"self":[{"href":"https:\/\/cubalex.org\/en\/wp-json\/wp\/v2\/posts\/21958","targetHints":{"allow":["GET"]}}],"collection":[{"href":"https:\/\/cubalex.org\/en\/wp-json\/wp\/v2\/posts"}],"about":[{"href":"https:\/\/cubalex.org\/en\/wp-json\/wp\/v2\/types\/post"}],"replies":[{"embeddable":true,"href":"https:\/\/cubalex.org\/en\/wp-json\/wp\/v2\/comments?post=21958"}],"version-history":[{"count":1,"href":"https:\/\/cubalex.org\/en\/wp-json\/wp\/v2\/posts\/21958\/revisions"}],"predecessor-version":[{"id":24798,"href":"https:\/\/cubalex.org\/en\/wp-json\/wp\/v2\/posts\/21958\/revisions\/24798"}],"wp:featuredmedia":[{"embeddable":true,"href":"https:\/\/cubalex.org\/en\/wp-json\/wp\/v2\/media\/21962"}],"wp:attachment":[{"href":"https:\/\/cubalex.org\/en\/wp-json\/wp\/v2\/media?parent=21958"}],"wp:term":[{"taxonomy":"category","embeddable":true,"href":"https:\/\/cubalex.org\/en\/wp-json\/wp\/v2\/categories?post=21958"},{"taxonomy":"post_tag","embeddable":true,"href":"https:\/\/cubalex.org\/en\/wp-json\/wp\/v2\/tags?post=21958"}],"curies":[{"name":"wp","href":"https:\/\/api.w.org\/{rel}","templated":true}]}}