{"id":22288,"date":"2026-04-27T14:01:32","date_gmt":"2026-04-27T18:01:32","guid":{"rendered":"https:\/\/cubalex.org\/?p=22288"},"modified":"2026-04-27T14:01:43","modified_gmt":"2026-04-27T18:01:43","slug":"preso-politico-oscar-luis-ortiz-en-riesgo-critico-tras-golpiza-y-negligencia-medica","status":"publish","type":"post","link":"https:\/\/cubalex.org\/en\/2026\/04\/27\/preso-politico-oscar-luis-ortiz-en-riesgo-critico-tras-golpiza-y-negligencia-medica\/","title":{"rendered":"Preso pol\u00edtico Oscar Luis Ortiz en riesgo cr\u00edtico tras golpiza y negligencia m\u00e9dica"},"content":{"rendered":"<p class=\"wp-block-paragraph\">Cubalex denuncia la grave situaci\u00f3n de extrema vulnerabilidad en la que se encuentra el preso pol\u00edtico Oscar Luis Ortiz, quien est\u00e1 recluido en la prisi\u00f3n 1580 tras haber sido v\u00edctima de una brutal detenci\u00f3n que agrav\u00f3 un cuadro cl\u00ednico ya cr\u00edtico. Oscar Luis Ortiz se encuentra privado de la libertad por su participaci\u00f3n en las manifestaciones del 11 de julio de 2021. Por ello, fue sancionado por el delito de sedici\u00f3n y le impusieron una condena de 5 a\u00f1os de privaci\u00f3n de libertad.<\/p>\n\n\n\n<p class=\"wp-block-paragraph\"><strong>Los Hechos<\/strong><\/p>\n\n\n\n<p class=\"wp-block-paragraph\">Desde el pasado 20 de marzo, Ortiz presentaba una infecci\u00f3n dental severa con riesgo de septicemia (infecci\u00f3n en la sangre). Pese a que los agentes de la Seguridad del Estado, Amed y Yunior, ten\u00edan pleno conocimiento de su dolor intenso y la inflamaci\u00f3n, le negaron asistencia m\u00e9dica b\u00e1sica. El 20 de abril, tras intentar dirigirse a su vivienda, Oscar Luis Ortiz fue interceptado y golpeado violentamente por agentes policiales y de la Seguridad del Estado. Los impactos se concentraron en su mand\u00edbula, la cual ya estaba infectada, y costillas, dej\u00e1ndolo con dificultades para hablar y bajo amenazas para que oculte los abusos.<\/p>\n\n\n\n<p class=\"wp-block-paragraph\"><strong>\u00bfQu\u00e9 derechos se est\u00e1n violando?<\/strong><\/p>\n\n\n\n<p class=\"wp-block-paragraph\">Durante el arresto de Oscar Luis Ortiz, el Estado cubano incumpli\u00f3 varias normas b\u00e1sicas de protecci\u00f3n de los derechos humanos:<\/p>\n\n\n\n<p class=\"wp-block-paragraph\"><strong>1. Derecho a la integridad f\u00edsica y prohibici\u00f3n de la tortura<\/strong><\/p>\n\n\n\n<p class=\"wp-block-paragraph\">Existe una prohibici\u00f3n absoluta relativa a que nadie puede ser sometido a golpes, maltratos o amenazas. La golpiza propinada por agentes del Estado y las amenazas posteriores son actos que buscan quebrar la voluntad del detenido a trav\u00e9s del dolor y el miedo. Esto se cataloga internacionalmente como tortura o trato cruel. El Estado cubano es parte en la Convenci\u00f3n contra la Tortura y Otros Tratos o Penas Crueles, Inhumanos o Degradantes desde el 17 de mayo de 1995, por lo que tiene obligaciones internacionales en materia de tortura y tratos similares que debe cumplir estrictamente y sin excusas de ninguna clase.<\/p>\n\n\n\n<p class=\"wp-block-paragraph\"><strong>2. Derecho a la salud y el deber de cuidado del Estado<\/strong><\/p>\n\n\n\n<p class=\"wp-block-paragraph\">Cuando el Estado priva a alguien de su libertad, se convierte en el m\u00e1ximo responsable de su vida. Debe garantizar que el recluso reciba la misma atenci\u00f3n m\u00e9dica que un ciudadano libre. Al negarle antibi\u00f3ticos y atenci\u00f3n odontol\u00f3gica a una persona con una infecci\u00f3n visible es una forma de castigo adicional y negligencia criminal. Tambi\u00e9n es necesario se\u00f1alar que las violaciones de los derechos humanos registradas durante la detenci\u00f3n de Oscar Luis Ortiz no se han controlado por funcionarios judiciales o de la Fiscal\u00eda General de la Rep\u00fablica. El Comit\u00e9 contra las Desapariciones Forzadas (CDF) ha recomendado al Estado cubano que se asegure que todas las personas detenidas que no se liberen oportunamente, sean presentadas ante jueces para que conozcan sobre sus condiciones de detenci\u00f3n.<\/p>\n\n\n\n<p class=\"wp-block-paragraph\"><strong>3. Incumplimiento de las &#8220;Reglas Mandela&#8221;<\/strong><\/p>\n\n\n\n<p class=\"wp-block-paragraph\">Dichas reglas son los est\u00e1ndares m\u00ednimos de la ONU para el tratamiento de los reclusos. En ellas se exige que los servicios m\u00e9dicos de las prisiones identifiquen y traten el dolor f\u00edsico de inmediato. Ignorar una infecci\u00f3n dental por semanas es una violaci\u00f3n directa a estos est\u00e1ndares de dignidad humana. De igual forma, se proh\u00edben las golpizas contra las personas detenidas o durante su detenci\u00f3n, y cualquier otra acci\u00f3n que sea considerable como tortura o un trato cruel, inhumano o degradante.<\/p>\n\n\n\n<p class=\"wp-block-paragraph\"><strong>Exigencias de Cubalex<\/strong><\/p>\n\n\n\n<p class=\"wp-block-paragraph\">Exigimos a las autoridades penitenciarias que brinde atenci\u00f3n m\u00e9dica inmediata a Oscar Luis Ortiz y lo traslade a un centro hospitalario especializado para el tratamiento de su infecci\u00f3n y la evaluaci\u00f3n de sus lesiones \u00f3seas. Tambi\u00e9n responsabilizamos al Estado cubano por la existencia de cualquier da\u00f1o permanente a la salud de Oscar Luis Ortiz, as\u00ed como demandamos que se realice una investigaci\u00f3n independiente sobre los abusos ocurridos durante su detenci\u00f3n y posterior traslado a la prisi\u00f3n en la que se encuentra actualmente.<\/p>","protected":false},"excerpt":{"rendered":"<p>Cubalex denuncia la grave situaci\u00f3n de extrema vulnerabilidad en la que se encuentra el preso pol\u00edtico Oscar Luis Ortiz, quien est\u00e1 recluido en la prisi\u00f3n 1580 tras haber sido v\u00edctima de una brutal detenci\u00f3n que agrav\u00f3 un cuadro cl\u00ednico ya cr\u00edtico. Oscar Luis Ortiz se encuentra privado de la libertad por su participaci\u00f3n en las [&hellip;]<\/p>\n","protected":false},"featured_media":22290,"comment_status":"closed","ping_status":"closed","sticky":false,"template":"","format":"standard","meta":{"_jetpack_newsletter_access":"","_jetpack_dont_email_post_to_subs":false,"_jetpack_newsletter_tier_id":0,"_jetpack_memberships_contains_paywalled_content":false,"_wpcom_ai_launchpad_first_post":false,"_jetpack_feature_clip_id":0,"_jetpack_memberships_contains_paid_content":false,"footnotes":"","jetpack_post_was_ever_published":false},"categories":[111160486],"tags":[],"class_list":["post-22288","post","type-post","status-publish","format-standard","has-post-thumbnail","hentry","category-cubalex"],"featured_image_src":"https:\/\/i0.wp.com\/cubalex.org\/wp-content\/uploads\/2026\/04\/Plantillas-sitio-web-5.png?fit=1200%2C560&ssl=1","acf":{"translation_reviewed":false},"yoast_head":"<!-- This site is optimized with the Yoast SEO plugin v28.4 - https:\/\/yoast.com\/product\/yoast-seo-wordpress\/ -->\n<title>Preso pol\u00edtico Oscar Luis Ortiz en riesgo cr\u00edtico tras golpiza y negligencia m\u00e9dica - Cubalex<\/title>\n<meta name=\"robots\" content=\"index, follow, max-snippet:-1, max-image-preview:large, max-video-preview:-1\" \/>\n<link rel=\"canonical\" href=\"https:\/\/cubalex.org\/en\/2026\/04\/27\/preso-politico-oscar-luis-ortiz-en-riesgo-critico-tras-golpiza-y-negligencia-medica\/\" \/>\n<meta property=\"og:locale\" content=\"en_US\" \/>\n<meta property=\"og:type\" content=\"article\" \/>\n<meta property=\"og:title\" content=\"Preso pol\u00edtico Oscar Luis Ortiz en riesgo cr\u00edtico tras golpiza y negligencia m\u00e9dica - Cubalex\" \/>\n<meta property=\"og:description\" content=\"Cubalex denuncia la grave situaci\u00f3n de extrema vulnerabilidad en la que se encuentra el preso pol\u00edtico Oscar Luis Ortiz, quien est\u00e1 recluido en la prisi\u00f3n 1580 tras haber sido v\u00edctima de una brutal detenci\u00f3n que agrav\u00f3 un cuadro cl\u00ednico ya cr\u00edtico. Oscar Luis Ortiz se encuentra privado de la libertad por su participaci\u00f3n en las [&hellip;]\" \/>\n<meta property=\"og:url\" content=\"https:\/\/cubalex.org\/en\/2026\/04\/27\/preso-politico-oscar-luis-ortiz-en-riesgo-critico-tras-golpiza-y-negligencia-medica\/\" \/>\n<meta property=\"og:site_name\" content=\"Cubalex\" \/>\n<meta property=\"article:publisher\" content=\"https:\/\/www.facebook.com\/ONGcubalex\" \/>\n<meta property=\"article:published_time\" content=\"2026-04-27T18:01:32+00:00\" \/>\n<meta property=\"article:modified_time\" content=\"2026-04-27T18:01:43+00:00\" \/>\n<meta property=\"og:image\" content=\"https:\/\/cubalex.org\/wp-content\/uploads\/2026\/04\/Plantillas-sitio-web-5.png\" \/>\n\t<meta property=\"og:image:width\" content=\"1200\" \/>\n\t<meta property=\"og:image:height\" content=\"560\" \/>\n\t<meta property=\"og:image:type\" content=\"image\/png\" \/>\n<meta name=\"twitter:card\" content=\"summary_large_image\" \/>\n<meta name=\"twitter:creator\" content=\"@CubalexDDHH\" \/>\n<meta name=\"twitter:site\" content=\"@CubalexDDHH\" \/>\n<meta name=\"twitter:label1\" content=\"Written by\" \/>\n\t<meta name=\"twitter:data1\" content=\"salome\" \/>\n\t<meta name=\"twitter:label2\" content=\"Est. reading time\" \/>\n\t<meta name=\"twitter:data2\" content=\"4 minutes\" \/>\n<script type=\"application\/ld+json\" class=\"yoast-schema-graph\">{\"@context\":\"https:\\\/\\\/schema.org\",\"@graph\":[{\"@type\":\"Article\",\"@id\":\"https:\\\/\\\/cubalex.org\\\/2026\\\/04\\\/27\\\/preso-politico-oscar-luis-ortiz-en-riesgo-critico-tras-golpiza-y-negligencia-medica\\\/#article\",\"isPartOf\":{\"@id\":\"https:\\\/\\\/cubalex.org\\\/2026\\\/04\\\/27\\\/preso-politico-oscar-luis-ortiz-en-riesgo-critico-tras-golpiza-y-negligencia-medica\\\/\"},\"headline\":\"Preso pol\u00edtico Oscar Luis Ortiz en riesgo cr\u00edtico tras golpiza y negligencia m\u00e9dica\",\"datePublished\":\"2026-04-27T18:01:32+00:00\",\"dateModified\":\"2026-04-27T18:01:43+00:00\",\"mainEntityOfPage\":{\"@id\":\"https:\\\/\\\/cubalex.org\\\/2026\\\/04\\\/27\\\/preso-politico-oscar-luis-ortiz-en-riesgo-critico-tras-golpiza-y-negligencia-medica\\\/\"},\"wordCount\":698,\"publisher\":{\"@id\":\"https:\\\/\\\/cubalex.org\\\/#organization\"},\"image\":{\"@id\":\"https:\\\/\\\/cubalex.org\\\/2026\\\/04\\\/27\\\/preso-politico-oscar-luis-ortiz-en-riesgo-critico-tras-golpiza-y-negligencia-medica\\\/#primaryimage\"},\"thumbnailUrl\":\"https:\\\/\\\/i0.wp.com\\\/cubalex.org\\\/wp-content\\\/uploads\\\/2026\\\/04\\\/Plantillas-sitio-web-5.png?fit=1200%2C560&ssl=1\",\"articleSection\":[\"Cubalex\"],\"inLanguage\":\"en-US\"},{\"@type\":\"WebPage\",\"@id\":\"https:\\\/\\\/cubalex.org\\\/2026\\\/04\\\/27\\\/preso-politico-oscar-luis-ortiz-en-riesgo-critico-tras-golpiza-y-negligencia-medica\\\/\",\"url\":\"https:\\\/\\\/cubalex.org\\\/2026\\\/04\\\/27\\\/preso-politico-oscar-luis-ortiz-en-riesgo-critico-tras-golpiza-y-negligencia-medica\\\/\",\"name\":\"Preso pol\u00edtico Oscar Luis Ortiz en riesgo cr\u00edtico tras golpiza y negligencia m\u00e9dica - Cubalex\",\"isPartOf\":{\"@id\":\"https:\\\/\\\/cubalex.org\\\/#website\"},\"primaryImageOfPage\":{\"@id\":\"https:\\\/\\\/cubalex.org\\\/2026\\\/04\\\/27\\\/preso-politico-oscar-luis-ortiz-en-riesgo-critico-tras-golpiza-y-negligencia-medica\\\/#primaryimage\"},\"image\":{\"@id\":\"https:\\\/\\\/cubalex.org\\\/2026\\\/04\\\/27\\\/preso-politico-oscar-luis-ortiz-en-riesgo-critico-tras-golpiza-y-negligencia-medica\\\/#primaryimage\"},\"thumbnailUrl\":\"https:\\\/\\\/i0.wp.com\\\/cubalex.org\\\/wp-content\\\/uploads\\\/2026\\\/04\\\/Plantillas-sitio-web-5.png?fit=1200%2C560&ssl=1\",\"datePublished\":\"2026-04-27T18:01:32+00:00\",\"dateModified\":\"2026-04-27T18:01:43+00:00\",\"breadcrumb\":{\"@id\":\"https:\\\/\\\/cubalex.org\\\/2026\\\/04\\\/27\\\/preso-politico-oscar-luis-ortiz-en-riesgo-critico-tras-golpiza-y-negligencia-medica\\\/#breadcrumb\"},\"inLanguage\":\"en-US\",\"potentialAction\":[{\"@type\":\"ReadAction\",\"target\":[\"https:\\\/\\\/cubalex.org\\\/2026\\\/04\\\/27\\\/preso-politico-oscar-luis-ortiz-en-riesgo-critico-tras-golpiza-y-negligencia-medica\\\/\"]}]},{\"@type\":\"ImageObject\",\"inLanguage\":\"en-US\",\"@id\":\"https:\\\/\\\/cubalex.org\\\/2026\\\/04\\\/27\\\/preso-politico-oscar-luis-ortiz-en-riesgo-critico-tras-golpiza-y-negligencia-medica\\\/#primaryimage\",\"url\":\"https:\\\/\\\/i0.wp.com\\\/cubalex.org\\\/wp-content\\\/uploads\\\/2026\\\/04\\\/Plantillas-sitio-web-5.png?fit=1200%2C560&ssl=1\",\"contentUrl\":\"https:\\\/\\\/i0.wp.com\\\/cubalex.org\\\/wp-content\\\/uploads\\\/2026\\\/04\\\/Plantillas-sitio-web-5.png?fit=1200%2C560&ssl=1\",\"width\":1200,\"height\":560,\"caption\":\"Preso pol\u00edtico Oscar Luis Ortiz\"},{\"@type\":\"BreadcrumbList\",\"@id\":\"https:\\\/\\\/cubalex.org\\\/2026\\\/04\\\/27\\\/preso-politico-oscar-luis-ortiz-en-riesgo-critico-tras-golpiza-y-negligencia-medica\\\/#breadcrumb\",\"itemListElement\":[{\"@type\":\"ListItem\",\"position\":1,\"name\":\"Portada\",\"item\":\"https:\\\/\\\/cubalex.org\\\/\"},{\"@type\":\"ListItem\",\"position\":2,\"name\":\"Preso pol\u00edtico Oscar Luis Ortiz en riesgo cr\u00edtico tras golpiza y negligencia m\u00e9dica\"}]},{\"@type\":\"WebSite\",\"@id\":\"https:\\\/\\\/cubalex.org\\\/#website\",\"url\":\"https:\\\/\\\/cubalex.org\\\/\",\"name\":\"Cubalex\",\"description\":\"Trabajamos en defensa de los derechos humanos, para instaurar la democracia y el Estado de derecho en Cuba\",\"publisher\":{\"@id\":\"https:\\\/\\\/cubalex.org\\\/#organization\"},\"potentialAction\":[{\"@type\":\"SearchAction\",\"target\":{\"@type\":\"EntryPoint\",\"urlTemplate\":\"https:\\\/\\\/cubalex.org\\\/?s={search_term_string}\"},\"query-input\":{\"@type\":\"PropertyValueSpecification\",\"valueRequired\":true,\"valueName\":\"search_term_string\"}}],\"inLanguage\":\"en-US\"},{\"@type\":\"Organization\",\"@id\":\"https:\\\/\\\/cubalex.org\\\/#organization\",\"name\":\"Cubalex\",\"url\":\"https:\\\/\\\/cubalex.org\\\/\",\"logo\":{\"@type\":\"ImageObject\",\"inLanguage\":\"en-US\",\"@id\":\"https:\\\/\\\/cubalex.org\\\/#\\\/schema\\\/logo\\\/image\\\/\",\"url\":\"https:\\\/\\\/i0.wp.com\\\/cubalex.org\\\/wp-content\\\/uploads\\\/2026\\\/08\\\/CUBALEX1.png?fit=1445%2C300&ssl=1\",\"contentUrl\":\"https:\\\/\\\/i0.wp.com\\\/cubalex.org\\\/wp-content\\\/uploads\\\/2026\\\/08\\\/CUBALEX1.png?fit=1445%2C300&ssl=1\",\"width\":1445,\"height\":300,\"caption\":\"Cubalex\"},\"image\":{\"@id\":\"https:\\\/\\\/cubalex.org\\\/#\\\/schema\\\/logo\\\/image\\\/\"},\"sameAs\":[\"https:\\\/\\\/www.facebook.com\\\/ONGcubalex\",\"https:\\\/\\\/x.com\\\/CubalexDDHH\",\"https:\\\/\\\/www.youtube.com\\\/@Cubalex\",\"https:\\\/\\\/www.linkedin.com\\\/company\\\/cubalex\\\/\",\"https:\\\/\\\/t.me\\\/cubalex\"]}]}<\/script>\n<!-- \/ Yoast SEO plugin. -->","yoast_head_json":{"title":"Preso pol\u00edtico Oscar Luis Ortiz en riesgo cr\u00edtico tras golpiza y negligencia m\u00e9dica - Cubalex","robots":{"index":"index","follow":"follow","max-snippet":"max-snippet:-1","max-image-preview":"max-image-preview:large","max-video-preview":"max-video-preview:-1"},"canonical":"https:\/\/cubalex.org\/en\/2026\/04\/27\/preso-politico-oscar-luis-ortiz-en-riesgo-critico-tras-golpiza-y-negligencia-medica\/","og_locale":"en_US","og_type":"article","og_title":"Preso pol\u00edtico Oscar Luis Ortiz en riesgo cr\u00edtico tras golpiza y negligencia m\u00e9dica - Cubalex","og_description":"Cubalex denuncia la grave situaci\u00f3n de extrema vulnerabilidad en la que se encuentra el preso pol\u00edtico Oscar Luis Ortiz, quien est\u00e1 recluido en la prisi\u00f3n 1580 tras haber sido v\u00edctima de una brutal detenci\u00f3n que agrav\u00f3 un cuadro cl\u00ednico ya cr\u00edtico. Oscar Luis Ortiz se encuentra privado de la libertad por su participaci\u00f3n en las [&hellip;]","og_url":"https:\/\/cubalex.org\/en\/2026\/04\/27\/preso-politico-oscar-luis-ortiz-en-riesgo-critico-tras-golpiza-y-negligencia-medica\/","og_site_name":"Cubalex","article_publisher":"https:\/\/www.facebook.com\/ONGcubalex","article_published_time":"2026-04-27T18:01:32+00:00","article_modified_time":"2026-04-27T18:01:43+00:00","og_image":[{"width":1200,"height":560,"url":"https:\/\/cubalex.org\/wp-content\/uploads\/2026\/04\/Plantillas-sitio-web-5.png","type":"image\/png"}],"twitter_card":"summary_large_image","twitter_creator":"@CubalexDDHH","twitter_site":"@CubalexDDHH","twitter_misc":{"Written by":"salome","Est. reading time":"4 minutes"},"schema":{"@context":"https:\/\/schema.org","@graph":[{"@type":"Article","@id":"https:\/\/cubalex.org\/2026\/04\/27\/preso-politico-oscar-luis-ortiz-en-riesgo-critico-tras-golpiza-y-negligencia-medica\/#article","isPartOf":{"@id":"https:\/\/cubalex.org\/2026\/04\/27\/preso-politico-oscar-luis-ortiz-en-riesgo-critico-tras-golpiza-y-negligencia-medica\/"},"headline":"Preso pol\u00edtico Oscar Luis Ortiz en riesgo cr\u00edtico tras golpiza y negligencia m\u00e9dica","datePublished":"2026-04-27T18:01:32+00:00","dateModified":"2026-04-27T18:01:43+00:00","mainEntityOfPage":{"@id":"https:\/\/cubalex.org\/2026\/04\/27\/preso-politico-oscar-luis-ortiz-en-riesgo-critico-tras-golpiza-y-negligencia-medica\/"},"wordCount":698,"publisher":{"@id":"https:\/\/cubalex.org\/#organization"},"image":{"@id":"https:\/\/cubalex.org\/2026\/04\/27\/preso-politico-oscar-luis-ortiz-en-riesgo-critico-tras-golpiza-y-negligencia-medica\/#primaryimage"},"thumbnailUrl":"https:\/\/i0.wp.com\/cubalex.org\/wp-content\/uploads\/2026\/04\/Plantillas-sitio-web-5.png?fit=1200%2C560&ssl=1","articleSection":["Cubalex"],"inLanguage":"en-US"},{"@type":"WebPage","@id":"https:\/\/cubalex.org\/2026\/04\/27\/preso-politico-oscar-luis-ortiz-en-riesgo-critico-tras-golpiza-y-negligencia-medica\/","url":"https:\/\/cubalex.org\/2026\/04\/27\/preso-politico-oscar-luis-ortiz-en-riesgo-critico-tras-golpiza-y-negligencia-medica\/","name":"Preso pol\u00edtico Oscar Luis Ortiz en riesgo cr\u00edtico tras golpiza y negligencia m\u00e9dica - Cubalex","isPartOf":{"@id":"https:\/\/cubalex.org\/#website"},"primaryImageOfPage":{"@id":"https:\/\/cubalex.org\/2026\/04\/27\/preso-politico-oscar-luis-ortiz-en-riesgo-critico-tras-golpiza-y-negligencia-medica\/#primaryimage"},"image":{"@id":"https:\/\/cubalex.org\/2026\/04\/27\/preso-politico-oscar-luis-ortiz-en-riesgo-critico-tras-golpiza-y-negligencia-medica\/#primaryimage"},"thumbnailUrl":"https:\/\/i0.wp.com\/cubalex.org\/wp-content\/uploads\/2026\/04\/Plantillas-sitio-web-5.png?fit=1200%2C560&ssl=1","datePublished":"2026-04-27T18:01:32+00:00","dateModified":"2026-04-27T18:01:43+00:00","breadcrumb":{"@id":"https:\/\/cubalex.org\/2026\/04\/27\/preso-politico-oscar-luis-ortiz-en-riesgo-critico-tras-golpiza-y-negligencia-medica\/#breadcrumb"},"inLanguage":"en-US","potentialAction":[{"@type":"ReadAction","target":["https:\/\/cubalex.org\/2026\/04\/27\/preso-politico-oscar-luis-ortiz-en-riesgo-critico-tras-golpiza-y-negligencia-medica\/"]}]},{"@type":"ImageObject","inLanguage":"en-US","@id":"https:\/\/cubalex.org\/2026\/04\/27\/preso-politico-oscar-luis-ortiz-en-riesgo-critico-tras-golpiza-y-negligencia-medica\/#primaryimage","url":"https:\/\/i0.wp.com\/cubalex.org\/wp-content\/uploads\/2026\/04\/Plantillas-sitio-web-5.png?fit=1200%2C560&ssl=1","contentUrl":"https:\/\/i0.wp.com\/cubalex.org\/wp-content\/uploads\/2026\/04\/Plantillas-sitio-web-5.png?fit=1200%2C560&ssl=1","width":1200,"height":560,"caption":"Preso pol\u00edtico Oscar Luis Ortiz"},{"@type":"BreadcrumbList","@id":"https:\/\/cubalex.org\/2026\/04\/27\/preso-politico-oscar-luis-ortiz-en-riesgo-critico-tras-golpiza-y-negligencia-medica\/#breadcrumb","itemListElement":[{"@type":"ListItem","position":1,"name":"Portada","item":"https:\/\/cubalex.org\/"},{"@type":"ListItem","position":2,"name":"Preso pol\u00edtico Oscar Luis Ortiz en riesgo cr\u00edtico tras golpiza y negligencia m\u00e9dica"}]},{"@type":"WebSite","@id":"https:\/\/cubalex.org\/#website","url":"https:\/\/cubalex.org\/","name":"Cubalex","description":"Trabajamos en defensa de los derechos humanos, para instaurar la democracia y el Estado de derecho en Cuba","publisher":{"@id":"https:\/\/cubalex.org\/#organization"},"potentialAction":[{"@type":"SearchAction","target":{"@type":"EntryPoint","urlTemplate":"https:\/\/cubalex.org\/?s={search_term_string}"},"query-input":{"@type":"PropertyValueSpecification","valueRequired":true,"valueName":"search_term_string"}}],"inLanguage":"en-US"},{"@type":"Organization","@id":"https:\/\/cubalex.org\/#organization","name":"Cubalex","url":"https:\/\/cubalex.org\/","logo":{"@type":"ImageObject","inLanguage":"en-US","@id":"https:\/\/cubalex.org\/#\/schema\/logo\/image\/","url":"https:\/\/i0.wp.com\/cubalex.org\/wp-content\/uploads\/2026\/08\/CUBALEX1.png?fit=1445%2C300&ssl=1","contentUrl":"https:\/\/i0.wp.com\/cubalex.org\/wp-content\/uploads\/2026\/08\/CUBALEX1.png?fit=1445%2C300&ssl=1","width":1445,"height":300,"caption":"Cubalex"},"image":{"@id":"https:\/\/cubalex.org\/#\/schema\/logo\/image\/"},"sameAs":["https:\/\/www.facebook.com\/ONGcubalex","https:\/\/x.com\/CubalexDDHH","https:\/\/www.youtube.com\/@Cubalex","https:\/\/www.linkedin.com\/company\/cubalex\/","https:\/\/t.me\/cubalex"]}]}},"jetpack_shortlink":"https:\/\/wp.me\/p23ZXl-5Nu","jetpack_sharing_enabled":true,"jetpack_featured_media_url":"https:\/\/i0.wp.com\/cubalex.org\/wp-content\/uploads\/2026\/04\/Plantillas-sitio-web-5.png?fit=1200%2C560&ssl=1","_links":{"self":[{"href":"https:\/\/cubalex.org\/en\/wp-json\/wp\/v2\/posts\/22288","targetHints":{"allow":["GET"]}}],"collection":[{"href":"https:\/\/cubalex.org\/en\/wp-json\/wp\/v2\/posts"}],"about":[{"href":"https:\/\/cubalex.org\/en\/wp-json\/wp\/v2\/types\/post"}],"replies":[{"embeddable":true,"href":"https:\/\/cubalex.org\/en\/wp-json\/wp\/v2\/comments?post=22288"}],"version-history":[{"count":0,"href":"https:\/\/cubalex.org\/en\/wp-json\/wp\/v2\/posts\/22288\/revisions"}],"wp:featuredmedia":[{"embeddable":true,"href":"https:\/\/cubalex.org\/en\/wp-json\/wp\/v2\/media\/22290"}],"wp:attachment":[{"href":"https:\/\/cubalex.org\/en\/wp-json\/wp\/v2\/media?parent=22288"}],"wp:term":[{"taxonomy":"category","embeddable":true,"href":"https:\/\/cubalex.org\/en\/wp-json\/wp\/v2\/categories?post=22288"},{"taxonomy":"post_tag","embeddable":true,"href":"https:\/\/cubalex.org\/en\/wp-json\/wp\/v2\/tags?post=22288"}],"curies":[{"name":"wp","href":"https:\/\/api.w.org\/{rel}","templated":true}]}}