{"id":22292,"date":"2026-04-27T15:46:43","date_gmt":"2026-04-27T19:46:43","guid":{"rendered":"https:\/\/cubalex.org\/?p=22292"},"modified":"2026-04-27T16:07:09","modified_gmt":"2026-04-27T20:07:09","slug":"nuevo-caso-de-abuso-sexual-en-carcel-de-guanajay-confirma-patron-de-violencia-sistematica-contra-presos-del-11j","status":"publish","type":"post","link":"https:\/\/cubalex.org\/en\/2026\/04\/27\/nuevo-caso-de-abuso-sexual-en-carcel-de-guanajay-confirma-patron-de-violencia-sistematica-contra-presos-del-11j\/","title":{"rendered":"Nuevo caso de abuso sexual en c\u00e1rcel de Guanajay confirma patr\u00f3n de violencia sistem\u00e1tica contra presos del 11J"},"content":{"rendered":"<p class=\"wp-block-paragraph\">Una denuncia<a href=\"https:\/\/www.facebook.com\/story.php?story_fbid=25797906269882650&amp;id=100002698895729&amp;rdid=PXAxblO54LlTg2qC#\"> difundida<\/a> en redes sociales por la activista cubana Salom\u00e9 Garc\u00eda Bacallao alerta sobre <strong>un nuevo caso de abuso sexual dentro de la prisi\u00f3n de Guanajay<\/strong>, en Artemisa, presuntamente permitido por oficiales de la Seguridad del Estado y autoridades penitenciarias.<\/p>\n\n\n\n<p class=\"wp-block-paragraph\">Seg\u00fan la denuncia, el recluso Roberto Vald\u00e9s Alonso, conocido como \u201cel gago de San Jos\u00e9\u201d, habr\u00eda agredido sexualmente a un joven manifestante de las protestas del 11 de julio de 2021 (11J), quien actualmente permanece ingresado en el puesto m\u00e9dico del penal \u201cen estado de shock y en condiciones f\u00edsicas y psicol\u00f3gicas delicadas\u201d. <\/p>\n\n\n\n<p class=\"wp-block-paragraph\">Fueron se\u00f1alados como responsables al mayor Javier Reboso P\u00e9rez, oficial de la Seguridad del Estado; al teniente coronel Emilio Guilarte Ram\u00edrez, segundo jefe de la prisi\u00f3n y actualmente a cargo del centro; y al teniente coronel Guillermo Cordero Monduy, quien \u2014seg\u00fan la denuncia\u2014 se encuentra de vacaciones.<\/p>\n\n\n\n<p class=\"wp-block-paragraph\">De acuerdo con el testimonio divulgado, Reboso P\u00e9rez habr\u00eda enviado un mensaje en el que reconoce y se burla de los hechos: \u201cdile al gago que est\u00e1 acabando con los muchachos del 11 de julio\u201d.<\/p>\n\n\n\n<p class=\"wp-block-paragraph\"><iframe src=\"https:\/\/www.facebook.com\/plugins\/post.php?href=https%3A%2F%2Fwww.facebook.com%2Fsalome.garciabacallao%2Fposts%2Fpfbid0rjLnSobH81VFWhhtYAMfDis1PMwU7i91MRfdG6m7deJtsfdBHpfSU1ssvtHfkXRhl&amp;show_text=true&amp;width=500\" width=\"500\" height=\"250\" style=\"border:none;overflow:hidden\" scrolling=\"no\" frameborder=\"0\" allowfullscreen=\"true\" allow=\"autoplay; clipboard-write; encrypted-media; picture-in-picture; web-share\"><\/iframe><\/p>\n\n\n\n<p class=\"wp-block-paragraph\">La denuncia a\u00f1ade que <strong>la v\u00edctima habr\u00eda sido sometida qu\u00edmicamente antes del abuso sexual, lo que agrava los hechos.<\/strong><\/p>\n\n\n\n<p class=\"wp-block-paragraph\">Este no ser\u00eda un incidente aislado. El<a href=\"https:\/\/www.cubanet.org\/denuncian-agresion-sexual-contra-preso-politico-del-11j-en-prision-de-guanajay\/\"> mismo agresor habr\u00eda atacado en 2024 al preso pol\u00edtico del 11J Juli\u00e1n Mazola<\/a>, quien fue presuntamente encerrado en el mismo cub\u00edculo que Vald\u00e9s Alonso por orden de Reboso P\u00e9rez, como represalia por negarse a colaborar con la Seguridad del Estado.<\/p>\n\n\n\n<p class=\"wp-block-paragraph\">Seg\u00fan lo expuesto, Roberto Vald\u00e9s Alonso cumple una condena superior a 30 a\u00f1os de prisi\u00f3n y tendr\u00eda un historial de extrema violencia, incluyendo violaciones y agresiones sexuales contra otros reclusos, en ocasiones utilizando armas blancas.<\/p>\n\n\n\n<h2 class=\"wp-block-heading\">Funcionarios implicados en los hechos y su historial<\/h2>\n\n\n\n<p class=\"wp-block-paragraph\">La denuncia tambi\u00e9n describe a varios de los oficiales implicados. Emilio Guilarte Ram\u00edrez, apodado \u201cEl ilustre\u201d, es se\u00f1alado como un funcionario que \u201cdisfruta de golpear y denigrar a los presos\u201d, incluso mediante violencia de car\u00e1cter sexual verbal. Asimismo, se le vincula con las torturas sufridas por el preso pol\u00edtico Orlando Zapata Tamayo, fallecido en 2010 tras una prolongada huelga de hambre.<\/p>\n\n\n\n<p class=\"wp-block-paragraph\">Por su parte, Guillermo Cordero Monduy tendr\u00eda un historial represivo documentado por organizaciones de derechos humanos desde al menos 2005. Exreclusos y opositores lo han acusado de participar en golpizas, manipulaci\u00f3n violenta de reclusos \u2014lo que le vali\u00f3 el apodo de \u201cGuillermo Tell\u201d\u2014, as\u00ed como de estar implicado en la muerte de varios internos y en la fabricaci\u00f3n de causas judiciales en coordinaci\u00f3n con autoridades provinciales.<\/p>\n\n\n\n<p class=\"wp-block-paragraph\">Desde Cubalex se advierte que este no es el primer caso de violencia sexual documentado en prisiones cubanas y que las<strong> afectaciones y da\u00f1os para las v\u00edctimas son profundos y duraderos<\/strong>. La organizaci\u00f3n subraya que no puede hablarse de reinserci\u00f3n social en un entorno que aplasta a la persona: o te vuelves igual de agresivo para sobrevivir, o te conviertes en una <em>no persona<\/em> por el da\u00f1o tan grande.<\/p>\n\n\n\n<p class=\"wp-block-paragraph\">En ese sentido, Cubalex sostiene que las c\u00e1rceles en la isla operan m\u00e1s como un mecanismo de castigo que como un espacio para la reparaci\u00f3n social del individuo.<\/p>\n\n\n\n<p class=\"wp-block-paragraph\">El Estado cubano debe responder por la violencia sexual sufrida bajo custodia cuando sus agentes conoc\u00edan el riesgo, controlaban la ubicaci\u00f3n de la v\u00edctima, ten\u00edan antecedentes sobre el agresor, pudieron prevenir el ataque y, seg\u00fan la denuncia, habr\u00edan permitido o celebrado la agresi\u00f3n como forma de castigo o intimidaci\u00f3n contra manifestantes del 11J. Eso activa tres niveles de responsabilidad: responsabilidad directa, si un funcionario orden\u00f3, facilit\u00f3 o instig\u00f3 el ataque; responsabilidad por aquiescencia o tolerancia, si las autoridades sab\u00edan del riesgo y no actuaron; y responsabilidad por omisi\u00f3n, si no protegieron, no investigaron, no dieron atenci\u00f3n m\u00e9dica o encubrieron el hecho.<\/p>\n\n\n\n\n\n<h2 class=\"wp-block-heading\">Medidas urgentes de protecci\u00f3n, investigaci\u00f3n y acceso familiar<\/h2>\n\n\n\n<p class=\"wp-block-paragraph\">Para Cubalex, las exigencias en este caso deben centrarse en medidas urgentes de protecci\u00f3n, investigaci\u00f3n y acceso familiar. Entre ellas:<\/p>\n\n\n\n<ul class=\"wp-block-list\">\n<li>Que el Estado cubano proteja de inmediato la vida, la integridad f\u00edsica, psicol\u00f3gica y sexual del joven agredido, protegi\u00e9ndolo de nuevas agresiones, amenazas o represalias.<\/li>\n\n\n\n<li>Que la v\u00edctima sea separada de inmediato del agresor y de cualquier funcionario penitenciario o agente de la Seguridad del Estado presuntamente implicado, directa o indirectamente, en los hechos denunciados.<\/li>\n\n\n\n<li>Que se garantice atenci\u00f3n m\u00e9dica, psicol\u00f3gica y forense urgente, especializada e independiente, incluyendo <strong>evaluaci\u00f3n por violencia sexual, tratamiento de lesiones, atenci\u00f3n psicol\u00f3gica por el estado de shock y prueba toxicol\u00f3gica inmediata.<\/strong><\/li>\n\n\n\n<li>Que se preserve toda la evidencia disponible: historia cl\u00ednica, partes m\u00e9dicos, ropa, s\u00e1banas, muestras biol\u00f3gicas o toxicol\u00f3gicas, registros de celda, movimientos internos, guardias de turno, comunicaciones, c\u00e1maras y cualquier otro elemento \u00fatil para esclarecer los hechos.<\/li>\n\n\n\n<li>Que se informe de inmediato a sus familiares o, en su defecto, a una persona de confianza identificada por la v\u00edctima, y que se le garantice comunicaci\u00f3n confidencial con un abogado\/a, sin presencia ni interferencia de funcionarios del penal.<\/li>\n\n\n\n<li>Que se abra una investigaci\u00f3n penal, pronta, exhaustiva, independiente e imparcial por <strong>violencia sexual bajo custodia<\/strong>, tortura y tratos crueles, inhumanos y degradantes, y represalia pol\u00edtica.<\/li>\n\n\n\n<li>Que la investigaci\u00f3n no se limite al agresor directo, sino que incluya a todos los funcionarios que pudieron ordenar, facilitar, tolerar, encubrir o no prevenir el ataque, especialmente si conoc\u00edan el historial violento y sexual del agresor.<\/li>\n\n\n\n<li>Que se suspenda preventivamente de sus funciones a todos los funcionarios se\u00f1alados mientras dure la investigaci\u00f3n, para evitar intimidaci\u00f3n de la v\u00edctima, presi\u00f3n sobre testigos, manipulaci\u00f3n de registros o destrucci\u00f3n de pruebas.<\/li>\n\n\n\n<li>Que se garantice protecci\u00f3n efectiva a testigos, familiares y otros presos pol\u00edticos o manifestantes del 11J recluidos en Guanajay, especialmente frente al posible uso de reclusos violentos como mecanismo de castigo, intimidaci\u00f3n o represalia.<\/li>\n\n\n\n<li>Que la Fiscal\u00eda General de la Rep\u00fablica, en especial el \u00e1rea encargada del control de la legalidad en establecimientos penitenciarios (CLEP), <strong>realice una inspecci\u00f3n urgente en la prisi\u00f3n de Guanajay<\/strong>, revise denuncias previas de violencia sexual, inspeccione el puesto m\u00e9dico y las celdas, y documente la actuaci\u00f3n de los mandos penitenciarios.<\/li>\n\n\n\n<li>Que el Estado adopte medidas de reparaci\u00f3n integral para la v\u00edctima, incluyendo atenci\u00f3n m\u00e9dica y psicol\u00f3gica sostenida, protecci\u00f3n, investigaci\u00f3n efectiva, sanci\u00f3n de responsables, garant\u00edas de no repetici\u00f3n y reparaci\u00f3n por los da\u00f1os sufridos.<\/li>\n\n\n\n<li>Que se adopten medidas estructurales contra la violencia sexual penitenciaria, incluyendo protocolos de prevenci\u00f3n, registro de denuncias, separaci\u00f3n de agresores conocidos, prohibici\u00f3n de usar reclusos violentos como forma de castigo, supervisi\u00f3n externa y sanci\u00f3n de mandos responsables.<\/li>\n<\/ul>\n\n\n\n<p class=\"wp-block-paragraph\"><strong>Cabe destacar que en este caso, el Estado cubano estar\u00eda incumpliendo obligaciones internacionales como<\/strong> las Reglas Nelson Mandela, la Convenci\u00f3n contra la Tortura, los Principios Interamericanos sobre Personas Privadas de Libertad, el Protocolo de Estambul (2022) y la Declaraci\u00f3n sobre los Principios Fundamentales de Justicia para las V\u00edctimas de Delitos y del Abuso de Poder.<br><\/p>\n\n\n\n<p class=\"wp-block-paragraph\"><em>*No se difundir\u00e1 la identidad de la v\u00edctima, con el objetivo de protegerla en un contexto especialmente complejo, marcado por violaciones de derechos humanos, y para evitar posibles represalias.<\/em><\/p>","protected":false},"excerpt":{"rendered":"<p>Una denuncia difundida en redes sociales por la activista cubana Salom\u00e9 Garc\u00eda Bacallao alerta sobre un nuevo caso de abuso sexual dentro de la prisi\u00f3n de Guanajay, en Artemisa, presuntamente permitido por oficiales de la Seguridad del Estado y autoridades penitenciarias.<\/p>","protected":false},"featured_media":18974,"comment_status":"closed","ping_status":"closed","sticky":false,"template":"","format":"standard","meta":{"_jetpack_newsletter_access":"","_jetpack_dont_email_post_to_subs":false,"_jetpack_newsletter_tier_id":0,"_jetpack_memberships_contains_paywalled_content":false,"_wpcom_ai_launchpad_first_post":false,"_jetpack_feature_clip_id":0,"_jetpack_memberships_contains_paid_content":false,"footnotes":"","jetpack_post_was_ever_published":false},"categories":[551856634],"tags":[551855965,31684,551856052,112601],"class_list":["post-22292","post","type-post","status-publish","format-standard","has-post-thumbnail","hentry","category-analisis-legal","tag-cubalex","tag-derechos-humanos","tag-presos-politicos","tag-represion"],"featured_image_src":"https:\/\/i0.wp.com\/cubalex.org\/wp-content\/uploads\/2025\/10\/Plantillas-sitio-web-65.png?fit=1200%2C560&ssl=1","acf":{"translation_reviewed":false},"yoast_head":"<!-- This site is optimized with the Yoast SEO plugin v28.4 - https:\/\/yoast.com\/product\/yoast-seo-wordpress\/ -->\n<title>Nuevo caso de abuso sexual en c\u00e1rcel de Guanajay confirma patr\u00f3n de violencia sistem\u00e1tica contra presos del 11J - Cubalex<\/title>\n<meta name=\"description\" content=\"Una denuncia difundida en redes sociales por la activista cubana Salom\u00e9 Garc\u00eda Bacallao alerta sobre un nuevo caso de abuso sexual dentro de la prisi\u00f3n de Guanajay, en Artemisa, presuntamente permitido por oficiales de la Seguridad del Estado y autoridades penitenciarias.\" \/>\n<meta name=\"robots\" content=\"index, follow, max-snippet:-1, max-image-preview:large, max-video-preview:-1\" \/>\n<link rel=\"canonical\" href=\"https:\/\/cubalex.org\/en\/2026\/04\/27\/nuevo-caso-de-abuso-sexual-en-carcel-de-guanajay-confirma-patron-de-violencia-sistematica-contra-presos-del-11j\/\" \/>\n<meta property=\"og:locale\" content=\"en_US\" \/>\n<meta property=\"og:type\" content=\"article\" \/>\n<meta property=\"og:title\" content=\"Nuevo caso de abuso sexual en c\u00e1rcel de Guanajay confirma patr\u00f3n de violencia sistem\u00e1tica contra presos del 11J - Cubalex\" \/>\n<meta property=\"og:description\" content=\"Una denuncia difundida en redes sociales por la activista cubana Salom\u00e9 Garc\u00eda Bacallao alerta sobre un nuevo caso de abuso sexual dentro de la prisi\u00f3n de Guanajay, en Artemisa, presuntamente permitido por oficiales de la Seguridad del Estado y autoridades penitenciarias.\" \/>\n<meta property=\"og:url\" content=\"https:\/\/cubalex.org\/en\/2026\/04\/27\/nuevo-caso-de-abuso-sexual-en-carcel-de-guanajay-confirma-patron-de-violencia-sistematica-contra-presos-del-11j\/\" \/>\n<meta property=\"og:site_name\" content=\"Cubalex\" \/>\n<meta property=\"article:publisher\" content=\"https:\/\/www.facebook.com\/ONGcubalex\" \/>\n<meta property=\"article:published_time\" content=\"2026-04-27T19:46:43+00:00\" \/>\n<meta property=\"article:modified_time\" content=\"2026-04-27T20:07:09+00:00\" \/>\n<meta property=\"og:image\" content=\"https:\/\/cubalex.org\/wp-content\/uploads\/2025\/10\/Plantillas-sitio-web-65.png\" \/>\n\t<meta property=\"og:image:width\" content=\"1200\" \/>\n\t<meta property=\"og:image:height\" content=\"560\" \/>\n\t<meta property=\"og:image:type\" content=\"image\/png\" \/>\n<meta name=\"twitter:card\" content=\"summary_large_image\" \/>\n<meta name=\"twitter:creator\" content=\"@CubalexDDHH\" \/>\n<meta name=\"twitter:site\" content=\"@CubalexDDHH\" \/>\n<meta name=\"twitter:label1\" content=\"Written by\" \/>\n\t<meta name=\"twitter:data1\" content=\"puravida\" \/>\n\t<meta name=\"twitter:label2\" content=\"Est. reading time\" \/>\n\t<meta name=\"twitter:data2\" content=\"6 minutes\" \/>\n<script type=\"application\/ld+json\" class=\"yoast-schema-graph\">{\"@context\":\"https:\\\/\\\/schema.org\",\"@graph\":[{\"@type\":\"Article\",\"@id\":\"https:\\\/\\\/cubalex.org\\\/2026\\\/04\\\/27\\\/nuevo-caso-de-abuso-sexual-en-carcel-de-guanajay-confirma-patron-de-violencia-sistematica-contra-presos-del-11j\\\/#article\",\"isPartOf\":{\"@id\":\"https:\\\/\\\/cubalex.org\\\/2026\\\/04\\\/27\\\/nuevo-caso-de-abuso-sexual-en-carcel-de-guanajay-confirma-patron-de-violencia-sistematica-contra-presos-del-11j\\\/\"},\"headline\":\"Nuevo caso de abuso sexual en c\u00e1rcel de Guanajay confirma patr\u00f3n de violencia sistem\u00e1tica contra presos del 11J\",\"datePublished\":\"2026-04-27T19:46:43+00:00\",\"dateModified\":\"2026-04-27T20:07:09+00:00\",\"mainEntityOfPage\":{\"@id\":\"https:\\\/\\\/cubalex.org\\\/2026\\\/04\\\/27\\\/nuevo-caso-de-abuso-sexual-en-carcel-de-guanajay-confirma-patron-de-violencia-sistematica-contra-presos-del-11j\\\/\"},\"wordCount\":1272,\"publisher\":{\"@id\":\"https:\\\/\\\/cubalex.org\\\/#organization\"},\"image\":{\"@id\":\"https:\\\/\\\/cubalex.org\\\/2026\\\/04\\\/27\\\/nuevo-caso-de-abuso-sexual-en-carcel-de-guanajay-confirma-patron-de-violencia-sistematica-contra-presos-del-11j\\\/#primaryimage\"},\"thumbnailUrl\":\"https:\\\/\\\/i0.wp.com\\\/cubalex.org\\\/wp-content\\\/uploads\\\/2025\\\/10\\\/Plantillas-sitio-web-65.png?fit=1200%2C560&ssl=1\",\"keywords\":[\"Cubalex\",\"derechos humanos\",\"presos pol\u00edticos\",\"represi\u00f3n\"],\"articleSection\":[\"An\u00e1lisis Legal\"],\"inLanguage\":\"en-US\"},{\"@type\":\"WebPage\",\"@id\":\"https:\\\/\\\/cubalex.org\\\/2026\\\/04\\\/27\\\/nuevo-caso-de-abuso-sexual-en-carcel-de-guanajay-confirma-patron-de-violencia-sistematica-contra-presos-del-11j\\\/\",\"url\":\"https:\\\/\\\/cubalex.org\\\/2026\\\/04\\\/27\\\/nuevo-caso-de-abuso-sexual-en-carcel-de-guanajay-confirma-patron-de-violencia-sistematica-contra-presos-del-11j\\\/\",\"name\":\"Nuevo caso de abuso sexual en c\u00e1rcel de Guanajay confirma patr\u00f3n de violencia sistem\u00e1tica contra presos del 11J - Cubalex\",\"isPartOf\":{\"@id\":\"https:\\\/\\\/cubalex.org\\\/#website\"},\"primaryImageOfPage\":{\"@id\":\"https:\\\/\\\/cubalex.org\\\/2026\\\/04\\\/27\\\/nuevo-caso-de-abuso-sexual-en-carcel-de-guanajay-confirma-patron-de-violencia-sistematica-contra-presos-del-11j\\\/#primaryimage\"},\"image\":{\"@id\":\"https:\\\/\\\/cubalex.org\\\/2026\\\/04\\\/27\\\/nuevo-caso-de-abuso-sexual-en-carcel-de-guanajay-confirma-patron-de-violencia-sistematica-contra-presos-del-11j\\\/#primaryimage\"},\"thumbnailUrl\":\"https:\\\/\\\/i0.wp.com\\\/cubalex.org\\\/wp-content\\\/uploads\\\/2025\\\/10\\\/Plantillas-sitio-web-65.png?fit=1200%2C560&ssl=1\",\"datePublished\":\"2026-04-27T19:46:43+00:00\",\"dateModified\":\"2026-04-27T20:07:09+00:00\",\"description\":\"Una denuncia difundida en redes sociales por la activista cubana Salom\u00e9 Garc\u00eda Bacallao alerta sobre un nuevo caso de abuso sexual dentro de la prisi\u00f3n de Guanajay, en Artemisa, presuntamente permitido por oficiales de la Seguridad del Estado y autoridades penitenciarias.\",\"breadcrumb\":{\"@id\":\"https:\\\/\\\/cubalex.org\\\/2026\\\/04\\\/27\\\/nuevo-caso-de-abuso-sexual-en-carcel-de-guanajay-confirma-patron-de-violencia-sistematica-contra-presos-del-11j\\\/#breadcrumb\"},\"inLanguage\":\"en-US\",\"potentialAction\":[{\"@type\":\"ReadAction\",\"target\":[\"https:\\\/\\\/cubalex.org\\\/2026\\\/04\\\/27\\\/nuevo-caso-de-abuso-sexual-en-carcel-de-guanajay-confirma-patron-de-violencia-sistematica-contra-presos-del-11j\\\/\"]}]},{\"@type\":\"ImageObject\",\"inLanguage\":\"en-US\",\"@id\":\"https:\\\/\\\/cubalex.org\\\/2026\\\/04\\\/27\\\/nuevo-caso-de-abuso-sexual-en-carcel-de-guanajay-confirma-patron-de-violencia-sistematica-contra-presos-del-11j\\\/#primaryimage\",\"url\":\"https:\\\/\\\/i0.wp.com\\\/cubalex.org\\\/wp-content\\\/uploads\\\/2025\\\/10\\\/Plantillas-sitio-web-65.png?fit=1200%2C560&ssl=1\",\"contentUrl\":\"https:\\\/\\\/i0.wp.com\\\/cubalex.org\\\/wp-content\\\/uploads\\\/2025\\\/10\\\/Plantillas-sitio-web-65.png?fit=1200%2C560&ssl=1\",\"width\":1200,\"height\":560},{\"@type\":\"BreadcrumbList\",\"@id\":\"https:\\\/\\\/cubalex.org\\\/2026\\\/04\\\/27\\\/nuevo-caso-de-abuso-sexual-en-carcel-de-guanajay-confirma-patron-de-violencia-sistematica-contra-presos-del-11j\\\/#breadcrumb\",\"itemListElement\":[{\"@type\":\"ListItem\",\"position\":1,\"name\":\"Portada\",\"item\":\"https:\\\/\\\/cubalex.org\\\/\"},{\"@type\":\"ListItem\",\"position\":2,\"name\":\"Nuevo caso de abuso sexual en c\u00e1rcel de Guanajay confirma patr\u00f3n de violencia sistem\u00e1tica contra presos del 11J\"}]},{\"@type\":\"WebSite\",\"@id\":\"https:\\\/\\\/cubalex.org\\\/#website\",\"url\":\"https:\\\/\\\/cubalex.org\\\/\",\"name\":\"Cubalex\",\"description\":\"Trabajamos en defensa de los derechos humanos, para instaurar la democracia y el Estado de derecho en Cuba\",\"publisher\":{\"@id\":\"https:\\\/\\\/cubalex.org\\\/#organization\"},\"potentialAction\":[{\"@type\":\"SearchAction\",\"target\":{\"@type\":\"EntryPoint\",\"urlTemplate\":\"https:\\\/\\\/cubalex.org\\\/?s={search_term_string}\"},\"query-input\":{\"@type\":\"PropertyValueSpecification\",\"valueRequired\":true,\"valueName\":\"search_term_string\"}}],\"inLanguage\":\"en-US\"},{\"@type\":\"Organization\",\"@id\":\"https:\\\/\\\/cubalex.org\\\/#organization\",\"name\":\"Cubalex\",\"url\":\"https:\\\/\\\/cubalex.org\\\/\",\"logo\":{\"@type\":\"ImageObject\",\"inLanguage\":\"en-US\",\"@id\":\"https:\\\/\\\/cubalex.org\\\/#\\\/schema\\\/logo\\\/image\\\/\",\"url\":\"https:\\\/\\\/i0.wp.com\\\/cubalex.org\\\/wp-content\\\/uploads\\\/2026\\\/08\\\/CUBALEX1.png?fit=1445%2C300&ssl=1\",\"contentUrl\":\"https:\\\/\\\/i0.wp.com\\\/cubalex.org\\\/wp-content\\\/uploads\\\/2026\\\/08\\\/CUBALEX1.png?fit=1445%2C300&ssl=1\",\"width\":1445,\"height\":300,\"caption\":\"Cubalex\"},\"image\":{\"@id\":\"https:\\\/\\\/cubalex.org\\\/#\\\/schema\\\/logo\\\/image\\\/\"},\"sameAs\":[\"https:\\\/\\\/www.facebook.com\\\/ONGcubalex\",\"https:\\\/\\\/x.com\\\/CubalexDDHH\",\"https:\\\/\\\/www.youtube.com\\\/@Cubalex\",\"https:\\\/\\\/www.linkedin.com\\\/company\\\/cubalex\\\/\",\"https:\\\/\\\/t.me\\\/cubalex\"]}]}<\/script>\n<!-- \/ Yoast SEO plugin. -->","yoast_head_json":{"title":"Nuevo caso de abuso sexual en c\u00e1rcel de Guanajay confirma patr\u00f3n de violencia sistem\u00e1tica contra presos del 11J - Cubalex","description":"Una denuncia difundida en redes sociales por la activista cubana Salom\u00e9 Garc\u00eda Bacallao alerta sobre un nuevo caso de abuso sexual dentro de la prisi\u00f3n de Guanajay, en Artemisa, presuntamente permitido por oficiales de la Seguridad del Estado y autoridades penitenciarias.","robots":{"index":"index","follow":"follow","max-snippet":"max-snippet:-1","max-image-preview":"max-image-preview:large","max-video-preview":"max-video-preview:-1"},"canonical":"https:\/\/cubalex.org\/en\/2026\/04\/27\/nuevo-caso-de-abuso-sexual-en-carcel-de-guanajay-confirma-patron-de-violencia-sistematica-contra-presos-del-11j\/","og_locale":"en_US","og_type":"article","og_title":"Nuevo caso de abuso sexual en c\u00e1rcel de Guanajay confirma patr\u00f3n de violencia sistem\u00e1tica contra presos del 11J - Cubalex","og_description":"Una denuncia difundida en redes sociales por la activista cubana Salom\u00e9 Garc\u00eda Bacallao alerta sobre un nuevo caso de abuso sexual dentro de la prisi\u00f3n de Guanajay, en Artemisa, presuntamente permitido por oficiales de la Seguridad del Estado y autoridades penitenciarias.","og_url":"https:\/\/cubalex.org\/en\/2026\/04\/27\/nuevo-caso-de-abuso-sexual-en-carcel-de-guanajay-confirma-patron-de-violencia-sistematica-contra-presos-del-11j\/","og_site_name":"Cubalex","article_publisher":"https:\/\/www.facebook.com\/ONGcubalex","article_published_time":"2026-04-27T19:46:43+00:00","article_modified_time":"2026-04-27T20:07:09+00:00","og_image":[{"width":1200,"height":560,"url":"https:\/\/cubalex.org\/wp-content\/uploads\/2025\/10\/Plantillas-sitio-web-65.png","type":"image\/png"}],"twitter_card":"summary_large_image","twitter_creator":"@CubalexDDHH","twitter_site":"@CubalexDDHH","twitter_misc":{"Written by":"puravida","Est. reading time":"6 minutes"},"schema":{"@context":"https:\/\/schema.org","@graph":[{"@type":"Article","@id":"https:\/\/cubalex.org\/2026\/04\/27\/nuevo-caso-de-abuso-sexual-en-carcel-de-guanajay-confirma-patron-de-violencia-sistematica-contra-presos-del-11j\/#article","isPartOf":{"@id":"https:\/\/cubalex.org\/2026\/04\/27\/nuevo-caso-de-abuso-sexual-en-carcel-de-guanajay-confirma-patron-de-violencia-sistematica-contra-presos-del-11j\/"},"headline":"Nuevo caso de abuso sexual en c\u00e1rcel de Guanajay confirma patr\u00f3n de violencia sistem\u00e1tica contra presos del 11J","datePublished":"2026-04-27T19:46:43+00:00","dateModified":"2026-04-27T20:07:09+00:00","mainEntityOfPage":{"@id":"https:\/\/cubalex.org\/2026\/04\/27\/nuevo-caso-de-abuso-sexual-en-carcel-de-guanajay-confirma-patron-de-violencia-sistematica-contra-presos-del-11j\/"},"wordCount":1272,"publisher":{"@id":"https:\/\/cubalex.org\/#organization"},"image":{"@id":"https:\/\/cubalex.org\/2026\/04\/27\/nuevo-caso-de-abuso-sexual-en-carcel-de-guanajay-confirma-patron-de-violencia-sistematica-contra-presos-del-11j\/#primaryimage"},"thumbnailUrl":"https:\/\/i0.wp.com\/cubalex.org\/wp-content\/uploads\/2025\/10\/Plantillas-sitio-web-65.png?fit=1200%2C560&ssl=1","keywords":["Cubalex","derechos humanos","presos pol\u00edticos","represi\u00f3n"],"articleSection":["An\u00e1lisis Legal"],"inLanguage":"en-US"},{"@type":"WebPage","@id":"https:\/\/cubalex.org\/2026\/04\/27\/nuevo-caso-de-abuso-sexual-en-carcel-de-guanajay-confirma-patron-de-violencia-sistematica-contra-presos-del-11j\/","url":"https:\/\/cubalex.org\/2026\/04\/27\/nuevo-caso-de-abuso-sexual-en-carcel-de-guanajay-confirma-patron-de-violencia-sistematica-contra-presos-del-11j\/","name":"Nuevo caso de abuso sexual en c\u00e1rcel de Guanajay confirma patr\u00f3n de violencia sistem\u00e1tica contra presos del 11J - Cubalex","isPartOf":{"@id":"https:\/\/cubalex.org\/#website"},"primaryImageOfPage":{"@id":"https:\/\/cubalex.org\/2026\/04\/27\/nuevo-caso-de-abuso-sexual-en-carcel-de-guanajay-confirma-patron-de-violencia-sistematica-contra-presos-del-11j\/#primaryimage"},"image":{"@id":"https:\/\/cubalex.org\/2026\/04\/27\/nuevo-caso-de-abuso-sexual-en-carcel-de-guanajay-confirma-patron-de-violencia-sistematica-contra-presos-del-11j\/#primaryimage"},"thumbnailUrl":"https:\/\/i0.wp.com\/cubalex.org\/wp-content\/uploads\/2025\/10\/Plantillas-sitio-web-65.png?fit=1200%2C560&ssl=1","datePublished":"2026-04-27T19:46:43+00:00","dateModified":"2026-04-27T20:07:09+00:00","description":"Una denuncia difundida en redes sociales por la activista cubana Salom\u00e9 Garc\u00eda Bacallao alerta sobre un nuevo caso de abuso sexual dentro de la prisi\u00f3n de Guanajay, en Artemisa, presuntamente permitido por oficiales de la Seguridad del Estado y autoridades penitenciarias.","breadcrumb":{"@id":"https:\/\/cubalex.org\/2026\/04\/27\/nuevo-caso-de-abuso-sexual-en-carcel-de-guanajay-confirma-patron-de-violencia-sistematica-contra-presos-del-11j\/#breadcrumb"},"inLanguage":"en-US","potentialAction":[{"@type":"ReadAction","target":["https:\/\/cubalex.org\/2026\/04\/27\/nuevo-caso-de-abuso-sexual-en-carcel-de-guanajay-confirma-patron-de-violencia-sistematica-contra-presos-del-11j\/"]}]},{"@type":"ImageObject","inLanguage":"en-US","@id":"https:\/\/cubalex.org\/2026\/04\/27\/nuevo-caso-de-abuso-sexual-en-carcel-de-guanajay-confirma-patron-de-violencia-sistematica-contra-presos-del-11j\/#primaryimage","url":"https:\/\/i0.wp.com\/cubalex.org\/wp-content\/uploads\/2025\/10\/Plantillas-sitio-web-65.png?fit=1200%2C560&ssl=1","contentUrl":"https:\/\/i0.wp.com\/cubalex.org\/wp-content\/uploads\/2025\/10\/Plantillas-sitio-web-65.png?fit=1200%2C560&ssl=1","width":1200,"height":560},{"@type":"BreadcrumbList","@id":"https:\/\/cubalex.org\/2026\/04\/27\/nuevo-caso-de-abuso-sexual-en-carcel-de-guanajay-confirma-patron-de-violencia-sistematica-contra-presos-del-11j\/#breadcrumb","itemListElement":[{"@type":"ListItem","position":1,"name":"Portada","item":"https:\/\/cubalex.org\/"},{"@type":"ListItem","position":2,"name":"Nuevo caso de abuso sexual en c\u00e1rcel de Guanajay confirma patr\u00f3n de violencia sistem\u00e1tica contra presos del 11J"}]},{"@type":"WebSite","@id":"https:\/\/cubalex.org\/#website","url":"https:\/\/cubalex.org\/","name":"Cubalex","description":"Trabajamos en defensa de los derechos humanos, para instaurar la democracia y el Estado de derecho en Cuba","publisher":{"@id":"https:\/\/cubalex.org\/#organization"},"potentialAction":[{"@type":"SearchAction","target":{"@type":"EntryPoint","urlTemplate":"https:\/\/cubalex.org\/?s={search_term_string}"},"query-input":{"@type":"PropertyValueSpecification","valueRequired":true,"valueName":"search_term_string"}}],"inLanguage":"en-US"},{"@type":"Organization","@id":"https:\/\/cubalex.org\/#organization","name":"Cubalex","url":"https:\/\/cubalex.org\/","logo":{"@type":"ImageObject","inLanguage":"en-US","@id":"https:\/\/cubalex.org\/#\/schema\/logo\/image\/","url":"https:\/\/i0.wp.com\/cubalex.org\/wp-content\/uploads\/2026\/08\/CUBALEX1.png?fit=1445%2C300&ssl=1","contentUrl":"https:\/\/i0.wp.com\/cubalex.org\/wp-content\/uploads\/2026\/08\/CUBALEX1.png?fit=1445%2C300&ssl=1","width":1445,"height":300,"caption":"Cubalex"},"image":{"@id":"https:\/\/cubalex.org\/#\/schema\/logo\/image\/"},"sameAs":["https:\/\/www.facebook.com\/ONGcubalex","https:\/\/x.com\/CubalexDDHH","https:\/\/www.youtube.com\/@Cubalex","https:\/\/www.linkedin.com\/company\/cubalex\/","https:\/\/t.me\/cubalex"]}]}},"jetpack_shortlink":"https:\/\/wp.me\/p23ZXl-5Ny","jetpack_sharing_enabled":true,"jetpack_featured_media_url":"https:\/\/i0.wp.com\/cubalex.org\/wp-content\/uploads\/2025\/10\/Plantillas-sitio-web-65.png?fit=1200%2C560&ssl=1","_links":{"self":[{"href":"https:\/\/cubalex.org\/en\/wp-json\/wp\/v2\/posts\/22292","targetHints":{"allow":["GET"]}}],"collection":[{"href":"https:\/\/cubalex.org\/en\/wp-json\/wp\/v2\/posts"}],"about":[{"href":"https:\/\/cubalex.org\/en\/wp-json\/wp\/v2\/types\/post"}],"replies":[{"embeddable":true,"href":"https:\/\/cubalex.org\/en\/wp-json\/wp\/v2\/comments?post=22292"}],"version-history":[{"count":0,"href":"https:\/\/cubalex.org\/en\/wp-json\/wp\/v2\/posts\/22292\/revisions"}],"wp:featuredmedia":[{"embeddable":true,"href":"https:\/\/cubalex.org\/en\/wp-json\/wp\/v2\/media\/18974"}],"wp:attachment":[{"href":"https:\/\/cubalex.org\/en\/wp-json\/wp\/v2\/media?parent=22292"}],"wp:term":[{"taxonomy":"category","embeddable":true,"href":"https:\/\/cubalex.org\/en\/wp-json\/wp\/v2\/categories?post=22292"},{"taxonomy":"post_tag","embeddable":true,"href":"https:\/\/cubalex.org\/en\/wp-json\/wp\/v2\/tags?post=22292"}],"curies":[{"name":"wp","href":"https:\/\/api.w.org\/{rel}","templated":true}]}}