{"id":22391,"date":"2026-05-06T15:15:18","date_gmt":"2026-05-06T19:15:18","guid":{"rendered":"https:\/\/cubalex.org\/?p=22391"},"modified":"2026-05-06T19:56:54","modified_gmt":"2026-05-06T23:56:54","slug":"cuando-defenderse-es-delito-claves-legales-en-la-detencion-del-hijo-de-una-dama-de-blanco-en-cuba","status":"publish","type":"post","link":"https:\/\/cubalex.org\/en\/2026\/05\/06\/cuando-defenderse-es-delito-claves-legales-en-la-detencion-del-hijo-de-una-dama-de-blanco-en-cuba\/","title":{"rendered":"Cuando defenderse es delito: claves legales en la detenci\u00f3n del hijo de una Dama de Blanco en Cuba"},"content":{"rendered":"<p class=\"wp-block-paragraph\">La activista cubana Leticia Ramos Herrer\u00eda <a href=\"https:\/\/www.facebook.com\/leticia.ramosherreria\/videos\/1285206460381684\">denunci\u00f3<\/a> la semana anterior una serie de eventos que culminaron en la detenci\u00f3n de su hijo Randy Montes de Oca Ramos en la localidad de C\u00e1rdenas, Cuba. Ramos Herrer\u00eda asegura que su hijo actu\u00f3 estrictamente para proteger su hogar y que su situaci\u00f3n actual es el resultado del abandono institucional previo y la represi\u00f3n pol\u00edtica sistem\u00e1tica en la isla.&nbsp;<\/p>\n\n\n\n<p class=\"wp-block-paragraph\">La escalada de violencia alcanz\u00f3 su punto cr\u00edtico el 28 de abril pasado, cuando un grupo de individuos fueron vistos merodeando nuevamente la zona tras haber cometido un robo en una vivienda vecina durante la ma\u00f1ana. En la tarde de ese d\u00eda, <strong>uno de los delincuentes ingres\u00f3 armado con un machete y un cuchillo a la propiedad del hijo de Ramos Herrer\u00eda. <\/strong>Ante la inminente amenaza contra su vida y la de sus hijos, el joven enfrent\u00f3 al agresor y le caus\u00f3 una herida en la pierna en un acto de defensa propia. Tras el incidente, el hijo de la activista procedi\u00f3 a socorrer al herido y lo traslad\u00f3 de inmediato a un centro hospitalario. Debido a una presunta falta de atenci\u00f3n m\u00e9dica oportuna, el hombre falleci\u00f3 antes de ser intervenido quir\u00fargicamente. Sabiendo que su conducta estaba amparada por la ley, Montes de Oca Ramos se entreg\u00f3 voluntariamente a las autoridades y notific\u00f3 lo ocurrido a la polic\u00eda, quienes le dieron 48 horas para nombrar un abogado.<\/p>\n\n\n\n<p class=\"wp-block-paragraph\">En una actualizaci\u00f3n reciente, Cubalex conoci\u00f3 que el<strong> instructor del caso -vinculado a acciones previas contra la familia- intenta que se le imponga una medida cautelar de prisi\u00f3n provisional<\/strong>, aunque Fiscal\u00eda a\u00fan no se ha pronunciado.<\/p>\n\n\n\n<iframe src=\"https:\/\/www.facebook.com\/plugins\/video.php?height=476&#038;href=https%3A%2F%2Fwww.facebook.com%2Fleticia.ramosherreria%2Fvideos%2F1285206460381684%2F&#038;show_text=false&#038;width=267&#038;t=0\" width=\"267\" height=\"476\" style=\"border:none;overflow:hidden\" scrolling=\"no\" frameborder=\"0\" allowfullscreen=\"true\" allow=\"autoplay; clipboard-write; encrypted-media; picture-in-picture; web-share\"><\/iframe>\n\n\n\n<p class=\"wp-block-paragraph\">Leticia afirma que el arresto actual, bajo el cargo de un delito com\u00fan, es en realidad <strong>una maniobra para encarcelarlo de por vida debido a su activismo y al de su familia<\/strong>.&nbsp;<\/p>\n\n\n\n<p class=\"wp-block-paragraph\">Los antecedentes de esta situaci\u00f3n se remontan al 2 de marzo de 2023, fecha en la que Ramos Herrer\u00eda denunci\u00f3 formalmente a una pandilla de delincuentes que irrumpi\u00f3 en la finca de su hijo, amenazando a su familia, incluidos ni\u00f1os peque\u00f1os, con un arma blanca. Seg\u00fan la Dama de Blanco, a pesar de las pruebas presentadas y el asedio constante, las <strong>autoridades policiales no tomaron medidas para proteger a los afectados,<\/strong> permitiendo que el hostigamiento continuara de manera impune.<\/p>\n\n\n\n<p class=\"wp-block-paragraph\">El ensa\u00f1amiento judicial que enfrenta el joven hoy responde a su postura ideol\u00f3gica. La activista sostiene que la <strong>detenci\u00f3n de su hijo tiene un trasfondo pol\u00edtico<\/strong>, dado que el joven es opositor al gobierno y miembro del Partido por la Democracia Pedro Luis Boitel. Antes del incidente, su hijo ya estaba bajo la mira de la Seguridad del Estado. De hecho, luego de que \u00e9l no acudiera a una citaci\u00f3n policial, lo vinieron a buscar a la casa y lo amenazaron con \u201cque si los americanos invad\u00edan a Cuba, \u00e9l iba a ser uno de los primeros que lo iban a recoger y que no iba a hacer el cuento\u201d.<\/p>\n\n\n\n<h3 class=\"wp-block-heading\">An\u00e1lisis sobre la Leg\u00edtima Defensa en este caso<\/h3>\n\n\n\n<p class=\"wp-block-paragraph\">De acuerdo con la legislaci\u00f3n penal sustantiva (y aplicable a la teor\u00eda general del delito), para que prospere la leg\u00edtima defensa deben concurrir tres elementos fundamentales. En el relato de los hechos, se observan fuertes indicadores de la presencia de todos ellos:<\/p>\n\n\n\n<ul class=\"wp-block-list\">\n<li><strong>Agresi\u00f3n ileg\u00edtima, actual o inminente:<\/strong> Este es el requisito principal. El veintiocho de abril de dos mil veintis\u00e9is, un individuo ingres\u00f3 armado con un machete y un cuchillo a la propiedad del hijo de Ramos Herrer\u00eda. Esta acci\u00f3n representaba una amenaza inminente contra la vida del joven y la de sus hijos. Al ocurrir dentro de la morada y con armas blancas, la ilegitimidad y actualidad de la agresi\u00f3n son evidentes.<\/li>\n\n\n\n<li><strong>Necesidad racional del medio empleado para impedirla o repelerla:<\/strong> La jurisprudencia eval\u00faa la proporcionalidad no como una igualdad matem\u00e1tica de armas, sino como la racionalidad de la acci\u00f3n defensiva para detener el ataque. El joven enfrent\u00f3 al agresor armado caus\u00e1ndole una herida en la pierna. Dirigir el ataque defensivo hacia una extremidad inferior denota un <em>animus defendendi<\/em> (intenci\u00f3n de defenderse y neutralizar) y no un <em>animus necandi<\/em> (intenci\u00f3n de matar).<\/li>\n\n\n\n<li><strong>Falta de provocaci\u00f3n suficiente por parte del que se defiende:<\/strong> El historial narrado muestra que el joven y su familia eran las v\u00edctimas de un hostigamiento continuado. Ya en marzo de 2023 se hab\u00eda denunciado a esta pandilla por irrumpir en la finca y amenazar a la familia con armas blancas. La escalada de violencia fue unilateral por parte del agresor, sin que medie ninguna provocaci\u00f3n por parte de quien se defendi\u00f3 en su propio hogar.<\/li>\n<\/ul>\n\n\n\n<p class=\"wp-block-paragraph\"><\/p>\n\n\n\n<p class=\"wp-block-paragraph\">Como establecimos anteriormente, la leg\u00edtima defensa justifica el <em>hecho<\/em>, volvi\u00e9ndolo l\u00edcito. En este caso, el hecho principal es <strong>la lesi\u00f3n en la pierna<\/strong> causada al defenderse de las agresiones il\u00edcitas y la violaci\u00f3n a sus derechos.<\/p>\n\n\n\n<p class=\"wp-block-paragraph\">El aspecto legal m\u00e1s cr\u00edtico aqu\u00ed es el resultado de muerte. El hijo de la activista socorri\u00f3 al herido y lo traslad\u00f3 inmediatamente al hospital. Sin embargo, el hombre falleci\u00f3 desangrado por una presunta falta de atenci\u00f3n m\u00e9dica oportuna antes de entrar a cirug\u00eda.<\/p>\n\n\n\n<p class=\"wp-block-paragraph\">Dogm\u00e1ticamente, esto es fundamental:<\/p>\n\n\n\n<ol class=\"wp-block-list\">\n<li><strong>Ruptura del nexo causal:<\/strong> El auxilio inmediato y el traslado al hospital refuerzan que el joven actu\u00f3 amparado por el Derecho y que no deseaba la muerte del sujeto. Si se demuestra que la herida en la pierna era superable y que la muerte sobrevino por negligencia m\u00e9dica debido a la demora en el centro hospitalario, el joven no deber\u00eda responder por el resultado de &#8220;homicidio&#8221;.<\/li>\n\n\n\n<li><strong>Conducta l\u00edcita:<\/strong> Al configurarse la leg\u00edtima defensa frente a la lesi\u00f3n, la acci\u00f3n inicial queda justificada. El joven, al haberse presentado voluntariamente e informar a la polic\u00eda sobre los hechos, mostr\u00f3 un comportamiento propio de quien no intenta evadir la justicia porque reconoce que su actuar fue l\u00edcito.<\/li>\n<\/ol>\n\n\n\n<p class=\"wp-block-paragraph\"><\/p>\n\n\n\n<p class=\"wp-block-paragraph\"><strong>Es en el escenario procesal donde el caso enfrenta sus mayores desaf\u00edos<\/strong>, especialmente al contrastar los est\u00e1ndares internacionales con la pr\u00e1ctica en Cuba y el trasfondo denunciado.<\/p>\n\n\n\n<ul class=\"wp-block-list\">\n<li><strong>Lo que dictan los Est\u00e1ndares Internacionales (Fase Preparatoria):<\/strong> Dado que existen antecedentes de denuncias previas sin respuesta policial , un ataque armado en el domicilio , heridas defensivas en una zona no vital , auxilio posterior a la v\u00edctima y entrega voluntaria , la defensa&nbsp; tendr\u00eda que exigir un <strong>sobreseimiento definitivo<\/strong> durante la fase de instrucci\u00f3n. Un sistema acusatorio est\u00e1ndar cerrar\u00eda el caso aqu\u00ed sin llegar a juicio, declarando que la acci\u00f3n estuvo justificada.<\/li>\n\n\n\n<li><strong>La realidad procesal en Cuba y el matiz pol\u00edtico:<\/strong> La madre del joven argumenta que existe un trasfondo pol\u00edtico, siendo \u00e9l opositor y miembro del Partido por la Democracia Pedro Luis Boitel. Se\u00f1ala que ya estaba bajo el radar de la Seguridad del Estado y que d\u00edas antes hab\u00eda sido amenazado por las autoridades de ser &#8220;recogido&#8221; si ocurr\u00eda una invasi\u00f3n estadounidense.<\/li>\n\n\n\n<li><strong>Consecuencia pr\u00e1ctica:<\/strong> En el sistema judicial cubano, frente a un resultado de muerte y con un presunto inter\u00e9s pol\u00edtico o de represi\u00f3n estatal en contra del investigado, es altamente improbable que la Fiscal\u00eda y el Instructor penal admitan el sobreseimiento en la fase investigativa. La estrategia de la acusaci\u00f3n probablemente se centrar\u00e1 en forzar un delito de homicidio, ignorando que la causa real de la muerte deriva de la mala praxis m\u00e9dica producto de la demora en la atenci\u00f3n, y alegando &#8220;exceso&#8221; en la defensa. Esto obligar\u00e1 a la defensa t\u00e9cnica a llevar todo el debate probatorio y la exigencia de la eximente hasta el <strong>Juicio Oral<\/strong>, enfrent\u00e1ndose a la severidad tradicional de los tribunales cubanos en estos temas.<\/li>\n<\/ul>\n\n\n\n<p class=\"wp-block-paragraph\"><\/p>\n\n\n\n<p class=\"wp-block-paragraph\">En conclusi\u00f3n, desde la teor\u00eda estricta del Derecho Penal, el relato de los hechos describe un escenario de manual de una conducta justificada por leg\u00edtima defensa, donde el resultado tr\u00e1gico fue incidental. Sin embargo, procesalmente, <strong>el entorno pol\u00edtico y la pr\u00e1ctica restrictiva limitar\u00e1n la resoluci\u00f3n temprana de la eximente, empujando la contienda a los tribunales.<\/strong><\/p>","protected":false},"excerpt":{"rendered":"<p>La activista cubana Leticia Ramos Herrer\u00eda denunci\u00f3 la semana anterior una serie de eventos que culminaron en la detenci\u00f3n de su hijo Randy Montes de Oca Ramos en la localidad de C\u00e1rdenas, Cuba. Ramos Herrer\u00eda asegura que su hijo actu\u00f3 estrictamente para proteger su hogar y que su situaci\u00f3n actual es el resultado del abandono institucional previo y la represi\u00f3n pol\u00edtica sistem\u00e1tica en la isla.\u00a0<\/p>","protected":false},"featured_media":22393,"comment_status":"closed","ping_status":"closed","sticky":false,"template":"","format":"standard","meta":{"_jetpack_newsletter_access":"","_jetpack_dont_email_post_to_subs":false,"_jetpack_newsletter_tier_id":0,"_jetpack_memberships_contains_paywalled_content":false,"_wpcom_ai_launchpad_first_post":false,"_jetpack_feature_clip_id":0,"_jetpack_memberships_contains_paid_content":false,"footnotes":"","jetpack_post_was_ever_published":false},"categories":[551856634],"tags":[31684,7629682,34097768,139553],"class_list":["post-22391","post","type-post","status-publish","format-standard","has-post-thumbnail","hentry","category-analisis-legal","tag-derechos-humanos","tag-detencion-arbitraria","tag-estado-cubano","tag-leyes"],"featured_image_src":"https:\/\/i0.wp.com\/cubalex.org\/wp-content\/uploads\/2026\/05\/Plantillas-sitio-web.jpg?fit=1200%2C560&ssl=1","acf":{"translation_reviewed":false},"yoast_head":"<!-- This site is optimized with the Yoast SEO plugin v28.4 - https:\/\/yoast.com\/product\/yoast-seo-wordpress\/ -->\n<title>Cuando defenderse es delito: claves legales en la detenci\u00f3n del hijo de una Dama de Blanco en Cuba - Cubalex<\/title>\n<meta name=\"description\" content=\"La activista cubana Leticia Ramos Herrer\u00eda denunci\u00f3 la semana anterior una serie de eventos que culminaron en la detenci\u00f3n de su hijo Randy Montes de Oca Ramos en la localidad de C\u00e1rdenas, Cuba. Ramos Herrer\u00eda asegura que su hijo actu\u00f3 estrictamente para proteger su hogar y que su situaci\u00f3n actual es el resultado del abandono institucional previo y la represi\u00f3n pol\u00edtica sistem\u00e1tica en la isla.\u00a0\" \/>\n<meta name=\"robots\" content=\"index, follow, max-snippet:-1, max-image-preview:large, max-video-preview:-1\" \/>\n<link rel=\"canonical\" href=\"https:\/\/cubalex.org\/en\/2026\/05\/06\/cuando-defenderse-es-delito-claves-legales-en-la-detencion-del-hijo-de-una-dama-de-blanco-en-cuba\/\" \/>\n<meta property=\"og:locale\" content=\"en_US\" \/>\n<meta property=\"og:type\" content=\"article\" \/>\n<meta property=\"og:title\" content=\"Cuando defenderse es delito: claves legales en la detenci\u00f3n del hijo de una Dama de Blanco en Cuba - Cubalex\" \/>\n<meta property=\"og:description\" content=\"La activista cubana Leticia Ramos Herrer\u00eda denunci\u00f3 la semana anterior una serie de eventos que culminaron en la detenci\u00f3n de su hijo Randy Montes de Oca Ramos en la localidad de C\u00e1rdenas, Cuba. Ramos Herrer\u00eda asegura que su hijo actu\u00f3 estrictamente para proteger su hogar y que su situaci\u00f3n actual es el resultado del abandono institucional previo y la represi\u00f3n pol\u00edtica sistem\u00e1tica en la isla.\u00a0\" \/>\n<meta property=\"og:url\" content=\"https:\/\/cubalex.org\/en\/2026\/05\/06\/cuando-defenderse-es-delito-claves-legales-en-la-detencion-del-hijo-de-una-dama-de-blanco-en-cuba\/\" \/>\n<meta property=\"og:site_name\" content=\"Cubalex\" \/>\n<meta property=\"article:publisher\" content=\"https:\/\/www.facebook.com\/ONGcubalex\" \/>\n<meta property=\"article:published_time\" content=\"2026-05-06T19:15:18+00:00\" \/>\n<meta property=\"article:modified_time\" content=\"2026-05-06T23:56:54+00:00\" \/>\n<meta property=\"og:image\" content=\"https:\/\/cubalex.org\/wp-content\/uploads\/2026\/05\/Plantillas-sitio-web.jpg\" \/>\n\t<meta property=\"og:image:width\" content=\"1200\" \/>\n\t<meta property=\"og:image:height\" content=\"560\" \/>\n\t<meta property=\"og:image:type\" content=\"image\/jpeg\" \/>\n<meta name=\"twitter:card\" content=\"summary_large_image\" \/>\n<meta name=\"twitter:creator\" content=\"@CubalexDDHH\" \/>\n<meta name=\"twitter:site\" content=\"@CubalexDDHH\" \/>\n<meta name=\"twitter:label1\" content=\"Written by\" \/>\n\t<meta name=\"twitter:data1\" content=\"puravida\" \/>\n\t<meta name=\"twitter:label2\" content=\"Est. reading time\" \/>\n\t<meta name=\"twitter:data2\" content=\"7 minutes\" \/>\n<script type=\"application\/ld+json\" class=\"yoast-schema-graph\">{\"@context\":\"https:\\\/\\\/schema.org\",\"@graph\":[{\"@type\":\"Article\",\"@id\":\"https:\\\/\\\/cubalex.org\\\/2026\\\/05\\\/06\\\/cuando-defenderse-es-delito-claves-legales-en-la-detencion-del-hijo-de-una-dama-de-blanco-en-cuba\\\/#article\",\"isPartOf\":{\"@id\":\"https:\\\/\\\/cubalex.org\\\/2026\\\/05\\\/06\\\/cuando-defenderse-es-delito-claves-legales-en-la-detencion-del-hijo-de-una-dama-de-blanco-en-cuba\\\/\"},\"headline\":\"Cuando defenderse es delito: claves legales en la detenci\u00f3n del hijo de una Dama de Blanco en Cuba\",\"datePublished\":\"2026-05-06T19:15:18+00:00\",\"dateModified\":\"2026-05-06T23:56:54+00:00\",\"mainEntityOfPage\":{\"@id\":\"https:\\\/\\\/cubalex.org\\\/2026\\\/05\\\/06\\\/cuando-defenderse-es-delito-claves-legales-en-la-detencion-del-hijo-de-una-dama-de-blanco-en-cuba\\\/\"},\"wordCount\":1412,\"publisher\":{\"@id\":\"https:\\\/\\\/cubalex.org\\\/#organization\"},\"image\":{\"@id\":\"https:\\\/\\\/cubalex.org\\\/2026\\\/05\\\/06\\\/cuando-defenderse-es-delito-claves-legales-en-la-detencion-del-hijo-de-una-dama-de-blanco-en-cuba\\\/#primaryimage\"},\"thumbnailUrl\":\"https:\\\/\\\/i0.wp.com\\\/cubalex.org\\\/wp-content\\\/uploads\\\/2026\\\/05\\\/Plantillas-sitio-web.jpg?fit=1200%2C560&ssl=1\",\"keywords\":[\"derechos humanos\",\"detenci\u00f3n arbitraria\",\"Estado cubano\",\"leyes\"],\"articleSection\":[\"An\u00e1lisis Legal\"],\"inLanguage\":\"en-US\"},{\"@type\":\"WebPage\",\"@id\":\"https:\\\/\\\/cubalex.org\\\/2026\\\/05\\\/06\\\/cuando-defenderse-es-delito-claves-legales-en-la-detencion-del-hijo-de-una-dama-de-blanco-en-cuba\\\/\",\"url\":\"https:\\\/\\\/cubalex.org\\\/2026\\\/05\\\/06\\\/cuando-defenderse-es-delito-claves-legales-en-la-detencion-del-hijo-de-una-dama-de-blanco-en-cuba\\\/\",\"name\":\"Cuando defenderse es delito: claves legales en la detenci\u00f3n del hijo de una Dama de Blanco en Cuba - Cubalex\",\"isPartOf\":{\"@id\":\"https:\\\/\\\/cubalex.org\\\/#website\"},\"primaryImageOfPage\":{\"@id\":\"https:\\\/\\\/cubalex.org\\\/2026\\\/05\\\/06\\\/cuando-defenderse-es-delito-claves-legales-en-la-detencion-del-hijo-de-una-dama-de-blanco-en-cuba\\\/#primaryimage\"},\"image\":{\"@id\":\"https:\\\/\\\/cubalex.org\\\/2026\\\/05\\\/06\\\/cuando-defenderse-es-delito-claves-legales-en-la-detencion-del-hijo-de-una-dama-de-blanco-en-cuba\\\/#primaryimage\"},\"thumbnailUrl\":\"https:\\\/\\\/i0.wp.com\\\/cubalex.org\\\/wp-content\\\/uploads\\\/2026\\\/05\\\/Plantillas-sitio-web.jpg?fit=1200%2C560&ssl=1\",\"datePublished\":\"2026-05-06T19:15:18+00:00\",\"dateModified\":\"2026-05-06T23:56:54+00:00\",\"description\":\"La activista cubana Leticia Ramos Herrer\u00eda denunci\u00f3 la semana anterior una serie de eventos que culminaron en la detenci\u00f3n de su hijo Randy Montes de Oca Ramos en la localidad de C\u00e1rdenas, Cuba. Ramos Herrer\u00eda asegura que su hijo actu\u00f3 estrictamente para proteger su hogar y que su situaci\u00f3n actual es el resultado del abandono institucional previo y la represi\u00f3n pol\u00edtica sistem\u00e1tica en la isla.\u00a0\",\"breadcrumb\":{\"@id\":\"https:\\\/\\\/cubalex.org\\\/2026\\\/05\\\/06\\\/cuando-defenderse-es-delito-claves-legales-en-la-detencion-del-hijo-de-una-dama-de-blanco-en-cuba\\\/#breadcrumb\"},\"inLanguage\":\"en-US\",\"potentialAction\":[{\"@type\":\"ReadAction\",\"target\":[\"https:\\\/\\\/cubalex.org\\\/2026\\\/05\\\/06\\\/cuando-defenderse-es-delito-claves-legales-en-la-detencion-del-hijo-de-una-dama-de-blanco-en-cuba\\\/\"]}]},{\"@type\":\"ImageObject\",\"inLanguage\":\"en-US\",\"@id\":\"https:\\\/\\\/cubalex.org\\\/2026\\\/05\\\/06\\\/cuando-defenderse-es-delito-claves-legales-en-la-detencion-del-hijo-de-una-dama-de-blanco-en-cuba\\\/#primaryimage\",\"url\":\"https:\\\/\\\/i0.wp.com\\\/cubalex.org\\\/wp-content\\\/uploads\\\/2026\\\/05\\\/Plantillas-sitio-web.jpg?fit=1200%2C560&ssl=1\",\"contentUrl\":\"https:\\\/\\\/i0.wp.com\\\/cubalex.org\\\/wp-content\\\/uploads\\\/2026\\\/05\\\/Plantillas-sitio-web.jpg?fit=1200%2C560&ssl=1\",\"width\":1200,\"height\":560},{\"@type\":\"BreadcrumbList\",\"@id\":\"https:\\\/\\\/cubalex.org\\\/2026\\\/05\\\/06\\\/cuando-defenderse-es-delito-claves-legales-en-la-detencion-del-hijo-de-una-dama-de-blanco-en-cuba\\\/#breadcrumb\",\"itemListElement\":[{\"@type\":\"ListItem\",\"position\":1,\"name\":\"Portada\",\"item\":\"https:\\\/\\\/cubalex.org\\\/\"},{\"@type\":\"ListItem\",\"position\":2,\"name\":\"Cuando defenderse es delito: claves legales en la detenci\u00f3n del hijo de una Dama de Blanco en Cuba\"}]},{\"@type\":\"WebSite\",\"@id\":\"https:\\\/\\\/cubalex.org\\\/#website\",\"url\":\"https:\\\/\\\/cubalex.org\\\/\",\"name\":\"Cubalex\",\"description\":\"Trabajamos en defensa de los derechos humanos, para instaurar la democracia y el Estado de derecho en Cuba\",\"publisher\":{\"@id\":\"https:\\\/\\\/cubalex.org\\\/#organization\"},\"potentialAction\":[{\"@type\":\"SearchAction\",\"target\":{\"@type\":\"EntryPoint\",\"urlTemplate\":\"https:\\\/\\\/cubalex.org\\\/?s={search_term_string}\"},\"query-input\":{\"@type\":\"PropertyValueSpecification\",\"valueRequired\":true,\"valueName\":\"search_term_string\"}}],\"inLanguage\":\"en-US\"},{\"@type\":\"Organization\",\"@id\":\"https:\\\/\\\/cubalex.org\\\/#organization\",\"name\":\"Cubalex\",\"url\":\"https:\\\/\\\/cubalex.org\\\/\",\"logo\":{\"@type\":\"ImageObject\",\"inLanguage\":\"en-US\",\"@id\":\"https:\\\/\\\/cubalex.org\\\/#\\\/schema\\\/logo\\\/image\\\/\",\"url\":\"https:\\\/\\\/i0.wp.com\\\/cubalex.org\\\/wp-content\\\/uploads\\\/2026\\\/08\\\/CUBALEX1.png?fit=1445%2C300&ssl=1\",\"contentUrl\":\"https:\\\/\\\/i0.wp.com\\\/cubalex.org\\\/wp-content\\\/uploads\\\/2026\\\/08\\\/CUBALEX1.png?fit=1445%2C300&ssl=1\",\"width\":1445,\"height\":300,\"caption\":\"Cubalex\"},\"image\":{\"@id\":\"https:\\\/\\\/cubalex.org\\\/#\\\/schema\\\/logo\\\/image\\\/\"},\"sameAs\":[\"https:\\\/\\\/www.facebook.com\\\/ONGcubalex\",\"https:\\\/\\\/x.com\\\/CubalexDDHH\",\"https:\\\/\\\/www.youtube.com\\\/@Cubalex\",\"https:\\\/\\\/www.linkedin.com\\\/company\\\/cubalex\\\/\",\"https:\\\/\\\/t.me\\\/cubalex\"]}]}<\/script>\n<!-- \/ Yoast SEO plugin. -->","yoast_head_json":{"title":"Cuando defenderse es delito: claves legales en la detenci\u00f3n del hijo de una Dama de Blanco en Cuba - Cubalex","description":"La activista cubana Leticia Ramos Herrer\u00eda denunci\u00f3 la semana anterior una serie de eventos que culminaron en la detenci\u00f3n de su hijo Randy Montes de Oca Ramos en la localidad de C\u00e1rdenas, Cuba. Ramos Herrer\u00eda asegura que su hijo actu\u00f3 estrictamente para proteger su hogar y que su situaci\u00f3n actual es el resultado del abandono institucional previo y la represi\u00f3n pol\u00edtica sistem\u00e1tica en la isla.\u00a0","robots":{"index":"index","follow":"follow","max-snippet":"max-snippet:-1","max-image-preview":"max-image-preview:large","max-video-preview":"max-video-preview:-1"},"canonical":"https:\/\/cubalex.org\/en\/2026\/05\/06\/cuando-defenderse-es-delito-claves-legales-en-la-detencion-del-hijo-de-una-dama-de-blanco-en-cuba\/","og_locale":"en_US","og_type":"article","og_title":"Cuando defenderse es delito: claves legales en la detenci\u00f3n del hijo de una Dama de Blanco en Cuba - Cubalex","og_description":"La activista cubana Leticia Ramos Herrer\u00eda denunci\u00f3 la semana anterior una serie de eventos que culminaron en la detenci\u00f3n de su hijo Randy Montes de Oca Ramos en la localidad de C\u00e1rdenas, Cuba. Ramos Herrer\u00eda asegura que su hijo actu\u00f3 estrictamente para proteger su hogar y que su situaci\u00f3n actual es el resultado del abandono institucional previo y la represi\u00f3n pol\u00edtica sistem\u00e1tica en la isla.\u00a0","og_url":"https:\/\/cubalex.org\/en\/2026\/05\/06\/cuando-defenderse-es-delito-claves-legales-en-la-detencion-del-hijo-de-una-dama-de-blanco-en-cuba\/","og_site_name":"Cubalex","article_publisher":"https:\/\/www.facebook.com\/ONGcubalex","article_published_time":"2026-05-06T19:15:18+00:00","article_modified_time":"2026-05-06T23:56:54+00:00","og_image":[{"width":1200,"height":560,"url":"https:\/\/cubalex.org\/wp-content\/uploads\/2026\/05\/Plantillas-sitio-web.jpg","type":"image\/jpeg"}],"twitter_card":"summary_large_image","twitter_creator":"@CubalexDDHH","twitter_site":"@CubalexDDHH","twitter_misc":{"Written by":"puravida","Est. reading time":"7 minutes"},"schema":{"@context":"https:\/\/schema.org","@graph":[{"@type":"Article","@id":"https:\/\/cubalex.org\/2026\/05\/06\/cuando-defenderse-es-delito-claves-legales-en-la-detencion-del-hijo-de-una-dama-de-blanco-en-cuba\/#article","isPartOf":{"@id":"https:\/\/cubalex.org\/2026\/05\/06\/cuando-defenderse-es-delito-claves-legales-en-la-detencion-del-hijo-de-una-dama-de-blanco-en-cuba\/"},"headline":"Cuando defenderse es delito: claves legales en la detenci\u00f3n del hijo de una Dama de Blanco en Cuba","datePublished":"2026-05-06T19:15:18+00:00","dateModified":"2026-05-06T23:56:54+00:00","mainEntityOfPage":{"@id":"https:\/\/cubalex.org\/2026\/05\/06\/cuando-defenderse-es-delito-claves-legales-en-la-detencion-del-hijo-de-una-dama-de-blanco-en-cuba\/"},"wordCount":1412,"publisher":{"@id":"https:\/\/cubalex.org\/#organization"},"image":{"@id":"https:\/\/cubalex.org\/2026\/05\/06\/cuando-defenderse-es-delito-claves-legales-en-la-detencion-del-hijo-de-una-dama-de-blanco-en-cuba\/#primaryimage"},"thumbnailUrl":"https:\/\/i0.wp.com\/cubalex.org\/wp-content\/uploads\/2026\/05\/Plantillas-sitio-web.jpg?fit=1200%2C560&ssl=1","keywords":["derechos humanos","detenci\u00f3n arbitraria","Estado cubano","leyes"],"articleSection":["An\u00e1lisis Legal"],"inLanguage":"en-US"},{"@type":"WebPage","@id":"https:\/\/cubalex.org\/2026\/05\/06\/cuando-defenderse-es-delito-claves-legales-en-la-detencion-del-hijo-de-una-dama-de-blanco-en-cuba\/","url":"https:\/\/cubalex.org\/2026\/05\/06\/cuando-defenderse-es-delito-claves-legales-en-la-detencion-del-hijo-de-una-dama-de-blanco-en-cuba\/","name":"Cuando defenderse es delito: claves legales en la detenci\u00f3n del hijo de una Dama de Blanco en Cuba - Cubalex","isPartOf":{"@id":"https:\/\/cubalex.org\/#website"},"primaryImageOfPage":{"@id":"https:\/\/cubalex.org\/2026\/05\/06\/cuando-defenderse-es-delito-claves-legales-en-la-detencion-del-hijo-de-una-dama-de-blanco-en-cuba\/#primaryimage"},"image":{"@id":"https:\/\/cubalex.org\/2026\/05\/06\/cuando-defenderse-es-delito-claves-legales-en-la-detencion-del-hijo-de-una-dama-de-blanco-en-cuba\/#primaryimage"},"thumbnailUrl":"https:\/\/i0.wp.com\/cubalex.org\/wp-content\/uploads\/2026\/05\/Plantillas-sitio-web.jpg?fit=1200%2C560&ssl=1","datePublished":"2026-05-06T19:15:18+00:00","dateModified":"2026-05-06T23:56:54+00:00","description":"La activista cubana Leticia Ramos Herrer\u00eda denunci\u00f3 la semana anterior una serie de eventos que culminaron en la detenci\u00f3n de su hijo Randy Montes de Oca Ramos en la localidad de C\u00e1rdenas, Cuba. Ramos Herrer\u00eda asegura que su hijo actu\u00f3 estrictamente para proteger su hogar y que su situaci\u00f3n actual es el resultado del abandono institucional previo y la represi\u00f3n pol\u00edtica sistem\u00e1tica en la isla.\u00a0","breadcrumb":{"@id":"https:\/\/cubalex.org\/2026\/05\/06\/cuando-defenderse-es-delito-claves-legales-en-la-detencion-del-hijo-de-una-dama-de-blanco-en-cuba\/#breadcrumb"},"inLanguage":"en-US","potentialAction":[{"@type":"ReadAction","target":["https:\/\/cubalex.org\/2026\/05\/06\/cuando-defenderse-es-delito-claves-legales-en-la-detencion-del-hijo-de-una-dama-de-blanco-en-cuba\/"]}]},{"@type":"ImageObject","inLanguage":"en-US","@id":"https:\/\/cubalex.org\/2026\/05\/06\/cuando-defenderse-es-delito-claves-legales-en-la-detencion-del-hijo-de-una-dama-de-blanco-en-cuba\/#primaryimage","url":"https:\/\/i0.wp.com\/cubalex.org\/wp-content\/uploads\/2026\/05\/Plantillas-sitio-web.jpg?fit=1200%2C560&ssl=1","contentUrl":"https:\/\/i0.wp.com\/cubalex.org\/wp-content\/uploads\/2026\/05\/Plantillas-sitio-web.jpg?fit=1200%2C560&ssl=1","width":1200,"height":560},{"@type":"BreadcrumbList","@id":"https:\/\/cubalex.org\/2026\/05\/06\/cuando-defenderse-es-delito-claves-legales-en-la-detencion-del-hijo-de-una-dama-de-blanco-en-cuba\/#breadcrumb","itemListElement":[{"@type":"ListItem","position":1,"name":"Portada","item":"https:\/\/cubalex.org\/"},{"@type":"ListItem","position":2,"name":"Cuando defenderse es delito: claves legales en la detenci\u00f3n del hijo de una Dama de Blanco en Cuba"}]},{"@type":"WebSite","@id":"https:\/\/cubalex.org\/#website","url":"https:\/\/cubalex.org\/","name":"Cubalex","description":"Trabajamos en defensa de los derechos humanos, para instaurar la democracia y el Estado de derecho en Cuba","publisher":{"@id":"https:\/\/cubalex.org\/#organization"},"potentialAction":[{"@type":"SearchAction","target":{"@type":"EntryPoint","urlTemplate":"https:\/\/cubalex.org\/?s={search_term_string}"},"query-input":{"@type":"PropertyValueSpecification","valueRequired":true,"valueName":"search_term_string"}}],"inLanguage":"en-US"},{"@type":"Organization","@id":"https:\/\/cubalex.org\/#organization","name":"Cubalex","url":"https:\/\/cubalex.org\/","logo":{"@type":"ImageObject","inLanguage":"en-US","@id":"https:\/\/cubalex.org\/#\/schema\/logo\/image\/","url":"https:\/\/i0.wp.com\/cubalex.org\/wp-content\/uploads\/2026\/08\/CUBALEX1.png?fit=1445%2C300&ssl=1","contentUrl":"https:\/\/i0.wp.com\/cubalex.org\/wp-content\/uploads\/2026\/08\/CUBALEX1.png?fit=1445%2C300&ssl=1","width":1445,"height":300,"caption":"Cubalex"},"image":{"@id":"https:\/\/cubalex.org\/#\/schema\/logo\/image\/"},"sameAs":["https:\/\/www.facebook.com\/ONGcubalex","https:\/\/x.com\/CubalexDDHH","https:\/\/www.youtube.com\/@Cubalex","https:\/\/www.linkedin.com\/company\/cubalex\/","https:\/\/t.me\/cubalex"]}]}},"jetpack_shortlink":"https:\/\/wp.me\/p23ZXl-5P9","jetpack_sharing_enabled":true,"jetpack_featured_media_url":"https:\/\/i0.wp.com\/cubalex.org\/wp-content\/uploads\/2026\/05\/Plantillas-sitio-web.jpg?fit=1200%2C560&ssl=1","_links":{"self":[{"href":"https:\/\/cubalex.org\/en\/wp-json\/wp\/v2\/posts\/22391","targetHints":{"allow":["GET"]}}],"collection":[{"href":"https:\/\/cubalex.org\/en\/wp-json\/wp\/v2\/posts"}],"about":[{"href":"https:\/\/cubalex.org\/en\/wp-json\/wp\/v2\/types\/post"}],"replies":[{"embeddable":true,"href":"https:\/\/cubalex.org\/en\/wp-json\/wp\/v2\/comments?post=22391"}],"version-history":[{"count":0,"href":"https:\/\/cubalex.org\/en\/wp-json\/wp\/v2\/posts\/22391\/revisions"}],"wp:featuredmedia":[{"embeddable":true,"href":"https:\/\/cubalex.org\/en\/wp-json\/wp\/v2\/media\/22393"}],"wp:attachment":[{"href":"https:\/\/cubalex.org\/en\/wp-json\/wp\/v2\/media?parent=22391"}],"wp:term":[{"taxonomy":"category","embeddable":true,"href":"https:\/\/cubalex.org\/en\/wp-json\/wp\/v2\/categories?post=22391"},{"taxonomy":"post_tag","embeddable":true,"href":"https:\/\/cubalex.org\/en\/wp-json\/wp\/v2\/tags?post=22391"}],"curies":[{"name":"wp","href":"https:\/\/api.w.org\/{rel}","templated":true}]}}