{"id":22500,"date":"2026-05-12T12:08:09","date_gmt":"2026-05-12T16:08:09","guid":{"rendered":"https:\/\/cubalex.org\/?p=22500"},"modified":"2026-05-12T12:08:16","modified_gmt":"2026-05-12T16:08:16","slug":"cubalex-lanza-alerta-por-preso-politico-alexander-fabregas-quien-supera-los-90-dias-en-celda-de-castigo","status":"publish","type":"post","link":"https:\/\/cubalex.org\/en\/2026\/05\/12\/cubalex-lanza-alerta-por-preso-politico-alexander-fabregas-quien-supera-los-90-dias-en-celda-de-castigo\/","title":{"rendered":"Cubalex lanza alerta por preso pol\u00edtico Alexander F\u00e1bregas, quien supera los 90 d\u00edas en celda de castigo"},"content":{"rendered":"<p class=\"wp-block-paragraph\">Cubalex alerta este martes sobre la situaci\u00f3n e integridad del preso pol\u00edtico Alexander F\u00e1bregas, quien supera los <a href=\"https:\/\/www.martinoticias.com\/a\/m%C3%A1s-de-tres-meses-en-aislamiento-el-trato-cruel-inhumano-y-degradante-contra-un-preso-pol%C3%ADtico-cubano\/463625.html\">90 d\u00edas en celda<\/a> de castigo en la prisi\u00f3n El Pre, en la ciudad de Santa Clara.<\/p>\n\n\n\n<p class=\"wp-block-paragraph\">Seg\u00fan reportes recientes de los medios, la madre del preso pol\u00edtico, Luisa Milan\u00e9s, lleva tiempo intentando que su hijo sea devuelto a su destacamento con el resto de reclusos, pero las autoridades penitenciarias no lo permiten.<\/p>\n\n\n\n<p class=\"wp-block-paragraph\">\u201cMe entrevist\u00e9 con Alexey Mart\u00ednez, el segundo de ah\u00ed de la prisi\u00f3n, que es quien lo meti\u00f3 en la celda de castigo. \u00c9l me dice que tiene que estar all\u00ed porque lo van a trasladar, pero<strong> pasa el tiempo y ni lo trasladan ni lo sacan del confinamiento<\/strong>\u201d, indic\u00f3 la familiar.<\/p>\n\n\n\n<p class=\"wp-block-paragraph\">Mientras, funcionarios del penal se\u00f1alan que F\u00e1bregas permanece aislado por &#8220;problemas con otros presos&#8221;, lo cual ha sido desmentido categ\u00f3ricamente.<\/p>\n\n\n\n<p class=\"wp-block-paragraph\">Durante estos tres meses, su madre ha denunciado episodios de incomunicaci\u00f3n y que <strong>las visitas que ha tenido, cada 35 d\u00edas, ocurren en un recinto privado, no en el sal\u00f3n habitual donde las reciben los otros reclusos.<\/strong><\/p>\n\n\n\n<p class=\"wp-block-paragraph\"><strong>El opositor fue llevado a esta celda el 10 de febrero anterior,<\/strong> como represalia por exigir asistencia m\u00e9dica urgente para otro preso pol\u00edtico, Gregorio Rafael Acu\u00f1a Garc\u00eda.<\/p>\n\n\n\n<p class=\"wp-block-paragraph\">Para el equipo legal de Cubalex, esta medida constituye una violaci\u00f3n flagrante a los est\u00e1ndares internacionales de derechos humanos y al tratamiento de personas privadas de libertad.<\/p>\n\n\n\n<p class=\"wp-block-paragraph\">De acuerdo con las Reglas Mandela, cualquier&nbsp;<strong>periodo de aislamiento que supere los 15 d\u00edas consecutivos se define como \u201c<a href=\"https:\/\/cubalex.org\/en\/2024\/08\/06\/condiciones-de-aislamiento-y-castigo-en-las-prisiones-cubanas\/\">aislamiento prolongado<\/a>\u201d y es clasificado como una forma de trato cruel, inhumano o degradante<\/strong>. En el caso de F\u00e1bregas, los 56 d\u00edas reportados en celdas de castigo triplican este l\u00edmite, convirtiendo su detenci\u00f3n en un escenario de tortura f\u00edsica y psicol\u00f3gica institucionalizada.<\/p>\n\n\n\n<p class=\"wp-block-paragraph\">Esta situaci\u00f3n pone de manifiesto la profunda incompatibilidad entre la Ley de Ejecuci\u00f3n Penal cubana y los derechos humanos. Mientras que la normativa internacional exige que el aislamiento sea una medida excepcional de \u00faltimo recurso y con una duraci\u00f3n m\u00ednima, los art\u00edculos 122 y 137 de la ley vigente en la isla permiten periodos de confinamiento de hasta tres meses. Esta discrepancia legal no es un vac\u00edo administrativo, sino una herramienta de control que&nbsp;<strong>permite al r\u00e9gimen cubano extender el sufrimiento de los presos pol\u00edticos de manera discrecional, contraviniendo la Regla 45 de las Naciones Unidas.<\/strong><\/p>\n\n\n\n<p class=\"wp-block-paragraph\">El aislamiento prolongado en celdas de castigo es una forma de tortura que atenta contra la integridad f\u00edsica y mental de las personas privadas de libertad, as\u00ed como forma parte de los patrones de criminalizaci\u00f3n de la libertad de expresi\u00f3n en Cuba.<\/p>\n\n\n\n<p class=\"wp-block-paragraph\">F\u00e1bregas, de 34 a\u00f1os, fue sentenciado a siete a\u00f1os de c\u00e1rcel por el\u00a0<a href=\"https:\/\/cubalex.org\/en\/2026\/01\/14\/delito-de-propaganda-contra-el-orden-constitucional-en-cuba-y-sus-afectaciones-a-la-libertad-de-expresion\/\">delito de propaganda contra el orden constitucional.<\/a> Su condena se bas\u00f3 exclusivamente en el uso de sus redes sociales para abogar por la desobediencia civil y visibilizar la situaci\u00f3n de los presos pol\u00edticos.<\/p>\n\n\n\n<p class=\"wp-block-paragraph\"><\/p>","protected":false},"excerpt":{"rendered":"<p>Cubalex alerta este martes sobre la situaci\u00f3n e integridad del preso pol\u00edtico Alexander F\u00e1bregas, quien supera los 90 d\u00edas en celda de castigo en la prisi\u00f3n El Pre, en la ciudad de Santa Clara.<\/p>\n<p>Seg\u00fan reportes recientes de los medios, la madre del preso pol\u00edtico, Luisa Milan\u00e9s, lleva tiempo intentando que su hijo sea devuelto a su destacamento habitual, pero las autoridades penitenciarias no lo permiten.<\/p>","protected":false},"featured_media":21803,"comment_status":"closed","ping_status":"closed","sticky":false,"template":"","format":"standard","meta":{"_jetpack_newsletter_access":"","_jetpack_dont_email_post_to_subs":false,"_jetpack_newsletter_tier_id":0,"_jetpack_memberships_contains_paywalled_content":false,"_wpcom_ai_launchpad_first_post":false,"_jetpack_feature_clip_id":0,"_jetpack_memberships_contains_paid_content":false,"footnotes":"","jetpack_post_was_ever_published":false},"categories":[551856560],"tags":[31684,551856052,112601],"class_list":["post-22500","post","type-post","status-publish","format-standard","has-post-thumbnail","hentry","category-alertas","tag-derechos-humanos","tag-presos-politicos","tag-represion"],"featured_image_src":"https:\/\/i0.wp.com\/cubalex.org\/wp-content\/uploads\/2026\/04\/alexander-fabregas.jpg?fit=1200%2C560&ssl=1","acf":{"translation_reviewed":false},"yoast_head":"<!-- This site is optimized with the Yoast SEO plugin v28.4 - https:\/\/yoast.com\/product\/yoast-seo-wordpress\/ -->\n<title>Cubalex lanza alerta por preso pol\u00edtico Alexander F\u00e1bregas, quien supera los 90 d\u00edas en celda de castigo - Cubalex<\/title>\n<meta name=\"description\" content=\"Cubalex alerta este martes sobre la situaci\u00f3n e integridad del preso pol\u00edtico Alexander F\u00e1bregas, quien supera los 90 d\u00edas en celda de castigo en la prisi\u00f3n El Pre, en la ciudad de Santa Clara.Seg\u00fan reportes recientes de los medios, la madre del preso pol\u00edtico, Luisa Milan\u00e9s, lleva tiempo intentando que su hijo sea devuelto a su destacamento habitual, pero las autoridades penitenciarias no lo permiten.\" \/>\n<meta name=\"robots\" content=\"index, follow, max-snippet:-1, max-image-preview:large, max-video-preview:-1\" \/>\n<link rel=\"canonical\" href=\"https:\/\/cubalex.org\/en\/2026\/05\/12\/cubalex-lanza-alerta-por-preso-politico-alexander-fabregas-quien-supera-los-90-dias-en-celda-de-castigo\/\" \/>\n<meta property=\"og:locale\" content=\"en_US\" \/>\n<meta property=\"og:type\" content=\"article\" \/>\n<meta property=\"og:title\" content=\"Cubalex lanza alerta por preso pol\u00edtico Alexander F\u00e1bregas, quien supera los 90 d\u00edas en celda de castigo - Cubalex\" \/>\n<meta property=\"og:description\" content=\"Cubalex alerta este martes sobre la situaci\u00f3n e integridad del preso pol\u00edtico Alexander F\u00e1bregas, quien supera los 90 d\u00edas en celda de castigo en la prisi\u00f3n El Pre, en la ciudad de Santa Clara.Seg\u00fan reportes recientes de los medios, la madre del preso pol\u00edtico, Luisa Milan\u00e9s, lleva tiempo intentando que su hijo sea devuelto a su destacamento habitual, pero las autoridades penitenciarias no lo permiten.\" \/>\n<meta property=\"og:url\" content=\"https:\/\/cubalex.org\/en\/2026\/05\/12\/cubalex-lanza-alerta-por-preso-politico-alexander-fabregas-quien-supera-los-90-dias-en-celda-de-castigo\/\" \/>\n<meta property=\"og:site_name\" content=\"Cubalex\" \/>\n<meta property=\"article:publisher\" content=\"https:\/\/www.facebook.com\/ONGcubalex\" \/>\n<meta property=\"article:published_time\" content=\"2026-05-12T16:08:09+00:00\" \/>\n<meta property=\"article:modified_time\" content=\"2026-05-12T16:08:16+00:00\" \/>\n<meta property=\"og:image\" content=\"https:\/\/cubalex.org\/wp-content\/uploads\/2026\/04\/alexander-fabregas.jpg\" \/>\n\t<meta property=\"og:image:width\" content=\"1200\" \/>\n\t<meta property=\"og:image:height\" content=\"560\" \/>\n\t<meta property=\"og:image:type\" content=\"image\/jpeg\" \/>\n<meta name=\"twitter:card\" content=\"summary_large_image\" \/>\n<meta name=\"twitter:creator\" content=\"@CubalexDDHH\" \/>\n<meta name=\"twitter:site\" content=\"@CubalexDDHH\" \/>\n<meta name=\"twitter:label1\" content=\"Written by\" \/>\n\t<meta name=\"twitter:data1\" content=\"puravida\" \/>\n\t<meta name=\"twitter:label2\" content=\"Est. reading time\" \/>\n\t<meta name=\"twitter:data2\" content=\"3 minutes\" \/>\n<script type=\"application\/ld+json\" class=\"yoast-schema-graph\">{\"@context\":\"https:\\\/\\\/schema.org\",\"@graph\":[{\"@type\":\"Article\",\"@id\":\"https:\\\/\\\/cubalex.org\\\/2026\\\/05\\\/12\\\/cubalex-lanza-alerta-por-preso-politico-alexander-fabregas-quien-supera-los-90-dias-en-celda-de-castigo\\\/#article\",\"isPartOf\":{\"@id\":\"https:\\\/\\\/cubalex.org\\\/2026\\\/05\\\/12\\\/cubalex-lanza-alerta-por-preso-politico-alexander-fabregas-quien-supera-los-90-dias-en-celda-de-castigo\\\/\"},\"headline\":\"Cubalex lanza alerta por preso pol\u00edtico Alexander F\u00e1bregas, quien supera los 90 d\u00edas en celda de castigo\",\"datePublished\":\"2026-05-12T16:08:09+00:00\",\"dateModified\":\"2026-05-12T16:08:16+00:00\",\"mainEntityOfPage\":{\"@id\":\"https:\\\/\\\/cubalex.org\\\/2026\\\/05\\\/12\\\/cubalex-lanza-alerta-por-preso-politico-alexander-fabregas-quien-supera-los-90-dias-en-celda-de-castigo\\\/\"},\"wordCount\":535,\"publisher\":{\"@id\":\"https:\\\/\\\/cubalex.org\\\/#organization\"},\"image\":{\"@id\":\"https:\\\/\\\/cubalex.org\\\/2026\\\/05\\\/12\\\/cubalex-lanza-alerta-por-preso-politico-alexander-fabregas-quien-supera-los-90-dias-en-celda-de-castigo\\\/#primaryimage\"},\"thumbnailUrl\":\"https:\\\/\\\/i0.wp.com\\\/cubalex.org\\\/wp-content\\\/uploads\\\/2026\\\/04\\\/alexander-fabregas.jpg?fit=1200%2C560&ssl=1\",\"keywords\":[\"derechos humanos\",\"presos pol\u00edticos\",\"represi\u00f3n\"],\"articleSection\":[\"Alertas\"],\"inLanguage\":\"en-US\"},{\"@type\":\"WebPage\",\"@id\":\"https:\\\/\\\/cubalex.org\\\/2026\\\/05\\\/12\\\/cubalex-lanza-alerta-por-preso-politico-alexander-fabregas-quien-supera-los-90-dias-en-celda-de-castigo\\\/\",\"url\":\"https:\\\/\\\/cubalex.org\\\/2026\\\/05\\\/12\\\/cubalex-lanza-alerta-por-preso-politico-alexander-fabregas-quien-supera-los-90-dias-en-celda-de-castigo\\\/\",\"name\":\"Cubalex lanza alerta por preso pol\u00edtico Alexander F\u00e1bregas, quien supera los 90 d\u00edas en celda de castigo - Cubalex\",\"isPartOf\":{\"@id\":\"https:\\\/\\\/cubalex.org\\\/#website\"},\"primaryImageOfPage\":{\"@id\":\"https:\\\/\\\/cubalex.org\\\/2026\\\/05\\\/12\\\/cubalex-lanza-alerta-por-preso-politico-alexander-fabregas-quien-supera-los-90-dias-en-celda-de-castigo\\\/#primaryimage\"},\"image\":{\"@id\":\"https:\\\/\\\/cubalex.org\\\/2026\\\/05\\\/12\\\/cubalex-lanza-alerta-por-preso-politico-alexander-fabregas-quien-supera-los-90-dias-en-celda-de-castigo\\\/#primaryimage\"},\"thumbnailUrl\":\"https:\\\/\\\/i0.wp.com\\\/cubalex.org\\\/wp-content\\\/uploads\\\/2026\\\/04\\\/alexander-fabregas.jpg?fit=1200%2C560&ssl=1\",\"datePublished\":\"2026-05-12T16:08:09+00:00\",\"dateModified\":\"2026-05-12T16:08:16+00:00\",\"description\":\"Cubalex alerta este martes sobre la situaci\u00f3n e integridad del preso pol\u00edtico Alexander F\u00e1bregas, quien supera los 90 d\u00edas en celda de castigo en la prisi\u00f3n El Pre, en la ciudad de Santa Clara.Seg\u00fan reportes recientes de los medios, la madre del preso pol\u00edtico, Luisa Milan\u00e9s, lleva tiempo intentando que su hijo sea devuelto a su destacamento habitual, pero las autoridades penitenciarias no lo permiten.\",\"breadcrumb\":{\"@id\":\"https:\\\/\\\/cubalex.org\\\/2026\\\/05\\\/12\\\/cubalex-lanza-alerta-por-preso-politico-alexander-fabregas-quien-supera-los-90-dias-en-celda-de-castigo\\\/#breadcrumb\"},\"inLanguage\":\"en-US\",\"potentialAction\":[{\"@type\":\"ReadAction\",\"target\":[\"https:\\\/\\\/cubalex.org\\\/2026\\\/05\\\/12\\\/cubalex-lanza-alerta-por-preso-politico-alexander-fabregas-quien-supera-los-90-dias-en-celda-de-castigo\\\/\"]}]},{\"@type\":\"ImageObject\",\"inLanguage\":\"en-US\",\"@id\":\"https:\\\/\\\/cubalex.org\\\/2026\\\/05\\\/12\\\/cubalex-lanza-alerta-por-preso-politico-alexander-fabregas-quien-supera-los-90-dias-en-celda-de-castigo\\\/#primaryimage\",\"url\":\"https:\\\/\\\/i0.wp.com\\\/cubalex.org\\\/wp-content\\\/uploads\\\/2026\\\/04\\\/alexander-fabregas.jpg?fit=1200%2C560&ssl=1\",\"contentUrl\":\"https:\\\/\\\/i0.wp.com\\\/cubalex.org\\\/wp-content\\\/uploads\\\/2026\\\/04\\\/alexander-fabregas.jpg?fit=1200%2C560&ssl=1\",\"width\":1200,\"height\":560},{\"@type\":\"BreadcrumbList\",\"@id\":\"https:\\\/\\\/cubalex.org\\\/2026\\\/05\\\/12\\\/cubalex-lanza-alerta-por-preso-politico-alexander-fabregas-quien-supera-los-90-dias-en-celda-de-castigo\\\/#breadcrumb\",\"itemListElement\":[{\"@type\":\"ListItem\",\"position\":1,\"name\":\"Portada\",\"item\":\"https:\\\/\\\/cubalex.org\\\/\"},{\"@type\":\"ListItem\",\"position\":2,\"name\":\"Cubalex lanza alerta por preso pol\u00edtico Alexander F\u00e1bregas, quien supera los 90 d\u00edas en celda de castigo\"}]},{\"@type\":\"WebSite\",\"@id\":\"https:\\\/\\\/cubalex.org\\\/#website\",\"url\":\"https:\\\/\\\/cubalex.org\\\/\",\"name\":\"Cubalex\",\"description\":\"Trabajamos en defensa de los derechos humanos, para instaurar la democracia y el Estado de derecho en Cuba\",\"publisher\":{\"@id\":\"https:\\\/\\\/cubalex.org\\\/#organization\"},\"potentialAction\":[{\"@type\":\"SearchAction\",\"target\":{\"@type\":\"EntryPoint\",\"urlTemplate\":\"https:\\\/\\\/cubalex.org\\\/?s={search_term_string}\"},\"query-input\":{\"@type\":\"PropertyValueSpecification\",\"valueRequired\":true,\"valueName\":\"search_term_string\"}}],\"inLanguage\":\"en-US\"},{\"@type\":\"Organization\",\"@id\":\"https:\\\/\\\/cubalex.org\\\/#organization\",\"name\":\"Cubalex\",\"url\":\"https:\\\/\\\/cubalex.org\\\/\",\"logo\":{\"@type\":\"ImageObject\",\"inLanguage\":\"en-US\",\"@id\":\"https:\\\/\\\/cubalex.org\\\/#\\\/schema\\\/logo\\\/image\\\/\",\"url\":\"https:\\\/\\\/i0.wp.com\\\/cubalex.org\\\/wp-content\\\/uploads\\\/2026\\\/08\\\/CUBALEX1.png?fit=1445%2C300&ssl=1\",\"contentUrl\":\"https:\\\/\\\/i0.wp.com\\\/cubalex.org\\\/wp-content\\\/uploads\\\/2026\\\/08\\\/CUBALEX1.png?fit=1445%2C300&ssl=1\",\"width\":1445,\"height\":300,\"caption\":\"Cubalex\"},\"image\":{\"@id\":\"https:\\\/\\\/cubalex.org\\\/#\\\/schema\\\/logo\\\/image\\\/\"},\"sameAs\":[\"https:\\\/\\\/www.facebook.com\\\/ONGcubalex\",\"https:\\\/\\\/x.com\\\/CubalexDDHH\",\"https:\\\/\\\/www.youtube.com\\\/@Cubalex\",\"https:\\\/\\\/www.linkedin.com\\\/company\\\/cubalex\\\/\",\"https:\\\/\\\/t.me\\\/cubalex\"]}]}<\/script>\n<!-- \/ Yoast SEO plugin. -->","yoast_head_json":{"title":"Cubalex lanza alerta por preso pol\u00edtico Alexander F\u00e1bregas, quien supera los 90 d\u00edas en celda de castigo - Cubalex","description":"Cubalex alerta este martes sobre la situaci\u00f3n e integridad del preso pol\u00edtico Alexander F\u00e1bregas, quien supera los 90 d\u00edas en celda de castigo en la prisi\u00f3n El Pre, en la ciudad de Santa Clara.Seg\u00fan reportes recientes de los medios, la madre del preso pol\u00edtico, Luisa Milan\u00e9s, lleva tiempo intentando que su hijo sea devuelto a su destacamento habitual, pero las autoridades penitenciarias no lo permiten.","robots":{"index":"index","follow":"follow","max-snippet":"max-snippet:-1","max-image-preview":"max-image-preview:large","max-video-preview":"max-video-preview:-1"},"canonical":"https:\/\/cubalex.org\/en\/2026\/05\/12\/cubalex-lanza-alerta-por-preso-politico-alexander-fabregas-quien-supera-los-90-dias-en-celda-de-castigo\/","og_locale":"en_US","og_type":"article","og_title":"Cubalex lanza alerta por preso pol\u00edtico Alexander F\u00e1bregas, quien supera los 90 d\u00edas en celda de castigo - Cubalex","og_description":"Cubalex alerta este martes sobre la situaci\u00f3n e integridad del preso pol\u00edtico Alexander F\u00e1bregas, quien supera los 90 d\u00edas en celda de castigo en la prisi\u00f3n El Pre, en la ciudad de Santa Clara.Seg\u00fan reportes recientes de los medios, la madre del preso pol\u00edtico, Luisa Milan\u00e9s, lleva tiempo intentando que su hijo sea devuelto a su destacamento habitual, pero las autoridades penitenciarias no lo permiten.","og_url":"https:\/\/cubalex.org\/en\/2026\/05\/12\/cubalex-lanza-alerta-por-preso-politico-alexander-fabregas-quien-supera-los-90-dias-en-celda-de-castigo\/","og_site_name":"Cubalex","article_publisher":"https:\/\/www.facebook.com\/ONGcubalex","article_published_time":"2026-05-12T16:08:09+00:00","article_modified_time":"2026-05-12T16:08:16+00:00","og_image":[{"width":1200,"height":560,"url":"https:\/\/cubalex.org\/wp-content\/uploads\/2026\/04\/alexander-fabregas.jpg","type":"image\/jpeg"}],"twitter_card":"summary_large_image","twitter_creator":"@CubalexDDHH","twitter_site":"@CubalexDDHH","twitter_misc":{"Written by":"puravida","Est. reading time":"3 minutes"},"schema":{"@context":"https:\/\/schema.org","@graph":[{"@type":"Article","@id":"https:\/\/cubalex.org\/2026\/05\/12\/cubalex-lanza-alerta-por-preso-politico-alexander-fabregas-quien-supera-los-90-dias-en-celda-de-castigo\/#article","isPartOf":{"@id":"https:\/\/cubalex.org\/2026\/05\/12\/cubalex-lanza-alerta-por-preso-politico-alexander-fabregas-quien-supera-los-90-dias-en-celda-de-castigo\/"},"headline":"Cubalex lanza alerta por preso pol\u00edtico Alexander F\u00e1bregas, quien supera los 90 d\u00edas en celda de castigo","datePublished":"2026-05-12T16:08:09+00:00","dateModified":"2026-05-12T16:08:16+00:00","mainEntityOfPage":{"@id":"https:\/\/cubalex.org\/2026\/05\/12\/cubalex-lanza-alerta-por-preso-politico-alexander-fabregas-quien-supera-los-90-dias-en-celda-de-castigo\/"},"wordCount":535,"publisher":{"@id":"https:\/\/cubalex.org\/#organization"},"image":{"@id":"https:\/\/cubalex.org\/2026\/05\/12\/cubalex-lanza-alerta-por-preso-politico-alexander-fabregas-quien-supera-los-90-dias-en-celda-de-castigo\/#primaryimage"},"thumbnailUrl":"https:\/\/i0.wp.com\/cubalex.org\/wp-content\/uploads\/2026\/04\/alexander-fabregas.jpg?fit=1200%2C560&ssl=1","keywords":["derechos humanos","presos pol\u00edticos","represi\u00f3n"],"articleSection":["Alertas"],"inLanguage":"en-US"},{"@type":"WebPage","@id":"https:\/\/cubalex.org\/2026\/05\/12\/cubalex-lanza-alerta-por-preso-politico-alexander-fabregas-quien-supera-los-90-dias-en-celda-de-castigo\/","url":"https:\/\/cubalex.org\/2026\/05\/12\/cubalex-lanza-alerta-por-preso-politico-alexander-fabregas-quien-supera-los-90-dias-en-celda-de-castigo\/","name":"Cubalex lanza alerta por preso pol\u00edtico Alexander F\u00e1bregas, quien supera los 90 d\u00edas en celda de castigo - Cubalex","isPartOf":{"@id":"https:\/\/cubalex.org\/#website"},"primaryImageOfPage":{"@id":"https:\/\/cubalex.org\/2026\/05\/12\/cubalex-lanza-alerta-por-preso-politico-alexander-fabregas-quien-supera-los-90-dias-en-celda-de-castigo\/#primaryimage"},"image":{"@id":"https:\/\/cubalex.org\/2026\/05\/12\/cubalex-lanza-alerta-por-preso-politico-alexander-fabregas-quien-supera-los-90-dias-en-celda-de-castigo\/#primaryimage"},"thumbnailUrl":"https:\/\/i0.wp.com\/cubalex.org\/wp-content\/uploads\/2026\/04\/alexander-fabregas.jpg?fit=1200%2C560&ssl=1","datePublished":"2026-05-12T16:08:09+00:00","dateModified":"2026-05-12T16:08:16+00:00","description":"Cubalex alerta este martes sobre la situaci\u00f3n e integridad del preso pol\u00edtico Alexander F\u00e1bregas, quien supera los 90 d\u00edas en celda de castigo en la prisi\u00f3n El Pre, en la ciudad de Santa Clara.Seg\u00fan reportes recientes de los medios, la madre del preso pol\u00edtico, Luisa Milan\u00e9s, lleva tiempo intentando que su hijo sea devuelto a su destacamento habitual, pero las autoridades penitenciarias no lo permiten.","breadcrumb":{"@id":"https:\/\/cubalex.org\/2026\/05\/12\/cubalex-lanza-alerta-por-preso-politico-alexander-fabregas-quien-supera-los-90-dias-en-celda-de-castigo\/#breadcrumb"},"inLanguage":"en-US","potentialAction":[{"@type":"ReadAction","target":["https:\/\/cubalex.org\/2026\/05\/12\/cubalex-lanza-alerta-por-preso-politico-alexander-fabregas-quien-supera-los-90-dias-en-celda-de-castigo\/"]}]},{"@type":"ImageObject","inLanguage":"en-US","@id":"https:\/\/cubalex.org\/2026\/05\/12\/cubalex-lanza-alerta-por-preso-politico-alexander-fabregas-quien-supera-los-90-dias-en-celda-de-castigo\/#primaryimage","url":"https:\/\/i0.wp.com\/cubalex.org\/wp-content\/uploads\/2026\/04\/alexander-fabregas.jpg?fit=1200%2C560&ssl=1","contentUrl":"https:\/\/i0.wp.com\/cubalex.org\/wp-content\/uploads\/2026\/04\/alexander-fabregas.jpg?fit=1200%2C560&ssl=1","width":1200,"height":560},{"@type":"BreadcrumbList","@id":"https:\/\/cubalex.org\/2026\/05\/12\/cubalex-lanza-alerta-por-preso-politico-alexander-fabregas-quien-supera-los-90-dias-en-celda-de-castigo\/#breadcrumb","itemListElement":[{"@type":"ListItem","position":1,"name":"Portada","item":"https:\/\/cubalex.org\/"},{"@type":"ListItem","position":2,"name":"Cubalex lanza alerta por preso pol\u00edtico Alexander F\u00e1bregas, quien supera los 90 d\u00edas en celda de castigo"}]},{"@type":"WebSite","@id":"https:\/\/cubalex.org\/#website","url":"https:\/\/cubalex.org\/","name":"Cubalex","description":"Trabajamos en defensa de los derechos humanos, para instaurar la democracia y el Estado de derecho en Cuba","publisher":{"@id":"https:\/\/cubalex.org\/#organization"},"potentialAction":[{"@type":"SearchAction","target":{"@type":"EntryPoint","urlTemplate":"https:\/\/cubalex.org\/?s={search_term_string}"},"query-input":{"@type":"PropertyValueSpecification","valueRequired":true,"valueName":"search_term_string"}}],"inLanguage":"en-US"},{"@type":"Organization","@id":"https:\/\/cubalex.org\/#organization","name":"Cubalex","url":"https:\/\/cubalex.org\/","logo":{"@type":"ImageObject","inLanguage":"en-US","@id":"https:\/\/cubalex.org\/#\/schema\/logo\/image\/","url":"https:\/\/i0.wp.com\/cubalex.org\/wp-content\/uploads\/2026\/08\/CUBALEX1.png?fit=1445%2C300&ssl=1","contentUrl":"https:\/\/i0.wp.com\/cubalex.org\/wp-content\/uploads\/2026\/08\/CUBALEX1.png?fit=1445%2C300&ssl=1","width":1445,"height":300,"caption":"Cubalex"},"image":{"@id":"https:\/\/cubalex.org\/#\/schema\/logo\/image\/"},"sameAs":["https:\/\/www.facebook.com\/ONGcubalex","https:\/\/x.com\/CubalexDDHH","https:\/\/www.youtube.com\/@Cubalex","https:\/\/www.linkedin.com\/company\/cubalex\/","https:\/\/t.me\/cubalex"]}]}},"jetpack_shortlink":"https:\/\/wp.me\/p23ZXl-5QU","jetpack_sharing_enabled":true,"jetpack_featured_media_url":"https:\/\/i0.wp.com\/cubalex.org\/wp-content\/uploads\/2026\/04\/alexander-fabregas.jpg?fit=1200%2C560&ssl=1","_links":{"self":[{"href":"https:\/\/cubalex.org\/en\/wp-json\/wp\/v2\/posts\/22500","targetHints":{"allow":["GET"]}}],"collection":[{"href":"https:\/\/cubalex.org\/en\/wp-json\/wp\/v2\/posts"}],"about":[{"href":"https:\/\/cubalex.org\/en\/wp-json\/wp\/v2\/types\/post"}],"replies":[{"embeddable":true,"href":"https:\/\/cubalex.org\/en\/wp-json\/wp\/v2\/comments?post=22500"}],"version-history":[{"count":0,"href":"https:\/\/cubalex.org\/en\/wp-json\/wp\/v2\/posts\/22500\/revisions"}],"wp:featuredmedia":[{"embeddable":true,"href":"https:\/\/cubalex.org\/en\/wp-json\/wp\/v2\/media\/21803"}],"wp:attachment":[{"href":"https:\/\/cubalex.org\/en\/wp-json\/wp\/v2\/media?parent=22500"}],"wp:term":[{"taxonomy":"category","embeddable":true,"href":"https:\/\/cubalex.org\/en\/wp-json\/wp\/v2\/categories?post=22500"},{"taxonomy":"post_tag","embeddable":true,"href":"https:\/\/cubalex.org\/en\/wp-json\/wp\/v2\/tags?post=22500"}],"curies":[{"name":"wp","href":"https:\/\/api.w.org\/{rel}","templated":true}]}}