{"id":22532,"date":"2026-05-18T17:08:50","date_gmt":"2026-05-18T21:08:50","guid":{"rendered":"https:\/\/cubalex.org\/?p=22532"},"modified":"2026-05-19T14:41:49","modified_gmt":"2026-05-19T18:41:49","slug":"la-reforma-migratoria-en-cuba-una-nueva-arquitectura-para-el-control","status":"publish","type":"post","link":"https:\/\/cubalex.org\/en\/2026\/05\/18\/la-reforma-migratoria-en-cuba-una-nueva-arquitectura-para-el-control\/","title":{"rendered":"La reforma migratoria en Cuba: Una nueva arquitectura para el control"},"content":{"rendered":"<p class=\"wp-block-paragraph\">La publicaci\u00f3n de la Gaceta Oficial No. 39 Ordinaria de 2026, que incluye la Ley 171\/2024 de Migraci\u00f3n, la Ley 172\/2024 de Ciudadan\u00eda, la Ley 173\/2024 de Extranjer\u00eda y sus reglamentos, confirma una reforma amplia del r\u00e9gimen cubano de ciudadan\u00eda, movilidad y extranjer\u00eda. Aunque el discurso oficial presenta estas normas como una modernizaci\u00f3n jur\u00eddica y una v\u00eda para fortalecer los v\u00ednculos con los cubanos residentes en el exterior, su contenido confirma la reorganizaci\u00f3n y profundizaci\u00f3n, bajo nuevas categor\u00edas administrativas, de mecanismos hist\u00f3ricos de control pol\u00edtico sobre la ciudadan\u00eda y la movilidad. Las reformas aparecen adem\u00e1s en un contexto de fuerte crisis econ\u00f3mica, necesidad urgente de divisas y b\u00fasqueda de legitimidad internacional, donde el Estado cubano intenta flexibilizar determinados mecanismos econ\u00f3micos sin renunciar al control pol\u00edtico.&nbsp;<\/p>\n\n\n\n<p class=\"wp-block-paragraph\">Uno de los cambios m\u00e1s relevantes es la introducci\u00f3n de la categor\u00eda de \u201cresidencia efectiva migratoria\u201d. La nueva Ley de Migraci\u00f3n establece que los ciudadanos cubanos solo tienen la categor\u00eda de residentes en el territorio nacional cuando cumplen esa condici\u00f3n, determinada por la permanencia en Cuba durante la mayor parte del a\u00f1o anterior o, excepcionalmente, mediante pruebas de arraigo. En el Reglamento, esa \u201cmayor parte\u201d se concreta en m\u00e1s de 180 d\u00edas naturales de estancia en el pa\u00eds.&nbsp;<\/p>\n\n\n\n<p class=\"wp-block-paragraph\">Aunque la norma elimina la antigua regla de los 24 meses de permanencia en el exterior como l\u00edmite para conservar la residencia, la sustituye por un esquema cuya aplicaci\u00f3n depende en buena medida de la valoraci\u00f3n administrativa sobre la presencia, el arraigo y la voluntad de residir en el pa\u00eds. Este cambio resulta problem\u00e1tico porque traslada al Ministerio del Interior la facultad de determinar cu\u00e1ndo un ciudadano mantiene una relaci\u00f3n suficientemente \u201cefectiva\u201d con su propio pa\u00eds. El nuevo sistema ampl\u00eda el margen discrecional de la autoridad migratoria para reconocer o negar determinadas condiciones y derechos.<\/p>\n\n\n\n<p class=\"wp-block-paragraph\">La ley afirma que los cubanos residentes en el exterior disfrutan de los mismos derechos, deberes y garant\u00edas reconocidos a los residentes en el territorio nacional, pero a\u00f1ade que ello ser\u00e1 \u201cde conformidad con lo establecido en las disposiciones normativas vigentes\u201d. Esto significa que en la pr\u00e1ctica, el ejercicio de derechos sigue dependiendo de leyes, reglamentos, autorizaciones y categor\u00edas migratorias que pueden restringir dichos derechos.<\/p>\n\n\n\n<p class=\"wp-block-paragraph\">En lo que respecta a la nueva categor\u00eda de \u201cinversores y de negocios\u201d, la Ley de Migraci\u00f3n la incluye como una condici\u00f3n dentro de la categor\u00eda de ciudadanos cubanos residentes en el exterior, aplicable a quienes participan en el modelo econ\u00f3mico cubano mediante modalidades aprobadas por la ley. El Reglamento exige, adem\u00e1s, una solicitud escrita y un aval del \u00f3rgano, organismo o entidad cubana con la cual el solicitante sostenga relaciones comerciales o de negocios. Por tanto, no se reconoce un derecho general de los cubanos residentes en el exterior a invertir libremente en Cuba, sino una v\u00eda condicionada, dependiente de la aprobaci\u00f3n estatal y de v\u00ednculos previamente aceptados por instituciones cubanas.<\/p>\n\n\n\n<p class=\"wp-block-paragraph\">Esto confirma que la apertura econ\u00f3mica hacia la di\u00e1spora no corrige en realidad la discriminaci\u00f3n de base. En lugar de eliminar las restricciones que excluyen a los cubanos no residentes de muchas formas ordinarias de actividad econ\u00f3mica \u2014como MIPYMES, trabajo por cuenta propia o cooperativas\u2014, el Estado crea una categor\u00eda migratoria especial. La soluci\u00f3n ser\u00eda reconocer igualdad de derechos a todos los ciudadanos cubanos, en vez de habilitar una puerta controlada para determinados inversores, bajo las prioridades y condiciones fijadas por el propio Estado.<\/p>\n\n\n\n<p class=\"wp-block-paragraph\">Tambi\u00e9n resulta especialmente grave la regulaci\u00f3n de la limitaci\u00f3n de entrada al pa\u00eds para ciudadanos cubanos. La Ley de Migraci\u00f3n reconoce formalmente el derecho de los ciudadanos cubanos a entrar, permanecer, transitar y salir del territorio nacional, pero el art\u00edculo 98 permite limitar excepcionalmente la entrada por razones de Defensa, Seguridad Nacional, Orden Interior, orden e inter\u00e9s p\u00fablico, situaciones excepcionales y otras causas que puedan representar \u201cgrave peligro para la poblaci\u00f3n\u201d. Estas causales son amplias, indeterminadas y susceptibles de interpretaci\u00f3n pol\u00edtica.<\/p>\n\n\n\n<p class=\"wp-block-paragraph\">El Reglamento agrava esta preocupaci\u00f3n al establecer que la limitaci\u00f3n de entrada a ciudadanos cubanos se aplica de oficio por la Autoridad Migratoria y que conlleva la medida de reembarque. Es decir, un ciudadano cubano puede arribar al pa\u00eds y ser devuelto sin ingresar efectivamente al territorio, mediante una decisi\u00f3n administrativa del jefe de la Direcci\u00f3n de Identificaci\u00f3n, Migraci\u00f3n, Extranjer\u00eda y Ciudadan\u00eda (DIMEC) o de un funcionario delegado. Aunque la ley prev\u00e9 que esta medida solo puede impugnarse mediante el proceso de amparo constitucional, esa v\u00eda no constituye una garant\u00eda preventiva ni efectiva frente a una decisi\u00f3n ejecutada en frontera.<\/p>\n\n\n\n<p class=\"wp-block-paragraph\">La figura del reembarque, por tanto, en el caso de ciudadanos cubanos, puede operar como un mecanismo de exclusi\u00f3n territorial inmediata. Su combinaci\u00f3n con causales vagas como \u201cseguridad nacional\u201d u \u201corden p\u00fablico\u201d abre la puerta a legalizar pr\u00e1cticas de prohibici\u00f3n de entrada ya utilizadas contra activistas, periodistas independientes, opositores y defensores de derechos humanos.<\/p>\n\n\n\n<p class=\"wp-block-paragraph\">A ello se suma la consolidaci\u00f3n de una arquitectura institucional de control migratorio. La Ley de Migraci\u00f3n atribuye al Ministerio del Interior y a la Direcci\u00f3n de Identificaci\u00f3n, Migraci\u00f3n, Extranjer\u00eda y Ciudadan\u00eda funciones amplias de seguridad, supervisi\u00f3n, control, registro, verificaci\u00f3n, aprobaci\u00f3n de entradas y salidas, reembarque, deportaci\u00f3n, expulsi\u00f3n, sanci\u00f3n administrativa y gesti\u00f3n de bases de datos. Adem\u00e1s, crea la Polic\u00eda de Migraci\u00f3n, con facultades para conducir personas, tomar declaraciones, ocupar art\u00edculos y retener o conducir incluso a ciudadanos cubanos cuando participen junto a extranjeros en hechos bajo investigaci\u00f3n.<\/p>\n\n\n\n<p class=\"wp-block-paragraph\">En materia de ciudadan\u00eda, la Ley 172\/2024 mantiene otro foco de preocupaci\u00f3n: la posibilidad de privaci\u00f3n de ciudadan\u00eda por actos realizados desde el extranjero contra los \u201caltos intereses pol\u00edticos, econ\u00f3micos y sociales\u201d de la Rep\u00fablica de Cuba. Esta f\u00f3rmula es amplia e indeterminada y plantea preocupaciones importantes por su potencial amplitud interpretativa y la ausencia de garant\u00edas suficientemente claras frente a decisiones discrecionales. Adem\u00e1s, en casos considerados graves para la seguridad nacional, la estabilidad del Estado, las relaciones internacionales o la salud general de la poblaci\u00f3n, la autoridad puede proceder sin ajustarse a las formalidades ordinarias del expediente.<\/p>\n\n\n\n<p class=\"wp-block-paragraph\">En conjunto, estas normas no eliminan la hist\u00f3rica subordinaci\u00f3n de los derechos a la discrecionalidad estatal. La reforma reconoce y crea nuevas categor\u00edas para la di\u00e1spora, pero conserva el n\u00facleo del problema: la ciudadan\u00eda, la movilidad y la participaci\u00f3n econ\u00f3mica siguen dependiendo de autorizaciones administrativas, criterios de seguridad nacional y decisiones adoptadas por autoridades administrativas.<\/p>\n\n\n\n<p class=\"wp-block-paragraph\">Desde una evaluaci\u00f3n preliminar, Cubalex considera que estas leyes no representan una apertura plena ni una garant\u00eda efectiva de igualdad para los cubanos residentes en el exterior. M\u00e1s bien, consolidan y profundizan un sistema de diferenciaci\u00f3n jur\u00eddica entre ciudadanos cubanos, basado en categor\u00edas migratorias, movilidad vigilada e inversi\u00f3n selectiva, donde el Estado busca captar recursos econ\u00f3micos de la di\u00e1spora sin reconocerle plenamente derechos pol\u00edticos, econ\u00f3micos y patrimoniales en igualdad de condiciones.<\/p>\n\n\n\n<div style=\"height:18px\" aria-hidden=\"true\" class=\"wp-block-spacer\"><\/div>\n\n\n\n<h3 class=\"wp-block-heading\"><strong>Est\u00e1ndares internacionales de derechos humanos vulnerados<\/strong><\/h3>\n\n\n\n<p class=\"wp-block-paragraph\">Las nuevas leyes de Migraci\u00f3n, Ciudadan\u00eda y Extranjer\u00eda deben analizarse no solo desde el derecho interno cubano, sino tambi\u00e9n a la luz de los est\u00e1ndares internacionales de derechos humanos aplicables a Cuba. Aunque el Estado cubano no ha ratificado el Pacto Internacional de Derechos Civiles y Pol\u00edticos (PIDCP), s\u00ed lo firm\u00f3 en 2008, lo que genera obligaciones de no frustrar el objeto y fin del tratado conforme a la Convenci\u00f3n de Viena sobre el Derecho de los Tratados. Adem\u00e1s, muchas de las garant\u00edas involucradas forman parte de est\u00e1ndares universales contenidos en la Declaraci\u00f3n Universal de Derechos Humanos (DUDH) y en normas consuetudinarias del derecho internacional. Como resultado, dentro de los principales est\u00e1ndares internacionales que podr\u00edan verse comprometidos pueden destacarse:&nbsp;<\/p>\n\n\n\n<h4 class=\"wp-block-heading\"><strong>Derecho a entrar en el propio pa\u00eds y libertad de circulaci\u00f3n<\/strong><\/h4>\n\n\n\n<p class=\"wp-block-paragraph\">El est\u00e1ndar internacional m\u00e1s directamente comprometido es el derecho de toda persona a regresar a su propio pa\u00eds. El art\u00edculo 13 de la Declaraci\u00f3n Universal de Derechos Humanos reconoce que \u201ctoda persona tiene derecho a salir de cualquier pa\u00eds, incluso del propio, y a regresar a su pa\u00eds\u201d, mientras que el art\u00edculo 12.4 del PIDCP establece que \u201cnadie podr\u00e1 ser arbitrariamente privado del derecho a entrar en su propio pa\u00eds\u201d.<\/p>\n\n\n\n<p class=\"wp-block-paragraph\">Los relatores de Naciones Unidas han advertido en sus pronunciamientos sobre casos presentados desde Cuba que las restricciones arbitrarias a la entrada al propio pa\u00eds, particularmente contra personas defensoras de derechos humanos y opositores, pueden constituir formas de exilio forzado incompatibles con el art\u00edculo 12 del PIDCP.<\/p>\n\n\n\n<p class=\"wp-block-paragraph\">La preocupaci\u00f3n se agrava porque el Reglamento prev\u00e9 la aplicaci\u00f3n inmediata del reembarque mediante decisi\u00f3n administrativa de autoridades migratorias, sin control judicial previo ni garant\u00edas efectivas de defensa. La pr\u00e1ctica documentada de personas defensoras de derechos humanos&nbsp; afectadas por estas medidas frecuentemente no reciben explicaci\u00f3n oficial, no cuentan con resoluci\u00f3n fundada y carecen de mecanismos efectivos de impugnaci\u00f3n en el momento en que se les impide viajar.<\/p>\n\n\n\n<h4 class=\"wp-block-heading\"><strong>Prohibici\u00f3n de represalias por motivos pol\u00edticos o por ejercicio de derechos fundamentales<\/strong><\/h4>\n\n\n\n<p class=\"wp-block-paragraph\">Diversos est\u00e1ndares internacionales proh\u00edben utilizar restricciones migratorias como forma de represalia pol\u00edtica. En el contexto cubano, las prohibiciones de entrada estar\u00e1n dirigidas espec\u00edficamente contra periodistas, activistas, artistas y defensores de derechos humanos debido a su labor leg\u00edtima de promoci\u00f3n de derechos humanos y libertad de expresi\u00f3n.<\/p>\n\n\n\n<p class=\"wp-block-paragraph\">En este sentido, los art\u00edculos 19 de la DUDH y del PIDCP protegen la libertad de opini\u00f3n y expresi\u00f3n, incluyendo el discurso pol\u00edtico, el activismo, la cr\u00edtica al gobierno y la defensa de derechos humanos.&nbsp;<\/p>\n\n\n\n<p class=\"wp-block-paragraph\">La posibilidad de privar de ciudadan\u00eda a personas que act\u00faen desde el extranjero contra los \u201caltos intereses pol\u00edticos, econ\u00f3micos y sociales\u201d del Estado cubano resulta particularmente preocupante bajo estos est\u00e1ndares. La f\u00f3rmula es extremadamente abierta y podr\u00eda permitir sancionar expresiones cr\u00edticas, denuncias internacionales, activismo pol\u00edtico o participaci\u00f3n c\u00edvica leg\u00edtima.<\/p>\n\n\n\n<h4 class=\"wp-block-heading\"><strong>Derecho a la vida familiar y protecci\u00f3n contra separaciones arbitrarias<\/strong><\/h4>\n\n\n\n<p class=\"wp-block-paragraph\">Las prohibiciones de entrada generan separaciones familiares forzadas con graves consecuencias para ni\u00f1os, personas mayores y familiares dependientes.<\/p>\n\n\n\n<p class=\"wp-block-paragraph\">Ello puede entrar en conflicto con:<\/p>\n\n\n\n<ul class=\"wp-block-list\">\n<li>el art\u00edculo 12 de la DUDH y el art\u00edculo 17 del PIDCP, que protegen contra injerencias arbitrarias en la vida familiar;<\/li>\n\n\n\n<li>el art\u00edculo 16.3 de la DUDH, que reconoce a la familia como elemento natural y fundamental de la sociedad;<\/li>\n\n\n\n<li>y los art\u00edculos 9 y 10 de la Convenci\u00f3n sobre los Derechos del Ni\u00f1o, que exigen que los ni\u00f1os no sean separados arbitrariamente de sus padres y que puedan mantener contacto regular con ellos.<\/li>\n<\/ul>\n\n\n\n<p class=\"wp-block-paragraph\">La imposibilidad de regresar al pa\u00eds o la aplicaci\u00f3n de prohibiciones de entrada por motivos pol\u00edticos puede producir, en la pr\u00e1ctica, una ruptura familiar prolongada e indefinida incompatible con esos est\u00e1ndares.<\/p>\n\n\n\n<h4 class=\"wp-block-heading\"><strong>Riesgo de apatridia de facto<\/strong><\/h4>\n\n\n\n<p class=\"wp-block-paragraph\">En el contexto cubano, las personas afectadas por prohibiciones de entrada o negativas de documentaci\u00f3n pueden quedar en situaciones de \u201capatridia de facto\u201d.<\/p>\n\n\n\n<p class=\"wp-block-paragraph\">Aunque formalmente mantengan la ciudadan\u00eda cubana, la negativa de entrada, la imposibilidad de renovar pasaportes o la ausencia de protecci\u00f3n consular efectiva pueden dejar a estas personas sin capacidad real de ejercer derechos b\u00e1sicos ni regularizar su situaci\u00f3n migratoria en terceros pa\u00edses.<\/p>\n\n\n\n<p class=\"wp-block-paragraph\">Este riesgo se vuelve especialmente relevante en el nuevo contexto normativo, donde la relaci\u00f3n efectiva con el territorio y ciertas categor\u00edas migratorias adquieren un peso central para el reconocimiento pr\u00e1ctico de derechos.<\/p>\n\n\n\n<h4 class=\"wp-block-heading\"><strong>Principio de igualdad y no discriminaci\u00f3n<\/strong><\/h4>\n\n\n\n<p class=\"wp-block-paragraph\">El nuevo dise\u00f1o legal tambi\u00e9n plantea interrogantes desde el principio de igualdad y no discriminaci\u00f3n. La diferenciaci\u00f3n entre ciudadanos con \u201cresidencia efectiva migratoria\u201d y ciudadanos residentes en el exterior produce un acceso desigual a derechos econ\u00f3micos, administrativos y patrimoniales.<\/p>\n\n\n\n<p class=\"wp-block-paragraph\">Adem\u00e1s, la creaci\u00f3n de categor\u00edas especiales para \u201cinversores y de negocios\u201d sugiere un modelo donde ciertos derechos o facilidades dependen de la utilidad econ\u00f3mica del ciudadano para el Estado. Esto podr\u00eda resultar incompatible con el principio de igualdad ante la ley reconocido en los art\u00edculos 1 y 7 de la DUDH.<\/p>\n\n\n\n<h4 class=\"wp-block-heading\"><strong>Derechos de personas defensoras de derechos humanos<\/strong><\/h4>\n\n\n\n<p class=\"wp-block-paragraph\">La Declaraci\u00f3n sobre Defensores de Derechos Humanos de Naciones Unidas reconoce el derecho de toda persona a promover y defender derechos humanos a nivel nacional e internacional, y obliga a los Estados a protegerlas frente a amenazas, represalias y hostigamiento.<\/p>\n\n\n\n<p class=\"wp-block-paragraph\">En consecuencia, cualquier uso del sistema migratorio para castigar el disenso pol\u00edtico, restringir el retorno al pa\u00eds o impedir actividades de denuncia internacional podr\u00eda constituir una violaci\u00f3n directa de estos est\u00e1ndares internacionales.<\/p>\n\n\n\n<h4 class=\"wp-block-heading\"><strong>Ausencia de garant\u00edas judiciales efectivas<\/strong><\/h4>\n\n\n\n<p class=\"wp-block-paragraph\">Finalmente, las nuevas normas presentan problemas desde el derecho al debido proceso y a la tutela judicial efectiva. Las decisiones migratorias m\u00e1s graves \u2014como prohibiciones de entrada, reembarques o privaciones de ciudadan\u00eda\u2014 quedan fuertemente concentradas en autoridades administrativas vinculadas al Ministerio del Interior.<\/p>\n\n\n\n<p class=\"wp-block-paragraph\">Los est\u00e1ndares internacionales exigen que toda restricci\u00f3n de derechos fundamentales:<\/p>\n\n\n\n<ul class=\"wp-block-list\">\n<li>est\u00e9 prevista claramente por la ley;<\/li>\n\n\n\n<li>sea necesaria y proporcional;<\/li>\n\n\n\n<li>pueda ser impugnada mediante recursos efectivos;<\/li>\n\n\n\n<li>y sea revisada por autoridades independientes.<\/li>\n<\/ul>\n\n\n\n<p class=\"wp-block-paragraph\">La existencia \u00fanicamente de v\u00edas posteriores, limitadas o poco accesibles \u2014como el amparo constitucional despu\u00e9s de ejecutada la medida\u2014 dif\u00edcilmente satisface plenamente esos requisitos cuando se trata de restricciones tan severas como impedir a un ciudadano entrar en su propio pa\u00eds.<\/p>\n\n\n\n<p class=\"wp-block-paragraph\"><\/p>","protected":false},"excerpt":{"rendered":"<p>An\u00e1lisis de la reforma migratoria cubana de 2026. Bajo la apariencia de modernizaci\u00f3n, las nuevas leyes de Migraci\u00f3n y Ciudadan\u00eda profundizan el control pol\u00edtico mediante la &#8220;residencia efectiva&#8221; y el reembarque. Un esquema que condiciona la inversi\u00f3n de la di\u00e1spora y vulnera est\u00e1ndares internacionales, usando el derecho a la movilidad como mecanismo de exclusi\u00f3n.<\/p>","protected":false},"featured_media":12966,"comment_status":"closed","ping_status":"closed","sticky":false,"template":"","format":"standard","meta":{"_jetpack_newsletter_access":"","_jetpack_dont_email_post_to_subs":false,"_jetpack_newsletter_tier_id":0,"_jetpack_memberships_contains_paywalled_content":false,"_wpcom_ai_launchpad_first_post":false,"_jetpack_feature_clip_id":0,"_jetpack_memberships_contains_paid_content":false,"footnotes":"","jetpack_post_was_ever_published":false},"categories":[551856634,111160486],"tags":[],"class_list":["post-22532","post","type-post","status-publish","format-standard","has-post-thumbnail","hentry","category-analisis-legal","category-cubalex"],"featured_image_src":"https:\/\/i0.wp.com\/cubalex.org\/wp-content\/uploads\/2024\/07\/Portada-Migracion.png?fit=1200%2C675&ssl=1","acf":{"translation_reviewed":false},"yoast_head":"<!-- This site is optimized with the Yoast SEO plugin v28.4 - https:\/\/yoast.com\/product\/yoast-seo-wordpress\/ -->\n<title>La reforma migratoria en Cuba: Una nueva arquitectura para el control - Cubalex<\/title>\n<meta name=\"robots\" content=\"index, follow, max-snippet:-1, max-image-preview:large, max-video-preview:-1\" \/>\n<link rel=\"canonical\" href=\"https:\/\/cubalex.org\/en\/2026\/05\/18\/la-reforma-migratoria-en-cuba-una-nueva-arquitectura-para-el-control\/\" \/>\n<meta property=\"og:locale\" content=\"en_US\" \/>\n<meta property=\"og:type\" content=\"article\" \/>\n<meta property=\"og:title\" content=\"La reforma migratoria en Cuba: Una nueva arquitectura para el control - Cubalex\" \/>\n<meta property=\"og:description\" content=\"An\u00e1lisis de la reforma migratoria cubana de 2026. Bajo la apariencia de modernizaci\u00f3n, las nuevas leyes de Migraci\u00f3n y Ciudadan\u00eda profundizan el control pol\u00edtico mediante la &quot;residencia efectiva&quot; y el reembarque. Un esquema que condiciona la inversi\u00f3n de la di\u00e1spora y vulnera est\u00e1ndares internacionales, usando el derecho a la movilidad como mecanismo de exclusi\u00f3n.\" \/>\n<meta property=\"og:url\" content=\"https:\/\/cubalex.org\/en\/2026\/05\/18\/la-reforma-migratoria-en-cuba-una-nueva-arquitectura-para-el-control\/\" \/>\n<meta property=\"og:site_name\" content=\"Cubalex\" \/>\n<meta property=\"article:publisher\" content=\"https:\/\/www.facebook.com\/ONGcubalex\" \/>\n<meta property=\"article:published_time\" content=\"2026-05-18T21:08:50+00:00\" \/>\n<meta property=\"article:modified_time\" content=\"2026-05-19T18:41:49+00:00\" \/>\n<meta property=\"og:image\" content=\"https:\/\/cubalex.org\/wp-content\/uploads\/2024\/07\/Portada-Migracion.png\" \/>\n\t<meta property=\"og:image:width\" content=\"1200\" \/>\n\t<meta property=\"og:image:height\" content=\"675\" \/>\n\t<meta property=\"og:image:type\" content=\"image\/png\" \/>\n<meta name=\"twitter:card\" content=\"summary_large_image\" \/>\n<meta name=\"twitter:creator\" content=\"@CubalexDDHH\" \/>\n<meta name=\"twitter:site\" content=\"@CubalexDDHH\" \/>\n<meta name=\"twitter:label1\" content=\"Written by\" \/>\n\t<meta name=\"twitter:data1\" content=\"salome\" \/>\n\t<meta name=\"twitter:label2\" content=\"Est. reading time\" \/>\n\t<meta name=\"twitter:data2\" content=\"10 minutes\" \/>\n<script type=\"application\/ld+json\" class=\"yoast-schema-graph\">{\"@context\":\"https:\\\/\\\/schema.org\",\"@graph\":[{\"@type\":\"Article\",\"@id\":\"https:\\\/\\\/cubalex.org\\\/2026\\\/05\\\/18\\\/la-reforma-migratoria-en-cuba-una-nueva-arquitectura-para-el-control\\\/#article\",\"isPartOf\":{\"@id\":\"https:\\\/\\\/cubalex.org\\\/2026\\\/05\\\/18\\\/la-reforma-migratoria-en-cuba-una-nueva-arquitectura-para-el-control\\\/\"},\"headline\":\"La reforma migratoria en Cuba: Una nueva arquitectura para el control\",\"datePublished\":\"2026-05-18T21:08:50+00:00\",\"dateModified\":\"2026-05-19T18:41:49+00:00\",\"mainEntityOfPage\":{\"@id\":\"https:\\\/\\\/cubalex.org\\\/2026\\\/05\\\/18\\\/la-reforma-migratoria-en-cuba-una-nueva-arquitectura-para-el-control\\\/\"},\"wordCount\":2350,\"publisher\":{\"@id\":\"https:\\\/\\\/cubalex.org\\\/#organization\"},\"image\":{\"@id\":\"https:\\\/\\\/cubalex.org\\\/2026\\\/05\\\/18\\\/la-reforma-migratoria-en-cuba-una-nueva-arquitectura-para-el-control\\\/#primaryimage\"},\"thumbnailUrl\":\"https:\\\/\\\/i0.wp.com\\\/cubalex.org\\\/wp-content\\\/uploads\\\/2024\\\/07\\\/Portada-Migracion.png?fit=1200%2C675&ssl=1\",\"articleSection\":[\"An\u00e1lisis Legal\",\"Cubalex\"],\"inLanguage\":\"en-US\"},{\"@type\":\"WebPage\",\"@id\":\"https:\\\/\\\/cubalex.org\\\/2026\\\/05\\\/18\\\/la-reforma-migratoria-en-cuba-una-nueva-arquitectura-para-el-control\\\/\",\"url\":\"https:\\\/\\\/cubalex.org\\\/2026\\\/05\\\/18\\\/la-reforma-migratoria-en-cuba-una-nueva-arquitectura-para-el-control\\\/\",\"name\":\"La reforma migratoria en Cuba: Una nueva arquitectura para el control - Cubalex\",\"isPartOf\":{\"@id\":\"https:\\\/\\\/cubalex.org\\\/#website\"},\"primaryImageOfPage\":{\"@id\":\"https:\\\/\\\/cubalex.org\\\/2026\\\/05\\\/18\\\/la-reforma-migratoria-en-cuba-una-nueva-arquitectura-para-el-control\\\/#primaryimage\"},\"image\":{\"@id\":\"https:\\\/\\\/cubalex.org\\\/2026\\\/05\\\/18\\\/la-reforma-migratoria-en-cuba-una-nueva-arquitectura-para-el-control\\\/#primaryimage\"},\"thumbnailUrl\":\"https:\\\/\\\/i0.wp.com\\\/cubalex.org\\\/wp-content\\\/uploads\\\/2024\\\/07\\\/Portada-Migracion.png?fit=1200%2C675&ssl=1\",\"datePublished\":\"2026-05-18T21:08:50+00:00\",\"dateModified\":\"2026-05-19T18:41:49+00:00\",\"breadcrumb\":{\"@id\":\"https:\\\/\\\/cubalex.org\\\/2026\\\/05\\\/18\\\/la-reforma-migratoria-en-cuba-una-nueva-arquitectura-para-el-control\\\/#breadcrumb\"},\"inLanguage\":\"en-US\",\"potentialAction\":[{\"@type\":\"ReadAction\",\"target\":[\"https:\\\/\\\/cubalex.org\\\/2026\\\/05\\\/18\\\/la-reforma-migratoria-en-cuba-una-nueva-arquitectura-para-el-control\\\/\"]}]},{\"@type\":\"ImageObject\",\"inLanguage\":\"en-US\",\"@id\":\"https:\\\/\\\/cubalex.org\\\/2026\\\/05\\\/18\\\/la-reforma-migratoria-en-cuba-una-nueva-arquitectura-para-el-control\\\/#primaryimage\",\"url\":\"https:\\\/\\\/i0.wp.com\\\/cubalex.org\\\/wp-content\\\/uploads\\\/2024\\\/07\\\/Portada-Migracion.png?fit=1200%2C675&ssl=1\",\"contentUrl\":\"https:\\\/\\\/i0.wp.com\\\/cubalex.org\\\/wp-content\\\/uploads\\\/2024\\\/07\\\/Portada-Migracion.png?fit=1200%2C675&ssl=1\",\"width\":1200,\"height\":675,\"caption\":\"Foto de Ricardo IV Tamayo en Unsplash\"},{\"@type\":\"BreadcrumbList\",\"@id\":\"https:\\\/\\\/cubalex.org\\\/2026\\\/05\\\/18\\\/la-reforma-migratoria-en-cuba-una-nueva-arquitectura-para-el-control\\\/#breadcrumb\",\"itemListElement\":[{\"@type\":\"ListItem\",\"position\":1,\"name\":\"Portada\",\"item\":\"https:\\\/\\\/cubalex.org\\\/\"},{\"@type\":\"ListItem\",\"position\":2,\"name\":\"La reforma migratoria en Cuba: Una nueva arquitectura para el control\"}]},{\"@type\":\"WebSite\",\"@id\":\"https:\\\/\\\/cubalex.org\\\/#website\",\"url\":\"https:\\\/\\\/cubalex.org\\\/\",\"name\":\"Cubalex\",\"description\":\"Trabajamos en defensa de los derechos humanos, para instaurar la democracia y el Estado de derecho en Cuba\",\"publisher\":{\"@id\":\"https:\\\/\\\/cubalex.org\\\/#organization\"},\"potentialAction\":[{\"@type\":\"SearchAction\",\"target\":{\"@type\":\"EntryPoint\",\"urlTemplate\":\"https:\\\/\\\/cubalex.org\\\/?s={search_term_string}\"},\"query-input\":{\"@type\":\"PropertyValueSpecification\",\"valueRequired\":true,\"valueName\":\"search_term_string\"}}],\"inLanguage\":\"en-US\"},{\"@type\":\"Organization\",\"@id\":\"https:\\\/\\\/cubalex.org\\\/#organization\",\"name\":\"Cubalex\",\"url\":\"https:\\\/\\\/cubalex.org\\\/\",\"logo\":{\"@type\":\"ImageObject\",\"inLanguage\":\"en-US\",\"@id\":\"https:\\\/\\\/cubalex.org\\\/#\\\/schema\\\/logo\\\/image\\\/\",\"url\":\"https:\\\/\\\/i0.wp.com\\\/cubalex.org\\\/wp-content\\\/uploads\\\/2026\\\/08\\\/CUBALEX1.png?fit=1445%2C300&ssl=1\",\"contentUrl\":\"https:\\\/\\\/i0.wp.com\\\/cubalex.org\\\/wp-content\\\/uploads\\\/2026\\\/08\\\/CUBALEX1.png?fit=1445%2C300&ssl=1\",\"width\":1445,\"height\":300,\"caption\":\"Cubalex\"},\"image\":{\"@id\":\"https:\\\/\\\/cubalex.org\\\/#\\\/schema\\\/logo\\\/image\\\/\"},\"sameAs\":[\"https:\\\/\\\/www.facebook.com\\\/ONGcubalex\",\"https:\\\/\\\/x.com\\\/CubalexDDHH\",\"https:\\\/\\\/www.youtube.com\\\/@Cubalex\",\"https:\\\/\\\/www.linkedin.com\\\/company\\\/cubalex\\\/\",\"https:\\\/\\\/t.me\\\/cubalex\"]}]}<\/script>\n<!-- \/ Yoast SEO plugin. -->","yoast_head_json":{"title":"La reforma migratoria en Cuba: Una nueva arquitectura para el control - Cubalex","robots":{"index":"index","follow":"follow","max-snippet":"max-snippet:-1","max-image-preview":"max-image-preview:large","max-video-preview":"max-video-preview:-1"},"canonical":"https:\/\/cubalex.org\/en\/2026\/05\/18\/la-reforma-migratoria-en-cuba-una-nueva-arquitectura-para-el-control\/","og_locale":"en_US","og_type":"article","og_title":"La reforma migratoria en Cuba: Una nueva arquitectura para el control - Cubalex","og_description":"An\u00e1lisis de la reforma migratoria cubana de 2026. Bajo la apariencia de modernizaci\u00f3n, las nuevas leyes de Migraci\u00f3n y Ciudadan\u00eda profundizan el control pol\u00edtico mediante la \"residencia efectiva\" y el reembarque. Un esquema que condiciona la inversi\u00f3n de la di\u00e1spora y vulnera est\u00e1ndares internacionales, usando el derecho a la movilidad como mecanismo de exclusi\u00f3n.","og_url":"https:\/\/cubalex.org\/en\/2026\/05\/18\/la-reforma-migratoria-en-cuba-una-nueva-arquitectura-para-el-control\/","og_site_name":"Cubalex","article_publisher":"https:\/\/www.facebook.com\/ONGcubalex","article_published_time":"2026-05-18T21:08:50+00:00","article_modified_time":"2026-05-19T18:41:49+00:00","og_image":[{"width":1200,"height":675,"url":"https:\/\/cubalex.org\/wp-content\/uploads\/2024\/07\/Portada-Migracion.png","type":"image\/png"}],"twitter_card":"summary_large_image","twitter_creator":"@CubalexDDHH","twitter_site":"@CubalexDDHH","twitter_misc":{"Written by":"salome","Est. reading time":"10 minutes"},"schema":{"@context":"https:\/\/schema.org","@graph":[{"@type":"Article","@id":"https:\/\/cubalex.org\/2026\/05\/18\/la-reforma-migratoria-en-cuba-una-nueva-arquitectura-para-el-control\/#article","isPartOf":{"@id":"https:\/\/cubalex.org\/2026\/05\/18\/la-reforma-migratoria-en-cuba-una-nueva-arquitectura-para-el-control\/"},"headline":"La reforma migratoria en Cuba: Una nueva arquitectura para el control","datePublished":"2026-05-18T21:08:50+00:00","dateModified":"2026-05-19T18:41:49+00:00","mainEntityOfPage":{"@id":"https:\/\/cubalex.org\/2026\/05\/18\/la-reforma-migratoria-en-cuba-una-nueva-arquitectura-para-el-control\/"},"wordCount":2350,"publisher":{"@id":"https:\/\/cubalex.org\/#organization"},"image":{"@id":"https:\/\/cubalex.org\/2026\/05\/18\/la-reforma-migratoria-en-cuba-una-nueva-arquitectura-para-el-control\/#primaryimage"},"thumbnailUrl":"https:\/\/i0.wp.com\/cubalex.org\/wp-content\/uploads\/2024\/07\/Portada-Migracion.png?fit=1200%2C675&ssl=1","articleSection":["An\u00e1lisis Legal","Cubalex"],"inLanguage":"en-US"},{"@type":"WebPage","@id":"https:\/\/cubalex.org\/2026\/05\/18\/la-reforma-migratoria-en-cuba-una-nueva-arquitectura-para-el-control\/","url":"https:\/\/cubalex.org\/2026\/05\/18\/la-reforma-migratoria-en-cuba-una-nueva-arquitectura-para-el-control\/","name":"La reforma migratoria en Cuba: Una nueva arquitectura para el control - Cubalex","isPartOf":{"@id":"https:\/\/cubalex.org\/#website"},"primaryImageOfPage":{"@id":"https:\/\/cubalex.org\/2026\/05\/18\/la-reforma-migratoria-en-cuba-una-nueva-arquitectura-para-el-control\/#primaryimage"},"image":{"@id":"https:\/\/cubalex.org\/2026\/05\/18\/la-reforma-migratoria-en-cuba-una-nueva-arquitectura-para-el-control\/#primaryimage"},"thumbnailUrl":"https:\/\/i0.wp.com\/cubalex.org\/wp-content\/uploads\/2024\/07\/Portada-Migracion.png?fit=1200%2C675&ssl=1","datePublished":"2026-05-18T21:08:50+00:00","dateModified":"2026-05-19T18:41:49+00:00","breadcrumb":{"@id":"https:\/\/cubalex.org\/2026\/05\/18\/la-reforma-migratoria-en-cuba-una-nueva-arquitectura-para-el-control\/#breadcrumb"},"inLanguage":"en-US","potentialAction":[{"@type":"ReadAction","target":["https:\/\/cubalex.org\/2026\/05\/18\/la-reforma-migratoria-en-cuba-una-nueva-arquitectura-para-el-control\/"]}]},{"@type":"ImageObject","inLanguage":"en-US","@id":"https:\/\/cubalex.org\/2026\/05\/18\/la-reforma-migratoria-en-cuba-una-nueva-arquitectura-para-el-control\/#primaryimage","url":"https:\/\/i0.wp.com\/cubalex.org\/wp-content\/uploads\/2024\/07\/Portada-Migracion.png?fit=1200%2C675&ssl=1","contentUrl":"https:\/\/i0.wp.com\/cubalex.org\/wp-content\/uploads\/2024\/07\/Portada-Migracion.png?fit=1200%2C675&ssl=1","width":1200,"height":675,"caption":"Foto de Ricardo IV Tamayo en Unsplash"},{"@type":"BreadcrumbList","@id":"https:\/\/cubalex.org\/2026\/05\/18\/la-reforma-migratoria-en-cuba-una-nueva-arquitectura-para-el-control\/#breadcrumb","itemListElement":[{"@type":"ListItem","position":1,"name":"Portada","item":"https:\/\/cubalex.org\/"},{"@type":"ListItem","position":2,"name":"La reforma migratoria en Cuba: Una nueva arquitectura para el control"}]},{"@type":"WebSite","@id":"https:\/\/cubalex.org\/#website","url":"https:\/\/cubalex.org\/","name":"Cubalex","description":"Trabajamos en defensa de los derechos humanos, para instaurar la democracia y el Estado de derecho en Cuba","publisher":{"@id":"https:\/\/cubalex.org\/#organization"},"potentialAction":[{"@type":"SearchAction","target":{"@type":"EntryPoint","urlTemplate":"https:\/\/cubalex.org\/?s={search_term_string}"},"query-input":{"@type":"PropertyValueSpecification","valueRequired":true,"valueName":"search_term_string"}}],"inLanguage":"en-US"},{"@type":"Organization","@id":"https:\/\/cubalex.org\/#organization","name":"Cubalex","url":"https:\/\/cubalex.org\/","logo":{"@type":"ImageObject","inLanguage":"en-US","@id":"https:\/\/cubalex.org\/#\/schema\/logo\/image\/","url":"https:\/\/i0.wp.com\/cubalex.org\/wp-content\/uploads\/2026\/08\/CUBALEX1.png?fit=1445%2C300&ssl=1","contentUrl":"https:\/\/i0.wp.com\/cubalex.org\/wp-content\/uploads\/2026\/08\/CUBALEX1.png?fit=1445%2C300&ssl=1","width":1445,"height":300,"caption":"Cubalex"},"image":{"@id":"https:\/\/cubalex.org\/#\/schema\/logo\/image\/"},"sameAs":["https:\/\/www.facebook.com\/ONGcubalex","https:\/\/x.com\/CubalexDDHH","https:\/\/www.youtube.com\/@Cubalex","https:\/\/www.linkedin.com\/company\/cubalex\/","https:\/\/t.me\/cubalex"]}]}},"jetpack_shortlink":"https:\/\/wp.me\/p23ZXl-5Rq","jetpack_sharing_enabled":true,"jetpack_featured_media_url":"https:\/\/i0.wp.com\/cubalex.org\/wp-content\/uploads\/2024\/07\/Portada-Migracion.png?fit=1200%2C675&ssl=1","_links":{"self":[{"href":"https:\/\/cubalex.org\/en\/wp-json\/wp\/v2\/posts\/22532","targetHints":{"allow":["GET"]}}],"collection":[{"href":"https:\/\/cubalex.org\/en\/wp-json\/wp\/v2\/posts"}],"about":[{"href":"https:\/\/cubalex.org\/en\/wp-json\/wp\/v2\/types\/post"}],"replies":[{"embeddable":true,"href":"https:\/\/cubalex.org\/en\/wp-json\/wp\/v2\/comments?post=22532"}],"version-history":[{"count":0,"href":"https:\/\/cubalex.org\/en\/wp-json\/wp\/v2\/posts\/22532\/revisions"}],"wp:featuredmedia":[{"embeddable":true,"href":"https:\/\/cubalex.org\/en\/wp-json\/wp\/v2\/media\/12966"}],"wp:attachment":[{"href":"https:\/\/cubalex.org\/en\/wp-json\/wp\/v2\/media?parent=22532"}],"wp:term":[{"taxonomy":"category","embeddable":true,"href":"https:\/\/cubalex.org\/en\/wp-json\/wp\/v2\/categories?post=22532"},{"taxonomy":"post_tag","embeddable":true,"href":"https:\/\/cubalex.org\/en\/wp-json\/wp\/v2\/tags?post=22532"}],"curies":[{"name":"wp","href":"https:\/\/api.w.org\/{rel}","templated":true}]}}