{"id":22662,"date":"2026-06-02T15:10:25","date_gmt":"2026-06-02T19:10:25","guid":{"rendered":"https:\/\/cubalex.org\/?p=22662"},"modified":"2026-06-02T15:14:47","modified_gmt":"2026-06-02T19:14:47","slug":"represion-por-asociacion-en-cuba-cuando-el-castigo-alcanza-a-la-familia-y-las-redes-de-apoyo","status":"publish","type":"post","link":"https:\/\/cubalex.org\/en\/2026\/06\/02\/represion-por-asociacion-en-cuba-cuando-el-castigo-alcanza-a-la-familia-y-las-redes-de-apoyo\/","title":{"rendered":"Represi\u00f3n por asociaci\u00f3n en Cuba: cuando el castigo alcanza a la familia y las redes de apoyo"},"content":{"rendered":"<p class=\"wp-block-paragraph\">En Cuba, la represi\u00f3n pol\u00edtica no siempre se dirige \u00fanicamente contra quienes protestan, denuncian abusos o expresan opiniones cr\u00edticas sobre el Gobierno. Con frecuencia, las<strong> autoridades trasladan el castigo hacia familiares, amistades y personas cercanas para imponer silencio, aislar a las v\u00edctimas y aumentar el costo de la disidencia.<\/strong><\/p>\n\n\n\n<p class=\"wp-block-paragraph\">Cubalex ha identificado esta pr\u00e1ctica como represi\u00f3n por asociaci\u00f3n. El monitoreo diario de violaciones de derechos humanos realizado por la organizaci\u00f3n muestra que no se trata de hechos aislados, sino de un patr\u00f3n represivo sistem\u00e1tico y selectivo que convierte los v\u00ednculos familiares, afectivos y comunitarios en instrumentos de presi\u00f3n estatal.<\/p>\n\n\n\n<p class=\"wp-block-paragraph\">La represi\u00f3n por asociaci\u00f3n ocurre cuando una persona es vigilada, amenazada, citada, detenida, criminalizada o privada de derechos debido a su relaci\u00f3n real o percibida con alguien considerado inc\u00f3modo para el poder: opositores, activistas, periodistas independientes, defensores de derechos humanos o personas exiliadas cr\u00edticas del Gobierno.<\/p>\n\n\n\n<p class=\"wp-block-paragraph\">En estos casos, ser madre, padre, hija, hijo, hermana, esposa, amigo o integrante de una red de apoyo puede ser suficiente para convertirse en objetivo de acciones represivas.<\/p>\n\n\n\n<p class=\"wp-block-paragraph\">La finalidad es castigar indirectamente a la persona se\u00f1alada, debilitar sus redes de apoyo, impedir la circulaci\u00f3n de denuncias y extender las consecuencias de la disidencia al entorno familiar, social o comunitario. Se trata de una forma de castigo vicario en la que el Estado presiona a familiares y personas cercanas para silenciar o disciplinar a quienes considera adversarios.<\/p>\n\n\n\n<h3 class=\"wp-block-heading\">Una modalidad de represi\u00f3n transnacional<\/h3>\n\n\n\n<p class=\"wp-block-paragraph\"><strong>Cuando la persona cr\u00edtica reside fuera de Cuba,<\/strong> esta pr\u00e1ctica adquiere una dimensi\u00f3n transnacional. Aunque el Estado no siempre puede actuar directamente contra ella, s\u00ed puede ejercer presi\u00f3n sobre sus familiares dentro del pa\u00eds.<\/p>\n\n\n\n<p class=\"wp-block-paragraph\">De esta manera, la familia se convierte en una especie de reh\u00e9n simb\u00f3lico: denunciar desde el exilio o participar en actividades de oposici\u00f3n puede traducirse en represalias contra quienes permanecen en la Isla.<\/p>\n\n\n\n<h3 class=\"wp-block-heading\">El uso del sistema penal como mecanismo de represalia<\/h3>\n\n\n\n<p class=\"wp-block-paragraph\">La represi\u00f3n por asociaci\u00f3n tambi\u00e9n puede manifestarse a trav\u00e9s del sistema de justicia penal. En estos casos, la amenaza no se limita a advertencias verbales o citaciones policiales, sino que se traduce en acusaciones, solicitudes de condena o procesos judiciales utilizados como mensaje pol\u00edtico.<\/p>\n\n\n\n<p class=\"wp-block-paragraph\">Un ejemplo documentado por Cubalex es el caso de <a href=\"https:\/\/www.martinoticias.com\/a\/un-ajuste-de-cuentas-periodista-deportivo-cubano-sobre-juicio-a-su-hija-en-cuba\/457667.html\">Wendy Campuzano, hija del periodista deportivo Armando Campuzano<\/a>. Seg\u00fan la informaci\u00f3n recopilada, un agente le habr\u00eda dicho: \u201cT\u00fa vas a pagar lo que el gusano de tu padre hizo\u201d, vinculando de forma expl\u00edcita el proceso penal en su contra con un libro cr\u00edtico publicado por su padre.<\/p>\n\n\n\n<p class=\"wp-block-paragraph\">La <strong>Fiscal\u00eda habr\u00eda solicitado seis a\u00f1os de prisi\u00f3n contra Wendy,<\/strong> madre de tres hijos. Armando Campuzano denunci\u00f3 el proceso como un \u201cajuste de cuentas\u201d. Finalmente el 2 de junio qued\u00f3 firme la <a href=\"https:\/\/www.facebook.com\/story.php?story_fbid=3024472851096729&amp;id=100006021310766&amp;mibextid=wwXIfr&amp;rdid=Lx9uwQO0KAk82GHS#\">sentencia <\/a>contra ella: dos a\u00f1os de privaci\u00f3n de libertad.<\/p>\n\n\n\n<p class=\"wp-block-paragraph\">La frase atribuida al agente resume la l\u00f3gica de este patr\u00f3n represivo: la sanci\u00f3n no se presenta como consecuencia de una conducta individual, sino como castigo por el v\u00ednculo familiar con una voz cr\u00edtica. Cuando el proceso penal se utiliza de esta manera, deja de funcionar como mecanismo de justicia y se convierte en una herramienta de intimidaci\u00f3n pol\u00edtica.<\/p>\n\n\n\n<p class=\"wp-block-paragraph\">Esta pr\u00e1ctica adquiere adem\u00e1s una dimensi\u00f3n de g\u00e9nero cuando las amenazas se dirigen contra mujeres, madres o cuidadoras, o cuando se utilizan los hijos, la custodia o la estabilidad familiar como mecanismos de presi\u00f3n. En esos contextos, las autoridades explotan responsabilidades afectivas y familiares para forzar el silencio, la obediencia o el retraimiento de la vida p\u00fablica.<\/p>\n\n\n\n<h3 class=\"wp-block-heading\">Castigar la denuncia y controlar la informaci\u00f3n<\/h3>\n\n\n\n<p class=\"wp-block-paragraph\">Otra modalidad frecuente de represi\u00f3n por asociaci\u00f3n se produce cuando familiares de personas detenidas o presas pol\u00edticas intentan denunciar abusos, solicitar atenci\u00f3n m\u00e9dica, contactar a periodistas o divulgar informaci\u00f3n sobre las condiciones dentro de los centros penitenciarios.<\/p>\n\n\n\n<p class=\"wp-block-paragraph\">El <a href=\"https:\/\/x.com\/observacuba\/status\/1754964285325742433\">caso de Jordania P\u00e9rez Quevedo, <\/a>hermana de la presa pol\u00edtica Yanet P\u00e9rez Quevedo, ilustra este patr\u00f3n.<\/p>\n\n\n\n<p class=\"wp-block-paragraph\">Seg\u00fan un relato de Jordania en 2024, su hermana la llam\u00f3 desde la prisi\u00f3n Kilo 5 para denunciar problemas de salud y falta de atenci\u00f3n m\u00e9dica. Cuando sugiri\u00f3 buscar a alguien que publicara la denuncia en Facebook, la llamada fue interrumpida. Posteriormente recibi\u00f3 una comunicaci\u00f3n de la jefatura penitenciaria.<\/p>\n\n\n\n<p class=\"wp-block-paragraph\">Jordania tambi\u00e9n expres\u00f3 temor a sufrir represalias contra ella y sus hijos por ayudar a su hermana.<\/p>\n\n\n\n<p class=\"wp-block-paragraph\">Este caso evidencia c\u00f3mo la represi\u00f3n por asociaci\u00f3n busca controlar la circulaci\u00f3n de informaci\u00f3n sobre las violaciones de derechos humanos. El objetivo es impedir que las personas privadas de libertad denuncien abusos, que sus familiares hablen p\u00fablicamente, que periodistas accedan a informaci\u00f3n y que organizaciones independientes puedan documentar lo que ocurre dentro de las c\u00e1rceles.<\/p>\n\n\n\n<p class=\"wp-block-paragraph\">El resultado es un c\u00edrculo de aislamiento: la persona presa queda m\u00e1s incomunicada, la familia teme denunciar, los medios reciben menos informaci\u00f3n y las organizaciones enfrentan mayores dificultades para verificar y exponer los abusos.<\/p>\n\n\n\n<h3 class=\"wp-block-heading\">Derechos humanos vulnerados<\/h3>\n\n\n\n<p class=\"wp-block-paragraph\">La represi\u00f3n por asociaci\u00f3n afecta m\u00faltiples derechos fundamentales reconocidos por el derecho internacional de los derechos humanos.<\/p>\n\n\n\n<p class=\"wp-block-paragraph\">En primer lugar, vulnera la libertad de expresi\u00f3n al buscar impedir denuncias, publicaciones, campa\u00f1as de solidaridad y el contacto con medios de comunicaci\u00f3n. Este derecho est\u00e1 protegido por la Declaraci\u00f3n Universal de Derechos Humanos y la Declaraci\u00f3n Americana de los Derechos y Deberes del Hombre.<\/p>\n\n\n\n<p class=\"wp-block-paragraph\">Tambi\u00e9n afecta el derecho a la vida privada y familiar, pues convierte los v\u00ednculos afectivos en instrumentos de presi\u00f3n pol\u00edtica. La familia deja de ser un espacio protegido y pasa a ser utilizada como mecanismo de castigo.<\/p>\n\n\n\n<p class=\"wp-block-paragraph\">Asimismo, compromete el derecho a la igualdad ante la ley y la prohibici\u00f3n de discriminaci\u00f3n, ya que la persona afectada no es perseguida por sus propios actos, sino por las opiniones pol\u00edticas \u2014reales o atribuidas\u2014 de otra persona o por la relaci\u00f3n que mantiene con ella.<\/p>\n\n\n\n<p class=\"wp-block-paragraph\">Cuando estas pr\u00e1cticas se producen en el contexto de investigaciones penales, detenciones o procesos judiciales, tambi\u00e9n lesionan el derecho al debido proceso, sustituyendo la responsabilidad individual por un castigo ejemplarizante.<\/p>\n\n\n\n<p class=\"wp-block-paragraph\">En los casos m\u00e1s graves, las amenazas dirigidas contra familiares, hijos o personas privadas de libertad pueden constituir tratos crueles, inhumanos o degradantes e incluso formas de tortura psicol\u00f3gica, de acuerdo con los est\u00e1ndares de la Convenci\u00f3n contra la Tortura, cuando generan sufrimiento mental grave y son utilizadas para castigar, intimidar o coaccionar.<\/p>\n\n\n\n<p class=\"wp-block-paragraph\">Tambi\u00e9n resulta especialmente relevante la Declaraci\u00f3n sobre los Defensores de Derechos Humanos, que reconoce el derecho de toda persona a promover y defender los derechos humanos, obtener y difundir informaci\u00f3n, comunicarse con organizaciones y estar protegida frente a amenazas, represalias, presiones o acciones arbitrarias derivadas del ejercicio leg\u00edtimo de esos derechos.<\/p>\n\n\n\n<h3 class=\"wp-block-heading\">\u00bfQu\u00e9 delitos podr\u00edan estar cometiendo las autoridades responsables?<\/h3>\n\n\n\n<p class=\"wp-block-paragraph\">Adem\u00e1s de constituir violaciones de derechos humanos, estas pr\u00e1cticas podr\u00edan <strong>encajar en varios delitos previstos en el propio<a href=\"https:\/\/www.gacetaoficial.gob.cu\/es\/ley-no-151-codigo-penal\"> C\u00f3digo Penal cubano<\/a>,<\/strong> particularmente en el T\u00edtulo III, relativo a los delitos contra la administraci\u00f3n y la jurisdicci\u00f3n, dentro del cap\u00edtulo dedicado a la violaci\u00f3n de los deberes inherentes a una funci\u00f3n p\u00fablica.<\/p>\n\n\n\n<p class=\"wp-block-paragraph\"><strong>1.Abuso de autoridad:<\/strong> El art\u00edculo 174 sanciona al funcionario p\u00fablico que, con el prop\u00f3sito de perjudicar a una persona o de obtener un beneficio il\u00edcito, ejerza las funciones de su cargo de manera manifiestamente contraria a la ley o se exceda arbitrariamente de los l\u00edmites de su competencia. Este delito podr\u00eda aplicarse a detenciones arbitrarias, arrestos domiciliarios sin respaldo legal, restricciones ilegales de movimiento, ocupaci\u00f3n indebida de bienes o cualquier otra medida utilizada para hostigar a familiares de personas cr\u00edticas del Gobierno.<\/p>\n\n\n\n<p class=\"wp-block-paragraph\">La sanci\u00f3n prevista es<strong> de uno a tres a\u00f1os de privaci\u00f3n de libertad<\/strong>, multa de trescientas a mil cuotas o ambas.<\/p>\n\n\n\n<p class=\"wp-block-paragraph\"><strong>2.Ejecuci\u00f3n indebida de sanciones o medidas de seguridad<\/strong>: El art\u00edculo 181 castiga a los funcionarios que impongan o ejecuten medidas de seguridad sin orden judicial o al margen de los procedimientos establecidos. Esta figura podr\u00eda abarcar la imposici\u00f3n arbitraria de medidas cautelares, obligaciones de comparecencia, restricciones de movimiento o detenciones ejecutadas sin control judicial efectivo.<\/p>\n\n\n\n<p class=\"wp-block-paragraph\">La sanci\u00f3n prevista es de uno a tres a\u00f1os de privaci\u00f3n de libertad.<\/p>\n\n\n\n<p class=\"wp-block-paragraph\"><strong>3.Prevaricaci\u00f3n:<\/strong> Los art\u00edculos 178 y 180 regulan distintas formas de prevaricaci\u00f3n por parte de funcionarios vinculados a la administraci\u00f3n de justicia. El art\u00edculo 178 sanciona la omisi\u00f3n injustificada o el retardo malicioso en la tramitaci\u00f3n de asuntos judiciales. Esta conducta puede manifestarse en procesos excesivamente demorados o en la falta de investigaciones independientes sobre denuncias de abusos.<\/p>\n\n\n\n<p class=\"wp-block-paragraph\">La sanci\u00f3n prevista es de seis meses a un a\u00f1o de privaci\u00f3n de libertad, multa de cien a trescientas cuotas o ambas.<\/p>\n\n\n\n<p class=\"wp-block-paragraph\">Por su parte, el art\u00edculo 180 castiga a quien promueva la persecuci\u00f3n de una persona cuya inocencia conoce o deje de perseguir a quien corresponde investigar. Esta figura resulta particularmente relevante en procesos penales utilizados como represalia pol\u00edtica o dirigidos contra familiares de activistas, periodistas u opositores.<\/p>\n\n\n\n<p class=\"wp-block-paragraph\">La sanci\u00f3n prevista es de uno a tres a\u00f1os de privaci\u00f3n de libertad, multa de trescientas a mil cuotas o ambas.<\/p>\n\n\n\n<p class=\"wp-block-paragraph\"><strong>4.Denegaci\u00f3n de auxilio: <\/strong>El art\u00edculo 186.1 sanciona al funcionario que se niegue a prestar la cooperaci\u00f3n o el auxilio que est\u00e1 obligado a brindar por raz\u00f3n de su cargo. Esta conducta puede estar presente cuando las autoridades obstaculizan el acceso a recursos efectivos, niegan informaci\u00f3n a familiares o impiden investigaciones sobre violaciones de derechos humanos.<\/p>\n\n\n\n<p class=\"wp-block-paragraph\">La sanci\u00f3n prevista es de seis meses a un a\u00f1o de privaci\u00f3n de libertad, multa de cien a trescientas cuotas o ambas.<\/p>\n\n\n\n<p class=\"wp-block-paragraph\">La represi\u00f3n por asociaci\u00f3n es una t\u00e9cnica de control pol\u00edtico cuyo objetivo va m\u00e1s all\u00e1 de castigar a una persona espec\u00edfica. Busca extender el miedo, romper redes de apoyo, desalentar la denuncia y convertir la defensa de los derechos humanos en una actividad con costos familiares, emocionales y sociales.<\/p>\n\n\n\n<p class=\"wp-block-paragraph\">Identificar y denunciar este patr\u00f3n es un paso fundamental para combatir la impunidad, proteger a las v\u00edctimas y reconocer una modalidad de persecuci\u00f3n pol\u00edtica que afecta no solo a quienes alzan la voz, sino tambi\u00e9n a quienes los acompa\u00f1an, apoyan o simplemente comparten un v\u00ednculo con ellos.<\/p>\n\n\n\n<p class=\"wp-block-paragraph\"><\/p>","protected":false},"excerpt":{"rendered":"<p>En Cuba, la represi\u00f3n pol\u00edtica no siempre se dirige \u00fanicamente contra quienes protestan, denuncian abusos o expresan opiniones cr\u00edticas sobre el Gobierno. Con frecuencia, las autoridades trasladan el castigo hacia familiares, amistades y personas cercanas para imponer silencio, aislar a las v\u00edctimas y aumentar el costo de la disidencia.<\/p>\n<p>Cubalex ha identificado esta pr\u00e1ctica como represi\u00f3n por asociaci\u00f3n. El monitoreo diario de violaciones de derechos humanos realizado por la organizaci\u00f3n muestra que no se trata de hechos aislados, sino de un patr\u00f3n represivo sistem\u00e1tico y selectivo que convierte los v\u00ednculos familiares, afectivos y comunitarios en instrumentos de presi\u00f3n estatal.<\/p>","protected":false},"featured_media":22665,"comment_status":"closed","ping_status":"closed","sticky":false,"template":"","format":"standard","meta":{"_jetpack_newsletter_access":"","_jetpack_dont_email_post_to_subs":false,"_jetpack_newsletter_tier_id":0,"_jetpack_memberships_contains_paywalled_content":false,"_wpcom_ai_launchpad_first_post":false,"_jetpack_feature_clip_id":0,"_jetpack_memberships_contains_paid_content":false,"footnotes":"","jetpack_post_was_ever_published":false},"categories":[551856634],"tags":[31684,34097768,139553,112601],"class_list":["post-22662","post","type-post","status-publish","format-standard","has-post-thumbnail","hentry","category-analisis-legal","tag-derechos-humanos","tag-estado-cubano","tag-leyes","tag-represion"],"featured_image_src":"https:\/\/i0.wp.com\/cubalex.org\/wp-content\/uploads\/2026\/06\/Plantillas-sitio-web.jpg?fit=1200%2C560&ssl=1","acf":{"translation_reviewed":false},"yoast_head":"<!-- This site is optimized with the Yoast SEO plugin v28.4 - https:\/\/yoast.com\/product\/yoast-seo-wordpress\/ -->\n<title>Represi\u00f3n por asociaci\u00f3n en Cuba: cuando el castigo alcanza a la familia y las redes de apoyo - Cubalex<\/title>\n<meta name=\"robots\" content=\"index, follow, max-snippet:-1, max-image-preview:large, max-video-preview:-1\" \/>\n<link rel=\"canonical\" href=\"https:\/\/cubalex.org\/en\/2026\/06\/02\/represion-por-asociacion-en-cuba-cuando-el-castigo-alcanza-a-la-familia-y-las-redes-de-apoyo\/\" \/>\n<meta property=\"og:locale\" content=\"en_US\" \/>\n<meta property=\"og:type\" content=\"article\" \/>\n<meta property=\"og:title\" content=\"Represi\u00f3n por asociaci\u00f3n en Cuba: cuando el castigo alcanza a la familia y las redes de apoyo - Cubalex\" \/>\n<meta property=\"og:description\" content=\"En Cuba, la represi\u00f3n pol\u00edtica no siempre se dirige \u00fanicamente contra quienes protestan, denuncian abusos o expresan opiniones cr\u00edticas sobre el Gobierno. Con frecuencia, las autoridades trasladan el castigo hacia familiares, amistades y personas cercanas para imponer silencio, aislar a las v\u00edctimas y aumentar el costo de la disidencia. Cubalex ha identificado esta pr\u00e1ctica como represi\u00f3n por asociaci\u00f3n. El monitoreo diario de violaciones de derechos humanos realizado por la organizaci\u00f3n muestra que no se trata de hechos aislados, sino de un patr\u00f3n represivo sistem\u00e1tico y selectivo que convierte los v\u00ednculos familiares, afectivos y comunitarios en instrumentos de presi\u00f3n estatal.\" \/>\n<meta property=\"og:url\" content=\"https:\/\/cubalex.org\/en\/2026\/06\/02\/represion-por-asociacion-en-cuba-cuando-el-castigo-alcanza-a-la-familia-y-las-redes-de-apoyo\/\" \/>\n<meta property=\"og:site_name\" content=\"Cubalex\" \/>\n<meta property=\"article:publisher\" content=\"https:\/\/www.facebook.com\/ONGcubalex\" \/>\n<meta property=\"article:published_time\" content=\"2026-06-02T19:10:25+00:00\" \/>\n<meta property=\"article:modified_time\" content=\"2026-06-02T19:14:47+00:00\" \/>\n<meta property=\"og:image\" content=\"https:\/\/cubalex.org\/wp-content\/uploads\/2026\/06\/Plantillas-sitio-web.jpg\" \/>\n\t<meta property=\"og:image:width\" content=\"1200\" \/>\n\t<meta property=\"og:image:height\" content=\"560\" \/>\n\t<meta property=\"og:image:type\" content=\"image\/jpeg\" \/>\n<meta name=\"twitter:card\" content=\"summary_large_image\" \/>\n<meta name=\"twitter:creator\" content=\"@CubalexDDHH\" \/>\n<meta name=\"twitter:site\" content=\"@CubalexDDHH\" \/>\n<meta name=\"twitter:label1\" content=\"Written by\" \/>\n\t<meta name=\"twitter:data1\" content=\"puravida\" \/>\n\t<meta name=\"twitter:label2\" content=\"Est. reading time\" \/>\n\t<meta name=\"twitter:data2\" content=\"8 minutes\" \/>\n<script type=\"application\/ld+json\" class=\"yoast-schema-graph\">{\"@context\":\"https:\\\/\\\/schema.org\",\"@graph\":[{\"@type\":\"Article\",\"@id\":\"https:\\\/\\\/cubalex.org\\\/2026\\\/06\\\/02\\\/represion-por-asociacion-en-cuba-cuando-el-castigo-alcanza-a-la-familia-y-las-redes-de-apoyo\\\/#article\",\"isPartOf\":{\"@id\":\"https:\\\/\\\/cubalex.org\\\/2026\\\/06\\\/02\\\/represion-por-asociacion-en-cuba-cuando-el-castigo-alcanza-a-la-familia-y-las-redes-de-apoyo\\\/\"},\"headline\":\"Represi\u00f3n por asociaci\u00f3n en Cuba: cuando el castigo alcanza a la familia y las redes de apoyo\",\"datePublished\":\"2026-06-02T19:10:25+00:00\",\"dateModified\":\"2026-06-02T19:14:47+00:00\",\"mainEntityOfPage\":{\"@id\":\"https:\\\/\\\/cubalex.org\\\/2026\\\/06\\\/02\\\/represion-por-asociacion-en-cuba-cuando-el-castigo-alcanza-a-la-familia-y-las-redes-de-apoyo\\\/\"},\"wordCount\":1805,\"publisher\":{\"@id\":\"https:\\\/\\\/cubalex.org\\\/#organization\"},\"image\":{\"@id\":\"https:\\\/\\\/cubalex.org\\\/2026\\\/06\\\/02\\\/represion-por-asociacion-en-cuba-cuando-el-castigo-alcanza-a-la-familia-y-las-redes-de-apoyo\\\/#primaryimage\"},\"thumbnailUrl\":\"https:\\\/\\\/i0.wp.com\\\/cubalex.org\\\/wp-content\\\/uploads\\\/2026\\\/06\\\/Plantillas-sitio-web.jpg?fit=1200%2C560&ssl=1\",\"keywords\":[\"derechos humanos\",\"Estado cubano\",\"leyes\",\"represi\u00f3n\"],\"articleSection\":[\"An\u00e1lisis Legal\"],\"inLanguage\":\"en-US\"},{\"@type\":\"WebPage\",\"@id\":\"https:\\\/\\\/cubalex.org\\\/2026\\\/06\\\/02\\\/represion-por-asociacion-en-cuba-cuando-el-castigo-alcanza-a-la-familia-y-las-redes-de-apoyo\\\/\",\"url\":\"https:\\\/\\\/cubalex.org\\\/2026\\\/06\\\/02\\\/represion-por-asociacion-en-cuba-cuando-el-castigo-alcanza-a-la-familia-y-las-redes-de-apoyo\\\/\",\"name\":\"Represi\u00f3n por asociaci\u00f3n en Cuba: cuando el castigo alcanza a la familia y las redes de apoyo - Cubalex\",\"isPartOf\":{\"@id\":\"https:\\\/\\\/cubalex.org\\\/#website\"},\"primaryImageOfPage\":{\"@id\":\"https:\\\/\\\/cubalex.org\\\/2026\\\/06\\\/02\\\/represion-por-asociacion-en-cuba-cuando-el-castigo-alcanza-a-la-familia-y-las-redes-de-apoyo\\\/#primaryimage\"},\"image\":{\"@id\":\"https:\\\/\\\/cubalex.org\\\/2026\\\/06\\\/02\\\/represion-por-asociacion-en-cuba-cuando-el-castigo-alcanza-a-la-familia-y-las-redes-de-apoyo\\\/#primaryimage\"},\"thumbnailUrl\":\"https:\\\/\\\/i0.wp.com\\\/cubalex.org\\\/wp-content\\\/uploads\\\/2026\\\/06\\\/Plantillas-sitio-web.jpg?fit=1200%2C560&ssl=1\",\"datePublished\":\"2026-06-02T19:10:25+00:00\",\"dateModified\":\"2026-06-02T19:14:47+00:00\",\"breadcrumb\":{\"@id\":\"https:\\\/\\\/cubalex.org\\\/2026\\\/06\\\/02\\\/represion-por-asociacion-en-cuba-cuando-el-castigo-alcanza-a-la-familia-y-las-redes-de-apoyo\\\/#breadcrumb\"},\"inLanguage\":\"en-US\",\"potentialAction\":[{\"@type\":\"ReadAction\",\"target\":[\"https:\\\/\\\/cubalex.org\\\/2026\\\/06\\\/02\\\/represion-por-asociacion-en-cuba-cuando-el-castigo-alcanza-a-la-familia-y-las-redes-de-apoyo\\\/\"]}]},{\"@type\":\"ImageObject\",\"inLanguage\":\"en-US\",\"@id\":\"https:\\\/\\\/cubalex.org\\\/2026\\\/06\\\/02\\\/represion-por-asociacion-en-cuba-cuando-el-castigo-alcanza-a-la-familia-y-las-redes-de-apoyo\\\/#primaryimage\",\"url\":\"https:\\\/\\\/i0.wp.com\\\/cubalex.org\\\/wp-content\\\/uploads\\\/2026\\\/06\\\/Plantillas-sitio-web.jpg?fit=1200%2C560&ssl=1\",\"contentUrl\":\"https:\\\/\\\/i0.wp.com\\\/cubalex.org\\\/wp-content\\\/uploads\\\/2026\\\/06\\\/Plantillas-sitio-web.jpg?fit=1200%2C560&ssl=1\",\"width\":1200,\"height\":560},{\"@type\":\"BreadcrumbList\",\"@id\":\"https:\\\/\\\/cubalex.org\\\/2026\\\/06\\\/02\\\/represion-por-asociacion-en-cuba-cuando-el-castigo-alcanza-a-la-familia-y-las-redes-de-apoyo\\\/#breadcrumb\",\"itemListElement\":[{\"@type\":\"ListItem\",\"position\":1,\"name\":\"Portada\",\"item\":\"https:\\\/\\\/cubalex.org\\\/\"},{\"@type\":\"ListItem\",\"position\":2,\"name\":\"Represi\u00f3n por asociaci\u00f3n en Cuba: cuando el castigo alcanza a la familia y las redes de apoyo\"}]},{\"@type\":\"WebSite\",\"@id\":\"https:\\\/\\\/cubalex.org\\\/#website\",\"url\":\"https:\\\/\\\/cubalex.org\\\/\",\"name\":\"Cubalex\",\"description\":\"Trabajamos en defensa de los derechos humanos, para instaurar la democracia y el Estado de derecho en Cuba\",\"publisher\":{\"@id\":\"https:\\\/\\\/cubalex.org\\\/#organization\"},\"potentialAction\":[{\"@type\":\"SearchAction\",\"target\":{\"@type\":\"EntryPoint\",\"urlTemplate\":\"https:\\\/\\\/cubalex.org\\\/?s={search_term_string}\"},\"query-input\":{\"@type\":\"PropertyValueSpecification\",\"valueRequired\":true,\"valueName\":\"search_term_string\"}}],\"inLanguage\":\"en-US\"},{\"@type\":\"Organization\",\"@id\":\"https:\\\/\\\/cubalex.org\\\/#organization\",\"name\":\"Cubalex\",\"url\":\"https:\\\/\\\/cubalex.org\\\/\",\"logo\":{\"@type\":\"ImageObject\",\"inLanguage\":\"en-US\",\"@id\":\"https:\\\/\\\/cubalex.org\\\/#\\\/schema\\\/logo\\\/image\\\/\",\"url\":\"https:\\\/\\\/i0.wp.com\\\/cubalex.org\\\/wp-content\\\/uploads\\\/2026\\\/08\\\/CUBALEX1.png?fit=1445%2C300&ssl=1\",\"contentUrl\":\"https:\\\/\\\/i0.wp.com\\\/cubalex.org\\\/wp-content\\\/uploads\\\/2026\\\/08\\\/CUBALEX1.png?fit=1445%2C300&ssl=1\",\"width\":1445,\"height\":300,\"caption\":\"Cubalex\"},\"image\":{\"@id\":\"https:\\\/\\\/cubalex.org\\\/#\\\/schema\\\/logo\\\/image\\\/\"},\"sameAs\":[\"https:\\\/\\\/www.facebook.com\\\/ONGcubalex\",\"https:\\\/\\\/x.com\\\/CubalexDDHH\",\"https:\\\/\\\/www.youtube.com\\\/@Cubalex\",\"https:\\\/\\\/www.linkedin.com\\\/company\\\/cubalex\\\/\",\"https:\\\/\\\/t.me\\\/cubalex\"]}]}<\/script>\n<!-- \/ Yoast SEO plugin. -->","yoast_head_json":{"title":"Represi\u00f3n por asociaci\u00f3n en Cuba: cuando el castigo alcanza a la familia y las redes de apoyo - Cubalex","robots":{"index":"index","follow":"follow","max-snippet":"max-snippet:-1","max-image-preview":"max-image-preview:large","max-video-preview":"max-video-preview:-1"},"canonical":"https:\/\/cubalex.org\/en\/2026\/06\/02\/represion-por-asociacion-en-cuba-cuando-el-castigo-alcanza-a-la-familia-y-las-redes-de-apoyo\/","og_locale":"en_US","og_type":"article","og_title":"Represi\u00f3n por asociaci\u00f3n en Cuba: cuando el castigo alcanza a la familia y las redes de apoyo - Cubalex","og_description":"En Cuba, la represi\u00f3n pol\u00edtica no siempre se dirige \u00fanicamente contra quienes protestan, denuncian abusos o expresan opiniones cr\u00edticas sobre el Gobierno. Con frecuencia, las autoridades trasladan el castigo hacia familiares, amistades y personas cercanas para imponer silencio, aislar a las v\u00edctimas y aumentar el costo de la disidencia. Cubalex ha identificado esta pr\u00e1ctica como represi\u00f3n por asociaci\u00f3n. El monitoreo diario de violaciones de derechos humanos realizado por la organizaci\u00f3n muestra que no se trata de hechos aislados, sino de un patr\u00f3n represivo sistem\u00e1tico y selectivo que convierte los v\u00ednculos familiares, afectivos y comunitarios en instrumentos de presi\u00f3n estatal.","og_url":"https:\/\/cubalex.org\/en\/2026\/06\/02\/represion-por-asociacion-en-cuba-cuando-el-castigo-alcanza-a-la-familia-y-las-redes-de-apoyo\/","og_site_name":"Cubalex","article_publisher":"https:\/\/www.facebook.com\/ONGcubalex","article_published_time":"2026-06-02T19:10:25+00:00","article_modified_time":"2026-06-02T19:14:47+00:00","og_image":[{"width":1200,"height":560,"url":"https:\/\/cubalex.org\/wp-content\/uploads\/2026\/06\/Plantillas-sitio-web.jpg","type":"image\/jpeg"}],"twitter_card":"summary_large_image","twitter_creator":"@CubalexDDHH","twitter_site":"@CubalexDDHH","twitter_misc":{"Written by":"puravida","Est. reading time":"8 minutes"},"schema":{"@context":"https:\/\/schema.org","@graph":[{"@type":"Article","@id":"https:\/\/cubalex.org\/2026\/06\/02\/represion-por-asociacion-en-cuba-cuando-el-castigo-alcanza-a-la-familia-y-las-redes-de-apoyo\/#article","isPartOf":{"@id":"https:\/\/cubalex.org\/2026\/06\/02\/represion-por-asociacion-en-cuba-cuando-el-castigo-alcanza-a-la-familia-y-las-redes-de-apoyo\/"},"headline":"Represi\u00f3n por asociaci\u00f3n en Cuba: cuando el castigo alcanza a la familia y las redes de apoyo","datePublished":"2026-06-02T19:10:25+00:00","dateModified":"2026-06-02T19:14:47+00:00","mainEntityOfPage":{"@id":"https:\/\/cubalex.org\/2026\/06\/02\/represion-por-asociacion-en-cuba-cuando-el-castigo-alcanza-a-la-familia-y-las-redes-de-apoyo\/"},"wordCount":1805,"publisher":{"@id":"https:\/\/cubalex.org\/#organization"},"image":{"@id":"https:\/\/cubalex.org\/2026\/06\/02\/represion-por-asociacion-en-cuba-cuando-el-castigo-alcanza-a-la-familia-y-las-redes-de-apoyo\/#primaryimage"},"thumbnailUrl":"https:\/\/i0.wp.com\/cubalex.org\/wp-content\/uploads\/2026\/06\/Plantillas-sitio-web.jpg?fit=1200%2C560&ssl=1","keywords":["derechos humanos","Estado cubano","leyes","represi\u00f3n"],"articleSection":["An\u00e1lisis Legal"],"inLanguage":"en-US"},{"@type":"WebPage","@id":"https:\/\/cubalex.org\/2026\/06\/02\/represion-por-asociacion-en-cuba-cuando-el-castigo-alcanza-a-la-familia-y-las-redes-de-apoyo\/","url":"https:\/\/cubalex.org\/2026\/06\/02\/represion-por-asociacion-en-cuba-cuando-el-castigo-alcanza-a-la-familia-y-las-redes-de-apoyo\/","name":"Represi\u00f3n por asociaci\u00f3n en Cuba: cuando el castigo alcanza a la familia y las redes de apoyo - Cubalex","isPartOf":{"@id":"https:\/\/cubalex.org\/#website"},"primaryImageOfPage":{"@id":"https:\/\/cubalex.org\/2026\/06\/02\/represion-por-asociacion-en-cuba-cuando-el-castigo-alcanza-a-la-familia-y-las-redes-de-apoyo\/#primaryimage"},"image":{"@id":"https:\/\/cubalex.org\/2026\/06\/02\/represion-por-asociacion-en-cuba-cuando-el-castigo-alcanza-a-la-familia-y-las-redes-de-apoyo\/#primaryimage"},"thumbnailUrl":"https:\/\/i0.wp.com\/cubalex.org\/wp-content\/uploads\/2026\/06\/Plantillas-sitio-web.jpg?fit=1200%2C560&ssl=1","datePublished":"2026-06-02T19:10:25+00:00","dateModified":"2026-06-02T19:14:47+00:00","breadcrumb":{"@id":"https:\/\/cubalex.org\/2026\/06\/02\/represion-por-asociacion-en-cuba-cuando-el-castigo-alcanza-a-la-familia-y-las-redes-de-apoyo\/#breadcrumb"},"inLanguage":"en-US","potentialAction":[{"@type":"ReadAction","target":["https:\/\/cubalex.org\/2026\/06\/02\/represion-por-asociacion-en-cuba-cuando-el-castigo-alcanza-a-la-familia-y-las-redes-de-apoyo\/"]}]},{"@type":"ImageObject","inLanguage":"en-US","@id":"https:\/\/cubalex.org\/2026\/06\/02\/represion-por-asociacion-en-cuba-cuando-el-castigo-alcanza-a-la-familia-y-las-redes-de-apoyo\/#primaryimage","url":"https:\/\/i0.wp.com\/cubalex.org\/wp-content\/uploads\/2026\/06\/Plantillas-sitio-web.jpg?fit=1200%2C560&ssl=1","contentUrl":"https:\/\/i0.wp.com\/cubalex.org\/wp-content\/uploads\/2026\/06\/Plantillas-sitio-web.jpg?fit=1200%2C560&ssl=1","width":1200,"height":560},{"@type":"BreadcrumbList","@id":"https:\/\/cubalex.org\/2026\/06\/02\/represion-por-asociacion-en-cuba-cuando-el-castigo-alcanza-a-la-familia-y-las-redes-de-apoyo\/#breadcrumb","itemListElement":[{"@type":"ListItem","position":1,"name":"Portada","item":"https:\/\/cubalex.org\/"},{"@type":"ListItem","position":2,"name":"Represi\u00f3n por asociaci\u00f3n en Cuba: cuando el castigo alcanza a la familia y las redes de apoyo"}]},{"@type":"WebSite","@id":"https:\/\/cubalex.org\/#website","url":"https:\/\/cubalex.org\/","name":"Cubalex","description":"Trabajamos en defensa de los derechos humanos, para instaurar la democracia y el Estado de derecho en Cuba","publisher":{"@id":"https:\/\/cubalex.org\/#organization"},"potentialAction":[{"@type":"SearchAction","target":{"@type":"EntryPoint","urlTemplate":"https:\/\/cubalex.org\/?s={search_term_string}"},"query-input":{"@type":"PropertyValueSpecification","valueRequired":true,"valueName":"search_term_string"}}],"inLanguage":"en-US"},{"@type":"Organization","@id":"https:\/\/cubalex.org\/#organization","name":"Cubalex","url":"https:\/\/cubalex.org\/","logo":{"@type":"ImageObject","inLanguage":"en-US","@id":"https:\/\/cubalex.org\/#\/schema\/logo\/image\/","url":"https:\/\/i0.wp.com\/cubalex.org\/wp-content\/uploads\/2026\/08\/CUBALEX1.png?fit=1445%2C300&ssl=1","contentUrl":"https:\/\/i0.wp.com\/cubalex.org\/wp-content\/uploads\/2026\/08\/CUBALEX1.png?fit=1445%2C300&ssl=1","width":1445,"height":300,"caption":"Cubalex"},"image":{"@id":"https:\/\/cubalex.org\/#\/schema\/logo\/image\/"},"sameAs":["https:\/\/www.facebook.com\/ONGcubalex","https:\/\/x.com\/CubalexDDHH","https:\/\/www.youtube.com\/@Cubalex","https:\/\/www.linkedin.com\/company\/cubalex\/","https:\/\/t.me\/cubalex"]}]}},"jetpack_shortlink":"https:\/\/wp.me\/p23ZXl-5Tw","jetpack_sharing_enabled":true,"jetpack_featured_media_url":"https:\/\/i0.wp.com\/cubalex.org\/wp-content\/uploads\/2026\/06\/Plantillas-sitio-web.jpg?fit=1200%2C560&ssl=1","_links":{"self":[{"href":"https:\/\/cubalex.org\/en\/wp-json\/wp\/v2\/posts\/22662","targetHints":{"allow":["GET"]}}],"collection":[{"href":"https:\/\/cubalex.org\/en\/wp-json\/wp\/v2\/posts"}],"about":[{"href":"https:\/\/cubalex.org\/en\/wp-json\/wp\/v2\/types\/post"}],"replies":[{"embeddable":true,"href":"https:\/\/cubalex.org\/en\/wp-json\/wp\/v2\/comments?post=22662"}],"version-history":[{"count":0,"href":"https:\/\/cubalex.org\/en\/wp-json\/wp\/v2\/posts\/22662\/revisions"}],"wp:featuredmedia":[{"embeddable":true,"href":"https:\/\/cubalex.org\/en\/wp-json\/wp\/v2\/media\/22665"}],"wp:attachment":[{"href":"https:\/\/cubalex.org\/en\/wp-json\/wp\/v2\/media?parent=22662"}],"wp:term":[{"taxonomy":"category","embeddable":true,"href":"https:\/\/cubalex.org\/en\/wp-json\/wp\/v2\/categories?post=22662"},{"taxonomy":"post_tag","embeddable":true,"href":"https:\/\/cubalex.org\/en\/wp-json\/wp\/v2\/tags?post=22662"}],"curies":[{"name":"wp","href":"https:\/\/api.w.org\/{rel}","templated":true}]}}