{"id":22822,"date":"2026-06-12T10:59:44","date_gmt":"2026-06-12T14:59:44","guid":{"rendered":"https:\/\/cubalex.org\/?p=22822"},"modified":"2026-06-12T12:10:28","modified_gmt":"2026-06-12T16:10:28","slug":"cubalex-alerta-sobre-riesgo-de-revocacion-y-traslado-psiquiatrico-de-la-expresa-politica-yunaykis-linares","status":"publish","type":"post","link":"https:\/\/cubalex.org\/en\/2026\/06\/12\/cubalex-alerta-sobre-riesgo-de-revocacion-y-traslado-psiquiatrico-de-la-expresa-politica-yunaykis-linares\/","title":{"rendered":"Cubalex Warns of Risk of Revocation and Psychiatric Transfer of Former Political Prisoner Yunaykis Linares"},"content":{"rendered":"<p class=\"wp-block-paragraph\">La expresa pol\u00edtica cubana Yunaykis Linares Rodr\u00edguez permanece detenida desde el pasado 2 de junio y recluida actualmente en el centro de detenci\u00f3n conocido como el Vivac, t<strong>ras ser arrestada en medio de las protestas ocurridas en Santa Amalia, municipio Arroyo Naranjo, en La Habana<\/strong>. <\/p>\n\n\n\n<p class=\"wp-block-paragraph\">A m\u00e1s de diez d\u00edas de su detenci\u00f3n, contin\u00faan las denuncias de arbitrariedades, violencia institucional y amenazas de revocaci\u00f3n de su libertad condicional.<\/p>\n\n\n\n<p class=\"wp-block-paragraph\">Seg\u00fan denunci\u00f3 su familia, Yunaykis fue violentada durante el arresto y posteriormente en la estaci\u00f3n policial de El Capri y dentro del propio Vivac, donde permanece actualmente aislada. <\/p>\n\n\n\n<p class=\"wp-block-paragraph\">Su madre, Yurka Rodr\u00edguez, ha intentado verla en varias ocasiones, incluida una visita el 11 de junio, pero las autoridades le impidieron el acceso directo. Solo pudo observarla a trav\u00e9s de una ventana del cuarto donde permanece recluida y escuchar sus gritos<a href=\"https:\/\/www.facebook.com\/share\/p\/1Du3n7esa6\/\"> pidiendo auxilio.<\/a><\/p>\n\n\n\n<p class=\"wp-block-paragraph\">Tampoco le permitieron pasar los alimentos que llevaba y<a href=\"https:\/\/www.facebook.com\/reel\/875903201612021\"> estar\u00eda confinada <\/a>en un cuarto con pacientes de VIH y hepatitis, y le quitaron el colch\u00f3n. Igualmente trascendi\u00f3 que el 11 de junio la iban a trasladar para la Prisi\u00f3n de Mujeres &#8216;El Guatao&#8217;, pero esto qued\u00f3 pendiente por falta de combustible.<\/p>\n\n\n\n<p class=\"wp-block-paragraph\">La familia tambi\u00e9n denunci\u00f3 que las autoridades pretenden justificar su permanencia en prisi\u00f3n alegando un supuesto trastorno psiqui\u00e1trico. Seg\u00fan informaci\u00f3n recibida por sus familiares,<strong> existe la intenci\u00f3n de llevarla a un centro psiqui\u00e1trico para una evaluaci\u00f3n.<\/strong> No tienen claro si esto ya ha ocurrido.<\/p>\n\n\n\n<p class=\"wp-block-paragraph\">Cubalex recuerda que el uso de supuestas<a href=\"https:\/\/cubalex.org\/en\/2026\/05\/20\/violencia-fisica-y-coaccion-institucional-el-caso-de-javier-martin\/\"> enfermedades mentales, crisis nerviosas o estados de vulnerabilidad emocional para desacreditar a personas detenidas, disidentes o presas pol\u00edticas <\/a>forma parte de un patr\u00f3n represivo documentado en Cuba. Estas pr\u00e1cticas buscan deslegitimar las denuncias de violencia estatal y presentar a las v\u00edctimas como personas inestables o delirantes.<\/p>\n\n\n\n<p class=\"wp-block-paragraph\">Asimismo, familiares reportaron que Yunaykis habr\u00eda <strong>permanecido al menos desde el 5 de junio en huelga de hambre y sed, <\/strong>aunque esta \u00faltima ya habr\u00eda sido abandonada debido al deterioro de su estado f\u00edsico.<\/p>\n\n\n\n<iframe src=\"https:\/\/www.facebook.com\/plugins\/video.php?height=476&#038;href=https%3A%2F%2Fwww.facebook.com%2Freel%2F2263569637741179%2F&#038;show_text=false&#038;width=267&#038;t=0\" width=\"267\" height=\"476\" style=\"border:none;overflow:hidden\" scrolling=\"no\" frameborder=\"0\" allowfullscreen=\"true\" allow=\"autoplay; clipboard-write; encrypted-media; picture-in-picture; web-share\"><\/iframe>\n\n\n\n<p class=\"wp-block-paragraph\">En cuanto a su situaci\u00f3n legal, el jefe de sector identificado como Yosvany indic\u00f3 d\u00edas atr\u00e1s a su madre que \u201cva revocada\u201d, en <strong>referencia a la posible revocaci\u00f3n de la libertad condicional que la joven ten\u00eda desde 2025.<\/strong> Sin embargo, hasta el momento no existe confirmaci\u00f3n oficial ni documentaci\u00f3n legal entregada a la familia.<\/p>\n\n\n\n<p class=\"wp-block-paragraph\">Por otra parte, un oficial de guardia inform\u00f3 a los familiares que pretenden trasladarla a psiquiatr\u00eda para una evaluaci\u00f3n. La familia tambi\u00e9n denunci\u00f3 constantes contradicciones, falta de informaci\u00f3n y actitudes prepotentes por parte de oficiales involucrados en el caso, entre ellos una oficial identificada como Yessenia.<\/p>\n\n\n\n<p class=\"wp-block-paragraph\">Cubalex tambi\u00e9n alerta sobre la detenci\u00f3n de Luis Alberto Reyes L\u00f3pez, esposo de la madre de Yunaykis, quien igualmente permanece recluido en el Vivac.<\/p>\n\n\n\n<p class=\"wp-block-paragraph\">El abogado de Cubalex, Raudiel Pe\u00f1a, advirti\u00f3 que la inactividad judicial durante los fines de semana desvirt\u00faa las garant\u00edas constitucionales y deja a las personas detenidas en total desamparo. Explic\u00f3 que, al haber transcurrido m\u00e1s de 72 horas desde el arresto, <strong>el recurso de Habeas Corpus<\/strong> queda en la pr\u00e1ctica \u201ccongelado\u201d y pierde efectividad legal, prolongando indefinidamente la incertidumbre jur\u00eddica de las personas detenidas. <\/p>\n\n\n\n<p class=\"wp-block-paragraph\">La madre de Linares intent\u00f3 presentar dicho recurso el viernes 5 de junio anterior y el Tribunal estaba cerrado, pues presuntamente solo estar\u00edan trabajando de lunes a jueves. En otro intento, se lo negaron bajo la justificaci\u00f3n de que faltaba el n\u00famero de la denuncia.<\/p>\n\n\n\n<p class=\"wp-block-paragraph\">Cubalex exige el cese inmediato de las arbitrariedades contra Yunaykis Linares Rodr\u00edguez, garant\u00edas para su integridad f\u00edsica y psicol\u00f3gica, acceso efectivo de su familia y defensa legal, as\u00ed como el cese de la persecuci\u00f3n en su contra y su libertad inmediata.<\/p>","protected":false},"excerpt":{"rendered":"<p>La expresa pol\u00edtica cubana Yunaykis Linares Rodr\u00edguez permanece detenida desde el pasado 2 de junio y recluida actualmente en el centro de detenci\u00f3n conocido como el Vivac, tras ser arrestada en medio de las protestas ocurridas en Santa Amalia, municipio Arroyo Naranjo, en La Habana. <\/p>\n<p>A m\u00e1s de diez d\u00edas de su detenci\u00f3n, contin\u00faan las denuncias de arbitrariedades, violencia institucional y amenazas de revocaci\u00f3n de su libertad condicional.<\/p>","protected":false},"featured_media":22826,"comment_status":"closed","ping_status":"closed","sticky":false,"template":"","format":"standard","meta":{"_jetpack_newsletter_access":"","_jetpack_dont_email_post_to_subs":false,"_jetpack_newsletter_tier_id":0,"_jetpack_memberships_contains_paywalled_content":false,"_wpcom_ai_launchpad_first_post":false,"_jetpack_feature_clip_id":0,"_jetpack_memberships_contains_paid_content":false,"footnotes":"","jetpack_post_was_ever_published":false},"categories":[551856560],"tags":[31684,7629682,34097768,14037,112601],"class_list":["post-22822","post","type-post","status-publish","format-standard","has-post-thumbnail","hentry","category-alertas","tag-derechos-humanos","tag-detencion-arbitraria","tag-estado-cubano","tag-mujeres","tag-represion"],"featured_image_src":"https:\/\/i0.wp.com\/cubalex.org\/wp-content\/uploads\/2026\/06\/yunaikis-linares.png?fit=1200%2C630&ssl=1","acf":{"translation_reviewed":false},"yoast_head":"<!-- This site is optimized with the Yoast SEO plugin v28.4 - https:\/\/yoast.com\/product\/yoast-seo-wordpress\/ -->\n<title>Cubalex alerta sobre riesgo de revocaci\u00f3n y traslado psiqui\u00e1trico de la expresa pol\u00edtica Yunaykis Linares - Cubalex<\/title>\n<meta name=\"robots\" content=\"index, follow, max-snippet:-1, max-image-preview:large, max-video-preview:-1\" \/>\n<link rel=\"canonical\" href=\"https:\/\/cubalex.org\/en\/2026\/06\/12\/cubalex-alerta-sobre-riesgo-de-revocacion-y-traslado-psiquiatrico-de-la-expresa-politica-yunaykis-linares\/\" \/>\n<meta property=\"og:locale\" content=\"en_US\" \/>\n<meta property=\"og:type\" content=\"article\" \/>\n<meta property=\"og:title\" content=\"Cubalex alerta sobre riesgo de revocaci\u00f3n y traslado psiqui\u00e1trico de la expresa pol\u00edtica Yunaykis Linares - Cubalex\" \/>\n<meta property=\"og:description\" content=\"La expresa pol\u00edtica cubana Yunaykis Linares Rodr\u00edguez permanece detenida desde el pasado 2 de junio y recluida actualmente en el centro de detenci\u00f3n conocido como el Vivac, tras ser arrestada en medio de las protestas ocurridas en Santa Amalia, municipio Arroyo Naranjo, en La Habana.  A m\u00e1s de diez d\u00edas de su detenci\u00f3n, contin\u00faan las denuncias de arbitrariedades, violencia institucional y amenazas de revocaci\u00f3n de su libertad condicional.\" \/>\n<meta property=\"og:url\" content=\"https:\/\/cubalex.org\/en\/2026\/06\/12\/cubalex-alerta-sobre-riesgo-de-revocacion-y-traslado-psiquiatrico-de-la-expresa-politica-yunaykis-linares\/\" \/>\n<meta property=\"og:site_name\" content=\"Cubalex\" \/>\n<meta property=\"article:publisher\" content=\"https:\/\/www.facebook.com\/ONGcubalex\" \/>\n<meta property=\"article:published_time\" content=\"2026-06-12T14:59:44+00:00\" \/>\n<meta property=\"article:modified_time\" content=\"2026-06-12T16:10:28+00:00\" \/>\n<meta property=\"og:image\" content=\"https:\/\/cubalex.org\/wp-content\/uploads\/2026\/06\/yunaikis-linares.png\" \/>\n\t<meta property=\"og:image:width\" content=\"1200\" \/>\n\t<meta property=\"og:image:height\" content=\"630\" \/>\n\t<meta property=\"og:image:type\" content=\"image\/png\" \/>\n<meta name=\"twitter:card\" content=\"summary_large_image\" \/>\n<meta name=\"twitter:creator\" content=\"@CubalexDDHH\" \/>\n<meta name=\"twitter:site\" content=\"@CubalexDDHH\" \/>\n<meta name=\"twitter:label1\" content=\"Written by\" \/>\n\t<meta name=\"twitter:data1\" content=\"puravida\" \/>\n\t<meta name=\"twitter:label2\" content=\"Est. reading time\" \/>\n\t<meta name=\"twitter:data2\" content=\"3 minutes\" \/>\n<script type=\"application\/ld+json\" class=\"yoast-schema-graph\">{\"@context\":\"https:\\\/\\\/schema.org\",\"@graph\":[{\"@type\":\"Article\",\"@id\":\"https:\\\/\\\/cubalex.org\\\/2026\\\/06\\\/12\\\/cubalex-alerta-sobre-riesgo-de-revocacion-y-traslado-psiquiatrico-de-la-expresa-politica-yunaykis-linares\\\/#article\",\"isPartOf\":{\"@id\":\"https:\\\/\\\/cubalex.org\\\/2026\\\/06\\\/12\\\/cubalex-alerta-sobre-riesgo-de-revocacion-y-traslado-psiquiatrico-de-la-expresa-politica-yunaykis-linares\\\/\"},\"headline\":\"Cubalex alerta sobre riesgo de revocaci\u00f3n y traslado psiqui\u00e1trico de la expresa pol\u00edtica Yunaykis Linares\",\"datePublished\":\"2026-06-12T14:59:44+00:00\",\"dateModified\":\"2026-06-12T16:10:28+00:00\",\"mainEntityOfPage\":{\"@id\":\"https:\\\/\\\/cubalex.org\\\/2026\\\/06\\\/12\\\/cubalex-alerta-sobre-riesgo-de-revocacion-y-traslado-psiquiatrico-de-la-expresa-politica-yunaykis-linares\\\/\"},\"wordCount\":665,\"publisher\":{\"@id\":\"https:\\\/\\\/cubalex.org\\\/#organization\"},\"image\":{\"@id\":\"https:\\\/\\\/cubalex.org\\\/2026\\\/06\\\/12\\\/cubalex-alerta-sobre-riesgo-de-revocacion-y-traslado-psiquiatrico-de-la-expresa-politica-yunaykis-linares\\\/#primaryimage\"},\"thumbnailUrl\":\"https:\\\/\\\/i0.wp.com\\\/cubalex.org\\\/wp-content\\\/uploads\\\/2026\\\/06\\\/yunaikis-linares.png?fit=1200%2C630&ssl=1\",\"keywords\":[\"derechos humanos\",\"detenci\u00f3n arbitraria\",\"Estado cubano\",\"mujeres\",\"represi\u00f3n\"],\"articleSection\":[\"Alertas\"],\"inLanguage\":\"en-US\"},{\"@type\":\"WebPage\",\"@id\":\"https:\\\/\\\/cubalex.org\\\/2026\\\/06\\\/12\\\/cubalex-alerta-sobre-riesgo-de-revocacion-y-traslado-psiquiatrico-de-la-expresa-politica-yunaykis-linares\\\/\",\"url\":\"https:\\\/\\\/cubalex.org\\\/2026\\\/06\\\/12\\\/cubalex-alerta-sobre-riesgo-de-revocacion-y-traslado-psiquiatrico-de-la-expresa-politica-yunaykis-linares\\\/\",\"name\":\"Cubalex alerta sobre riesgo de revocaci\u00f3n y traslado psiqui\u00e1trico de la expresa pol\u00edtica Yunaykis Linares - Cubalex\",\"isPartOf\":{\"@id\":\"https:\\\/\\\/cubalex.org\\\/#website\"},\"primaryImageOfPage\":{\"@id\":\"https:\\\/\\\/cubalex.org\\\/2026\\\/06\\\/12\\\/cubalex-alerta-sobre-riesgo-de-revocacion-y-traslado-psiquiatrico-de-la-expresa-politica-yunaykis-linares\\\/#primaryimage\"},\"image\":{\"@id\":\"https:\\\/\\\/cubalex.org\\\/2026\\\/06\\\/12\\\/cubalex-alerta-sobre-riesgo-de-revocacion-y-traslado-psiquiatrico-de-la-expresa-politica-yunaykis-linares\\\/#primaryimage\"},\"thumbnailUrl\":\"https:\\\/\\\/i0.wp.com\\\/cubalex.org\\\/wp-content\\\/uploads\\\/2026\\\/06\\\/yunaikis-linares.png?fit=1200%2C630&ssl=1\",\"datePublished\":\"2026-06-12T14:59:44+00:00\",\"dateModified\":\"2026-06-12T16:10:28+00:00\",\"breadcrumb\":{\"@id\":\"https:\\\/\\\/cubalex.org\\\/2026\\\/06\\\/12\\\/cubalex-alerta-sobre-riesgo-de-revocacion-y-traslado-psiquiatrico-de-la-expresa-politica-yunaykis-linares\\\/#breadcrumb\"},\"inLanguage\":\"en-US\",\"potentialAction\":[{\"@type\":\"ReadAction\",\"target\":[\"https:\\\/\\\/cubalex.org\\\/2026\\\/06\\\/12\\\/cubalex-alerta-sobre-riesgo-de-revocacion-y-traslado-psiquiatrico-de-la-expresa-politica-yunaykis-linares\\\/\"]}]},{\"@type\":\"ImageObject\",\"inLanguage\":\"en-US\",\"@id\":\"https:\\\/\\\/cubalex.org\\\/2026\\\/06\\\/12\\\/cubalex-alerta-sobre-riesgo-de-revocacion-y-traslado-psiquiatrico-de-la-expresa-politica-yunaykis-linares\\\/#primaryimage\",\"url\":\"https:\\\/\\\/i0.wp.com\\\/cubalex.org\\\/wp-content\\\/uploads\\\/2026\\\/06\\\/yunaikis-linares.png?fit=1200%2C630&ssl=1\",\"contentUrl\":\"https:\\\/\\\/i0.wp.com\\\/cubalex.org\\\/wp-content\\\/uploads\\\/2026\\\/06\\\/yunaikis-linares.png?fit=1200%2C630&ssl=1\",\"width\":1200,\"height\":630},{\"@type\":\"BreadcrumbList\",\"@id\":\"https:\\\/\\\/cubalex.org\\\/2026\\\/06\\\/12\\\/cubalex-alerta-sobre-riesgo-de-revocacion-y-traslado-psiquiatrico-de-la-expresa-politica-yunaykis-linares\\\/#breadcrumb\",\"itemListElement\":[{\"@type\":\"ListItem\",\"position\":1,\"name\":\"Portada\",\"item\":\"https:\\\/\\\/cubalex.org\\\/\"},{\"@type\":\"ListItem\",\"position\":2,\"name\":\"Cubalex alerta sobre riesgo de revocaci\u00f3n y traslado psiqui\u00e1trico de la expresa pol\u00edtica Yunaykis Linares\"}]},{\"@type\":\"WebSite\",\"@id\":\"https:\\\/\\\/cubalex.org\\\/#website\",\"url\":\"https:\\\/\\\/cubalex.org\\\/\",\"name\":\"Cubalex\",\"description\":\"Trabajamos en defensa de los derechos humanos, para instaurar la democracia y el Estado de derecho en Cuba\",\"publisher\":{\"@id\":\"https:\\\/\\\/cubalex.org\\\/#organization\"},\"potentialAction\":[{\"@type\":\"SearchAction\",\"target\":{\"@type\":\"EntryPoint\",\"urlTemplate\":\"https:\\\/\\\/cubalex.org\\\/?s={search_term_string}\"},\"query-input\":{\"@type\":\"PropertyValueSpecification\",\"valueRequired\":true,\"valueName\":\"search_term_string\"}}],\"inLanguage\":\"en-US\"},{\"@type\":\"Organization\",\"@id\":\"https:\\\/\\\/cubalex.org\\\/#organization\",\"name\":\"Cubalex\",\"url\":\"https:\\\/\\\/cubalex.org\\\/\",\"logo\":{\"@type\":\"ImageObject\",\"inLanguage\":\"en-US\",\"@id\":\"https:\\\/\\\/cubalex.org\\\/#\\\/schema\\\/logo\\\/image\\\/\",\"url\":\"https:\\\/\\\/i0.wp.com\\\/cubalex.org\\\/wp-content\\\/uploads\\\/2026\\\/08\\\/CUBALEX1.png?fit=1445%2C300&ssl=1\",\"contentUrl\":\"https:\\\/\\\/i0.wp.com\\\/cubalex.org\\\/wp-content\\\/uploads\\\/2026\\\/08\\\/CUBALEX1.png?fit=1445%2C300&ssl=1\",\"width\":1445,\"height\":300,\"caption\":\"Cubalex\"},\"image\":{\"@id\":\"https:\\\/\\\/cubalex.org\\\/#\\\/schema\\\/logo\\\/image\\\/\"},\"sameAs\":[\"https:\\\/\\\/www.facebook.com\\\/ONGcubalex\",\"https:\\\/\\\/x.com\\\/CubalexDDHH\",\"https:\\\/\\\/www.youtube.com\\\/@Cubalex\",\"https:\\\/\\\/www.linkedin.com\\\/company\\\/cubalex\\\/\",\"https:\\\/\\\/t.me\\\/cubalex\"]}]}<\/script>\n<!-- \/ Yoast SEO plugin. -->","yoast_head_json":{"title":"Cubalex alerta sobre riesgo de revocaci\u00f3n y traslado psiqui\u00e1trico de la expresa pol\u00edtica Yunaykis Linares - Cubalex","robots":{"index":"index","follow":"follow","max-snippet":"max-snippet:-1","max-image-preview":"max-image-preview:large","max-video-preview":"max-video-preview:-1"},"canonical":"https:\/\/cubalex.org\/en\/2026\/06\/12\/cubalex-alerta-sobre-riesgo-de-revocacion-y-traslado-psiquiatrico-de-la-expresa-politica-yunaykis-linares\/","og_locale":"en_US","og_type":"article","og_title":"Cubalex alerta sobre riesgo de revocaci\u00f3n y traslado psiqui\u00e1trico de la expresa pol\u00edtica Yunaykis Linares - Cubalex","og_description":"La expresa pol\u00edtica cubana Yunaykis Linares Rodr\u00edguez permanece detenida desde el pasado 2 de junio y recluida actualmente en el centro de detenci\u00f3n conocido como el Vivac, tras ser arrestada en medio de las protestas ocurridas en Santa Amalia, municipio Arroyo Naranjo, en La Habana.  A m\u00e1s de diez d\u00edas de su detenci\u00f3n, contin\u00faan las denuncias de arbitrariedades, violencia institucional y amenazas de revocaci\u00f3n de su libertad condicional.","og_url":"https:\/\/cubalex.org\/en\/2026\/06\/12\/cubalex-alerta-sobre-riesgo-de-revocacion-y-traslado-psiquiatrico-de-la-expresa-politica-yunaykis-linares\/","og_site_name":"Cubalex","article_publisher":"https:\/\/www.facebook.com\/ONGcubalex","article_published_time":"2026-06-12T14:59:44+00:00","article_modified_time":"2026-06-12T16:10:28+00:00","og_image":[{"width":1200,"height":630,"url":"https:\/\/cubalex.org\/wp-content\/uploads\/2026\/06\/yunaikis-linares.png","type":"image\/png"}],"twitter_card":"summary_large_image","twitter_creator":"@CubalexDDHH","twitter_site":"@CubalexDDHH","twitter_misc":{"Written by":"puravida","Est. reading time":"3 minutes"},"schema":{"@context":"https:\/\/schema.org","@graph":[{"@type":"Article","@id":"https:\/\/cubalex.org\/2026\/06\/12\/cubalex-alerta-sobre-riesgo-de-revocacion-y-traslado-psiquiatrico-de-la-expresa-politica-yunaykis-linares\/#article","isPartOf":{"@id":"https:\/\/cubalex.org\/2026\/06\/12\/cubalex-alerta-sobre-riesgo-de-revocacion-y-traslado-psiquiatrico-de-la-expresa-politica-yunaykis-linares\/"},"headline":"Cubalex alerta sobre riesgo de revocaci\u00f3n y traslado psiqui\u00e1trico de la expresa pol\u00edtica Yunaykis Linares","datePublished":"2026-06-12T14:59:44+00:00","dateModified":"2026-06-12T16:10:28+00:00","mainEntityOfPage":{"@id":"https:\/\/cubalex.org\/2026\/06\/12\/cubalex-alerta-sobre-riesgo-de-revocacion-y-traslado-psiquiatrico-de-la-expresa-politica-yunaykis-linares\/"},"wordCount":665,"publisher":{"@id":"https:\/\/cubalex.org\/#organization"},"image":{"@id":"https:\/\/cubalex.org\/2026\/06\/12\/cubalex-alerta-sobre-riesgo-de-revocacion-y-traslado-psiquiatrico-de-la-expresa-politica-yunaykis-linares\/#primaryimage"},"thumbnailUrl":"https:\/\/i0.wp.com\/cubalex.org\/wp-content\/uploads\/2026\/06\/yunaikis-linares.png?fit=1200%2C630&ssl=1","keywords":["derechos humanos","detenci\u00f3n arbitraria","Estado cubano","mujeres","represi\u00f3n"],"articleSection":["Alertas"],"inLanguage":"en-US"},{"@type":"WebPage","@id":"https:\/\/cubalex.org\/2026\/06\/12\/cubalex-alerta-sobre-riesgo-de-revocacion-y-traslado-psiquiatrico-de-la-expresa-politica-yunaykis-linares\/","url":"https:\/\/cubalex.org\/2026\/06\/12\/cubalex-alerta-sobre-riesgo-de-revocacion-y-traslado-psiquiatrico-de-la-expresa-politica-yunaykis-linares\/","name":"Cubalex alerta sobre riesgo de revocaci\u00f3n y traslado psiqui\u00e1trico de la expresa pol\u00edtica Yunaykis Linares - Cubalex","isPartOf":{"@id":"https:\/\/cubalex.org\/#website"},"primaryImageOfPage":{"@id":"https:\/\/cubalex.org\/2026\/06\/12\/cubalex-alerta-sobre-riesgo-de-revocacion-y-traslado-psiquiatrico-de-la-expresa-politica-yunaykis-linares\/#primaryimage"},"image":{"@id":"https:\/\/cubalex.org\/2026\/06\/12\/cubalex-alerta-sobre-riesgo-de-revocacion-y-traslado-psiquiatrico-de-la-expresa-politica-yunaykis-linares\/#primaryimage"},"thumbnailUrl":"https:\/\/i0.wp.com\/cubalex.org\/wp-content\/uploads\/2026\/06\/yunaikis-linares.png?fit=1200%2C630&ssl=1","datePublished":"2026-06-12T14:59:44+00:00","dateModified":"2026-06-12T16:10:28+00:00","breadcrumb":{"@id":"https:\/\/cubalex.org\/2026\/06\/12\/cubalex-alerta-sobre-riesgo-de-revocacion-y-traslado-psiquiatrico-de-la-expresa-politica-yunaykis-linares\/#breadcrumb"},"inLanguage":"en-US","potentialAction":[{"@type":"ReadAction","target":["https:\/\/cubalex.org\/2026\/06\/12\/cubalex-alerta-sobre-riesgo-de-revocacion-y-traslado-psiquiatrico-de-la-expresa-politica-yunaykis-linares\/"]}]},{"@type":"ImageObject","inLanguage":"en-US","@id":"https:\/\/cubalex.org\/2026\/06\/12\/cubalex-alerta-sobre-riesgo-de-revocacion-y-traslado-psiquiatrico-de-la-expresa-politica-yunaykis-linares\/#primaryimage","url":"https:\/\/i0.wp.com\/cubalex.org\/wp-content\/uploads\/2026\/06\/yunaikis-linares.png?fit=1200%2C630&ssl=1","contentUrl":"https:\/\/i0.wp.com\/cubalex.org\/wp-content\/uploads\/2026\/06\/yunaikis-linares.png?fit=1200%2C630&ssl=1","width":1200,"height":630},{"@type":"BreadcrumbList","@id":"https:\/\/cubalex.org\/2026\/06\/12\/cubalex-alerta-sobre-riesgo-de-revocacion-y-traslado-psiquiatrico-de-la-expresa-politica-yunaykis-linares\/#breadcrumb","itemListElement":[{"@type":"ListItem","position":1,"name":"Portada","item":"https:\/\/cubalex.org\/"},{"@type":"ListItem","position":2,"name":"Cubalex alerta sobre riesgo de revocaci\u00f3n y traslado psiqui\u00e1trico de la expresa pol\u00edtica Yunaykis Linares"}]},{"@type":"WebSite","@id":"https:\/\/cubalex.org\/#website","url":"https:\/\/cubalex.org\/","name":"Cubalex","description":"Trabajamos en defensa de los derechos humanos, para instaurar la democracia y el Estado de derecho en Cuba","publisher":{"@id":"https:\/\/cubalex.org\/#organization"},"potentialAction":[{"@type":"SearchAction","target":{"@type":"EntryPoint","urlTemplate":"https:\/\/cubalex.org\/?s={search_term_string}"},"query-input":{"@type":"PropertyValueSpecification","valueRequired":true,"valueName":"search_term_string"}}],"inLanguage":"en-US"},{"@type":"Organization","@id":"https:\/\/cubalex.org\/#organization","name":"Cubalex","url":"https:\/\/cubalex.org\/","logo":{"@type":"ImageObject","inLanguage":"en-US","@id":"https:\/\/cubalex.org\/#\/schema\/logo\/image\/","url":"https:\/\/i0.wp.com\/cubalex.org\/wp-content\/uploads\/2026\/08\/CUBALEX1.png?fit=1445%2C300&ssl=1","contentUrl":"https:\/\/i0.wp.com\/cubalex.org\/wp-content\/uploads\/2026\/08\/CUBALEX1.png?fit=1445%2C300&ssl=1","width":1445,"height":300,"caption":"Cubalex"},"image":{"@id":"https:\/\/cubalex.org\/#\/schema\/logo\/image\/"},"sameAs":["https:\/\/www.facebook.com\/ONGcubalex","https:\/\/x.com\/CubalexDDHH","https:\/\/www.youtube.com\/@Cubalex","https:\/\/www.linkedin.com\/company\/cubalex\/","https:\/\/t.me\/cubalex"]}]}},"jetpack_shortlink":"https:\/\/wp.me\/p23ZXl-5W6","jetpack_sharing_enabled":true,"jetpack_featured_media_url":"https:\/\/i0.wp.com\/cubalex.org\/wp-content\/uploads\/2026\/06\/yunaikis-linares.png?fit=1200%2C630&ssl=1","_links":{"self":[{"href":"https:\/\/cubalex.org\/en\/wp-json\/wp\/v2\/posts\/22822","targetHints":{"allow":["GET"]}}],"collection":[{"href":"https:\/\/cubalex.org\/en\/wp-json\/wp\/v2\/posts"}],"about":[{"href":"https:\/\/cubalex.org\/en\/wp-json\/wp\/v2\/types\/post"}],"replies":[{"embeddable":true,"href":"https:\/\/cubalex.org\/en\/wp-json\/wp\/v2\/comments?post=22822"}],"version-history":[{"count":0,"href":"https:\/\/cubalex.org\/en\/wp-json\/wp\/v2\/posts\/22822\/revisions"}],"wp:featuredmedia":[{"embeddable":true,"href":"https:\/\/cubalex.org\/en\/wp-json\/wp\/v2\/media\/22826"}],"wp:attachment":[{"href":"https:\/\/cubalex.org\/en\/wp-json\/wp\/v2\/media?parent=22822"}],"wp:term":[{"taxonomy":"category","embeddable":true,"href":"https:\/\/cubalex.org\/en\/wp-json\/wp\/v2\/categories?post=22822"},{"taxonomy":"post_tag","embeddable":true,"href":"https:\/\/cubalex.org\/en\/wp-json\/wp\/v2\/tags?post=22822"}],"curies":[{"name":"wp","href":"https:\/\/api.w.org\/{rel}","templated":true}]}}