{"id":23224,"date":"2026-07-07T12:05:32","date_gmt":"2026-07-07T16:05:32","guid":{"rendered":"https:\/\/cubalex.org\/?p=23224"},"modified":"2026-07-07T13:06:45","modified_gmt":"2026-07-07T17:06:45","slug":"colapso-del-transporte-en-cuba-agrava-el-aislamiento-de-los-presos-politicos-lejos-de-sus-hogares","status":"publish","type":"post","link":"https:\/\/cubalex.org\/en\/2026\/07\/07\/colapso-del-transporte-en-cuba-agrava-el-aislamiento-de-los-presos-politicos-lejos-de-sus-hogares\/","title":{"rendered":"Transportation Collapse in Cuba Deepens the Isolation of Political Prisoners Held Far from Their Homes"},"content":{"rendered":"<p class=\"wp-block-paragraph\">La crisis del transporte p\u00fablico en Cuba tiene un impacto que va mucho m\u00e1s all\u00e1 de las dificultades cotidianas de la poblaci\u00f3n. Para decenas de <strong>personas privadas de libertad por motivos pol\u00edticos, las limitaciones para desplazarse se convierten en un obst\u00e1culo adicional que restringe el contacto con sus familias y dificulta el acceso a alimentos, medicamentos y productos de primera necesidad.<\/strong><\/p>\n\n\n\n<p class=\"wp-block-paragraph\">El monitoreo de Cubalex identific\u00f3 recientemente al menos <strong>55 presos pol\u00edticos<\/strong> en situaci\u00f3n de alejamiento territorial o con particularidades relacionadas con su lugar de residencia. De ellos, <strong>49 son hombres y seis mujeres<\/strong>.<\/p>\n\n\n\n<p class=\"wp-block-paragraph\">Los datos muestran un patr\u00f3n consistente de dispersi\u00f3n geogr\u00e1fica. <strong>La Habana<\/strong> constituye el principal foco emisor de personas trasladadas a prisiones de otras provincias: <strong>20 de los reclusos analizados<\/strong> residen habitualmente en la capital, pero cumplen condena lejos de sus hogares.<\/p>\n\n\n\n<p class=\"wp-block-paragraph\">Asimismo, se registran traslados cruzados entre el occidente y el oriente del pa\u00eds. Ciudadanos de provincias como <strong>Santiago de Cuba, Granma y Guant\u00e1namo<\/strong> han sido enviados a establecimientos penitenciarios en <strong>Matanzas<\/strong> o <strong>La Habana<\/strong>, mientras que presos de provincias occidentales terminan recluidos en c\u00e1rceles del centro y el oriente de la isla. Este patr\u00f3n de dispersi\u00f3n incrementa deliberadamente la distancia entre los reclusos y sus familiares.<\/p>\n\n\n\n<p class=\"wp-block-paragraph\">Las consecuencias de estos traslados son especialmente graves en el contexto de la actual crisis econ\u00f3mica, el <a href=\"https:\/\/www.facebook.com\/story.php?story_fbid=122134010013079630&amp;id=61582388920336&amp;rdid=x9Zo8Rrh3ovlRyE0#\">deterioro del transporte masivo <\/a>y los persistentes problemas energ\u00e9ticos que enfrenta Cuba. Para muchas familias resulta pr\u00e1cticamente imposible recorrer cientos de kil\u00f3metros para ejercer el derecho a las visitas reglamentarias o entregar la llamada <strong>&#8220;jaba&#8221;<\/strong> o <strong>&#8220;saco&#8221;<\/strong>, que suele contener alimentos, art\u00edculos de higiene personal, ropa y medicamentos indispensables para la supervivencia de las personas encarceladas.<\/p>\n\n\n\n<p class=\"wp-block-paragraph\">Seg\u00fan el monitoreo de Cubalex, <strong>casi la mitad<\/strong> de estos presos pol\u00edticos se encuentra recluida a m\u00e1s de <strong>100 kil\u00f3metros<\/strong> de su lugar de residencia habitual y cerca del <strong>15 %<\/strong> permanece a distancias superiores a <strong>500 kil\u00f3metros<\/strong>. Esta situaci\u00f3n impone una carga econ\u00f3mica y log\u00edstica dif\u00edcil de asumir para familias que, en muchos casos, tambi\u00e9n enfrentan condiciones de vulnerabilidad.<\/p>\n\n\n\n<p class=\"wp-block-paragraph\">Diversos organismos internacionales de derechos humanos han conceptualizado esta pr\u00e1ctica como una forma de <strong>&#8220;destierro interno&#8221;<\/strong>, al considerar que el alejamiento territorial constituye un castigo adicional que trasciende a la persona encarcelada y alcanza tambi\u00e9n a su n\u00facleo familiar. La separaci\u00f3n prolongada debilita el apoyo emocional y material que reciben los presos pol\u00edticos y agrava las condiciones de cumplimiento de la condena.<\/p>\n\n\n\n<h3 class=\"wp-block-heading\">Casos que evidencian el impacto del alejamiento territorial<\/h3>\n\n\n\n<p class=\"wp-block-paragraph\">Uno de los casos m\u00e1s recientes es el de <strong>Danisbel Labrada<\/strong>, residente en Cienfuegos. Tras participar en una protesta ocurrida en febrero de 2026 en la prisi\u00f3n de Canaleta, en Ciego de \u00c1vila, fue trasladado hasta el penal de m\u00e1xima seguridad <strong>Kilo 8<\/strong>, en Camag\u00fcey.<\/p>\n\n\n\n<p class=\"wp-block-paragraph\">En junio, Labrada <a href=\"https:\/\/www.instagram.com\/reels\/DZ-wq3tiso_\/\">denunci\u00f3<\/a> que \u00e9l, <strong>Carlos Alain Abrahantes<\/strong> y <strong>Luis Alberto Palacio<\/strong>, todos naturales de Cienfuegos, no pueden recibir visitas de sus familiares debido a la ausencia de transporte para recorrer la larga distancia hasta Camag\u00fcey. Seg\u00fan su denuncia, la situaci\u00f3n se agrava porque las autoridades penitenciarias tampoco aceptan el dinero que sus familiares les transfieren, dej\u00e1ndolos sin una v\u00eda efectiva para cubrir necesidades b\u00e1sicas dentro de la prisi\u00f3n.<\/p>\n\n\n\n<p class=\"wp-block-paragraph\">Otro caso representativo es el de <strong>Lizandra G\u00f3ngora<\/strong>, condenada a 14 a\u00f1os de prisi\u00f3n por participar en las protestas del 11 de julio de 2021. Desde 2023 permanece recluida en la prisi\u00f3n de <strong>Los Colonos<\/strong>, en la Isla de la Juventud, mientras su familia reside en La Habana.<\/p>\n\n\n\n<p class=\"wp-block-paragraph\">Antes de ese traslado, G\u00f3ngora permanec\u00eda en la prisi\u00f3n para mujeres conocida como <strong>El Guatao<\/strong>, tambi\u00e9n en la capital. Su reubicaci\u00f3n la dej\u00f3 a unos <strong>160 kil\u00f3metros<\/strong> de sus familiares, una distancia que, sumada a las limitaciones del transporte hacia el municipio especial, dificulta considerablemente las visitas y el suministro de alimentos.<\/p>\n\n\n\n<p class=\"wp-block-paragraph\">Recientemente, su primo <strong>Ariel G\u00f3ngora<\/strong> <a href=\"https:\/\/www.facebook.com\/photo.php?fbid=1719761612462748&amp;set=a.385875112518078&amp;type=3&amp;rdid=OxNslFPjH49rntcO&amp;share_url=https%3A%2F%2Fwww.facebook.com%2Fshare%2F1BCiLMkbG7%2F#\">denunci\u00f3<\/a> la detenci\u00f3n de <strong>Aniley Mart\u00ednez Ram\u00edrez<\/strong>, quien era la persona encargada de trasladar alimentos durante las visitas a la prisi\u00f3n debido a que la familia de Lizandra no pod\u00eda hacerlo con regularidad. El arresto habr\u00eda constituido una represalia relacionada con ese apoyo.<\/p>\n\n\n\n<p class=\"wp-block-paragraph\">En <a href=\"https:\/\/cubalex.org\/en\/2026\/04\/23\/prisionera-politica-lizandra-gongora-inicia-huelga-de-hambre-y-sed-como-protesta-a-anos-de-represion\/\">un an\u00e1lisis anterior,<\/a> Cubalex se\u00f1al\u00f3 que el hostigamiento y la represi\u00f3n contra de G\u00f3ngora se han visto agravados debido al traslado, lo que constituye una violaci\u00f3n a lo establecido en las Reglas Nelson Mandela y de las Reglas de Bangkok. Ambos tratados establecen la obligaci\u00f3n de facilitar el cumplimiento de las sentencias en centros cercanos a sus hogares para facilitar la reintegraci\u00f3n social y mantener los lazos familiares, obligaci\u00f3n que se refuerza especialmente en el caso de las mujeres con hijos menores y responsabilidades de cuidado.<\/p>\n\n\n\n<p class=\"wp-block-paragraph\">Entre las presas pol\u00edticas tambi\u00e9n destaca el caso de Yanet P\u00e9rez Quevedo, a quien se le venci\u00f3 su licencia extrapenal por maternidad en abril pasado y fue <a href=\"https:\/\/cubalex.org\/en\/2026\/05\/25\/beneficios-penitenciarios-bajo-control-politico-20-denuncias-en-menos-de-dos-meses\/\">devuelta<\/a> a la c\u00e1rcel de mujeres El Guatao, en La Habana, lejos de su vivienda y sus hijos, residentes en San Jos\u00e9 de las Lajas, Mayabeque. Adem\u00e1s, sus hijas L\u00eda y Selet, de 10 a\u00f1os y 15 meses respectivamente, fueron llevadas el mismo d\u00eda de su arresto a un hogar de ni\u00f1os sin amparo filial en dicho municipio.<\/p>\n\n\n\n<p class=\"wp-block-paragraph\">La situaci\u00f3n tambi\u00e9n afecta a <strong>Walnier Luis Aguilar<\/strong>, condenado a 12 a\u00f1os de prisi\u00f3n por su participaci\u00f3n en las manifestaciones del 11J. Desde noviembre de 2025 <a href=\"https:\/\/www.martinoticias.com\/a\/trasladan-sin-previo-aviso-a-la-c%C3%A1rcel-de-ag%C3%BCica-a-preso-pol%C3%ADtico-walnier-aguilar\/427438.html\">permanece recluido<\/a> en la prisi\u00f3n de <strong>Ag\u00fcica<\/strong>, en Matanzas, mientras que su familia reside en La Habana.<\/p>\n\n\n\n<p class=\"wp-block-paragraph\">De acuerdo con la informaci\u00f3n documentada por Cubalex, Aguilar habr\u00eda sido uno de varios presos pol\u00edticos trasladados desde el <strong>Combinado del Este<\/strong> como represalia por participar en protestas contra las deplorables condiciones de reclusi\u00f3n y por exigir su libertad. El traslado increment\u00f3 la distancia con sus familiares, quienes ahora enfrentan mayores dificultades para visitarlo y garantizarle el env\u00edo regular de alimentos, productos de higiene y otros art\u00edculos esenciales.<\/p>\n\n\n\n<p class=\"wp-block-paragraph\">Precisamente esta semana trascendi\u00f3 la identidad de un preso pol\u00edtico que no se encontraba en registros previos, Yordanis D\u00edaz Lozano, igualmente natural de Cienfuegos y encarcelado sin juicio en el Combinado del Este, en la capital. Seg\u00fan <a href=\"https:\/\/www.cubanet.org\/prisionero-denuncia-suspension-de-visitas-familiares-en-el-combinado-del-este\/\">informes<\/a> de la prensa, <strong>le han suspendido las visitas familiares en varias ocasiones sin previo aviso ni justificaci\u00f3n.<\/strong><\/p>\n\n\n\n<p class=\"wp-block-paragraph\">Estos casos reflejan c\u00f3mo el traslado de presos pol\u00edticos a establecimientos penitenciarios alejados de sus comunidades de origen, combinado con el colapso del sistema de transporte en Cuba, termina convirti\u00e9ndose en un mecanismo que ampl\u00eda el alcance del castigo m\u00e1s all\u00e1 de las personas encarceladas. <strong>Las limitaciones para mantener el contacto familiar y asegurar el suministro de recursos b\u00e1sicos <\/strong>afectan directamente las condiciones de vida de los reclusos y extienden las consecuencias de la represi\u00f3n a sus redes de apoyo.<\/p>","protected":false},"excerpt":{"rendered":"<p>La crisis del transporte p\u00fablico en Cuba tiene un impacto que va mucho m\u00e1s all\u00e1 de las dificultades cotidianas de la poblaci\u00f3n. Para decenas de personas privadas de libertad por motivos pol\u00edticos, las limitaciones para desplazarse se convierten en un obst\u00e1culo adicional que restringe el contacto con sus familias y dificulta el acceso a alimentos, medicamentos y productos de primera necesidad.<\/p>","protected":false},"featured_media":23373,"comment_status":"closed","ping_status":"closed","sticky":false,"template":"","format":"standard","meta":{"_jetpack_newsletter_access":"","_jetpack_dont_email_post_to_subs":false,"_jetpack_newsletter_tier_id":0,"_jetpack_memberships_contains_paywalled_content":false,"_wpcom_ai_launchpad_first_post":false,"_jetpack_feature_clip_id":0,"_jetpack_memberships_contains_paid_content":false,"footnotes":"","jetpack_post_was_ever_published":false},"categories":[551856560,111160486],"tags":[31684,34097768,551856052],"class_list":["post-23224","post","type-post","status-publish","format-standard","has-post-thumbnail","hentry","category-alertas","category-cubalex","tag-derechos-humanos","tag-estado-cubano","tag-presos-politicos"],"featured_image_src":"https:\/\/i0.wp.com\/cubalex.org\/wp-content\/uploads\/2026\/07\/transporte-cuba.jpg?fit=1200%2C560&ssl=1","acf":{"translation_reviewed":false},"yoast_head":"<!-- This site is optimized with the Yoast SEO plugin v28.4 - https:\/\/yoast.com\/product\/yoast-seo-wordpress\/ -->\n<title>Colapso del transporte en Cuba agrava el aislamiento de los presos pol\u00edticos lejos de sus hogares - Cubalex<\/title>\n<meta name=\"robots\" content=\"index, follow, max-snippet:-1, max-image-preview:large, max-video-preview:-1\" \/>\n<link rel=\"canonical\" href=\"https:\/\/cubalex.org\/en\/2026\/07\/07\/colapso-del-transporte-en-cuba-agrava-el-aislamiento-de-los-presos-politicos-lejos-de-sus-hogares\/\" \/>\n<meta property=\"og:locale\" content=\"en_US\" \/>\n<meta property=\"og:type\" content=\"article\" \/>\n<meta property=\"og:title\" content=\"Colapso del transporte en Cuba agrava el aislamiento de los presos pol\u00edticos lejos de sus hogares - Cubalex\" \/>\n<meta property=\"og:description\" content=\"La crisis del transporte p\u00fablico en Cuba tiene un impacto que va mucho m\u00e1s all\u00e1 de las dificultades cotidianas de la poblaci\u00f3n. Para decenas de personas privadas de libertad por motivos pol\u00edticos, las limitaciones para desplazarse se convierten en un obst\u00e1culo adicional que restringe el contacto con sus familias y dificulta el acceso a alimentos, medicamentos y productos de primera necesidad.\" \/>\n<meta property=\"og:url\" content=\"https:\/\/cubalex.org\/en\/2026\/07\/07\/colapso-del-transporte-en-cuba-agrava-el-aislamiento-de-los-presos-politicos-lejos-de-sus-hogares\/\" \/>\n<meta property=\"og:site_name\" content=\"Cubalex\" \/>\n<meta property=\"article:publisher\" content=\"https:\/\/www.facebook.com\/ONGcubalex\" \/>\n<meta property=\"article:published_time\" content=\"2026-07-07T16:05:32+00:00\" \/>\n<meta property=\"article:modified_time\" content=\"2026-07-07T17:06:45+00:00\" \/>\n<meta property=\"og:image\" content=\"https:\/\/cubalex.org\/wp-content\/uploads\/2026\/07\/transporte-cuba.jpg\" \/>\n\t<meta property=\"og:image:width\" content=\"1200\" \/>\n\t<meta property=\"og:image:height\" content=\"560\" \/>\n\t<meta property=\"og:image:type\" content=\"image\/jpeg\" \/>\n<meta name=\"twitter:card\" content=\"summary_large_image\" \/>\n<meta name=\"twitter:creator\" content=\"@CubalexDDHH\" \/>\n<meta name=\"twitter:site\" content=\"@CubalexDDHH\" \/>\n<meta name=\"twitter:label1\" content=\"Written by\" \/>\n\t<meta name=\"twitter:data1\" content=\"puravida\" \/>\n\t<meta name=\"twitter:label2\" content=\"Est. reading time\" \/>\n\t<meta name=\"twitter:data2\" content=\"6 minutes\" \/>\n<script type=\"application\/ld+json\" class=\"yoast-schema-graph\">{\"@context\":\"https:\\\/\\\/schema.org\",\"@graph\":[{\"@type\":\"Article\",\"@id\":\"https:\\\/\\\/cubalex.org\\\/2026\\\/07\\\/07\\\/colapso-del-transporte-en-cuba-agrava-el-aislamiento-de-los-presos-politicos-lejos-de-sus-hogares\\\/#article\",\"isPartOf\":{\"@id\":\"https:\\\/\\\/cubalex.org\\\/2026\\\/07\\\/07\\\/colapso-del-transporte-en-cuba-agrava-el-aislamiento-de-los-presos-politicos-lejos-de-sus-hogares\\\/\"},\"headline\":\"Colapso del transporte en Cuba agrava el aislamiento de los presos pol\u00edticos lejos de sus hogares\",\"datePublished\":\"2026-07-07T16:05:32+00:00\",\"dateModified\":\"2026-07-07T17:06:45+00:00\",\"mainEntityOfPage\":{\"@id\":\"https:\\\/\\\/cubalex.org\\\/2026\\\/07\\\/07\\\/colapso-del-transporte-en-cuba-agrava-el-aislamiento-de-los-presos-politicos-lejos-de-sus-hogares\\\/\"},\"wordCount\":1188,\"publisher\":{\"@id\":\"https:\\\/\\\/cubalex.org\\\/#organization\"},\"image\":{\"@id\":\"https:\\\/\\\/cubalex.org\\\/2026\\\/07\\\/07\\\/colapso-del-transporte-en-cuba-agrava-el-aislamiento-de-los-presos-politicos-lejos-de-sus-hogares\\\/#primaryimage\"},\"thumbnailUrl\":\"https:\\\/\\\/i0.wp.com\\\/cubalex.org\\\/wp-content\\\/uploads\\\/2026\\\/07\\\/transporte-cuba.jpg?fit=1200%2C560&ssl=1\",\"keywords\":[\"derechos humanos\",\"Estado cubano\",\"presos pol\u00edticos\"],\"articleSection\":[\"Alertas\",\"Cubalex\"],\"inLanguage\":\"en-US\"},{\"@type\":\"WebPage\",\"@id\":\"https:\\\/\\\/cubalex.org\\\/2026\\\/07\\\/07\\\/colapso-del-transporte-en-cuba-agrava-el-aislamiento-de-los-presos-politicos-lejos-de-sus-hogares\\\/\",\"url\":\"https:\\\/\\\/cubalex.org\\\/2026\\\/07\\\/07\\\/colapso-del-transporte-en-cuba-agrava-el-aislamiento-de-los-presos-politicos-lejos-de-sus-hogares\\\/\",\"name\":\"Colapso del transporte en Cuba agrava el aislamiento de los presos pol\u00edticos lejos de sus hogares - Cubalex\",\"isPartOf\":{\"@id\":\"https:\\\/\\\/cubalex.org\\\/#website\"},\"primaryImageOfPage\":{\"@id\":\"https:\\\/\\\/cubalex.org\\\/2026\\\/07\\\/07\\\/colapso-del-transporte-en-cuba-agrava-el-aislamiento-de-los-presos-politicos-lejos-de-sus-hogares\\\/#primaryimage\"},\"image\":{\"@id\":\"https:\\\/\\\/cubalex.org\\\/2026\\\/07\\\/07\\\/colapso-del-transporte-en-cuba-agrava-el-aislamiento-de-los-presos-politicos-lejos-de-sus-hogares\\\/#primaryimage\"},\"thumbnailUrl\":\"https:\\\/\\\/i0.wp.com\\\/cubalex.org\\\/wp-content\\\/uploads\\\/2026\\\/07\\\/transporte-cuba.jpg?fit=1200%2C560&ssl=1\",\"datePublished\":\"2026-07-07T16:05:32+00:00\",\"dateModified\":\"2026-07-07T17:06:45+00:00\",\"breadcrumb\":{\"@id\":\"https:\\\/\\\/cubalex.org\\\/2026\\\/07\\\/07\\\/colapso-del-transporte-en-cuba-agrava-el-aislamiento-de-los-presos-politicos-lejos-de-sus-hogares\\\/#breadcrumb\"},\"inLanguage\":\"en-US\",\"potentialAction\":[{\"@type\":\"ReadAction\",\"target\":[\"https:\\\/\\\/cubalex.org\\\/2026\\\/07\\\/07\\\/colapso-del-transporte-en-cuba-agrava-el-aislamiento-de-los-presos-politicos-lejos-de-sus-hogares\\\/\"]}]},{\"@type\":\"ImageObject\",\"inLanguage\":\"en-US\",\"@id\":\"https:\\\/\\\/cubalex.org\\\/2026\\\/07\\\/07\\\/colapso-del-transporte-en-cuba-agrava-el-aislamiento-de-los-presos-politicos-lejos-de-sus-hogares\\\/#primaryimage\",\"url\":\"https:\\\/\\\/i0.wp.com\\\/cubalex.org\\\/wp-content\\\/uploads\\\/2026\\\/07\\\/transporte-cuba.jpg?fit=1200%2C560&ssl=1\",\"contentUrl\":\"https:\\\/\\\/i0.wp.com\\\/cubalex.org\\\/wp-content\\\/uploads\\\/2026\\\/07\\\/transporte-cuba.jpg?fit=1200%2C560&ssl=1\",\"width\":1200,\"height\":560},{\"@type\":\"BreadcrumbList\",\"@id\":\"https:\\\/\\\/cubalex.org\\\/2026\\\/07\\\/07\\\/colapso-del-transporte-en-cuba-agrava-el-aislamiento-de-los-presos-politicos-lejos-de-sus-hogares\\\/#breadcrumb\",\"itemListElement\":[{\"@type\":\"ListItem\",\"position\":1,\"name\":\"Portada\",\"item\":\"https:\\\/\\\/cubalex.org\\\/\"},{\"@type\":\"ListItem\",\"position\":2,\"name\":\"Colapso del transporte en Cuba agrava el aislamiento de los presos pol\u00edticos lejos de sus hogares\"}]},{\"@type\":\"WebSite\",\"@id\":\"https:\\\/\\\/cubalex.org\\\/#website\",\"url\":\"https:\\\/\\\/cubalex.org\\\/\",\"name\":\"Cubalex\",\"description\":\"Trabajamos en defensa de los derechos humanos, para instaurar la democracia y el Estado de derecho en Cuba\",\"publisher\":{\"@id\":\"https:\\\/\\\/cubalex.org\\\/#organization\"},\"potentialAction\":[{\"@type\":\"SearchAction\",\"target\":{\"@type\":\"EntryPoint\",\"urlTemplate\":\"https:\\\/\\\/cubalex.org\\\/?s={search_term_string}\"},\"query-input\":{\"@type\":\"PropertyValueSpecification\",\"valueRequired\":true,\"valueName\":\"search_term_string\"}}],\"inLanguage\":\"en-US\"},{\"@type\":\"Organization\",\"@id\":\"https:\\\/\\\/cubalex.org\\\/#organization\",\"name\":\"Cubalex\",\"url\":\"https:\\\/\\\/cubalex.org\\\/\",\"logo\":{\"@type\":\"ImageObject\",\"inLanguage\":\"en-US\",\"@id\":\"https:\\\/\\\/cubalex.org\\\/#\\\/schema\\\/logo\\\/image\\\/\",\"url\":\"https:\\\/\\\/i0.wp.com\\\/cubalex.org\\\/wp-content\\\/uploads\\\/2026\\\/08\\\/CUBALEX1.png?fit=1445%2C300&ssl=1\",\"contentUrl\":\"https:\\\/\\\/i0.wp.com\\\/cubalex.org\\\/wp-content\\\/uploads\\\/2026\\\/08\\\/CUBALEX1.png?fit=1445%2C300&ssl=1\",\"width\":1445,\"height\":300,\"caption\":\"Cubalex\"},\"image\":{\"@id\":\"https:\\\/\\\/cubalex.org\\\/#\\\/schema\\\/logo\\\/image\\\/\"},\"sameAs\":[\"https:\\\/\\\/www.facebook.com\\\/ONGcubalex\",\"https:\\\/\\\/x.com\\\/CubalexDDHH\",\"https:\\\/\\\/www.youtube.com\\\/@Cubalex\",\"https:\\\/\\\/www.linkedin.com\\\/company\\\/cubalex\\\/\",\"https:\\\/\\\/t.me\\\/cubalex\"]}]}<\/script>\n<!-- \/ Yoast SEO plugin. -->","yoast_head_json":{"title":"Colapso del transporte en Cuba agrava el aislamiento de los presos pol\u00edticos lejos de sus hogares - Cubalex","robots":{"index":"index","follow":"follow","max-snippet":"max-snippet:-1","max-image-preview":"max-image-preview:large","max-video-preview":"max-video-preview:-1"},"canonical":"https:\/\/cubalex.org\/en\/2026\/07\/07\/colapso-del-transporte-en-cuba-agrava-el-aislamiento-de-los-presos-politicos-lejos-de-sus-hogares\/","og_locale":"en_US","og_type":"article","og_title":"Colapso del transporte en Cuba agrava el aislamiento de los presos pol\u00edticos lejos de sus hogares - Cubalex","og_description":"La crisis del transporte p\u00fablico en Cuba tiene un impacto que va mucho m\u00e1s all\u00e1 de las dificultades cotidianas de la poblaci\u00f3n. Para decenas de personas privadas de libertad por motivos pol\u00edticos, las limitaciones para desplazarse se convierten en un obst\u00e1culo adicional que restringe el contacto con sus familias y dificulta el acceso a alimentos, medicamentos y productos de primera necesidad.","og_url":"https:\/\/cubalex.org\/en\/2026\/07\/07\/colapso-del-transporte-en-cuba-agrava-el-aislamiento-de-los-presos-politicos-lejos-de-sus-hogares\/","og_site_name":"Cubalex","article_publisher":"https:\/\/www.facebook.com\/ONGcubalex","article_published_time":"2026-07-07T16:05:32+00:00","article_modified_time":"2026-07-07T17:06:45+00:00","og_image":[{"width":1200,"height":560,"url":"https:\/\/cubalex.org\/wp-content\/uploads\/2026\/07\/transporte-cuba.jpg","type":"image\/jpeg"}],"twitter_card":"summary_large_image","twitter_creator":"@CubalexDDHH","twitter_site":"@CubalexDDHH","twitter_misc":{"Written by":"puravida","Est. reading time":"6 minutes"},"schema":{"@context":"https:\/\/schema.org","@graph":[{"@type":"Article","@id":"https:\/\/cubalex.org\/2026\/07\/07\/colapso-del-transporte-en-cuba-agrava-el-aislamiento-de-los-presos-politicos-lejos-de-sus-hogares\/#article","isPartOf":{"@id":"https:\/\/cubalex.org\/2026\/07\/07\/colapso-del-transporte-en-cuba-agrava-el-aislamiento-de-los-presos-politicos-lejos-de-sus-hogares\/"},"headline":"Colapso del transporte en Cuba agrava el aislamiento de los presos pol\u00edticos lejos de sus hogares","datePublished":"2026-07-07T16:05:32+00:00","dateModified":"2026-07-07T17:06:45+00:00","mainEntityOfPage":{"@id":"https:\/\/cubalex.org\/2026\/07\/07\/colapso-del-transporte-en-cuba-agrava-el-aislamiento-de-los-presos-politicos-lejos-de-sus-hogares\/"},"wordCount":1188,"publisher":{"@id":"https:\/\/cubalex.org\/#organization"},"image":{"@id":"https:\/\/cubalex.org\/2026\/07\/07\/colapso-del-transporte-en-cuba-agrava-el-aislamiento-de-los-presos-politicos-lejos-de-sus-hogares\/#primaryimage"},"thumbnailUrl":"https:\/\/i0.wp.com\/cubalex.org\/wp-content\/uploads\/2026\/07\/transporte-cuba.jpg?fit=1200%2C560&ssl=1","keywords":["derechos humanos","Estado cubano","presos pol\u00edticos"],"articleSection":["Alertas","Cubalex"],"inLanguage":"en-US"},{"@type":"WebPage","@id":"https:\/\/cubalex.org\/2026\/07\/07\/colapso-del-transporte-en-cuba-agrava-el-aislamiento-de-los-presos-politicos-lejos-de-sus-hogares\/","url":"https:\/\/cubalex.org\/2026\/07\/07\/colapso-del-transporte-en-cuba-agrava-el-aislamiento-de-los-presos-politicos-lejos-de-sus-hogares\/","name":"Colapso del transporte en Cuba agrava el aislamiento de los presos pol\u00edticos lejos de sus hogares - Cubalex","isPartOf":{"@id":"https:\/\/cubalex.org\/#website"},"primaryImageOfPage":{"@id":"https:\/\/cubalex.org\/2026\/07\/07\/colapso-del-transporte-en-cuba-agrava-el-aislamiento-de-los-presos-politicos-lejos-de-sus-hogares\/#primaryimage"},"image":{"@id":"https:\/\/cubalex.org\/2026\/07\/07\/colapso-del-transporte-en-cuba-agrava-el-aislamiento-de-los-presos-politicos-lejos-de-sus-hogares\/#primaryimage"},"thumbnailUrl":"https:\/\/i0.wp.com\/cubalex.org\/wp-content\/uploads\/2026\/07\/transporte-cuba.jpg?fit=1200%2C560&ssl=1","datePublished":"2026-07-07T16:05:32+00:00","dateModified":"2026-07-07T17:06:45+00:00","breadcrumb":{"@id":"https:\/\/cubalex.org\/2026\/07\/07\/colapso-del-transporte-en-cuba-agrava-el-aislamiento-de-los-presos-politicos-lejos-de-sus-hogares\/#breadcrumb"},"inLanguage":"en-US","potentialAction":[{"@type":"ReadAction","target":["https:\/\/cubalex.org\/2026\/07\/07\/colapso-del-transporte-en-cuba-agrava-el-aislamiento-de-los-presos-politicos-lejos-de-sus-hogares\/"]}]},{"@type":"ImageObject","inLanguage":"en-US","@id":"https:\/\/cubalex.org\/2026\/07\/07\/colapso-del-transporte-en-cuba-agrava-el-aislamiento-de-los-presos-politicos-lejos-de-sus-hogares\/#primaryimage","url":"https:\/\/i0.wp.com\/cubalex.org\/wp-content\/uploads\/2026\/07\/transporte-cuba.jpg?fit=1200%2C560&ssl=1","contentUrl":"https:\/\/i0.wp.com\/cubalex.org\/wp-content\/uploads\/2026\/07\/transporte-cuba.jpg?fit=1200%2C560&ssl=1","width":1200,"height":560},{"@type":"BreadcrumbList","@id":"https:\/\/cubalex.org\/2026\/07\/07\/colapso-del-transporte-en-cuba-agrava-el-aislamiento-de-los-presos-politicos-lejos-de-sus-hogares\/#breadcrumb","itemListElement":[{"@type":"ListItem","position":1,"name":"Portada","item":"https:\/\/cubalex.org\/"},{"@type":"ListItem","position":2,"name":"Colapso del transporte en Cuba agrava el aislamiento de los presos pol\u00edticos lejos de sus hogares"}]},{"@type":"WebSite","@id":"https:\/\/cubalex.org\/#website","url":"https:\/\/cubalex.org\/","name":"Cubalex","description":"Trabajamos en defensa de los derechos humanos, para instaurar la democracia y el Estado de derecho en Cuba","publisher":{"@id":"https:\/\/cubalex.org\/#organization"},"potentialAction":[{"@type":"SearchAction","target":{"@type":"EntryPoint","urlTemplate":"https:\/\/cubalex.org\/?s={search_term_string}"},"query-input":{"@type":"PropertyValueSpecification","valueRequired":true,"valueName":"search_term_string"}}],"inLanguage":"en-US"},{"@type":"Organization","@id":"https:\/\/cubalex.org\/#organization","name":"Cubalex","url":"https:\/\/cubalex.org\/","logo":{"@type":"ImageObject","inLanguage":"en-US","@id":"https:\/\/cubalex.org\/#\/schema\/logo\/image\/","url":"https:\/\/i0.wp.com\/cubalex.org\/wp-content\/uploads\/2026\/08\/CUBALEX1.png?fit=1445%2C300&ssl=1","contentUrl":"https:\/\/i0.wp.com\/cubalex.org\/wp-content\/uploads\/2026\/08\/CUBALEX1.png?fit=1445%2C300&ssl=1","width":1445,"height":300,"caption":"Cubalex"},"image":{"@id":"https:\/\/cubalex.org\/#\/schema\/logo\/image\/"},"sameAs":["https:\/\/www.facebook.com\/ONGcubalex","https:\/\/x.com\/CubalexDDHH","https:\/\/www.youtube.com\/@Cubalex","https:\/\/www.linkedin.com\/company\/cubalex\/","https:\/\/t.me\/cubalex"]}]}},"jetpack_shortlink":"https:\/\/wp.me\/p23ZXl-62A","jetpack_sharing_enabled":true,"jetpack_featured_media_url":"https:\/\/i0.wp.com\/cubalex.org\/wp-content\/uploads\/2026\/07\/transporte-cuba.jpg?fit=1200%2C560&ssl=1","_links":{"self":[{"href":"https:\/\/cubalex.org\/en\/wp-json\/wp\/v2\/posts\/23224","targetHints":{"allow":["GET"]}}],"collection":[{"href":"https:\/\/cubalex.org\/en\/wp-json\/wp\/v2\/posts"}],"about":[{"href":"https:\/\/cubalex.org\/en\/wp-json\/wp\/v2\/types\/post"}],"replies":[{"embeddable":true,"href":"https:\/\/cubalex.org\/en\/wp-json\/wp\/v2\/comments?post=23224"}],"version-history":[{"count":9,"href":"https:\/\/cubalex.org\/en\/wp-json\/wp\/v2\/posts\/23224\/revisions"}],"predecessor-version":[{"id":23380,"href":"https:\/\/cubalex.org\/en\/wp-json\/wp\/v2\/posts\/23224\/revisions\/23380"}],"wp:featuredmedia":[{"embeddable":true,"href":"https:\/\/cubalex.org\/en\/wp-json\/wp\/v2\/media\/23373"}],"wp:attachment":[{"href":"https:\/\/cubalex.org\/en\/wp-json\/wp\/v2\/media?parent=23224"}],"wp:term":[{"taxonomy":"category","embeddable":true,"href":"https:\/\/cubalex.org\/en\/wp-json\/wp\/v2\/categories?post=23224"},{"taxonomy":"post_tag","embeddable":true,"href":"https:\/\/cubalex.org\/en\/wp-json\/wp\/v2\/tags?post=23224"}],"curies":[{"name":"wp","href":"https:\/\/api.w.org\/{rel}","templated":true}]}}