{"id":23750,"date":"2026-07-31T08:30:00","date_gmt":"2026-07-31T12:30:00","guid":{"rendered":"https:\/\/cubalex.org\/?p=23750"},"modified":"2026-07-31T11:49:14","modified_gmt":"2026-07-31T15:49:14","slug":"al-menos-siete-menores-de-edad-permanecen-detenidos-por-motivos-politicos-en-cuba","status":"publish","type":"post","link":"https:\/\/cubalex.org\/en\/2026\/07\/31\/al-menos-siete-menores-de-edad-permanecen-detenidos-por-motivos-politicos-en-cuba\/","title":{"rendered":"At Least Seven Minors Remain Detained for Political Reasons in Cuba"},"content":{"rendered":"<p class=\"wp-block-paragraph\">Cubalex ha verificado que <strong>al menos siete adolescentes menores de 18 a\u00f1os permanecen actualmente privados de libertad en Cuba<\/strong> por hechos relacionados con protestas o procesos penales de evidente motivaci\u00f3n pol\u00edtica. <\/p>\n\n\n\n<p class=\"wp-block-paragraph\">Los casos documentados reflejan la continuidad de un patr\u00f3n de criminalizaci\u00f3n de ni\u00f1os y adolescentes, acompa\u00f1ado de graves vulneraciones al debido proceso, incomunicaci\u00f3n, falta de informaci\u00f3n a las familias y condiciones de detenci\u00f3n incompatibles con los est\u00e1ndares internacionales de protecci\u00f3n de la ni\u00f1ez.<\/p>\n\n\n\n<p class=\"wp-block-paragraph\">Los menores actualmente verificados por el monitoreo de Cubalex son <strong>Cristian Fern\u00e1ndez Sarmiento (16 a\u00f1os), Alex Javier Hern\u00e1ndez Gonz\u00e1lez (13 a\u00f1os), Ander Magdiel del Toro Su\u00e1rez (15 a\u00f1os), Jos\u00e9 Jorge Men\u00e9ndez V\u00e1zquez (17 a\u00f1os), Cristian de Jes\u00fas Crespo \u00c1lvarez (16 a\u00f1os), Leroy Hern\u00e1ndez Escalona (17 a\u00f1os) y Jos\u00e9 \u00c1ngel Borrero (17 a\u00f1os)<\/strong>.<\/p>\n\n\n\n<p class=\"wp-block-paragraph\">Tres de estos adolescentes, <strong>Ander Magdiel del Toro Su\u00e1rez, Jos\u00e9 Jorge Men\u00e9ndez V\u00e1zquez y Jos\u00e9 \u00c1ngel Borrero<\/strong>, fueron detenidos en junio pasado tras el incendio del Museo de Maffo, en Contramaestre, Santiago de Cuba, ocurrido en el contexto de las protestas del 21 de junio. Despu\u00e9s de esos hechos, la Seguridad del Estado inici\u00f3 una persecuci\u00f3n contra varios menores de edad de la localidad. Seg\u00fan <a href=\"https:\/\/www.facebook.com\/100066338269556\/posts\/1377808354440427\/?rdid=tT8EvIAGvfABWAys#\">confirm\u00f3<\/a> la activista Anamely Ramos, los tres permanecen recluidos en el centro de la Seguridad del Estado conocido como <strong>Versalles<\/strong>, en Santiago de Cuba.<\/p>\n\n\n\n<p class=\"wp-block-paragraph\">En esa misma instalaci\u00f3n contin\u00faa detenido <strong>Cristian Fern\u00e1ndez Sarmiento<\/strong>, de 16 a\u00f1os, arrestado tambi\u00e9n en junio durante las protestas ocurridas en el barrio Altamira, en Santiago de Cuba. Lleva m\u00e1s de un mes privado de libertad. Esta semana, su abuela, <strong>Soraya Cardosa<\/strong>, de 83 a\u00f1os, <a href=\"https:\/\/www.facebook.com\/watch\/?v=1516415859681501\">pidi\u00f3 <\/a>p\u00fablicamente su liberaci\u00f3n y denunci\u00f3 que el adolescente ha perdido peso de forma considerable y que las autoridades contin\u00faan sin ofrecer informaci\u00f3n sobre el proceso ni los motivos por los que permanece encarcelado.<\/p>\n\n\n\n<p class=\"wp-block-paragraph\">El caso m\u00e1s reciente es el de <strong>Alex Javier Hern\u00e1ndez Gonz\u00e1lez<\/strong>, de apenas <strong>13 a\u00f1os<\/strong>, el detenido de menor edad <a href=\"https:\/\/www.facebook.com\/ONGcubalex\/posts\/pfbid02yWSRuXbqqhgpiPbnMQnAQCJgVMGL4fdLV37trGoJxMBLriy9j1yqPN45DBCnxPsgl\">documentado actualmente por Cubalex.<\/a> Fue arrestado durante las protestas registradas el pasado 22 de julio en Santiago de las Vegas, La Habana. Seg\u00fan denunci\u00f3 su madre en un video difundido en redes sociales, el ni\u00f1o fue arrestado con violencia, trasladado inicialmente a la estaci\u00f3n policial de Calabazar y posteriormente llevado al centro de detenci\u00f3n para menores conocido como <strong>El Combinadito<\/strong>, donde permanecer\u00eda recluido. Seg\u00fan la propia legislaci\u00f3n cubana, los menores de 16 a\u00f1os no son imputables, por tanto, Hern\u00e1ndez Gonz\u00e1lez no deber\u00eda estar en un centro de detenci\u00f3n, sino en una de las llamadas Escuelas de Formaci\u00f3n Integral.<\/p>\n\n\n\n<p class=\"wp-block-paragraph\">Por su parte, <strong>Cristian de Jes\u00fas Crespo \u00c1lvarez<\/strong>, de 16 a\u00f1os, permanece encarcelado desde marzo en la prisi\u00f3n de <strong>Canaleta<\/strong>, en Ciego de \u00c1vila, tras las manifestaciones ocurridas en Mor\u00f3n. En junio fue diagnosticado con <a href=\"https:\/\/www.instagram.com\/reels\/DZOSrGtjoQw\/\">hepatitis <\/a>y estuvo recluido en la enfermer\u00eda del penal, pues las autoridades penitenciarias informaron a su familia que no ser\u00eda trasladado a un hospital para recibir atenci\u00f3n m\u00e9dica especializada.<\/p>\n\n\n\n<p class=\"wp-block-paragraph\">El adolescente que acumula m\u00e1s tiempo privado de libertad es <strong>Leroy Hern\u00e1ndez Escalona<\/strong>, de 17 a\u00f1os. Fue detenido en septiembre de 2025 en Maniab\u00f3n, municipio de Puerto Padre, Las Tunas, mientras participaba en una protesta pac\u00edfica. Inicialmente permaneci\u00f3 recluido en Instrucci\u00f3n Provincial de Las Tunas, donde fue sometido a prolongados interrogatorios y presiones psicol\u00f3gicas, sin que su familia pudiera verlo. Seg\u00fan la informaci\u00f3n verificada por Cubalex, contin\u00faa privado de libertad bajo la medida cautelar de prisi\u00f3n provisional.<\/p>\n\n\n\n<p class=\"wp-block-paragraph\">Los casos actualmente documentados se suman al de <a href=\"https:\/\/cubalex.org\/en\/2026\/03\/31\/cuando-la-ley-protege-y-desprotege-al-mismo-tiempo-caso-de-jonathan-muir-y-menores-detenidos-en-cuba\/\">Jonathan David Muir Burgos, uno de los ejemplos m\u00e1s representativos de la represi\u00f3n ejercida contra menores de edad en Cuba<\/a>. Jonathan fue detenido el 16 de marzo de 2026, cuando ten\u00eda 16 a\u00f1os, tras las protestas ocurridas en Mor\u00f3n, Ciego de \u00c1vila. Permaneci\u00f3 recluido inicialmente en el Departamento T\u00e9cnico de Investigaciones (DTI) y posteriormente fue trasladado sin previo aviso a la prisi\u00f3n de Canaleta, donde estuvo encarcelado durante m\u00e1s de tres meses. En abril, la Comisi\u00f3n Interamericana de Derechos Humanos (CIDH) le otorg\u00f3 medidas cautelares al considerar que sus derechos a la vida, la integridad personal y la salud estaban en riesgo bajo custodia del Estado cubano. Aunque recuper\u00f3 la libertad a finales de junio, su caso fue se\u00f1alado por organizaciones de derechos humanos como un ejemplo del creciente uso del sistema penal cubano para criminalizar a adolescentes vinculados a manifestaciones sociales.<\/p>\n\n\n\n<h3 class=\"wp-block-heading\">Un patr\u00f3n estructural de criminalizaci\u00f3n de menores<\/h3>\n\n\n\n<p class=\"wp-block-paragraph\">Estos casos confirman los hallazgos del <a href=\"https:\/\/cubalex.org\/wp-content\/uploads\/2026\/03\/Menores-de-Edad-y-protesta-.docx.pdf\">informe sobre menores de edad<\/a> publicado por Cubalex este a\u00f1o, que identifica una contradicci\u00f3n estructural en el marco normativo cubano. Aunque la<strong> legislaci\u00f3n reconoce formalmente determinadas garant\u00edas para ni\u00f1os y adolescentes, en la pr\u00e1ctica estas pueden quedar vac\u00edas de contenido debido a la amplia discrecionalidad de las autoridades<\/strong>, la ausencia de un control judicial efectivo y la ambig\u00fcedad de diversas normas procesales. <\/p>\n\n\n\n<p class=\"wp-block-paragraph\">En contextos de protesta social, los menores pasan a ser tratados como sujetos plenamente responsables desde el punto de vista penal, sin que exista una protecci\u00f3n reforzada acorde con su condici\u00f3n de ni\u00f1os y adolescentes, mientras sus familias quedan en una posici\u00f3n jur\u00eddicamente debilitada para cuestionar las actuaciones estatales.<\/p>\n\n\n\n<p class=\"wp-block-paragraph\">Las preocupaciones sobre este patr\u00f3n fueron expresadas tambi\u00e9n por el <strong>Comit\u00e9 de los Derechos del Ni\u00f1o de las Naciones Unidas<\/strong> en sus observaciones finales de 2022. El \u00f3rgano manifest\u00f3 su inquietud por la detenci\u00f3n de ni\u00f1os \u2014incluidos ni\u00f1os de 13 a\u00f1os\u2014 en el contexto de las protestas en Cuba, los arrestos nocturnos, la incomunicaci\u00f3n, los interrogatorios prolongados y la privaci\u00f3n de libertad de adolescentes por ejercer derechos como la reuni\u00f3n pac\u00edfica. Asimismo, alert\u00f3 sobre la ausencia de un sistema de justicia juvenil plenamente compatible con la Convenci\u00f3n sobre los Derechos del Ni\u00f1o, la insuficiencia de garant\u00edas procesales para menores de 16 a\u00f1os y el uso excesivo de la prisi\u00f3n preventiva sin l\u00edmites claramente definidos.<\/p>\n\n\n\n<p class=\"wp-block-paragraph\">Los siete casos actualmente verificados demuestran que estas pr\u00e1cticas no constituyen hechos aislados. Por el contrario, <strong>evidencian la continuidad de un patr\u00f3n de actuaci\u00f3n estatal caracterizado por la criminalizaci\u00f3n de adolescentes en contextos de protesta,<\/strong> la utilizaci\u00f3n de figuras penales severas y la restricci\u00f3n sistem\u00e1tica de garant\u00edas del debido proceso, lo que mantiene vigente un escenario de riesgo estructural para los menores de edad y sus familias en la isla.<\/p>","protected":false},"excerpt":{"rendered":"<p>Los menores actualmente verificados por el monitoreo de Cubalex son Cristian Fern\u00e1ndez Sarmiento (16 a\u00f1os), Alex Javier Hern\u00e1ndez Gonz\u00e1lez (13 a\u00f1os), Ander Magdiel del Toro Su\u00e1rez (15 a\u00f1os), Jos\u00e9 Jorge Men\u00e9ndez V\u00e1zquez (17 a\u00f1os), Cristian de Jes\u00fas Crespo \u00c1lvarez (16 a\u00f1os), Leroy Hern\u00e1ndez Escalona (17 a\u00f1os) y Jos\u00e9 \u00c1ngel Borrero (17 a\u00f1os).<\/p>","protected":false},"featured_media":23754,"comment_status":"closed","ping_status":"closed","sticky":false,"template":"","format":"standard","meta":{"_jetpack_newsletter_access":"","_jetpack_dont_email_post_to_subs":false,"_jetpack_newsletter_tier_id":0,"_jetpack_memberships_contains_paywalled_content":false,"_wpcom_ai_launchpad_first_post":false,"_jetpack_feature_clip_id":0,"_jetpack_memberships_contains_paid_content":false,"footnotes":"","jetpack_post_was_ever_published":false},"categories":[551856634],"tags":[551855965,31684,34097768,551856052],"class_list":["post-23750","post","type-post","status-publish","format-standard","has-post-thumbnail","hentry","category-analisis-legal","tag-cubalex","tag-derechos-humanos","tag-estado-cubano","tag-presos-politicos"],"featured_image_src":"https:\/\/i0.wp.com\/cubalex.org\/wp-content\/uploads\/2026\/07\/menores-cuba.jpg?fit=1200%2C560&ssl=1","acf":{"translation_reviewed":false},"yoast_head":"<!-- This site is optimized with the Yoast SEO plugin v28.4 - https:\/\/yoast.com\/product\/yoast-seo-wordpress\/ -->\n<title>Al menos siete menores de edad permanecen detenidos por motivos pol\u00edticos en Cuba - Cubalex<\/title>\n<meta name=\"robots\" content=\"index, follow, max-snippet:-1, max-image-preview:large, max-video-preview:-1\" \/>\n<link rel=\"canonical\" href=\"https:\/\/cubalex.org\/en\/2026\/07\/31\/al-menos-siete-menores-de-edad-permanecen-detenidos-por-motivos-politicos-en-cuba\/\" \/>\n<meta property=\"og:locale\" content=\"en_US\" \/>\n<meta property=\"og:type\" content=\"article\" \/>\n<meta property=\"og:title\" content=\"Al menos siete menores de edad permanecen detenidos por motivos pol\u00edticos en Cuba - Cubalex\" \/>\n<meta property=\"og:description\" content=\"Los menores actualmente verificados por el monitoreo de Cubalex son Cristian Fern\u00e1ndez Sarmiento (16 a\u00f1os), Alex Javier Hern\u00e1ndez Gonz\u00e1lez (13 a\u00f1os), Ander Magdiel del Toro Su\u00e1rez (15 a\u00f1os), Jos\u00e9 Jorge Men\u00e9ndez V\u00e1zquez (17 a\u00f1os), Cristian de Jes\u00fas Crespo \u00c1lvarez (16 a\u00f1os), Leroy Hern\u00e1ndez Escalona (17 a\u00f1os) y Jos\u00e9 \u00c1ngel Borrero (17 a\u00f1os).\" \/>\n<meta property=\"og:url\" content=\"https:\/\/cubalex.org\/en\/2026\/07\/31\/al-menos-siete-menores-de-edad-permanecen-detenidos-por-motivos-politicos-en-cuba\/\" \/>\n<meta property=\"og:site_name\" content=\"Cubalex\" \/>\n<meta property=\"article:publisher\" content=\"https:\/\/www.facebook.com\/ONGcubalex\" \/>\n<meta property=\"article:published_time\" content=\"2026-07-31T12:30:00+00:00\" \/>\n<meta property=\"article:modified_time\" content=\"2026-07-31T15:49:14+00:00\" \/>\n<meta property=\"og:image\" content=\"https:\/\/cubalex.org\/wp-content\/uploads\/2026\/07\/menores-cuba.jpg\" \/>\n\t<meta property=\"og:image:width\" content=\"1200\" \/>\n\t<meta property=\"og:image:height\" content=\"560\" \/>\n\t<meta property=\"og:image:type\" content=\"image\/jpeg\" \/>\n<meta name=\"twitter:card\" content=\"summary_large_image\" \/>\n<meta name=\"twitter:creator\" content=\"@CubalexDDHH\" \/>\n<meta name=\"twitter:site\" content=\"@CubalexDDHH\" \/>\n<meta name=\"twitter:label1\" content=\"Written by\" \/>\n\t<meta name=\"twitter:data1\" content=\"puravida\" \/>\n\t<meta name=\"twitter:label2\" content=\"Est. reading time\" \/>\n\t<meta name=\"twitter:data2\" content=\"5 minutes\" \/>\n<script type=\"application\/ld+json\" class=\"yoast-schema-graph\">{\"@context\":\"https:\\\/\\\/schema.org\",\"@graph\":[{\"@type\":\"Article\",\"@id\":\"https:\\\/\\\/cubalex.org\\\/2026\\\/07\\\/31\\\/al-menos-siete-menores-de-edad-permanecen-detenidos-por-motivos-politicos-en-cuba\\\/#article\",\"isPartOf\":{\"@id\":\"https:\\\/\\\/cubalex.org\\\/2026\\\/07\\\/31\\\/al-menos-siete-menores-de-edad-permanecen-detenidos-por-motivos-politicos-en-cuba\\\/\"},\"headline\":\"Al menos siete menores de edad permanecen detenidos por motivos pol\u00edticos en Cuba\",\"datePublished\":\"2026-07-31T12:30:00+00:00\",\"dateModified\":\"2026-07-31T15:49:14+00:00\",\"mainEntityOfPage\":{\"@id\":\"https:\\\/\\\/cubalex.org\\\/2026\\\/07\\\/31\\\/al-menos-siete-menores-de-edad-permanecen-detenidos-por-motivos-politicos-en-cuba\\\/\"},\"wordCount\":1133,\"publisher\":{\"@id\":\"https:\\\/\\\/cubalex.org\\\/#organization\"},\"image\":{\"@id\":\"https:\\\/\\\/cubalex.org\\\/2026\\\/07\\\/31\\\/al-menos-siete-menores-de-edad-permanecen-detenidos-por-motivos-politicos-en-cuba\\\/#primaryimage\"},\"thumbnailUrl\":\"https:\\\/\\\/i0.wp.com\\\/cubalex.org\\\/wp-content\\\/uploads\\\/2026\\\/07\\\/menores-cuba.jpg?fit=1200%2C560&ssl=1\",\"keywords\":[\"Cubalex\",\"derechos humanos\",\"Estado cubano\",\"presos pol\u00edticos\"],\"articleSection\":[\"An\u00e1lisis Legal\"],\"inLanguage\":\"en-US\"},{\"@type\":\"WebPage\",\"@id\":\"https:\\\/\\\/cubalex.org\\\/2026\\\/07\\\/31\\\/al-menos-siete-menores-de-edad-permanecen-detenidos-por-motivos-politicos-en-cuba\\\/\",\"url\":\"https:\\\/\\\/cubalex.org\\\/2026\\\/07\\\/31\\\/al-menos-siete-menores-de-edad-permanecen-detenidos-por-motivos-politicos-en-cuba\\\/\",\"name\":\"Al menos siete menores de edad permanecen detenidos por motivos pol\u00edticos en Cuba - Cubalex\",\"isPartOf\":{\"@id\":\"https:\\\/\\\/cubalex.org\\\/#website\"},\"primaryImageOfPage\":{\"@id\":\"https:\\\/\\\/cubalex.org\\\/2026\\\/07\\\/31\\\/al-menos-siete-menores-de-edad-permanecen-detenidos-por-motivos-politicos-en-cuba\\\/#primaryimage\"},\"image\":{\"@id\":\"https:\\\/\\\/cubalex.org\\\/2026\\\/07\\\/31\\\/al-menos-siete-menores-de-edad-permanecen-detenidos-por-motivos-politicos-en-cuba\\\/#primaryimage\"},\"thumbnailUrl\":\"https:\\\/\\\/i0.wp.com\\\/cubalex.org\\\/wp-content\\\/uploads\\\/2026\\\/07\\\/menores-cuba.jpg?fit=1200%2C560&ssl=1\",\"datePublished\":\"2026-07-31T12:30:00+00:00\",\"dateModified\":\"2026-07-31T15:49:14+00:00\",\"breadcrumb\":{\"@id\":\"https:\\\/\\\/cubalex.org\\\/2026\\\/07\\\/31\\\/al-menos-siete-menores-de-edad-permanecen-detenidos-por-motivos-politicos-en-cuba\\\/#breadcrumb\"},\"inLanguage\":\"en-US\",\"potentialAction\":[{\"@type\":\"ReadAction\",\"target\":[\"https:\\\/\\\/cubalex.org\\\/2026\\\/07\\\/31\\\/al-menos-siete-menores-de-edad-permanecen-detenidos-por-motivos-politicos-en-cuba\\\/\"]}]},{\"@type\":\"ImageObject\",\"inLanguage\":\"en-US\",\"@id\":\"https:\\\/\\\/cubalex.org\\\/2026\\\/07\\\/31\\\/al-menos-siete-menores-de-edad-permanecen-detenidos-por-motivos-politicos-en-cuba\\\/#primaryimage\",\"url\":\"https:\\\/\\\/i0.wp.com\\\/cubalex.org\\\/wp-content\\\/uploads\\\/2026\\\/07\\\/menores-cuba.jpg?fit=1200%2C560&ssl=1\",\"contentUrl\":\"https:\\\/\\\/i0.wp.com\\\/cubalex.org\\\/wp-content\\\/uploads\\\/2026\\\/07\\\/menores-cuba.jpg?fit=1200%2C560&ssl=1\",\"width\":1200,\"height\":560},{\"@type\":\"BreadcrumbList\",\"@id\":\"https:\\\/\\\/cubalex.org\\\/2026\\\/07\\\/31\\\/al-menos-siete-menores-de-edad-permanecen-detenidos-por-motivos-politicos-en-cuba\\\/#breadcrumb\",\"itemListElement\":[{\"@type\":\"ListItem\",\"position\":1,\"name\":\"Portada\",\"item\":\"https:\\\/\\\/cubalex.org\\\/\"},{\"@type\":\"ListItem\",\"position\":2,\"name\":\"Al menos siete menores de edad permanecen detenidos por motivos pol\u00edticos en Cuba\"}]},{\"@type\":\"WebSite\",\"@id\":\"https:\\\/\\\/cubalex.org\\\/#website\",\"url\":\"https:\\\/\\\/cubalex.org\\\/\",\"name\":\"Cubalex\",\"description\":\"Trabajamos en defensa de los derechos humanos, para instaurar la democracia y el Estado de derecho en Cuba\",\"publisher\":{\"@id\":\"https:\\\/\\\/cubalex.org\\\/#organization\"},\"potentialAction\":[{\"@type\":\"SearchAction\",\"target\":{\"@type\":\"EntryPoint\",\"urlTemplate\":\"https:\\\/\\\/cubalex.org\\\/?s={search_term_string}\"},\"query-input\":{\"@type\":\"PropertyValueSpecification\",\"valueRequired\":true,\"valueName\":\"search_term_string\"}}],\"inLanguage\":\"en-US\"},{\"@type\":\"Organization\",\"@id\":\"https:\\\/\\\/cubalex.org\\\/#organization\",\"name\":\"Cubalex\",\"url\":\"https:\\\/\\\/cubalex.org\\\/\",\"logo\":{\"@type\":\"ImageObject\",\"inLanguage\":\"en-US\",\"@id\":\"https:\\\/\\\/cubalex.org\\\/#\\\/schema\\\/logo\\\/image\\\/\",\"url\":\"https:\\\/\\\/i0.wp.com\\\/cubalex.org\\\/wp-content\\\/uploads\\\/2026\\\/08\\\/CUBALEX1.png?fit=1445%2C300&ssl=1\",\"contentUrl\":\"https:\\\/\\\/i0.wp.com\\\/cubalex.org\\\/wp-content\\\/uploads\\\/2026\\\/08\\\/CUBALEX1.png?fit=1445%2C300&ssl=1\",\"width\":1445,\"height\":300,\"caption\":\"Cubalex\"},\"image\":{\"@id\":\"https:\\\/\\\/cubalex.org\\\/#\\\/schema\\\/logo\\\/image\\\/\"},\"sameAs\":[\"https:\\\/\\\/www.facebook.com\\\/ONGcubalex\",\"https:\\\/\\\/x.com\\\/CubalexDDHH\",\"https:\\\/\\\/www.youtube.com\\\/@Cubalex\",\"https:\\\/\\\/www.linkedin.com\\\/company\\\/cubalex\\\/\",\"https:\\\/\\\/t.me\\\/cubalex\"]}]}<\/script>\n<!-- \/ Yoast SEO plugin. -->","yoast_head_json":{"title":"Al menos siete menores de edad permanecen detenidos por motivos pol\u00edticos en Cuba - Cubalex","robots":{"index":"index","follow":"follow","max-snippet":"max-snippet:-1","max-image-preview":"max-image-preview:large","max-video-preview":"max-video-preview:-1"},"canonical":"https:\/\/cubalex.org\/en\/2026\/07\/31\/al-menos-siete-menores-de-edad-permanecen-detenidos-por-motivos-politicos-en-cuba\/","og_locale":"en_US","og_type":"article","og_title":"Al menos siete menores de edad permanecen detenidos por motivos pol\u00edticos en Cuba - Cubalex","og_description":"Los menores actualmente verificados por el monitoreo de Cubalex son Cristian Fern\u00e1ndez Sarmiento (16 a\u00f1os), Alex Javier Hern\u00e1ndez Gonz\u00e1lez (13 a\u00f1os), Ander Magdiel del Toro Su\u00e1rez (15 a\u00f1os), Jos\u00e9 Jorge Men\u00e9ndez V\u00e1zquez (17 a\u00f1os), Cristian de Jes\u00fas Crespo \u00c1lvarez (16 a\u00f1os), Leroy Hern\u00e1ndez Escalona (17 a\u00f1os) y Jos\u00e9 \u00c1ngel Borrero (17 a\u00f1os).","og_url":"https:\/\/cubalex.org\/en\/2026\/07\/31\/al-menos-siete-menores-de-edad-permanecen-detenidos-por-motivos-politicos-en-cuba\/","og_site_name":"Cubalex","article_publisher":"https:\/\/www.facebook.com\/ONGcubalex","article_published_time":"2026-07-31T12:30:00+00:00","article_modified_time":"2026-07-31T15:49:14+00:00","og_image":[{"width":1200,"height":560,"url":"https:\/\/cubalex.org\/wp-content\/uploads\/2026\/07\/menores-cuba.jpg","type":"image\/jpeg"}],"twitter_card":"summary_large_image","twitter_creator":"@CubalexDDHH","twitter_site":"@CubalexDDHH","twitter_misc":{"Written by":"puravida","Est. reading time":"5 minutes"},"schema":{"@context":"https:\/\/schema.org","@graph":[{"@type":"Article","@id":"https:\/\/cubalex.org\/2026\/07\/31\/al-menos-siete-menores-de-edad-permanecen-detenidos-por-motivos-politicos-en-cuba\/#article","isPartOf":{"@id":"https:\/\/cubalex.org\/2026\/07\/31\/al-menos-siete-menores-de-edad-permanecen-detenidos-por-motivos-politicos-en-cuba\/"},"headline":"Al menos siete menores de edad permanecen detenidos por motivos pol\u00edticos en Cuba","datePublished":"2026-07-31T12:30:00+00:00","dateModified":"2026-07-31T15:49:14+00:00","mainEntityOfPage":{"@id":"https:\/\/cubalex.org\/2026\/07\/31\/al-menos-siete-menores-de-edad-permanecen-detenidos-por-motivos-politicos-en-cuba\/"},"wordCount":1133,"publisher":{"@id":"https:\/\/cubalex.org\/#organization"},"image":{"@id":"https:\/\/cubalex.org\/2026\/07\/31\/al-menos-siete-menores-de-edad-permanecen-detenidos-por-motivos-politicos-en-cuba\/#primaryimage"},"thumbnailUrl":"https:\/\/i0.wp.com\/cubalex.org\/wp-content\/uploads\/2026\/07\/menores-cuba.jpg?fit=1200%2C560&ssl=1","keywords":["Cubalex","derechos humanos","Estado cubano","presos pol\u00edticos"],"articleSection":["An\u00e1lisis Legal"],"inLanguage":"en-US"},{"@type":"WebPage","@id":"https:\/\/cubalex.org\/2026\/07\/31\/al-menos-siete-menores-de-edad-permanecen-detenidos-por-motivos-politicos-en-cuba\/","url":"https:\/\/cubalex.org\/2026\/07\/31\/al-menos-siete-menores-de-edad-permanecen-detenidos-por-motivos-politicos-en-cuba\/","name":"Al menos siete menores de edad permanecen detenidos por motivos pol\u00edticos en Cuba - Cubalex","isPartOf":{"@id":"https:\/\/cubalex.org\/#website"},"primaryImageOfPage":{"@id":"https:\/\/cubalex.org\/2026\/07\/31\/al-menos-siete-menores-de-edad-permanecen-detenidos-por-motivos-politicos-en-cuba\/#primaryimage"},"image":{"@id":"https:\/\/cubalex.org\/2026\/07\/31\/al-menos-siete-menores-de-edad-permanecen-detenidos-por-motivos-politicos-en-cuba\/#primaryimage"},"thumbnailUrl":"https:\/\/i0.wp.com\/cubalex.org\/wp-content\/uploads\/2026\/07\/menores-cuba.jpg?fit=1200%2C560&ssl=1","datePublished":"2026-07-31T12:30:00+00:00","dateModified":"2026-07-31T15:49:14+00:00","breadcrumb":{"@id":"https:\/\/cubalex.org\/2026\/07\/31\/al-menos-siete-menores-de-edad-permanecen-detenidos-por-motivos-politicos-en-cuba\/#breadcrumb"},"inLanguage":"en-US","potentialAction":[{"@type":"ReadAction","target":["https:\/\/cubalex.org\/2026\/07\/31\/al-menos-siete-menores-de-edad-permanecen-detenidos-por-motivos-politicos-en-cuba\/"]}]},{"@type":"ImageObject","inLanguage":"en-US","@id":"https:\/\/cubalex.org\/2026\/07\/31\/al-menos-siete-menores-de-edad-permanecen-detenidos-por-motivos-politicos-en-cuba\/#primaryimage","url":"https:\/\/i0.wp.com\/cubalex.org\/wp-content\/uploads\/2026\/07\/menores-cuba.jpg?fit=1200%2C560&ssl=1","contentUrl":"https:\/\/i0.wp.com\/cubalex.org\/wp-content\/uploads\/2026\/07\/menores-cuba.jpg?fit=1200%2C560&ssl=1","width":1200,"height":560},{"@type":"BreadcrumbList","@id":"https:\/\/cubalex.org\/2026\/07\/31\/al-menos-siete-menores-de-edad-permanecen-detenidos-por-motivos-politicos-en-cuba\/#breadcrumb","itemListElement":[{"@type":"ListItem","position":1,"name":"Portada","item":"https:\/\/cubalex.org\/"},{"@type":"ListItem","position":2,"name":"Al menos siete menores de edad permanecen detenidos por motivos pol\u00edticos en Cuba"}]},{"@type":"WebSite","@id":"https:\/\/cubalex.org\/#website","url":"https:\/\/cubalex.org\/","name":"Cubalex","description":"Trabajamos en defensa de los derechos humanos, para instaurar la democracia y el Estado de derecho en Cuba","publisher":{"@id":"https:\/\/cubalex.org\/#organization"},"potentialAction":[{"@type":"SearchAction","target":{"@type":"EntryPoint","urlTemplate":"https:\/\/cubalex.org\/?s={search_term_string}"},"query-input":{"@type":"PropertyValueSpecification","valueRequired":true,"valueName":"search_term_string"}}],"inLanguage":"en-US"},{"@type":"Organization","@id":"https:\/\/cubalex.org\/#organization","name":"Cubalex","url":"https:\/\/cubalex.org\/","logo":{"@type":"ImageObject","inLanguage":"en-US","@id":"https:\/\/cubalex.org\/#\/schema\/logo\/image\/","url":"https:\/\/i0.wp.com\/cubalex.org\/wp-content\/uploads\/2026\/08\/CUBALEX1.png?fit=1445%2C300&ssl=1","contentUrl":"https:\/\/i0.wp.com\/cubalex.org\/wp-content\/uploads\/2026\/08\/CUBALEX1.png?fit=1445%2C300&ssl=1","width":1445,"height":300,"caption":"Cubalex"},"image":{"@id":"https:\/\/cubalex.org\/#\/schema\/logo\/image\/"},"sameAs":["https:\/\/www.facebook.com\/ONGcubalex","https:\/\/x.com\/CubalexDDHH","https:\/\/www.youtube.com\/@Cubalex","https:\/\/www.linkedin.com\/company\/cubalex\/","https:\/\/t.me\/cubalex"]}]}},"jetpack_shortlink":"https:\/\/wp.me\/p23ZXl-6b4","jetpack_sharing_enabled":true,"jetpack_featured_media_url":"https:\/\/i0.wp.com\/cubalex.org\/wp-content\/uploads\/2026\/07\/menores-cuba.jpg?fit=1200%2C560&ssl=1","_links":{"self":[{"href":"https:\/\/cubalex.org\/en\/wp-json\/wp\/v2\/posts\/23750","targetHints":{"allow":["GET"]}}],"collection":[{"href":"https:\/\/cubalex.org\/en\/wp-json\/wp\/v2\/posts"}],"about":[{"href":"https:\/\/cubalex.org\/en\/wp-json\/wp\/v2\/types\/post"}],"replies":[{"embeddable":true,"href":"https:\/\/cubalex.org\/en\/wp-json\/wp\/v2\/comments?post=23750"}],"version-history":[{"count":5,"href":"https:\/\/cubalex.org\/en\/wp-json\/wp\/v2\/posts\/23750\/revisions"}],"predecessor-version":[{"id":23757,"href":"https:\/\/cubalex.org\/en\/wp-json\/wp\/v2\/posts\/23750\/revisions\/23757"}],"wp:featuredmedia":[{"embeddable":true,"href":"https:\/\/cubalex.org\/en\/wp-json\/wp\/v2\/media\/23754"}],"wp:attachment":[{"href":"https:\/\/cubalex.org\/en\/wp-json\/wp\/v2\/media?parent=23750"}],"wp:term":[{"taxonomy":"category","embeddable":true,"href":"https:\/\/cubalex.org\/en\/wp-json\/wp\/v2\/categories?post=23750"},{"taxonomy":"post_tag","embeddable":true,"href":"https:\/\/cubalex.org\/en\/wp-json\/wp\/v2\/tags?post=23750"}],"curies":[{"name":"wp","href":"https:\/\/api.w.org\/{rel}","templated":true}]}}