{"id":23849,"date":"2026-08-05T09:15:00","date_gmt":"2026-08-05T13:15:00","guid":{"rendered":"https:\/\/cubalex.org\/?p=23849"},"modified":"2026-08-04T23:22:52","modified_gmt":"2026-08-05T03:22:52","slug":"preso-politico-del-11j-jose-ramon-solano-cumple-23-dias-en-huelga-de-hambre-en-prision-provincial-de-holguin","status":"publish","type":"post","link":"https:\/\/cubalex.org\/en\/2026\/08\/05\/preso-politico-del-11j-jose-ramon-solano-cumple-23-dias-en-huelga-de-hambre-en-prision-provincial-de-holguin\/","title":{"rendered":"July 11 Political Prisoner Jos\u00e9 Ram\u00f3n Solano Reaches 23 Days on Hunger Strike at Holgu\u00edn Provincial Prison"},"content":{"rendered":"<p class=\"wp-block-paragraph\">Cubalex alerta sobre el grave deterioro de la salud del preso pol\u00edtico del 11J <strong>Jos\u00e9 Ram\u00f3n Solano Randiche<\/strong>, quien cumple <strong>23 d\u00edas en huelga de hambre<\/strong> en la Prisi\u00f3n Provincial de Holgu\u00edn como protesta por una sanci\u00f3n disciplinaria que lo devolvi\u00f3 al r\u00e9gimen de prisi\u00f3n cerrada y le impidi\u00f3 recibir el pase a su vivienda que le correspond\u00eda.<\/p>\n\n\n\n<p class=\"wp-block-paragraph\">Fuentes familiares confirmaron a Cubalex que, hasta el jueves de la semana pasada, Solano Randiche permanec\u00eda recluido en una <strong>celda de aislamiento sin colch\u00f3n<\/strong>, <strong>obligado a dormir directamente sobre el suelo pese al delicado estado f\u00edsico derivado de la huelga de hambre<\/strong>. <\/p>\n\n\n\n<p class=\"wp-block-paragraph\">Seg\u00fan relataron, se encontraba muy debilitado y apenas pod\u00eda mantener una conversaci\u00f3n debido al agotamiento.<\/p>\n\n\n\n<p class=\"wp-block-paragraph\">No fue hasta el s\u00e1bado 1 de agosto cuando las autoridades penitenciarias le entregaron un colch\u00f3n, despu\u00e9s de reclamos de la familia.<\/p>\n\n\n\n<p class=\"wp-block-paragraph\">La \u00fanica exigencia del preso pol\u00edtico es que las autoridades <strong>restituyan el pase que le correspond\u00eda<\/strong> y lo devuelvan al <strong>r\u00e9gimen de m\u00ednima severidad<\/strong>, donde ya se encontraba antes de que la medida fuera revocada.<\/p>\n\n\n\n<p class=\"wp-block-paragraph\">En estas tres semanas de huelga de hambre, Solano Randiche ha perdido varios kilogramos de peso. Su estado de salud podr\u00eda agravarse a\u00fan m\u00e1s debido a padecimientos preexistentes, entre ellos asma y alergias asociadas a los cambios clim\u00e1ticos.<\/p>\n\n\n\n<h3 class=\"wp-block-heading\">Una protesta por la revocaci\u00f3n de un derecho penitenciario<\/h3>\n\n\n\n<p class=\"wp-block-paragraph\">Jos\u00e9 Ram\u00f3n Solano Randiche <a href=\"https:\/\/www.martinoticias.com\/a\/preso-pol%C3%ADtico-en-huelga-de-hambre-tras-arbitrariedad-penitenciaria-en-c%C3%A1rcel-de-holgu%C3%ADn\/472937.html\">inici\u00f3<\/a> la huelga de hambre el <strong>14 de julio<\/strong>, luego de que las autoridades penitenciarias suspendieran el pase a su vivienda que le correspond\u00eda, impidi\u00e9ndole compartir con su hijo el d\u00eda de su cumplea\u00f1os. <\/p>\n\n\n\n<p class=\"wp-block-paragraph\">Adem\u00e1s, fue trasladado nuevamente al r\u00e9gimen de prisi\u00f3n cerrada por un per\u00edodo de seis meses, pese a haber alcanzado previamente el r\u00e9gimen de m\u00ednima severidad conforme al sistema progresivo de ejecuci\u00f3n de la sanci\u00f3n.<\/p>\n\n\n\n<p class=\"wp-block-paragraph\">La utilizaci\u00f3n de medidas disciplinarias que restringen beneficios penitenciarios sin suficiente transparencia ni garant\u00edas de debido proceso agrava la situaci\u00f3n de vulnerabilidad de las personas privadas de libertad y puede constituir una forma de presi\u00f3n o represalia incompatible con los est\u00e1ndares internacionales de derechos humanos.<\/p>\n\n\n\n<p class=\"wp-block-paragraph\">Jos\u00e9 Ram\u00f3n Solano Randiche fue condenado a <strong>13 a\u00f1os de privaci\u00f3n de libertad<\/strong> por su participaci\u00f3n en las manifestaciones nacionales del <strong>11 de julio de 2021<\/strong>, bajo el supuesto delito de sedici\u00f3n en un proceso ampliamente cuestionado por organizaciones nacionales e internacionales debido a su car\u00e1cter pol\u00edtico y a las violaciones de garant\u00edas judiciales.<\/p>\n\n\n\n<p class=\"wp-block-paragraph\">Su caso forma parte del patr\u00f3n de criminalizaci\u00f3n contra quienes participaron en las hist\u00f3ricas protestas antigubernamentales del 11J.<\/p>\n\n\n\n<h3 class=\"wp-block-heading\">La huelga de hambre como \u00faltimo recurso frente al cierre de todas las v\u00edas<\/h3>\n\n\n\n<p class=\"wp-block-paragraph\">Los reportes sobre Jos\u00e9 Ram\u00f3n Solano Randiche se suman a otros casos recientes documentados por Cubalex y muestran que la <strong>huelga de hambre contin\u00faa siendo utilizada en Cuba por personas presas pol\u00edticas y <a href=\"https:\/\/cubalex.org\/en\/2026\/07\/29\/guillermo-del-sol-supera-los-40-dias-en-huelga-de-hambre-una-protesta-extrema-ante-la-ausencia-de-recursos-efectivos-en-cuba\/\">defensoras de derechos humanos<\/a> como \u00faltimo recurso para denunciar abusos y reclamar derechos<\/strong>, una vez agotados los mecanismos institucionales disponibles.<\/p>\n\n\n\n<p class=\"wp-block-paragraph\">Desde una perspectiva de derechos humanos, <strong>una huelga de hambre no constituye un acto suicida<\/strong>, sino<a href=\"https:\/\/cubalex.org\/en\/2025\/12\/04\/huelga-hambre-cuba-protesta\/\"> una forma de protesta deliberada, racional y de car\u00e1cter pol\u00edtico<\/a>. <\/p>\n\n\n\n<p class=\"wp-block-paragraph\">En contextos como el cubano, donde las personas privadas de libertad enfrentan severas restricciones para denunciar abusos o impugnar decisiones arbitrarias, el propio cuerpo termina convirti\u00e9ndose en el \u00fanico medio de comunicaci\u00f3n y resistencia disponible cuando todas las dem\u00e1s v\u00edas han sido cerradas.<\/p>\n\n\n\n<p class=\"wp-block-paragraph\">Cubalex reitera su preocupaci\u00f3n por el estado de salud de Jos\u00e9 Ram\u00f3n Solano Randiche e insta a las autoridades cubanas a garantizar de manera inmediata su integridad f\u00edsica y psicol\u00f3gica, respetar sus derechos durante la privaci\u00f3n de libertad y adoptar las medidas necesarias para evitar consecuencias irreversibles para su vida y su salud.<\/p>\n\n\n\n<p class=\"wp-block-paragraph\"><\/p>","protected":false},"excerpt":{"rendered":"<p>Cubalex alerta sobre el grave deterioro de la salud del preso pol\u00edtico del 11J Jos\u00e9 Ram\u00f3n Solano Randiche, quien cumple 23 d\u00edas en huelga de hambre en la Prisi\u00f3n Provincial de Holgu\u00edn como protesta por una sanci\u00f3n disciplinaria que lo devolvi\u00f3 al r\u00e9gimen de prisi\u00f3n cerrada y le impidi\u00f3 recibir el pase a su vivienda que le correspond\u00eda.<\/p>","protected":false},"featured_media":23851,"comment_status":"closed","ping_status":"closed","sticky":false,"template":"","format":"standard","meta":{"_jetpack_newsletter_access":"","_jetpack_dont_email_post_to_subs":false,"_jetpack_newsletter_tier_id":0,"_jetpack_memberships_contains_paywalled_content":false,"_wpcom_ai_launchpad_first_post":false,"_jetpack_feature_clip_id":0,"_jetpack_memberships_contains_paid_content":false,"footnotes":"","jetpack_post_was_ever_published":false},"categories":[551856560],"tags":[31684,139553,551856052,112601],"class_list":["post-23849","post","type-post","status-publish","format-standard","has-post-thumbnail","hentry","category-alertas","tag-derechos-humanos","tag-leyes","tag-presos-politicos","tag-represion"],"featured_image_src":"https:\/\/i0.wp.com\/cubalex.org\/wp-content\/uploads\/2026\/08\/jose-ramon-solano.jpg?fit=1200%2C560&ssl=1","acf":{"translation_reviewed":false},"yoast_head":"<!-- This site is optimized with the Yoast SEO plugin v28.4 - https:\/\/yoast.com\/product\/yoast-seo-wordpress\/ -->\n<title>Preso pol\u00edtico del 11J Jos\u00e9 Ram\u00f3n Solano cumple 23 d\u00edas en huelga de hambre en Prisi\u00f3n Provincial de Holgu\u00edn - Cubalex<\/title>\n<meta name=\"robots\" content=\"index, follow, max-snippet:-1, max-image-preview:large, max-video-preview:-1\" \/>\n<link rel=\"canonical\" href=\"https:\/\/cubalex.org\/en\/2026\/08\/05\/preso-politico-del-11j-jose-ramon-solano-cumple-23-dias-en-huelga-de-hambre-en-prision-provincial-de-holguin\/\" \/>\n<meta property=\"og:locale\" content=\"en_US\" \/>\n<meta property=\"og:type\" content=\"article\" \/>\n<meta property=\"og:title\" content=\"Preso pol\u00edtico del 11J Jos\u00e9 Ram\u00f3n Solano cumple 23 d\u00edas en huelga de hambre en Prisi\u00f3n Provincial de Holgu\u00edn - Cubalex\" \/>\n<meta property=\"og:description\" content=\"Cubalex alerta sobre el grave deterioro de la salud del preso pol\u00edtico del 11J Jos\u00e9 Ram\u00f3n Solano Randiche, quien cumple 23 d\u00edas en huelga de hambre en la Prisi\u00f3n Provincial de Holgu\u00edn como protesta por una sanci\u00f3n disciplinaria que lo devolvi\u00f3 al r\u00e9gimen de prisi\u00f3n cerrada y le impidi\u00f3 recibir el pase a su vivienda que le correspond\u00eda.\" \/>\n<meta property=\"og:url\" content=\"https:\/\/cubalex.org\/en\/2026\/08\/05\/preso-politico-del-11j-jose-ramon-solano-cumple-23-dias-en-huelga-de-hambre-en-prision-provincial-de-holguin\/\" \/>\n<meta property=\"og:site_name\" content=\"Cubalex\" \/>\n<meta property=\"article:publisher\" content=\"https:\/\/www.facebook.com\/ONGcubalex\" \/>\n<meta property=\"article:published_time\" content=\"2026-08-05T13:15:00+00:00\" \/>\n<meta property=\"og:image\" content=\"https:\/\/i0.wp.com\/cubalex.org\/wp-content\/uploads\/2026\/08\/jose-ramon-solano.jpg?fit=1200%2C560&ssl=1\" \/>\n\t<meta property=\"og:image:width\" content=\"1200\" \/>\n\t<meta property=\"og:image:height\" content=\"560\" \/>\n\t<meta property=\"og:image:type\" content=\"image\/jpeg\" \/>\n<meta name=\"twitter:card\" content=\"summary_large_image\" \/>\n<meta name=\"twitter:creator\" content=\"@CubalexDDHH\" \/>\n<meta name=\"twitter:site\" content=\"@CubalexDDHH\" \/>\n<meta name=\"twitter:label1\" content=\"Written by\" \/>\n\t<meta name=\"twitter:data1\" content=\"puravida\" \/>\n\t<meta name=\"twitter:label2\" content=\"Est. reading time\" \/>\n\t<meta name=\"twitter:data2\" content=\"3 minutes\" \/>\n<script type=\"application\/ld+json\" class=\"yoast-schema-graph\">{\"@context\":\"https:\\\/\\\/schema.org\",\"@graph\":[{\"@type\":\"Article\",\"@id\":\"https:\\\/\\\/cubalex.org\\\/2026\\\/08\\\/05\\\/preso-politico-del-11j-jose-ramon-solano-cumple-23-dias-en-huelga-de-hambre-en-prision-provincial-de-holguin\\\/#article\",\"isPartOf\":{\"@id\":\"https:\\\/\\\/cubalex.org\\\/2026\\\/08\\\/05\\\/preso-politico-del-11j-jose-ramon-solano-cumple-23-dias-en-huelga-de-hambre-en-prision-provincial-de-holguin\\\/\"},\"headline\":\"Preso pol\u00edtico del 11J Jos\u00e9 Ram\u00f3n Solano cumple 23 d\u00edas en huelga de hambre en Prisi\u00f3n Provincial de Holgu\u00edn\",\"datePublished\":\"2026-08-05T13:15:00+00:00\",\"mainEntityOfPage\":{\"@id\":\"https:\\\/\\\/cubalex.org\\\/2026\\\/08\\\/05\\\/preso-politico-del-11j-jose-ramon-solano-cumple-23-dias-en-huelga-de-hambre-en-prision-provincial-de-holguin\\\/\"},\"wordCount\":685,\"publisher\":{\"@id\":\"https:\\\/\\\/cubalex.org\\\/#organization\"},\"image\":{\"@id\":\"https:\\\/\\\/cubalex.org\\\/2026\\\/08\\\/05\\\/preso-politico-del-11j-jose-ramon-solano-cumple-23-dias-en-huelga-de-hambre-en-prision-provincial-de-holguin\\\/#primaryimage\"},\"thumbnailUrl\":\"https:\\\/\\\/i0.wp.com\\\/cubalex.org\\\/wp-content\\\/uploads\\\/2026\\\/08\\\/jose-ramon-solano.jpg?fit=1200%2C560&ssl=1\",\"keywords\":[\"derechos humanos\",\"leyes\",\"presos pol\u00edticos\",\"represi\u00f3n\"],\"articleSection\":[\"Alertas\"],\"inLanguage\":\"en-US\"},{\"@type\":\"WebPage\",\"@id\":\"https:\\\/\\\/cubalex.org\\\/2026\\\/08\\\/05\\\/preso-politico-del-11j-jose-ramon-solano-cumple-23-dias-en-huelga-de-hambre-en-prision-provincial-de-holguin\\\/\",\"url\":\"https:\\\/\\\/cubalex.org\\\/2026\\\/08\\\/05\\\/preso-politico-del-11j-jose-ramon-solano-cumple-23-dias-en-huelga-de-hambre-en-prision-provincial-de-holguin\\\/\",\"name\":\"Preso pol\u00edtico del 11J Jos\u00e9 Ram\u00f3n Solano cumple 23 d\u00edas en huelga de hambre en Prisi\u00f3n Provincial de Holgu\u00edn - Cubalex\",\"isPartOf\":{\"@id\":\"https:\\\/\\\/cubalex.org\\\/#website\"},\"primaryImageOfPage\":{\"@id\":\"https:\\\/\\\/cubalex.org\\\/2026\\\/08\\\/05\\\/preso-politico-del-11j-jose-ramon-solano-cumple-23-dias-en-huelga-de-hambre-en-prision-provincial-de-holguin\\\/#primaryimage\"},\"image\":{\"@id\":\"https:\\\/\\\/cubalex.org\\\/2026\\\/08\\\/05\\\/preso-politico-del-11j-jose-ramon-solano-cumple-23-dias-en-huelga-de-hambre-en-prision-provincial-de-holguin\\\/#primaryimage\"},\"thumbnailUrl\":\"https:\\\/\\\/i0.wp.com\\\/cubalex.org\\\/wp-content\\\/uploads\\\/2026\\\/08\\\/jose-ramon-solano.jpg?fit=1200%2C560&ssl=1\",\"datePublished\":\"2026-08-05T13:15:00+00:00\",\"breadcrumb\":{\"@id\":\"https:\\\/\\\/cubalex.org\\\/2026\\\/08\\\/05\\\/preso-politico-del-11j-jose-ramon-solano-cumple-23-dias-en-huelga-de-hambre-en-prision-provincial-de-holguin\\\/#breadcrumb\"},\"inLanguage\":\"en-US\",\"potentialAction\":[{\"@type\":\"ReadAction\",\"target\":[\"https:\\\/\\\/cubalex.org\\\/2026\\\/08\\\/05\\\/preso-politico-del-11j-jose-ramon-solano-cumple-23-dias-en-huelga-de-hambre-en-prision-provincial-de-holguin\\\/\"]}]},{\"@type\":\"ImageObject\",\"inLanguage\":\"en-US\",\"@id\":\"https:\\\/\\\/cubalex.org\\\/2026\\\/08\\\/05\\\/preso-politico-del-11j-jose-ramon-solano-cumple-23-dias-en-huelga-de-hambre-en-prision-provincial-de-holguin\\\/#primaryimage\",\"url\":\"https:\\\/\\\/i0.wp.com\\\/cubalex.org\\\/wp-content\\\/uploads\\\/2026\\\/08\\\/jose-ramon-solano.jpg?fit=1200%2C560&ssl=1\",\"contentUrl\":\"https:\\\/\\\/i0.wp.com\\\/cubalex.org\\\/wp-content\\\/uploads\\\/2026\\\/08\\\/jose-ramon-solano.jpg?fit=1200%2C560&ssl=1\",\"width\":1200,\"height\":560,\"caption\":\"Jos\u00e9 Ram\u00f3n Solano\"},{\"@type\":\"BreadcrumbList\",\"@id\":\"https:\\\/\\\/cubalex.org\\\/2026\\\/08\\\/05\\\/preso-politico-del-11j-jose-ramon-solano-cumple-23-dias-en-huelga-de-hambre-en-prision-provincial-de-holguin\\\/#breadcrumb\",\"itemListElement\":[{\"@type\":\"ListItem\",\"position\":1,\"name\":\"Portada\",\"item\":\"https:\\\/\\\/cubalex.org\\\/\"},{\"@type\":\"ListItem\",\"position\":2,\"name\":\"Preso pol\u00edtico del 11J Jos\u00e9 Ram\u00f3n Solano cumple 23 d\u00edas en huelga de hambre en Prisi\u00f3n Provincial de Holgu\u00edn\"}]},{\"@type\":\"WebSite\",\"@id\":\"https:\\\/\\\/cubalex.org\\\/#website\",\"url\":\"https:\\\/\\\/cubalex.org\\\/\",\"name\":\"Cubalex\",\"description\":\"Trabajamos en defensa de los derechos humanos, para instaurar la democracia y el Estado de derecho en Cuba\",\"publisher\":{\"@id\":\"https:\\\/\\\/cubalex.org\\\/#organization\"},\"potentialAction\":[{\"@type\":\"SearchAction\",\"target\":{\"@type\":\"EntryPoint\",\"urlTemplate\":\"https:\\\/\\\/cubalex.org\\\/?s={search_term_string}\"},\"query-input\":{\"@type\":\"PropertyValueSpecification\",\"valueRequired\":true,\"valueName\":\"search_term_string\"}}],\"inLanguage\":\"en-US\"},{\"@type\":\"Organization\",\"@id\":\"https:\\\/\\\/cubalex.org\\\/#organization\",\"name\":\"Cubalex\",\"url\":\"https:\\\/\\\/cubalex.org\\\/\",\"logo\":{\"@type\":\"ImageObject\",\"inLanguage\":\"en-US\",\"@id\":\"https:\\\/\\\/cubalex.org\\\/#\\\/schema\\\/logo\\\/image\\\/\",\"url\":\"https:\\\/\\\/i0.wp.com\\\/cubalex.org\\\/wp-content\\\/uploads\\\/2026\\\/08\\\/CUBALEX1.png?fit=1445%2C300&ssl=1\",\"contentUrl\":\"https:\\\/\\\/i0.wp.com\\\/cubalex.org\\\/wp-content\\\/uploads\\\/2026\\\/08\\\/CUBALEX1.png?fit=1445%2C300&ssl=1\",\"width\":1445,\"height\":300,\"caption\":\"Cubalex\"},\"image\":{\"@id\":\"https:\\\/\\\/cubalex.org\\\/#\\\/schema\\\/logo\\\/image\\\/\"},\"sameAs\":[\"https:\\\/\\\/www.facebook.com\\\/ONGcubalex\",\"https:\\\/\\\/x.com\\\/CubalexDDHH\",\"https:\\\/\\\/www.youtube.com\\\/@Cubalex\",\"https:\\\/\\\/www.linkedin.com\\\/company\\\/cubalex\\\/\",\"https:\\\/\\\/t.me\\\/cubalex\"]}]}<\/script>\n<!-- \/ Yoast SEO plugin. -->","yoast_head_json":{"title":"Preso pol\u00edtico del 11J Jos\u00e9 Ram\u00f3n Solano cumple 23 d\u00edas en huelga de hambre en Prisi\u00f3n Provincial de Holgu\u00edn - Cubalex","robots":{"index":"index","follow":"follow","max-snippet":"max-snippet:-1","max-image-preview":"max-image-preview:large","max-video-preview":"max-video-preview:-1"},"canonical":"https:\/\/cubalex.org\/en\/2026\/08\/05\/preso-politico-del-11j-jose-ramon-solano-cumple-23-dias-en-huelga-de-hambre-en-prision-provincial-de-holguin\/","og_locale":"en_US","og_type":"article","og_title":"Preso pol\u00edtico del 11J Jos\u00e9 Ram\u00f3n Solano cumple 23 d\u00edas en huelga de hambre en Prisi\u00f3n Provincial de Holgu\u00edn - Cubalex","og_description":"Cubalex alerta sobre el grave deterioro de la salud del preso pol\u00edtico del 11J Jos\u00e9 Ram\u00f3n Solano Randiche, quien cumple 23 d\u00edas en huelga de hambre en la Prisi\u00f3n Provincial de Holgu\u00edn como protesta por una sanci\u00f3n disciplinaria que lo devolvi\u00f3 al r\u00e9gimen de prisi\u00f3n cerrada y le impidi\u00f3 recibir el pase a su vivienda que le correspond\u00eda.","og_url":"https:\/\/cubalex.org\/en\/2026\/08\/05\/preso-politico-del-11j-jose-ramon-solano-cumple-23-dias-en-huelga-de-hambre-en-prision-provincial-de-holguin\/","og_site_name":"Cubalex","article_publisher":"https:\/\/www.facebook.com\/ONGcubalex","article_published_time":"2026-08-05T13:15:00+00:00","og_image":[{"width":1200,"height":560,"url":"https:\/\/i0.wp.com\/cubalex.org\/wp-content\/uploads\/2026\/08\/jose-ramon-solano.jpg?fit=1200%2C560&ssl=1","type":"image\/jpeg"}],"twitter_card":"summary_large_image","twitter_creator":"@CubalexDDHH","twitter_site":"@CubalexDDHH","twitter_misc":{"Written by":"puravida","Est. reading time":"3 minutes"},"schema":{"@context":"https:\/\/schema.org","@graph":[{"@type":"Article","@id":"https:\/\/cubalex.org\/2026\/08\/05\/preso-politico-del-11j-jose-ramon-solano-cumple-23-dias-en-huelga-de-hambre-en-prision-provincial-de-holguin\/#article","isPartOf":{"@id":"https:\/\/cubalex.org\/2026\/08\/05\/preso-politico-del-11j-jose-ramon-solano-cumple-23-dias-en-huelga-de-hambre-en-prision-provincial-de-holguin\/"},"headline":"Preso pol\u00edtico del 11J Jos\u00e9 Ram\u00f3n Solano cumple 23 d\u00edas en huelga de hambre en Prisi\u00f3n Provincial de Holgu\u00edn","datePublished":"2026-08-05T13:15:00+00:00","mainEntityOfPage":{"@id":"https:\/\/cubalex.org\/2026\/08\/05\/preso-politico-del-11j-jose-ramon-solano-cumple-23-dias-en-huelga-de-hambre-en-prision-provincial-de-holguin\/"},"wordCount":685,"publisher":{"@id":"https:\/\/cubalex.org\/#organization"},"image":{"@id":"https:\/\/cubalex.org\/2026\/08\/05\/preso-politico-del-11j-jose-ramon-solano-cumple-23-dias-en-huelga-de-hambre-en-prision-provincial-de-holguin\/#primaryimage"},"thumbnailUrl":"https:\/\/i0.wp.com\/cubalex.org\/wp-content\/uploads\/2026\/08\/jose-ramon-solano.jpg?fit=1200%2C560&ssl=1","keywords":["derechos humanos","leyes","presos pol\u00edticos","represi\u00f3n"],"articleSection":["Alertas"],"inLanguage":"en-US"},{"@type":"WebPage","@id":"https:\/\/cubalex.org\/2026\/08\/05\/preso-politico-del-11j-jose-ramon-solano-cumple-23-dias-en-huelga-de-hambre-en-prision-provincial-de-holguin\/","url":"https:\/\/cubalex.org\/2026\/08\/05\/preso-politico-del-11j-jose-ramon-solano-cumple-23-dias-en-huelga-de-hambre-en-prision-provincial-de-holguin\/","name":"Preso pol\u00edtico del 11J Jos\u00e9 Ram\u00f3n Solano cumple 23 d\u00edas en huelga de hambre en Prisi\u00f3n Provincial de Holgu\u00edn - Cubalex","isPartOf":{"@id":"https:\/\/cubalex.org\/#website"},"primaryImageOfPage":{"@id":"https:\/\/cubalex.org\/2026\/08\/05\/preso-politico-del-11j-jose-ramon-solano-cumple-23-dias-en-huelga-de-hambre-en-prision-provincial-de-holguin\/#primaryimage"},"image":{"@id":"https:\/\/cubalex.org\/2026\/08\/05\/preso-politico-del-11j-jose-ramon-solano-cumple-23-dias-en-huelga-de-hambre-en-prision-provincial-de-holguin\/#primaryimage"},"thumbnailUrl":"https:\/\/i0.wp.com\/cubalex.org\/wp-content\/uploads\/2026\/08\/jose-ramon-solano.jpg?fit=1200%2C560&ssl=1","datePublished":"2026-08-05T13:15:00+00:00","breadcrumb":{"@id":"https:\/\/cubalex.org\/2026\/08\/05\/preso-politico-del-11j-jose-ramon-solano-cumple-23-dias-en-huelga-de-hambre-en-prision-provincial-de-holguin\/#breadcrumb"},"inLanguage":"en-US","potentialAction":[{"@type":"ReadAction","target":["https:\/\/cubalex.org\/2026\/08\/05\/preso-politico-del-11j-jose-ramon-solano-cumple-23-dias-en-huelga-de-hambre-en-prision-provincial-de-holguin\/"]}]},{"@type":"ImageObject","inLanguage":"en-US","@id":"https:\/\/cubalex.org\/2026\/08\/05\/preso-politico-del-11j-jose-ramon-solano-cumple-23-dias-en-huelga-de-hambre-en-prision-provincial-de-holguin\/#primaryimage","url":"https:\/\/i0.wp.com\/cubalex.org\/wp-content\/uploads\/2026\/08\/jose-ramon-solano.jpg?fit=1200%2C560&ssl=1","contentUrl":"https:\/\/i0.wp.com\/cubalex.org\/wp-content\/uploads\/2026\/08\/jose-ramon-solano.jpg?fit=1200%2C560&ssl=1","width":1200,"height":560,"caption":"Jos\u00e9 Ram\u00f3n Solano"},{"@type":"BreadcrumbList","@id":"https:\/\/cubalex.org\/2026\/08\/05\/preso-politico-del-11j-jose-ramon-solano-cumple-23-dias-en-huelga-de-hambre-en-prision-provincial-de-holguin\/#breadcrumb","itemListElement":[{"@type":"ListItem","position":1,"name":"Portada","item":"https:\/\/cubalex.org\/"},{"@type":"ListItem","position":2,"name":"Preso pol\u00edtico del 11J Jos\u00e9 Ram\u00f3n Solano cumple 23 d\u00edas en huelga de hambre en Prisi\u00f3n Provincial de Holgu\u00edn"}]},{"@type":"WebSite","@id":"https:\/\/cubalex.org\/#website","url":"https:\/\/cubalex.org\/","name":"Cubalex","description":"Trabajamos en defensa de los derechos humanos, para instaurar la democracia y el Estado de derecho en Cuba","publisher":{"@id":"https:\/\/cubalex.org\/#organization"},"potentialAction":[{"@type":"SearchAction","target":{"@type":"EntryPoint","urlTemplate":"https:\/\/cubalex.org\/?s={search_term_string}"},"query-input":{"@type":"PropertyValueSpecification","valueRequired":true,"valueName":"search_term_string"}}],"inLanguage":"en-US"},{"@type":"Organization","@id":"https:\/\/cubalex.org\/#organization","name":"Cubalex","url":"https:\/\/cubalex.org\/","logo":{"@type":"ImageObject","inLanguage":"en-US","@id":"https:\/\/cubalex.org\/#\/schema\/logo\/image\/","url":"https:\/\/i0.wp.com\/cubalex.org\/wp-content\/uploads\/2026\/08\/CUBALEX1.png?fit=1445%2C300&ssl=1","contentUrl":"https:\/\/i0.wp.com\/cubalex.org\/wp-content\/uploads\/2026\/08\/CUBALEX1.png?fit=1445%2C300&ssl=1","width":1445,"height":300,"caption":"Cubalex"},"image":{"@id":"https:\/\/cubalex.org\/#\/schema\/logo\/image\/"},"sameAs":["https:\/\/www.facebook.com\/ONGcubalex","https:\/\/x.com\/CubalexDDHH","https:\/\/www.youtube.com\/@Cubalex","https:\/\/www.linkedin.com\/company\/cubalex\/","https:\/\/t.me\/cubalex"]}]}},"jetpack_shortlink":"https:\/\/wp.me\/p23ZXl-6cF","jetpack_sharing_enabled":true,"jetpack_featured_media_url":"https:\/\/i0.wp.com\/cubalex.org\/wp-content\/uploads\/2026\/08\/jose-ramon-solano.jpg?fit=1200%2C560&ssl=1","_links":{"self":[{"href":"https:\/\/cubalex.org\/en\/wp-json\/wp\/v2\/posts\/23849","targetHints":{"allow":["GET"]}}],"collection":[{"href":"https:\/\/cubalex.org\/en\/wp-json\/wp\/v2\/posts"}],"about":[{"href":"https:\/\/cubalex.org\/en\/wp-json\/wp\/v2\/types\/post"}],"replies":[{"embeddable":true,"href":"https:\/\/cubalex.org\/en\/wp-json\/wp\/v2\/comments?post=23849"}],"version-history":[{"count":2,"href":"https:\/\/cubalex.org\/en\/wp-json\/wp\/v2\/posts\/23849\/revisions"}],"predecessor-version":[{"id":23852,"href":"https:\/\/cubalex.org\/en\/wp-json\/wp\/v2\/posts\/23849\/revisions\/23852"}],"wp:featuredmedia":[{"embeddable":true,"href":"https:\/\/cubalex.org\/en\/wp-json\/wp\/v2\/media\/23851"}],"wp:attachment":[{"href":"https:\/\/cubalex.org\/en\/wp-json\/wp\/v2\/media?parent=23849"}],"wp:term":[{"taxonomy":"category","embeddable":true,"href":"https:\/\/cubalex.org\/en\/wp-json\/wp\/v2\/categories?post=23849"},{"taxonomy":"post_tag","embeddable":true,"href":"https:\/\/cubalex.org\/en\/wp-json\/wp\/v2\/tags?post=23849"}],"curies":[{"name":"wp","href":"https:\/\/api.w.org\/{rel}","templated":true}]}}