{"id":23906,"date":"2026-08-12T09:00:00","date_gmt":"2026-08-12T13:00:00","guid":{"rendered":"https:\/\/cubalex.org\/?p=23906"},"modified":"2026-08-12T09:43:23","modified_gmt":"2026-08-12T13:43:23","slug":"exilio-a-cambio-de-libertad-otro-mecanismo-de-presion-del-regimen-cubano","status":"publish","type":"post","link":"https:\/\/cubalex.org\/en\/2026\/08\/12\/exilio-a-cambio-de-libertad-otro-mecanismo-de-presion-del-regimen-cubano\/","title":{"rendered":"Exile in Exchange for Freedom: Another Coercion Mechanism of the Cuban Government"},"content":{"rendered":"<p class=\"wp-block-paragraph\">El r\u00e9gimen cubano contin\u00faa utilizando el <strong>exilio como mecanismo de control pol\u00edtico y represivo<\/strong>, mediante propuestas, amenazas o condiciones dirigidas a activistas, opositores y personas privadas de libertad por motivos pol\u00edticos. La pr\u00e1ctica permite a las autoridades disminuir la presi\u00f3n que generan determinadas figuras dentro de Cuba, al tiempo que traslada el costo de la represi\u00f3n hacia las propias v\u00edctimas y sus familias.<\/p>\n\n\n\n<p class=\"wp-block-paragraph\">El equipo de Monitoreo de <strong>Cubalex<\/strong> ha identificado en lo que va de 2026 una serie de casos en los que las autoridades cubanas o la polic\u00eda pol\u00edtica han planteado el exilio como alternativa a la persecuci\u00f3n, el encarcelamiento o la continuidad de las medidas represivas.<\/p>\n\n\n\n<p class=\"wp-block-paragraph\">La estrategia presenta diferentes modalidades. En algunos casos, la Seguridad del Estado ofrece directamente la salida del pa\u00eds a activistas que permanecen en libertad; en otros, la posibilidad de abandonar Cuba se presenta como condici\u00f3n para obtener la excarcelaci\u00f3n de una persona presa por motivos pol\u00edticos. Tambi\u00e9n existen casos en los que el r\u00e9gimen plantea el exilio, pero posteriormente incumple su parte del acuerdo y mantiene a la persona encarcelada.<\/p>\n\n\n\n<p class=\"wp-block-paragraph\">No se trata de decisiones migratorias libres cuando estas se producen bajo amenazas de prisi\u00f3n, presi\u00f3n sobre familiares, deterioro de las condiciones de reclusi\u00f3n o como \u00fanica alternativa para recuperar la libertad. El resultado es una forma de <strong>destierro condicionado<\/strong>, mediante la cual el Estado cubano busca desarticular a personas y grupos que ejercen una posici\u00f3n cr\u00edtica sin tener que asumir el costo pol\u00edtico de mantenerlas indefinidamente en prisi\u00f3n.<\/p>\n\n\n\n<h3 class=\"wp-block-heading\">Roil\u00e1n \u00c1lvarez: libertad condicionada a un pasaje a Guyana<\/h3>\n\n\n\n<p class=\"wp-block-paragraph\">Uno de los casos m\u00e1s recientes es el del preso pol\u00edtico <strong>Roil\u00e1n \u00c1lvarez Rensoler<\/strong>, quien permanece recluido en la Prisi\u00f3n Provincial de Holgu\u00edn despu\u00e9s de protagonizar una huelga de hambre como protesta por su encarcelamiento y por las condiciones de reclusi\u00f3n.<\/p>\n\n\n\n<p class=\"wp-block-paragraph\">Al concluir su protesta, los familiares denunciaron que las autoridades les<a href=\"https:\/\/www.martinoticias.com\/a\/familia-de-preso-pol%C3%ADtico-cubano-denuncia-que-r%C3%A9gimen-exige-pasaje-a-guyana-para-excarcelarlo\/474066.html\"> plantearon <\/a>que deb\u00edan conseguir un <strong>pasaje de avi\u00f3n a Guyana<\/strong> como condici\u00f3n para que el activista fuera excarcelado. La familia rechaz\u00f3 la exigencia por considerar que constituye una forma de chantaje y porque no dispone del dinero necesario para adquirir el boleto.<\/p>\n\n\n\n<p class=\"wp-block-paragraph\">Los familiares tambi\u00e9n expresaron temor de que, una vez realizado el pago, las autoridades no cumplan con su compromiso de liberar a \u00c1lvarez Rensoler, dej\u00e1ndolos sin los fondos utilizados para comprar el pasaje y con el activista todav\u00eda en prisi\u00f3n.<\/p>\n\n\n\n<p class=\"wp-block-paragraph\">El caso resulta especialmente preocupante debido al deterioro de salud que ha sufrido el opositor durante su encarcelamiento. En marzo pasado, Cubalex document\u00f3 que \u00c1lvarez Rensoler hab\u00eda permanecido <strong>49 d\u00edas en huelga de hambre<\/strong>, hasta sufrir un paro cardiorrespiratorio que requiri\u00f3 maniobras de reanimaci\u00f3n en un hospital de Holgu\u00edn.<\/p>\n\n\n\n<p class=\"wp-block-paragraph\">La Comisi\u00f3n Interamericana de Derechos Humanos (CIDH) tambi\u00e9n adopt\u00f3 en marzo medidas cautelares a su favor al considerar que sus derechos a la vida, integridad personal y salud enfrentaban un riesgo de da\u00f1o irreparable.<\/p>\n\n\n\n<p class=\"wp-block-paragraph\">La exigencia de un pasaje para conseguir la libertad de una persona privada de libertad por razones pol\u00edticas convierte un derecho fundamental \u2014la libertad personal\u2014 en objeto de negociaci\u00f3n y coloca nuevamente a la familia en una situaci\u00f3n de extrema vulnerabilidad.<\/p>\n\n\n\n<h3 class=\"wp-block-heading\">Una pr\u00e1ctica que alcanza a activistas y presos pol\u00edticos<\/h3>\n\n\n\n<p class=\"wp-block-paragraph\">El monitoreo realizado por Cubalex durante 2026 ha registrado propuestas de exilio dirigidas a <strong>Ana Sof\u00eda Ben\u00edtez y su madre, Caridad Silvente; al preso pol\u00edtico F\u00e9lix Navarro y su hija, la tambi\u00e9n presa pol\u00edtica Sayli Navarro; al activista Jos\u00e9 Antonio L\u00f3pez Pi\u00f1a; al exprisionero pol\u00edtico Kevin Dami\u00e1n Fr\u00f3meta; al artivista Luis Manuel Otero Alc\u00e1ntara; al rapero y preso pol\u00edtico Maykel Castillo P\u00e9rez, \u201cOsorbo\u201d; a Yoelsy Linares Reyes; al preso pol\u00edtico del 11J Yosvany Rosell Garc\u00eda; a la presa pol\u00edtica <a href=\"https:\/\/cubalex.org\/en\/2026\/06\/12\/cubalex-alerta-sobre-riesgo-de-revocacion-y-traslado-psiquiatrico-de-la-expresa-politica-yunaykis-linares\/\">Yunaikys Linares, cuando se encontraba en libertad y antes de su nueva detenci\u00f3n<\/a> en junio; a la expresa pol\u00edtica Sissi Abascal, cuando a\u00fan estaba encarcelada; y al propio Roil\u00e1n \u00c1lvarez Rensoler<\/strong>, quien contin\u00faa privado de libertad.<\/p>\n\n\n\n<p class=\"wp-block-paragraph\">Estos casos muestran que el exilio no es utilizado \u00fanicamente como respuesta frente a personas encarceladas. Tambi\u00e9n funciona como una herramienta de <strong>prevenci\u00f3n y desarticulaci\u00f3n del activismo<\/strong>, mediante la cual las autoridades buscan sacar del territorio nacional a quienes mantienen una presencia p\u00fablica cr\u00edtica.<\/p>\n\n\n\n<p class=\"wp-block-paragraph\">La combinaci\u00f3n de estas pr\u00e1cticas evidencia que el exilio puede operar como una extensi\u00f3n de la represi\u00f3n: cuando el encarcelamiento genera demasiado costo pol\u00edtico o social, la salida forzada del pa\u00eds se convierte en una alternativa para reducir la presencia de determinadas voces dentro de Cuba.<\/p>\n\n\n\n<h3 class=\"wp-block-heading\">Sissi Abascal: el antecedente de una familia obligada a elegir<\/h3>\n\n\n\n<p class=\"wp-block-paragraph\">Uno de los casos m\u00e1s claros de esta din\u00e1mica es el de <strong>Sissi Abascal Zamora<\/strong>, integrante de las Damas de Blanco y una de las opositoras m\u00e1s j\u00f3venes de esa organizaci\u00f3n.<\/p>\n\n\n\n<p class=\"wp-block-paragraph\">Abascal, de 28 a\u00f1os, cumpl\u00eda una condena de seis a\u00f1os de privaci\u00f3n de libertad en la prisi\u00f3n La Bellotex, en Matanzas, por los delitos de desorden p\u00fablico, desacato y atentado, tras su participaci\u00f3n en las protestas del 11 de julio de 2021.<\/p>\n\n\n\n<p class=\"wp-block-paragraph\">Durante su encarcelamiento, las autoridades le negaron reiteradamente beneficios penitenciarios y progresiones hacia reg\u00edmenes de menor severidad. Cubalex document\u00f3 que a finales de 2025, <a href=\"https:\/\/cubalex.org\/en\/2026\/05\/25\/beneficios-penitenciarios-bajo-control-politico-20-denuncias-en-menos-de-dos-meses\/\">agentes de la Seguridad del Estado le plantearon el exilio como alternativa para recuperar la libertad.<\/a><\/p>\n\n\n\n<p class=\"wp-block-paragraph\">Sin embargo, la condici\u00f3n impuesta no se limit\u00f3 a Sissi. El aparato represivo condicion\u00f3 su salida de prisi\u00f3n a que <strong>su madre, Annia Zamora<\/strong>, tambi\u00e9n integrante de las Damas de Blanco, aceptara abandonar primero Cuba.<\/p>\n\n\n\n<p class=\"wp-block-paragraph\">Zamora tuvo que aceptar el destierro para posibilitar la excarcelaci\u00f3n y facilitar que su hija pudiera recibir atenci\u00f3n m\u00e9dica. Finalmente, ambas salieron hacia Estados Unidos en<strong> mayo de 2026<\/strong>, mediante la facilitaci\u00f3n de una visa humanitaria.<\/p>\n\n\n\n<p class=\"wp-block-paragraph\">El caso provoc\u00f3 adem\u00e1s una fractura familiar: el padre de Sissi, el opositor <strong>Armando Abascal<\/strong>, permanece en Cuba junto con otro de sus hijos.<\/p>\n\n\n\n<p class=\"wp-block-paragraph\">La situaci\u00f3n muestra c\u00f3mo el r\u00e9gimen puede extender el castigo m\u00e1s all\u00e1 de la persona que mantiene una postura pol\u00edtica inc\u00f3moda. La libertad de una presa puede quedar condicionada a que un familiar abandone el pa\u00eds, oblig\u00e1ndolo a elegir entre permanecer junto a su familia o aceptar el destierro como precio para recuperar a un ser querido.<\/p>\n\n\n\n<p class=\"wp-block-paragraph\">No se trata \u00fanicamente de sacar a una persona de Cuba. Es una forma de <strong>desarticulaci\u00f3n familiar y pol\u00edtica<\/strong>, que utiliza los v\u00ednculos afectivos como instrumento de presi\u00f3n.<\/p>\n\n\n\n<p class=\"wp-block-paragraph\">Cubalex ya hab\u00eda advertido que existe una conexi\u00f3n entre la negaci\u00f3n o revocaci\u00f3n arbitraria de beneficios penitenciarios y la imposici\u00f3n del exilio forzado, dentro de un continuo de mecanismos utilizados para controlar a personas disidentes.<\/p>\n\n\n\n<h3 class=\"wp-block-heading\">Maykel Osorbo: cuando el r\u00e9gimen ofrece el exilio y despu\u00e9s no cumple<\/h3>\n\n\n\n<p class=\"wp-block-paragraph\">El caso del rapero <strong>Maykel Castillo P\u00e9rez, \u201cOsorbo\u201d<\/strong>, demuestra adem\u00e1s que aceptar la salida del pa\u00eds no garantiza que las autoridades cubanas cumplan su parte.<\/p>\n\n\n\n<p class=\"wp-block-paragraph\">Castillo permanece encarcelado desde mayo de 2021 y cumple una <strong>condena de nueve a\u00f1os.<\/strong> La CIDH concluy\u00f3 que su proceso estuvo marcado por violaciones al debido proceso, a la libertad de expresi\u00f3n y a la libertad personal, y calific\u00f3 su privaci\u00f3n de libertad como arbitraria y de motivaci\u00f3n pol\u00edtica.<\/p>\n\n\n\n<p class=\"wp-block-paragraph\">Durante a\u00f1os, las autoridades cubanas le han planteado la posibilidad de exiliarse como una supuesta v\u00eda para salir de prisi\u00f3n. El artista habr\u00eda aceptado esa alternativa. Sin embargo, el r\u00e9gimen no ha concretado su liberaci\u00f3n.<\/p>\n\n\n\n<p class=\"wp-block-paragraph\">La situaci\u00f3n adquiri\u00f3 una nueva dimensi\u00f3n en julio de 2026, cuando Estados Unidos<a href=\"https:\/\/www.facebook.com\/permalink.php?story_fbid=pfbid02S21Gxzf5ES2RDUha4B1TZaofb5HfbA8DcY4KqvGhAr3NscSLpXiuMuQi58BFA1vfl&amp;id=61557036050490\"> aprob\u00f3<\/a> un <strong>parole humanitario<\/strong> para Maykel, documento que le permitir\u00eda viajar a ese pa\u00eds si las autoridades cubanas finalmente lo liberaran. A pesar de contar con esta posibilidad, el artista contin\u00faa encarcelado.<\/p>\n\n\n\n<p class=\"wp-block-paragraph\">En 2023 ya se hab\u00eda aprobado un parole similar para que el preso pol\u00edtico saliera del pa\u00eds y el r\u00e9gimen cubano no lo permiti\u00f3.<\/p>\n\n\n\n<p class=\"wp-block-paragraph\">El caso evidencia uno de los principales riesgos de este mecanismo: <strong>la palabra de las autoridades cubanas no constituye una garant\u00eda de libertad<\/strong>. El r\u00e9gimen puede presentar el exilio como una salida, pero mantener a la persona presa incluso despu\u00e9s de que esta haya aceptado abandonar el pa\u00eds y existan condiciones para recibirla en el extranjero.<\/p>\n\n\n\n<h3 class=\"wp-block-heading\">Un mecanismo para exportar la represi\u00f3n<\/h3>\n\n\n\n<p class=\"wp-block-paragraph\">El exilio forzado no elimina la naturaleza pol\u00edtica de una detenci\u00f3n ni convierte en voluntaria una salida obtenida bajo coacci\u00f3n. Por el contrario, puede constituir una continuaci\u00f3n de la misma pol\u00edtica represiva por otros medios.<\/p>\n\n\n\n<p class=\"wp-block-paragraph\">En lugar de permitir que una persona ejerza sus derechos dentro de Cuba, las autoridades pueden ofrecerle dos opciones igualmente condicionadas: <strong>permanecer en prisi\u00f3n o abandonar el pa\u00eds<\/strong>.<\/p>\n\n\n\n<p class=\"wp-block-paragraph\">En los casos de presos pol\u00edticos, esta pr\u00e1ctica tiene adem\u00e1s un efecto de descompresi\u00f3n sobre el sistema penitenciario y sobre la presi\u00f3n internacional. Una persona que sale de Cuba deja de estar f\u00edsicamente en una c\u00e1rcel cubana, pero la causa que origin\u00f3 su encarcelamiento \u2014la persecuci\u00f3n de sus ideas, su activismo o su expresi\u00f3n\u2014 permanece sin ser reparada.<\/p>\n\n\n\n<p class=\"wp-block-paragraph\">Para las familias, el costo puede ser todav\u00eda mayor: separaci\u00f3n de padres e hijos, p\u00e9rdida de redes de apoyo, incertidumbre migratoria y la imposibilidad de regresar libremente al pa\u00eds.<\/p>\n\n\n\n<p class=\"wp-block-paragraph\">Cubalex considera necesario que cualquier excarcelaci\u00f3n de una persona privada de libertad por motivos pol\u00edticos sea <strong>incondicional<\/strong>, y que la libertad no sea utilizada como moneda de cambio para imponer el destierro. La salida de Cuba debe ser una decisi\u00f3n libre de cada persona y nunca una condici\u00f3n impuesta por el Estado para recuperar un derecho que este mismo Estado ha restringido arbitrariamente.<\/p>\n\n\n\n<p class=\"wp-block-paragraph\">En los casos documentados por Cubalex, la respuesta apunta a una estrategia en la que la Seguridad del Estado no solo busca encarcelar a quienes considera inc\u00f3modos, sino tambi\u00e9n <strong>sacarlos del territorio nacional, romper sus v\u00ednculos familiares y reducir el espacio interno para la organizaci\u00f3n y la denuncia de las violaciones de derechos humanos<\/strong>.<\/p>","protected":false},"excerpt":{"rendered":"<p>Las autoridades cubanas y la Seguridad del Estado utilizan cada vez m\u00e1s la salida del pa\u00eds como una v\u00eda para reducir la presi\u00f3n sobre personas consideradas inc\u00f3modas, condicionando en algunos casos la libertad de los presos pol\u00edticos a que ellos o sus familiares acepten abandonar Cuba<\/p>","protected":false},"featured_media":22863,"comment_status":"closed","ping_status":"closed","sticky":false,"template":"","format":"standard","meta":{"_jetpack_newsletter_access":"","_jetpack_dont_email_post_to_subs":false,"_jetpack_newsletter_tier_id":0,"_jetpack_memberships_contains_paywalled_content":false,"_wpcom_ai_launchpad_first_post":false,"_jetpack_feature_clip_id":0,"_jetpack_memberships_contains_paid_content":false,"footnotes":"","jetpack_post_was_ever_published":false},"categories":[551856560],"tags":[31684,112601],"class_list":["post-23906","post","type-post","status-publish","format-standard","has-post-thumbnail","hentry","category-alertas","tag-derechos-humanos","tag-represion"],"featured_image_src":"https:\/\/i0.wp.com\/cubalex.org\/wp-content\/uploads\/2026\/06\/Excarcelan-a-Dama-de-Blanco-Sissi-Abascal-bajo-condicion-de-exilio-forzado.webp?fit=1920%2C1080&ssl=1","acf":{"translation_reviewed":false},"yoast_head":"<!-- This site is optimized with the Yoast SEO plugin v28.4 - https:\/\/yoast.com\/product\/yoast-seo-wordpress\/ -->\n<title>Exilio a cambio de libertad: otro mecanismo de presi\u00f3n del r\u00e9gimen cubano - Cubalex<\/title>\n<meta name=\"robots\" content=\"index, follow, max-snippet:-1, max-image-preview:large, max-video-preview:-1\" \/>\n<link rel=\"canonical\" href=\"https:\/\/cubalex.org\/en\/2026\/08\/12\/exilio-a-cambio-de-libertad-otro-mecanismo-de-presion-del-regimen-cubano\/\" \/>\n<meta property=\"og:locale\" content=\"en_US\" \/>\n<meta property=\"og:type\" content=\"article\" \/>\n<meta property=\"og:title\" content=\"Exilio a cambio de libertad: otro mecanismo de presi\u00f3n del r\u00e9gimen cubano - Cubalex\" \/>\n<meta property=\"og:description\" content=\"Las autoridades cubanas y la Seguridad del Estado utilizan cada vez m\u00e1s la salida del pa\u00eds como una v\u00eda para reducir la presi\u00f3n sobre personas consideradas inc\u00f3modas, condicionando en algunos casos la libertad de los presos pol\u00edticos a que ellos o sus familiares acepten abandonar Cuba\" \/>\n<meta property=\"og:url\" content=\"https:\/\/cubalex.org\/en\/2026\/08\/12\/exilio-a-cambio-de-libertad-otro-mecanismo-de-presion-del-regimen-cubano\/\" \/>\n<meta property=\"og:site_name\" content=\"Cubalex\" \/>\n<meta property=\"article:publisher\" content=\"https:\/\/www.facebook.com\/ONGcubalex\" \/>\n<meta property=\"article:published_time\" content=\"2026-08-12T13:00:00+00:00\" \/>\n<meta property=\"article:modified_time\" content=\"2026-08-12T13:43:23+00:00\" \/>\n<meta property=\"og:image\" content=\"https:\/\/cubalex.org\/wp-content\/uploads\/2026\/06\/Excarcelan-a-Dama-de-Blanco-Sissi-Abascal-bajo-condicion-de-exilio-forzado.webp\" \/>\n\t<meta property=\"og:image:width\" content=\"1920\" \/>\n\t<meta property=\"og:image:height\" content=\"1080\" \/>\n\t<meta property=\"og:image:type\" content=\"image\/webp\" \/>\n<meta name=\"twitter:card\" content=\"summary_large_image\" \/>\n<meta name=\"twitter:creator\" content=\"@CubalexDDHH\" \/>\n<meta name=\"twitter:site\" content=\"@CubalexDDHH\" \/>\n<meta name=\"twitter:label1\" content=\"Written by\" \/>\n\t<meta name=\"twitter:data1\" content=\"puravida\" \/>\n\t<meta name=\"twitter:label2\" content=\"Est. reading time\" \/>\n\t<meta name=\"twitter:data2\" content=\"8 minutes\" \/>\n<script type=\"application\/ld+json\" class=\"yoast-schema-graph\">{\"@context\":\"https:\\\/\\\/schema.org\",\"@graph\":[{\"@type\":\"Article\",\"@id\":\"https:\\\/\\\/cubalex.org\\\/2026\\\/08\\\/12\\\/exilio-a-cambio-de-libertad-otro-mecanismo-de-presion-del-regimen-cubano\\\/#article\",\"isPartOf\":{\"@id\":\"https:\\\/\\\/cubalex.org\\\/2026\\\/08\\\/12\\\/exilio-a-cambio-de-libertad-otro-mecanismo-de-presion-del-regimen-cubano\\\/\"},\"headline\":\"Exilio a cambio de libertad: otro mecanismo de presi\u00f3n del r\u00e9gimen cubano\",\"datePublished\":\"2026-08-12T13:00:00+00:00\",\"dateModified\":\"2026-08-12T13:43:23+00:00\",\"mainEntityOfPage\":{\"@id\":\"https:\\\/\\\/cubalex.org\\\/2026\\\/08\\\/12\\\/exilio-a-cambio-de-libertad-otro-mecanismo-de-presion-del-regimen-cubano\\\/\"},\"wordCount\":1769,\"publisher\":{\"@id\":\"https:\\\/\\\/cubalex.org\\\/#organization\"},\"image\":{\"@id\":\"https:\\\/\\\/cubalex.org\\\/2026\\\/08\\\/12\\\/exilio-a-cambio-de-libertad-otro-mecanismo-de-presion-del-regimen-cubano\\\/#primaryimage\"},\"thumbnailUrl\":\"https:\\\/\\\/i0.wp.com\\\/cubalex.org\\\/wp-content\\\/uploads\\\/2026\\\/06\\\/Excarcelan-a-Dama-de-Blanco-Sissi-Abascal-bajo-condicion-de-exilio-forzado.webp?fit=1920%2C1080&ssl=1\",\"keywords\":[\"derechos humanos\",\"represi\u00f3n\"],\"articleSection\":[\"Alertas\"],\"inLanguage\":\"en-US\"},{\"@type\":\"WebPage\",\"@id\":\"https:\\\/\\\/cubalex.org\\\/2026\\\/08\\\/12\\\/exilio-a-cambio-de-libertad-otro-mecanismo-de-presion-del-regimen-cubano\\\/\",\"url\":\"https:\\\/\\\/cubalex.org\\\/2026\\\/08\\\/12\\\/exilio-a-cambio-de-libertad-otro-mecanismo-de-presion-del-regimen-cubano\\\/\",\"name\":\"Exilio a cambio de libertad: otro mecanismo de presi\u00f3n del r\u00e9gimen cubano - Cubalex\",\"isPartOf\":{\"@id\":\"https:\\\/\\\/cubalex.org\\\/#website\"},\"primaryImageOfPage\":{\"@id\":\"https:\\\/\\\/cubalex.org\\\/2026\\\/08\\\/12\\\/exilio-a-cambio-de-libertad-otro-mecanismo-de-presion-del-regimen-cubano\\\/#primaryimage\"},\"image\":{\"@id\":\"https:\\\/\\\/cubalex.org\\\/2026\\\/08\\\/12\\\/exilio-a-cambio-de-libertad-otro-mecanismo-de-presion-del-regimen-cubano\\\/#primaryimage\"},\"thumbnailUrl\":\"https:\\\/\\\/i0.wp.com\\\/cubalex.org\\\/wp-content\\\/uploads\\\/2026\\\/06\\\/Excarcelan-a-Dama-de-Blanco-Sissi-Abascal-bajo-condicion-de-exilio-forzado.webp?fit=1920%2C1080&ssl=1\",\"datePublished\":\"2026-08-12T13:00:00+00:00\",\"dateModified\":\"2026-08-12T13:43:23+00:00\",\"breadcrumb\":{\"@id\":\"https:\\\/\\\/cubalex.org\\\/2026\\\/08\\\/12\\\/exilio-a-cambio-de-libertad-otro-mecanismo-de-presion-del-regimen-cubano\\\/#breadcrumb\"},\"inLanguage\":\"en-US\",\"potentialAction\":[{\"@type\":\"ReadAction\",\"target\":[\"https:\\\/\\\/cubalex.org\\\/2026\\\/08\\\/12\\\/exilio-a-cambio-de-libertad-otro-mecanismo-de-presion-del-regimen-cubano\\\/\"]}]},{\"@type\":\"ImageObject\",\"inLanguage\":\"en-US\",\"@id\":\"https:\\\/\\\/cubalex.org\\\/2026\\\/08\\\/12\\\/exilio-a-cambio-de-libertad-otro-mecanismo-de-presion-del-regimen-cubano\\\/#primaryimage\",\"url\":\"https:\\\/\\\/i0.wp.com\\\/cubalex.org\\\/wp-content\\\/uploads\\\/2026\\\/06\\\/Excarcelan-a-Dama-de-Blanco-Sissi-Abascal-bajo-condicion-de-exilio-forzado.webp?fit=1920%2C1080&ssl=1\",\"contentUrl\":\"https:\\\/\\\/i0.wp.com\\\/cubalex.org\\\/wp-content\\\/uploads\\\/2026\\\/06\\\/Excarcelan-a-Dama-de-Blanco-Sissi-Abascal-bajo-condicion-de-exilio-forzado.webp?fit=1920%2C1080&ssl=1\",\"width\":1920,\"height\":1080},{\"@type\":\"BreadcrumbList\",\"@id\":\"https:\\\/\\\/cubalex.org\\\/2026\\\/08\\\/12\\\/exilio-a-cambio-de-libertad-otro-mecanismo-de-presion-del-regimen-cubano\\\/#breadcrumb\",\"itemListElement\":[{\"@type\":\"ListItem\",\"position\":1,\"name\":\"Portada\",\"item\":\"https:\\\/\\\/cubalex.org\\\/\"},{\"@type\":\"ListItem\",\"position\":2,\"name\":\"Exilio a cambio de libertad: otro mecanismo de presi\u00f3n del r\u00e9gimen cubano\"}]},{\"@type\":\"WebSite\",\"@id\":\"https:\\\/\\\/cubalex.org\\\/#website\",\"url\":\"https:\\\/\\\/cubalex.org\\\/\",\"name\":\"Cubalex\",\"description\":\"Trabajamos en defensa de los derechos humanos, para instaurar la democracia y el Estado de derecho en Cuba\",\"publisher\":{\"@id\":\"https:\\\/\\\/cubalex.org\\\/#organization\"},\"potentialAction\":[{\"@type\":\"SearchAction\",\"target\":{\"@type\":\"EntryPoint\",\"urlTemplate\":\"https:\\\/\\\/cubalex.org\\\/?s={search_term_string}\"},\"query-input\":{\"@type\":\"PropertyValueSpecification\",\"valueRequired\":true,\"valueName\":\"search_term_string\"}}],\"inLanguage\":\"en-US\"},{\"@type\":\"Organization\",\"@id\":\"https:\\\/\\\/cubalex.org\\\/#organization\",\"name\":\"Cubalex\",\"url\":\"https:\\\/\\\/cubalex.org\\\/\",\"logo\":{\"@type\":\"ImageObject\",\"inLanguage\":\"en-US\",\"@id\":\"https:\\\/\\\/cubalex.org\\\/#\\\/schema\\\/logo\\\/image\\\/\",\"url\":\"https:\\\/\\\/i0.wp.com\\\/cubalex.org\\\/wp-content\\\/uploads\\\/2026\\\/08\\\/CUBALEX1.png?fit=1445%2C300&ssl=1\",\"contentUrl\":\"https:\\\/\\\/i0.wp.com\\\/cubalex.org\\\/wp-content\\\/uploads\\\/2026\\\/08\\\/CUBALEX1.png?fit=1445%2C300&ssl=1\",\"width\":1445,\"height\":300,\"caption\":\"Cubalex\"},\"image\":{\"@id\":\"https:\\\/\\\/cubalex.org\\\/#\\\/schema\\\/logo\\\/image\\\/\"},\"sameAs\":[\"https:\\\/\\\/www.facebook.com\\\/ONGcubalex\",\"https:\\\/\\\/x.com\\\/CubalexDDHH\",\"https:\\\/\\\/www.youtube.com\\\/@Cubalex\",\"https:\\\/\\\/www.linkedin.com\\\/company\\\/cubalex\\\/\",\"https:\\\/\\\/t.me\\\/cubalex\"]}]}<\/script>\n<!-- \/ Yoast SEO plugin. -->","yoast_head_json":{"title":"Exilio a cambio de libertad: otro mecanismo de presi\u00f3n del r\u00e9gimen cubano - Cubalex","robots":{"index":"index","follow":"follow","max-snippet":"max-snippet:-1","max-image-preview":"max-image-preview:large","max-video-preview":"max-video-preview:-1"},"canonical":"https:\/\/cubalex.org\/en\/2026\/08\/12\/exilio-a-cambio-de-libertad-otro-mecanismo-de-presion-del-regimen-cubano\/","og_locale":"en_US","og_type":"article","og_title":"Exilio a cambio de libertad: otro mecanismo de presi\u00f3n del r\u00e9gimen cubano - Cubalex","og_description":"Las autoridades cubanas y la Seguridad del Estado utilizan cada vez m\u00e1s la salida del pa\u00eds como una v\u00eda para reducir la presi\u00f3n sobre personas consideradas inc\u00f3modas, condicionando en algunos casos la libertad de los presos pol\u00edticos a que ellos o sus familiares acepten abandonar Cuba","og_url":"https:\/\/cubalex.org\/en\/2026\/08\/12\/exilio-a-cambio-de-libertad-otro-mecanismo-de-presion-del-regimen-cubano\/","og_site_name":"Cubalex","article_publisher":"https:\/\/www.facebook.com\/ONGcubalex","article_published_time":"2026-08-12T13:00:00+00:00","article_modified_time":"2026-08-12T13:43:23+00:00","og_image":[{"width":1920,"height":1080,"url":"https:\/\/cubalex.org\/wp-content\/uploads\/2026\/06\/Excarcelan-a-Dama-de-Blanco-Sissi-Abascal-bajo-condicion-de-exilio-forzado.webp","type":"image\/webp"}],"twitter_card":"summary_large_image","twitter_creator":"@CubalexDDHH","twitter_site":"@CubalexDDHH","twitter_misc":{"Written by":"puravida","Est. reading time":"8 minutes"},"schema":{"@context":"https:\/\/schema.org","@graph":[{"@type":"Article","@id":"https:\/\/cubalex.org\/2026\/08\/12\/exilio-a-cambio-de-libertad-otro-mecanismo-de-presion-del-regimen-cubano\/#article","isPartOf":{"@id":"https:\/\/cubalex.org\/2026\/08\/12\/exilio-a-cambio-de-libertad-otro-mecanismo-de-presion-del-regimen-cubano\/"},"headline":"Exilio a cambio de libertad: otro mecanismo de presi\u00f3n del r\u00e9gimen cubano","datePublished":"2026-08-12T13:00:00+00:00","dateModified":"2026-08-12T13:43:23+00:00","mainEntityOfPage":{"@id":"https:\/\/cubalex.org\/2026\/08\/12\/exilio-a-cambio-de-libertad-otro-mecanismo-de-presion-del-regimen-cubano\/"},"wordCount":1769,"publisher":{"@id":"https:\/\/cubalex.org\/#organization"},"image":{"@id":"https:\/\/cubalex.org\/2026\/08\/12\/exilio-a-cambio-de-libertad-otro-mecanismo-de-presion-del-regimen-cubano\/#primaryimage"},"thumbnailUrl":"https:\/\/i0.wp.com\/cubalex.org\/wp-content\/uploads\/2026\/06\/Excarcelan-a-Dama-de-Blanco-Sissi-Abascal-bajo-condicion-de-exilio-forzado.webp?fit=1920%2C1080&ssl=1","keywords":["derechos humanos","represi\u00f3n"],"articleSection":["Alertas"],"inLanguage":"en-US"},{"@type":"WebPage","@id":"https:\/\/cubalex.org\/2026\/08\/12\/exilio-a-cambio-de-libertad-otro-mecanismo-de-presion-del-regimen-cubano\/","url":"https:\/\/cubalex.org\/2026\/08\/12\/exilio-a-cambio-de-libertad-otro-mecanismo-de-presion-del-regimen-cubano\/","name":"Exilio a cambio de libertad: otro mecanismo de presi\u00f3n del r\u00e9gimen cubano - Cubalex","isPartOf":{"@id":"https:\/\/cubalex.org\/#website"},"primaryImageOfPage":{"@id":"https:\/\/cubalex.org\/2026\/08\/12\/exilio-a-cambio-de-libertad-otro-mecanismo-de-presion-del-regimen-cubano\/#primaryimage"},"image":{"@id":"https:\/\/cubalex.org\/2026\/08\/12\/exilio-a-cambio-de-libertad-otro-mecanismo-de-presion-del-regimen-cubano\/#primaryimage"},"thumbnailUrl":"https:\/\/i0.wp.com\/cubalex.org\/wp-content\/uploads\/2026\/06\/Excarcelan-a-Dama-de-Blanco-Sissi-Abascal-bajo-condicion-de-exilio-forzado.webp?fit=1920%2C1080&ssl=1","datePublished":"2026-08-12T13:00:00+00:00","dateModified":"2026-08-12T13:43:23+00:00","breadcrumb":{"@id":"https:\/\/cubalex.org\/2026\/08\/12\/exilio-a-cambio-de-libertad-otro-mecanismo-de-presion-del-regimen-cubano\/#breadcrumb"},"inLanguage":"en-US","potentialAction":[{"@type":"ReadAction","target":["https:\/\/cubalex.org\/2026\/08\/12\/exilio-a-cambio-de-libertad-otro-mecanismo-de-presion-del-regimen-cubano\/"]}]},{"@type":"ImageObject","inLanguage":"en-US","@id":"https:\/\/cubalex.org\/2026\/08\/12\/exilio-a-cambio-de-libertad-otro-mecanismo-de-presion-del-regimen-cubano\/#primaryimage","url":"https:\/\/i0.wp.com\/cubalex.org\/wp-content\/uploads\/2026\/06\/Excarcelan-a-Dama-de-Blanco-Sissi-Abascal-bajo-condicion-de-exilio-forzado.webp?fit=1920%2C1080&ssl=1","contentUrl":"https:\/\/i0.wp.com\/cubalex.org\/wp-content\/uploads\/2026\/06\/Excarcelan-a-Dama-de-Blanco-Sissi-Abascal-bajo-condicion-de-exilio-forzado.webp?fit=1920%2C1080&ssl=1","width":1920,"height":1080},{"@type":"BreadcrumbList","@id":"https:\/\/cubalex.org\/2026\/08\/12\/exilio-a-cambio-de-libertad-otro-mecanismo-de-presion-del-regimen-cubano\/#breadcrumb","itemListElement":[{"@type":"ListItem","position":1,"name":"Portada","item":"https:\/\/cubalex.org\/"},{"@type":"ListItem","position":2,"name":"Exilio a cambio de libertad: otro mecanismo de presi\u00f3n del r\u00e9gimen cubano"}]},{"@type":"WebSite","@id":"https:\/\/cubalex.org\/#website","url":"https:\/\/cubalex.org\/","name":"Cubalex","description":"Trabajamos en defensa de los derechos humanos, para instaurar la democracia y el Estado de derecho en Cuba","publisher":{"@id":"https:\/\/cubalex.org\/#organization"},"potentialAction":[{"@type":"SearchAction","target":{"@type":"EntryPoint","urlTemplate":"https:\/\/cubalex.org\/?s={search_term_string}"},"query-input":{"@type":"PropertyValueSpecification","valueRequired":true,"valueName":"search_term_string"}}],"inLanguage":"en-US"},{"@type":"Organization","@id":"https:\/\/cubalex.org\/#organization","name":"Cubalex","url":"https:\/\/cubalex.org\/","logo":{"@type":"ImageObject","inLanguage":"en-US","@id":"https:\/\/cubalex.org\/#\/schema\/logo\/image\/","url":"https:\/\/i0.wp.com\/cubalex.org\/wp-content\/uploads\/2026\/08\/CUBALEX1.png?fit=1445%2C300&ssl=1","contentUrl":"https:\/\/i0.wp.com\/cubalex.org\/wp-content\/uploads\/2026\/08\/CUBALEX1.png?fit=1445%2C300&ssl=1","width":1445,"height":300,"caption":"Cubalex"},"image":{"@id":"https:\/\/cubalex.org\/#\/schema\/logo\/image\/"},"sameAs":["https:\/\/www.facebook.com\/ONGcubalex","https:\/\/x.com\/CubalexDDHH","https:\/\/www.youtube.com\/@Cubalex","https:\/\/www.linkedin.com\/company\/cubalex\/","https:\/\/t.me\/cubalex"]}]}},"jetpack_shortlink":"https:\/\/wp.me\/p23ZXl-6dA","jetpack_sharing_enabled":true,"jetpack_featured_media_url":"https:\/\/i0.wp.com\/cubalex.org\/wp-content\/uploads\/2026\/06\/Excarcelan-a-Dama-de-Blanco-Sissi-Abascal-bajo-condicion-de-exilio-forzado.webp?fit=1920%2C1080&ssl=1","_links":{"self":[{"href":"https:\/\/cubalex.org\/en\/wp-json\/wp\/v2\/posts\/23906","targetHints":{"allow":["GET"]}}],"collection":[{"href":"https:\/\/cubalex.org\/en\/wp-json\/wp\/v2\/posts"}],"about":[{"href":"https:\/\/cubalex.org\/en\/wp-json\/wp\/v2\/types\/post"}],"replies":[{"embeddable":true,"href":"https:\/\/cubalex.org\/en\/wp-json\/wp\/v2\/comments?post=23906"}],"version-history":[{"count":5,"href":"https:\/\/cubalex.org\/en\/wp-json\/wp\/v2\/posts\/23906\/revisions"}],"predecessor-version":[{"id":23925,"href":"https:\/\/cubalex.org\/en\/wp-json\/wp\/v2\/posts\/23906\/revisions\/23925"}],"wp:featuredmedia":[{"embeddable":true,"href":"https:\/\/cubalex.org\/en\/wp-json\/wp\/v2\/media\/22863"}],"wp:attachment":[{"href":"https:\/\/cubalex.org\/en\/wp-json\/wp\/v2\/media?parent=23906"}],"wp:term":[{"taxonomy":"category","embeddable":true,"href":"https:\/\/cubalex.org\/en\/wp-json\/wp\/v2\/categories?post=23906"},{"taxonomy":"post_tag","embeddable":true,"href":"https:\/\/cubalex.org\/en\/wp-json\/wp\/v2\/tags?post=23906"}],"curies":[{"name":"wp","href":"https:\/\/api.w.org\/{rel}","templated":true}]}}