{"id":23966,"date":"2026-08-17T10:14:15","date_gmt":"2026-08-17T14:14:15","guid":{"rendered":"https:\/\/cubalex.org\/?p=23966"},"modified":"2026-08-17T10:23:10","modified_gmt":"2026-08-17T14:23:10","slug":"la-represion-alcanza-a-ciudadanos-sin-vinculos-con-la-oposicion-139-eventos-registrados-en-primer-semestre-de-2026","status":"publish","type":"post","link":"https:\/\/cubalex.org\/en\/2026\/08\/17\/la-represion-alcanza-a-ciudadanos-sin-vinculos-con-la-oposicion-139-eventos-registrados-en-primer-semestre-de-2026\/","title":{"rendered":"Repression Reaches Citizens with No Ties to the Opposition: 139 Incidents Recorded in First Half of 2026"},"content":{"rendered":"<p class=\"wp-block-paragraph\">Durante el primer semestre de 2026, la represi\u00f3n en Cuba no se limit\u00f3 a activistas, opositores o integrantes de organizaciones de la sociedad civil. El monitoreo de Cubalex registr\u00f3 un aumento de las detenciones arbitrarias contra ciudadanos que no pertenecen a ninguna organizaci\u00f3n ni movimiento opositor y que, en muchos casos, expresaron su descontento de manera espont\u00e1nea.<\/p>\n\n\n\n<p class=\"wp-block-paragraph\">Entre enero y el 30 de junio, Cubalex document\u00f3 <strong>139 eventos relacionados con detenciones arbitrarias de personas sin v\u00ednculos conocidos con organizaciones o movimientos de la sociedad civil<\/strong>.<\/p>\n\n\n\n<p class=\"wp-block-paragraph\">Los casos registrados muestran que el ejercicio de derechos fundamentales como la libertad de expresi\u00f3n, reuni\u00f3n y manifestaci\u00f3n pac\u00edfica contin\u00faa siendo reprimido por las autoridades cubanas, incluso cuando quienes participan no tienen una trayectoria previa de activismo pol\u00edtico.<\/p>\n\n\n\n<p class=\"wp-block-paragraph\">Adem\u00e1s, algunos de los eventos documentados tuvieron car\u00e1cter grupal y derivaron en la detenci\u00f3n de numerosas personas. Un ejemplo<a href=\"https:\/\/diariodecuba.com\/cuba\/1781605943_67476.html\"> ocurri\u00f3 <\/a>el <strong>11 de junio en Micro 7, Santiago de Cuba<\/strong>, donde fueron reportadas como detenidas hasta <strong>18 personas<\/strong> durante una protesta.<\/p>\n\n\n\n<h3 class=\"wp-block-heading\">Junio, un mes especialmente grave<\/h3>\n\n\n\n<p class=\"wp-block-paragraph\"><a href=\"https:\/\/cubalex.org\/en\/report\/informe-mensual-sobre-la-situacion-de-los-derechos-humanos-en-cuba-junio-2026\/\">Junio concentr\u00f3 varios episodios relevantes de represi\u00f3n contra ciudadanos <\/a>que no forman parte de organizaciones opositoras.<\/p>\n\n\n\n<p class=\"wp-block-paragraph\">En <strong><a href=\"https:\/\/cubalex.org\/en\/2026\/06\/30\/el-comite-contra-la-desaparicion-forzada-de-la-onu-activa-acciones-urgentes-por-detenidos-en-contramaestre-incluyendo-menores\/\">Contramaestre, Santiago de Cuba<\/a><\/strong>, se produjo una protesta que tambi\u00e9n deriv\u00f3 en detenciones, entre ellas de <strong>menores de edad<\/strong>. Ese mismo mes, las autoridades reprimieron una manifestaci\u00f3n en <strong>Micro 7<\/strong>, donde fueron detenidas hasta 18 personas.<\/p>\n\n\n\n<p class=\"wp-block-paragraph\">Otro episodio ocurri\u00f3 ese mes en <strong>Barbosa, Playa, La Habana<\/strong>, donde unas <strong>16 personas fueron detenidas<\/strong> durante una manifestaci\u00f3n. Entre los detenidos se encuentra el rapero <strong>Andr\u00e9s Matos<\/strong>.<\/p>\n\n\n\n<p class=\"wp-block-paragraph\">La sucesi\u00f3n de estos hechos convierte a junio en un mes particularmente grave dentro del per\u00edodo analizado, por la frecuencia de las protestas y la respuesta represiva desplegada por las autoridades contra ciudadanos que ejercieron su derecho a manifestarse.<\/p>\n\n\n\n<p class=\"wp-block-paragraph\">Tambi\u00e9n destaca el caso de <strong><a href=\"https:\/\/cubalex.org\/en\/2026\/05\/20\/violencia-fisica-y-coaccion-institucional-el-caso-de-javier-martin\/\">Javier Mart\u00edn Guti\u00e9rrez, conocido como \u201cSpiderman\u201d<\/a><\/strong>, detenido en La Habana desde abril despu\u00e9s de realizar protestas pac\u00edficas desde su vivienda. Su caso evidencia que la represi\u00f3n tambi\u00e9n alcanza a personas que act\u00faan de manera individual y sin pertenecer a estructuras opositoras.<\/p>\n\n\n\n<p class=\"wp-block-paragraph\">Otro episodio relevante tuvo lugar en <a href=\"https:\/\/cubalex.org\/en\/2026\/04\/03\/menores-detenidos-y-posible-traslado-a-prision-en-moron-revela-patron-represivo-opacidad-y-grave-riesgo\/\"><strong>Mor\u00f3n, Ciego de \u00c1vila, en marzo<\/strong>, cuando una protesta ciudadana provoc\u00f3 varias detenciones, incluyendo las de <strong>menores <\/strong><\/a><strong>de edad<\/strong>.<\/p>\n\n\n\n<p class=\"wp-block-paragraph\">Los 139 eventos registrados por Cubalex muestran que las detenciones arbitrarias contra personas ajenas a la sociedad civil organizada no responden \u00fanicamente a manifestaciones multitudinarias.<\/p>\n\n\n\n<p class=\"wp-block-paragraph\">La represi\u00f3n tambi\u00e9n se dirige contra ciudadanos que <strong>se manifiestan en solitario, expresan p\u00fablicamente su inconformidad o utilizan las redes sociales para cuestionar al gobierno y denunciar las condiciones de vida en el pa\u00eds<\/strong>.<\/p>\n\n\n\n<p class=\"wp-block-paragraph\">Esta din\u00e1mica ampl\u00eda el alcance de la represi\u00f3n pol\u00edtica: ya no se trata \u00fanicamente de quienes forman parte de organizaciones opositoras o tienen una participaci\u00f3n sostenida en actividades de activismo, sino tambi\u00e9n de ciudadanos que, de manera espont\u00e1nea, ejercen derechos reconocidos internacionalmente.<\/p>\n\n\n\n<p class=\"wp-block-paragraph\">Las detenciones en el contexto de protestas colectivas y las acciones contra personas que expresan individualmente su descontento tienen un elemento com\u00fan: <strong>la respuesta de las autoridades frente al ejercicio de libertades fundamentales<\/strong>.<\/p>\n\n\n\n<p class=\"wp-block-paragraph\">En lugar de garantizar el derecho a la protesta pac\u00edfica y a la libertad de expresi\u00f3n, el Estado cubano contin\u00faa recurriendo a detenciones y otras formas de intimidaci\u00f3n para impedir que los ciudadanos expresen p\u00fablicamente sus reclamos.<\/p>\n\n\n\n<p class=\"wp-block-paragraph\">Las personas detenidas en estos eventos no necesariamente pertenecen a organizaciones, movimientos opositores o grupos de activistas. Son ciudadanos que, ante la crisis que atraviesa el pa\u00eds, han decidido expresar su descontento mediante protestas, reclamos p\u00fablicos o publicaciones en redes sociales.<\/p>\n\n\n\n<p class=\"wp-block-paragraph\">La diversidad de los casos registrados \u2014desde protestas grupales con decenas de participantes hasta acciones individuales\u2014 muestra que <strong>la ausencia de v\u00ednculos con la oposici\u00f3n organizada no constituye una garant\u00eda frente a la represi\u00f3n estatal<\/strong>.<\/p>\n\n\n\n<p class=\"wp-block-paragraph\">Los 139 eventos documentados entre enero y junio de 2026 reflejan, por tanto, no solo la persistencia de las detenciones arbitrarias en Cuba, sino tambi\u00e9n la expansi\u00f3n de su impacto hacia sectores de la ciudadan\u00eda que tradicionalmente no hab\u00edan sido identificados como parte de la oposici\u00f3n organizada.<\/p>\n\n\n\n<p class=\"wp-block-paragraph\">La respuesta represiva frente a estas expresiones ciudadanas constituye una vulneraci\u00f3n de derechos fundamentales y evidencia las restricciones que persisten en Cuba para el ejercicio de las libertades de expresi\u00f3n, reuni\u00f3n y manifestaci\u00f3n pac\u00edfica.<\/p>\n\n\n\n<p class=\"wp-block-paragraph\">Cabe resaltar que las protestas antigubernamentales del 11 de julio de 2021 constituyen el antecedente inmediato de estas manifestaciones espont\u00e1neas, ya que definieron la expansi\u00f3n de la represi\u00f3n contra expresiones p\u00fablicas de descontento, as\u00ed como las protestas que se han venido registrando desde entonces, hace ya m\u00e1s de cinco a\u00f1os.<\/p>","protected":false},"excerpt":{"rendered":"<p>Durante el primer semestre de 2026, la represi\u00f3n en Cuba no se limit\u00f3 a activistas, opositores o integrantes de organizaciones de la sociedad civil. El monitoreo de Cubalex registr\u00f3 un aumento de las detenciones arbitrarias contra ciudadanos que no pertenecen a ninguna organizaci\u00f3n ni movimiento opositor y que, en muchos casos, expresaron su descontento de manera espont\u00e1nea.<\/p>","protected":false},"featured_media":10155,"comment_status":"closed","ping_status":"closed","sticky":false,"template":"","format":"standard","meta":{"_jetpack_newsletter_access":"","_jetpack_dont_email_post_to_subs":false,"_jetpack_newsletter_tier_id":0,"_jetpack_memberships_contains_paywalled_content":false,"_wpcom_ai_launchpad_first_post":false,"_jetpack_feature_clip_id":0,"_jetpack_memberships_contains_paid_content":false,"footnotes":"","jetpack_post_was_ever_published":false},"categories":[551856560],"tags":[31684,7629682,34097768],"class_list":["post-23966","post","type-post","status-publish","format-standard","has-post-thumbnail","hentry","category-alertas","tag-derechos-humanos","tag-detencion-arbitraria","tag-estado-cubano"],"featured_image_src":"https:\/\/i0.wp.com\/cubalex.org\/wp-content\/uploads\/2023\/10\/Detenciones.jpg?fit=1200%2C675&ssl=1","acf":{"translation_reviewed":false},"yoast_head":"<!-- This site is optimized with the Yoast SEO plugin v28.4 - https:\/\/yoast.com\/product\/yoast-seo-wordpress\/ -->\n<title>La represi\u00f3n alcanza a ciudadanos sin v\u00ednculos con la oposici\u00f3n: 139 eventos registrados en primer semestre de 2026 - Cubalex<\/title>\n<meta name=\"robots\" content=\"index, follow, max-snippet:-1, max-image-preview:large, max-video-preview:-1\" \/>\n<link rel=\"canonical\" href=\"https:\/\/cubalex.org\/en\/2026\/08\/17\/la-represion-alcanza-a-ciudadanos-sin-vinculos-con-la-oposicion-139-eventos-registrados-en-primer-semestre-de-2026\/\" \/>\n<meta property=\"og:locale\" content=\"en_US\" \/>\n<meta property=\"og:type\" content=\"article\" \/>\n<meta property=\"og:title\" content=\"La represi\u00f3n alcanza a ciudadanos sin v\u00ednculos con la oposici\u00f3n: 139 eventos registrados en primer semestre de 2026 - Cubalex\" \/>\n<meta property=\"og:description\" content=\"Durante el primer semestre de 2026, la represi\u00f3n en Cuba no se limit\u00f3 a activistas, opositores o integrantes de organizaciones de la sociedad civil. El monitoreo de Cubalex registr\u00f3 un aumento de las detenciones arbitrarias contra ciudadanos que no pertenecen a ninguna organizaci\u00f3n ni movimiento opositor y que, en muchos casos, expresaron su descontento de manera espont\u00e1nea.\" \/>\n<meta property=\"og:url\" content=\"https:\/\/cubalex.org\/en\/2026\/08\/17\/la-represion-alcanza-a-ciudadanos-sin-vinculos-con-la-oposicion-139-eventos-registrados-en-primer-semestre-de-2026\/\" \/>\n<meta property=\"og:site_name\" content=\"Cubalex\" \/>\n<meta property=\"article:publisher\" content=\"https:\/\/www.facebook.com\/ONGcubalex\" \/>\n<meta property=\"article:published_time\" content=\"2026-08-17T14:14:15+00:00\" \/>\n<meta property=\"article:modified_time\" content=\"2026-08-17T14:23:10+00:00\" \/>\n<meta property=\"og:image\" content=\"https:\/\/cubalex.org\/wp-content\/uploads\/2023\/10\/Detenciones.jpg\" \/>\n\t<meta property=\"og:image:width\" content=\"1200\" \/>\n\t<meta property=\"og:image:height\" content=\"675\" \/>\n\t<meta property=\"og:image:type\" content=\"image\/jpeg\" \/>\n<meta name=\"twitter:card\" content=\"summary_large_image\" \/>\n<meta name=\"twitter:creator\" content=\"@CubalexDDHH\" \/>\n<meta name=\"twitter:site\" content=\"@CubalexDDHH\" \/>\n<meta name=\"twitter:label1\" content=\"Written by\" \/>\n\t<meta name=\"twitter:data1\" content=\"puravida\" \/>\n\t<meta name=\"twitter:label2\" content=\"Est. reading time\" \/>\n\t<meta name=\"twitter:data2\" content=\"4 minutes\" \/>\n<script type=\"application\/ld+json\" class=\"yoast-schema-graph\">{\"@context\":\"https:\\\/\\\/schema.org\",\"@graph\":[{\"@type\":\"Article\",\"@id\":\"https:\\\/\\\/cubalex.org\\\/2026\\\/08\\\/17\\\/la-represion-alcanza-a-ciudadanos-sin-vinculos-con-la-oposicion-139-eventos-registrados-en-primer-semestre-de-2026\\\/#article\",\"isPartOf\":{\"@id\":\"https:\\\/\\\/cubalex.org\\\/2026\\\/08\\\/17\\\/la-represion-alcanza-a-ciudadanos-sin-vinculos-con-la-oposicion-139-eventos-registrados-en-primer-semestre-de-2026\\\/\"},\"headline\":\"La represi\u00f3n alcanza a ciudadanos sin v\u00ednculos con la oposici\u00f3n: 139 eventos registrados en primer semestre de 2026\",\"datePublished\":\"2026-08-17T14:14:15+00:00\",\"dateModified\":\"2026-08-17T14:23:10+00:00\",\"mainEntityOfPage\":{\"@id\":\"https:\\\/\\\/cubalex.org\\\/2026\\\/08\\\/17\\\/la-represion-alcanza-a-ciudadanos-sin-vinculos-con-la-oposicion-139-eventos-registrados-en-primer-semestre-de-2026\\\/\"},\"wordCount\":811,\"publisher\":{\"@id\":\"https:\\\/\\\/cubalex.org\\\/#organization\"},\"image\":{\"@id\":\"https:\\\/\\\/cubalex.org\\\/2026\\\/08\\\/17\\\/la-represion-alcanza-a-ciudadanos-sin-vinculos-con-la-oposicion-139-eventos-registrados-en-primer-semestre-de-2026\\\/#primaryimage\"},\"thumbnailUrl\":\"https:\\\/\\\/i0.wp.com\\\/cubalex.org\\\/wp-content\\\/uploads\\\/2023\\\/10\\\/Detenciones.jpg?fit=1200%2C675&ssl=1\",\"keywords\":[\"derechos humanos\",\"detenci\u00f3n arbitraria\",\"Estado cubano\"],\"articleSection\":[\"Alertas\"],\"inLanguage\":\"en-US\"},{\"@type\":\"WebPage\",\"@id\":\"https:\\\/\\\/cubalex.org\\\/2026\\\/08\\\/17\\\/la-represion-alcanza-a-ciudadanos-sin-vinculos-con-la-oposicion-139-eventos-registrados-en-primer-semestre-de-2026\\\/\",\"url\":\"https:\\\/\\\/cubalex.org\\\/2026\\\/08\\\/17\\\/la-represion-alcanza-a-ciudadanos-sin-vinculos-con-la-oposicion-139-eventos-registrados-en-primer-semestre-de-2026\\\/\",\"name\":\"La represi\u00f3n alcanza a ciudadanos sin v\u00ednculos con la oposici\u00f3n: 139 eventos registrados en primer semestre de 2026 - Cubalex\",\"isPartOf\":{\"@id\":\"https:\\\/\\\/cubalex.org\\\/#website\"},\"primaryImageOfPage\":{\"@id\":\"https:\\\/\\\/cubalex.org\\\/2026\\\/08\\\/17\\\/la-represion-alcanza-a-ciudadanos-sin-vinculos-con-la-oposicion-139-eventos-registrados-en-primer-semestre-de-2026\\\/#primaryimage\"},\"image\":{\"@id\":\"https:\\\/\\\/cubalex.org\\\/2026\\\/08\\\/17\\\/la-represion-alcanza-a-ciudadanos-sin-vinculos-con-la-oposicion-139-eventos-registrados-en-primer-semestre-de-2026\\\/#primaryimage\"},\"thumbnailUrl\":\"https:\\\/\\\/i0.wp.com\\\/cubalex.org\\\/wp-content\\\/uploads\\\/2023\\\/10\\\/Detenciones.jpg?fit=1200%2C675&ssl=1\",\"datePublished\":\"2026-08-17T14:14:15+00:00\",\"dateModified\":\"2026-08-17T14:23:10+00:00\",\"breadcrumb\":{\"@id\":\"https:\\\/\\\/cubalex.org\\\/2026\\\/08\\\/17\\\/la-represion-alcanza-a-ciudadanos-sin-vinculos-con-la-oposicion-139-eventos-registrados-en-primer-semestre-de-2026\\\/#breadcrumb\"},\"inLanguage\":\"en-US\",\"potentialAction\":[{\"@type\":\"ReadAction\",\"target\":[\"https:\\\/\\\/cubalex.org\\\/2026\\\/08\\\/17\\\/la-represion-alcanza-a-ciudadanos-sin-vinculos-con-la-oposicion-139-eventos-registrados-en-primer-semestre-de-2026\\\/\"]}]},{\"@type\":\"ImageObject\",\"inLanguage\":\"en-US\",\"@id\":\"https:\\\/\\\/cubalex.org\\\/2026\\\/08\\\/17\\\/la-represion-alcanza-a-ciudadanos-sin-vinculos-con-la-oposicion-139-eventos-registrados-en-primer-semestre-de-2026\\\/#primaryimage\",\"url\":\"https:\\\/\\\/i0.wp.com\\\/cubalex.org\\\/wp-content\\\/uploads\\\/2023\\\/10\\\/Detenciones.jpg?fit=1200%2C675&ssl=1\",\"contentUrl\":\"https:\\\/\\\/i0.wp.com\\\/cubalex.org\\\/wp-content\\\/uploads\\\/2023\\\/10\\\/Detenciones.jpg?fit=1200%2C675&ssl=1\",\"width\":1200,\"height\":675},{\"@type\":\"BreadcrumbList\",\"@id\":\"https:\\\/\\\/cubalex.org\\\/2026\\\/08\\\/17\\\/la-represion-alcanza-a-ciudadanos-sin-vinculos-con-la-oposicion-139-eventos-registrados-en-primer-semestre-de-2026\\\/#breadcrumb\",\"itemListElement\":[{\"@type\":\"ListItem\",\"position\":1,\"name\":\"Portada\",\"item\":\"https:\\\/\\\/cubalex.org\\\/\"},{\"@type\":\"ListItem\",\"position\":2,\"name\":\"La represi\u00f3n alcanza a ciudadanos sin v\u00ednculos con la oposici\u00f3n: 139 eventos registrados en primer semestre de 2026\"}]},{\"@type\":\"WebSite\",\"@id\":\"https:\\\/\\\/cubalex.org\\\/#website\",\"url\":\"https:\\\/\\\/cubalex.org\\\/\",\"name\":\"Cubalex\",\"description\":\"Trabajamos en defensa de los derechos humanos, para instaurar la democracia y el Estado de derecho en Cuba\",\"publisher\":{\"@id\":\"https:\\\/\\\/cubalex.org\\\/#organization\"},\"potentialAction\":[{\"@type\":\"SearchAction\",\"target\":{\"@type\":\"EntryPoint\",\"urlTemplate\":\"https:\\\/\\\/cubalex.org\\\/?s={search_term_string}\"},\"query-input\":{\"@type\":\"PropertyValueSpecification\",\"valueRequired\":true,\"valueName\":\"search_term_string\"}}],\"inLanguage\":\"en-US\"},{\"@type\":\"Organization\",\"@id\":\"https:\\\/\\\/cubalex.org\\\/#organization\",\"name\":\"Cubalex\",\"url\":\"https:\\\/\\\/cubalex.org\\\/\",\"logo\":{\"@type\":\"ImageObject\",\"inLanguage\":\"en-US\",\"@id\":\"https:\\\/\\\/cubalex.org\\\/#\\\/schema\\\/logo\\\/image\\\/\",\"url\":\"https:\\\/\\\/i0.wp.com\\\/cubalex.org\\\/wp-content\\\/uploads\\\/2026\\\/08\\\/CUBALEX1.png?fit=1445%2C300&ssl=1\",\"contentUrl\":\"https:\\\/\\\/i0.wp.com\\\/cubalex.org\\\/wp-content\\\/uploads\\\/2026\\\/08\\\/CUBALEX1.png?fit=1445%2C300&ssl=1\",\"width\":1445,\"height\":300,\"caption\":\"Cubalex\"},\"image\":{\"@id\":\"https:\\\/\\\/cubalex.org\\\/#\\\/schema\\\/logo\\\/image\\\/\"},\"sameAs\":[\"https:\\\/\\\/www.facebook.com\\\/ONGcubalex\",\"https:\\\/\\\/x.com\\\/CubalexDDHH\",\"https:\\\/\\\/www.youtube.com\\\/@Cubalex\",\"https:\\\/\\\/www.linkedin.com\\\/company\\\/cubalex\\\/\",\"https:\\\/\\\/t.me\\\/cubalex\"]}]}<\/script>\n<!-- \/ Yoast SEO plugin. -->","yoast_head_json":{"title":"La represi\u00f3n alcanza a ciudadanos sin v\u00ednculos con la oposici\u00f3n: 139 eventos registrados en primer semestre de 2026 - Cubalex","robots":{"index":"index","follow":"follow","max-snippet":"max-snippet:-1","max-image-preview":"max-image-preview:large","max-video-preview":"max-video-preview:-1"},"canonical":"https:\/\/cubalex.org\/en\/2026\/08\/17\/la-represion-alcanza-a-ciudadanos-sin-vinculos-con-la-oposicion-139-eventos-registrados-en-primer-semestre-de-2026\/","og_locale":"en_US","og_type":"article","og_title":"La represi\u00f3n alcanza a ciudadanos sin v\u00ednculos con la oposici\u00f3n: 139 eventos registrados en primer semestre de 2026 - Cubalex","og_description":"Durante el primer semestre de 2026, la represi\u00f3n en Cuba no se limit\u00f3 a activistas, opositores o integrantes de organizaciones de la sociedad civil. El monitoreo de Cubalex registr\u00f3 un aumento de las detenciones arbitrarias contra ciudadanos que no pertenecen a ninguna organizaci\u00f3n ni movimiento opositor y que, en muchos casos, expresaron su descontento de manera espont\u00e1nea.","og_url":"https:\/\/cubalex.org\/en\/2026\/08\/17\/la-represion-alcanza-a-ciudadanos-sin-vinculos-con-la-oposicion-139-eventos-registrados-en-primer-semestre-de-2026\/","og_site_name":"Cubalex","article_publisher":"https:\/\/www.facebook.com\/ONGcubalex","article_published_time":"2026-08-17T14:14:15+00:00","article_modified_time":"2026-08-17T14:23:10+00:00","og_image":[{"width":1200,"height":675,"url":"https:\/\/cubalex.org\/wp-content\/uploads\/2023\/10\/Detenciones.jpg","type":"image\/jpeg"}],"twitter_card":"summary_large_image","twitter_creator":"@CubalexDDHH","twitter_site":"@CubalexDDHH","twitter_misc":{"Written by":"puravida","Est. reading time":"4 minutes"},"schema":{"@context":"https:\/\/schema.org","@graph":[{"@type":"Article","@id":"https:\/\/cubalex.org\/2026\/08\/17\/la-represion-alcanza-a-ciudadanos-sin-vinculos-con-la-oposicion-139-eventos-registrados-en-primer-semestre-de-2026\/#article","isPartOf":{"@id":"https:\/\/cubalex.org\/2026\/08\/17\/la-represion-alcanza-a-ciudadanos-sin-vinculos-con-la-oposicion-139-eventos-registrados-en-primer-semestre-de-2026\/"},"headline":"La represi\u00f3n alcanza a ciudadanos sin v\u00ednculos con la oposici\u00f3n: 139 eventos registrados en primer semestre de 2026","datePublished":"2026-08-17T14:14:15+00:00","dateModified":"2026-08-17T14:23:10+00:00","mainEntityOfPage":{"@id":"https:\/\/cubalex.org\/2026\/08\/17\/la-represion-alcanza-a-ciudadanos-sin-vinculos-con-la-oposicion-139-eventos-registrados-en-primer-semestre-de-2026\/"},"wordCount":811,"publisher":{"@id":"https:\/\/cubalex.org\/#organization"},"image":{"@id":"https:\/\/cubalex.org\/2026\/08\/17\/la-represion-alcanza-a-ciudadanos-sin-vinculos-con-la-oposicion-139-eventos-registrados-en-primer-semestre-de-2026\/#primaryimage"},"thumbnailUrl":"https:\/\/i0.wp.com\/cubalex.org\/wp-content\/uploads\/2023\/10\/Detenciones.jpg?fit=1200%2C675&ssl=1","keywords":["derechos humanos","detenci\u00f3n arbitraria","Estado cubano"],"articleSection":["Alertas"],"inLanguage":"en-US"},{"@type":"WebPage","@id":"https:\/\/cubalex.org\/2026\/08\/17\/la-represion-alcanza-a-ciudadanos-sin-vinculos-con-la-oposicion-139-eventos-registrados-en-primer-semestre-de-2026\/","url":"https:\/\/cubalex.org\/2026\/08\/17\/la-represion-alcanza-a-ciudadanos-sin-vinculos-con-la-oposicion-139-eventos-registrados-en-primer-semestre-de-2026\/","name":"La represi\u00f3n alcanza a ciudadanos sin v\u00ednculos con la oposici\u00f3n: 139 eventos registrados en primer semestre de 2026 - Cubalex","isPartOf":{"@id":"https:\/\/cubalex.org\/#website"},"primaryImageOfPage":{"@id":"https:\/\/cubalex.org\/2026\/08\/17\/la-represion-alcanza-a-ciudadanos-sin-vinculos-con-la-oposicion-139-eventos-registrados-en-primer-semestre-de-2026\/#primaryimage"},"image":{"@id":"https:\/\/cubalex.org\/2026\/08\/17\/la-represion-alcanza-a-ciudadanos-sin-vinculos-con-la-oposicion-139-eventos-registrados-en-primer-semestre-de-2026\/#primaryimage"},"thumbnailUrl":"https:\/\/i0.wp.com\/cubalex.org\/wp-content\/uploads\/2023\/10\/Detenciones.jpg?fit=1200%2C675&ssl=1","datePublished":"2026-08-17T14:14:15+00:00","dateModified":"2026-08-17T14:23:10+00:00","breadcrumb":{"@id":"https:\/\/cubalex.org\/2026\/08\/17\/la-represion-alcanza-a-ciudadanos-sin-vinculos-con-la-oposicion-139-eventos-registrados-en-primer-semestre-de-2026\/#breadcrumb"},"inLanguage":"en-US","potentialAction":[{"@type":"ReadAction","target":["https:\/\/cubalex.org\/2026\/08\/17\/la-represion-alcanza-a-ciudadanos-sin-vinculos-con-la-oposicion-139-eventos-registrados-en-primer-semestre-de-2026\/"]}]},{"@type":"ImageObject","inLanguage":"en-US","@id":"https:\/\/cubalex.org\/2026\/08\/17\/la-represion-alcanza-a-ciudadanos-sin-vinculos-con-la-oposicion-139-eventos-registrados-en-primer-semestre-de-2026\/#primaryimage","url":"https:\/\/i0.wp.com\/cubalex.org\/wp-content\/uploads\/2023\/10\/Detenciones.jpg?fit=1200%2C675&ssl=1","contentUrl":"https:\/\/i0.wp.com\/cubalex.org\/wp-content\/uploads\/2023\/10\/Detenciones.jpg?fit=1200%2C675&ssl=1","width":1200,"height":675},{"@type":"BreadcrumbList","@id":"https:\/\/cubalex.org\/2026\/08\/17\/la-represion-alcanza-a-ciudadanos-sin-vinculos-con-la-oposicion-139-eventos-registrados-en-primer-semestre-de-2026\/#breadcrumb","itemListElement":[{"@type":"ListItem","position":1,"name":"Portada","item":"https:\/\/cubalex.org\/"},{"@type":"ListItem","position":2,"name":"La represi\u00f3n alcanza a ciudadanos sin v\u00ednculos con la oposici\u00f3n: 139 eventos registrados en primer semestre de 2026"}]},{"@type":"WebSite","@id":"https:\/\/cubalex.org\/#website","url":"https:\/\/cubalex.org\/","name":"Cubalex","description":"Trabajamos en defensa de los derechos humanos, para instaurar la democracia y el Estado de derecho en Cuba","publisher":{"@id":"https:\/\/cubalex.org\/#organization"},"potentialAction":[{"@type":"SearchAction","target":{"@type":"EntryPoint","urlTemplate":"https:\/\/cubalex.org\/?s={search_term_string}"},"query-input":{"@type":"PropertyValueSpecification","valueRequired":true,"valueName":"search_term_string"}}],"inLanguage":"en-US"},{"@type":"Organization","@id":"https:\/\/cubalex.org\/#organization","name":"Cubalex","url":"https:\/\/cubalex.org\/","logo":{"@type":"ImageObject","inLanguage":"en-US","@id":"https:\/\/cubalex.org\/#\/schema\/logo\/image\/","url":"https:\/\/i0.wp.com\/cubalex.org\/wp-content\/uploads\/2026\/08\/CUBALEX1.png?fit=1445%2C300&ssl=1","contentUrl":"https:\/\/i0.wp.com\/cubalex.org\/wp-content\/uploads\/2026\/08\/CUBALEX1.png?fit=1445%2C300&ssl=1","width":1445,"height":300,"caption":"Cubalex"},"image":{"@id":"https:\/\/cubalex.org\/#\/schema\/logo\/image\/"},"sameAs":["https:\/\/www.facebook.com\/ONGcubalex","https:\/\/x.com\/CubalexDDHH","https:\/\/www.youtube.com\/@Cubalex","https:\/\/www.linkedin.com\/company\/cubalex\/","https:\/\/t.me\/cubalex"]}]}},"jetpack_shortlink":"https:\/\/wp.me\/p23ZXl-6ey","jetpack_sharing_enabled":true,"jetpack_featured_media_url":"https:\/\/i0.wp.com\/cubalex.org\/wp-content\/uploads\/2023\/10\/Detenciones.jpg?fit=1200%2C675&ssl=1","_links":{"self":[{"href":"https:\/\/cubalex.org\/en\/wp-json\/wp\/v2\/posts\/23966","targetHints":{"allow":["GET"]}}],"collection":[{"href":"https:\/\/cubalex.org\/en\/wp-json\/wp\/v2\/posts"}],"about":[{"href":"https:\/\/cubalex.org\/en\/wp-json\/wp\/v2\/types\/post"}],"replies":[{"embeddable":true,"href":"https:\/\/cubalex.org\/en\/wp-json\/wp\/v2\/comments?post=23966"}],"version-history":[{"count":4,"href":"https:\/\/cubalex.org\/en\/wp-json\/wp\/v2\/posts\/23966\/revisions"}],"predecessor-version":[{"id":23986,"href":"https:\/\/cubalex.org\/en\/wp-json\/wp\/v2\/posts\/23966\/revisions\/23986"}],"wp:featuredmedia":[{"embeddable":true,"href":"https:\/\/cubalex.org\/en\/wp-json\/wp\/v2\/media\/10155"}],"wp:attachment":[{"href":"https:\/\/cubalex.org\/en\/wp-json\/wp\/v2\/media?parent=23966"}],"wp:term":[{"taxonomy":"category","embeddable":true,"href":"https:\/\/cubalex.org\/en\/wp-json\/wp\/v2\/categories?post=23966"},{"taxonomy":"post_tag","embeddable":true,"href":"https:\/\/cubalex.org\/en\/wp-json\/wp\/v2\/tags?post=23966"}],"curies":[{"name":"wp","href":"https:\/\/api.w.org\/{rel}","templated":true}]}}