{"id":24012,"date":"2026-08-17T15:32:26","date_gmt":"2026-08-17T19:32:26","guid":{"rendered":"https:\/\/cubalex.org\/?p=24012"},"modified":"2026-08-17T15:32:32","modified_gmt":"2026-08-17T19:32:32","slug":"asesinato-de-opositor-evidencia-escalada-de-violencia-y-falta-de-proteccion-ciudadana-en-cuba","status":"publish","type":"post","link":"https:\/\/cubalex.org\/en\/2026\/08\/17\/asesinato-de-opositor-evidencia-escalada-de-violencia-y-falta-de-proteccion-ciudadana-en-cuba\/","title":{"rendered":"Killing of Opposition Figure Reveals Escalating Violence and Lack of Citizen Protection in Cuba"},"content":{"rendered":"<p class=\"wp-block-paragraph\">Cubalex expresa sus condolencias a familiares y allegados de <strong>Diosbel V\u00e9liz Mar\u00edn<\/strong>, opositor cubano y delegado del Movimiento Opositores por una Nueva Rep\u00fablica (MONR), quien fue <a href=\"https:\/\/www.facebook.com\/reel\/2355068898564317\">asesinado<\/a> el pasado s\u00e1bado en La Habana.<\/p>\n\n\n\n<p class=\"wp-block-paragraph\">V\u00e9liz Mar\u00edn trabajaba como bicitaxista. De acuerdo con la informaci\u00f3n difundida sobre el caso, una mujer lo contrat\u00f3 para realizar un viaje hasta el Hospital Nacional y posteriormente el opositor fue hallado sin vida en el reparto Altahabana, municipio Boyeros. El cuerpo presentaba dos heridas de arma blanca. <\/p>\n\n\n\n<p class=\"wp-block-paragraph\">Hasta el momento, el m\u00f3vil del crimen no ha sido esclarecido. Una de las hip\u00f3tesis que maneja la familia es que V\u00e9liz Mar\u00edn haya sido v\u00edctima de un robo.<\/p>\n\n\n\n<p class=\"wp-block-paragraph\">Cubalex reclama una investigaci\u00f3n diligente, independiente y efectiva que permita esclarecer las circunstancias de su muerte, identificar a los responsables y garantizar justicia para su familia. La organizaci\u00f3n considera especialmente preocupante que este hecho ocurra en<strong> un contexto de incremento sostenido de la violencia ciudadana en Cuba, frente al cual el Estado no ha demostrado una respuesta preventiva y eficaz.<\/strong><\/p>\n\n\n\n<p class=\"wp-block-paragraph\">El asesinato de V\u00e9liz Mar\u00edn ocurre mientras los datos recopilados por Cubalex muestran una evoluci\u00f3n preocupante de la violencia letal en la Isla. El monitoreo de la organizaci\u00f3n registr\u00f3<a href=\"https:\/\/cubalex.org\/en\/report\/informe-mensual-sobre-la-situacion-de-los-derechos-humanos-en-cuba-julio-2026\/\"> 37 homicidios durante julio<\/a>, la cifra mensual m\u00e1s alta desde el inicio de este seguimiento en 2023. <\/p>\n\n\n\n<p class=\"wp-block-paragraph\">Se trata de un subregistro, pues los datos de Cubalex corresponden exclusivamente a hechos que han podido ser documentados y verificados, en un contexto caracterizado por la ausencia de estad\u00edsticas oficiales p\u00fablicas y sistem\u00e1ticas sobre criminalidad.<\/p>\n\n\n\n<p class=\"wp-block-paragraph\">Esta realidad <a href=\"https:\/\/cubalex.org\/en\/2026\/08\/06\/la-violencia-y-la-inseguridad-siguen-en-aumento-en-cuba-pese-a-la-creciente-militarizacion-del-pais\/\">contrasta con la creciente presencia de estructuras militares y de seguridad en la vida cotidiana. <\/a>Como ha documentado Cubalex, el aumento de la violencia ocurre mientras Cuba experimenta una progresiva militarizaci\u00f3n de la vida civil, sin que el Estado haya declarado formalmente ninguna de las situaciones excepcionales previstas en su propia Constituci\u00f3n. Esta expansi\u00f3n de las funciones militares se ha producido sin una proclamaci\u00f3n oficial de un estado excepcional, sin l\u00edmites temporales definidos y sin controles judiciales o parlamentarios efectivos, configurando un escenario de excepcionalidad de facto que concentra mayores poderes en las estructuras de defensa y seguridad.<\/p>\n\n\n\n<p class=\"wp-block-paragraph\">Sin embargo, los datos recopilados por Cubalex muestran que este<strong> control militar en la administraci\u00f3n de la vida cotidiana no se ha traducido en una mayor protecci\u00f3n para la poblaci\u00f3n ni en una reducci\u00f3n de la violencia. <\/strong>Por el contrario, los homicidios alcanzaron en julio su nivel m\u00e1s alto desde que la organizaci\u00f3n comenz\u00f3 este monitoreo y contin\u00faan registr\u00e1ndose feminicidios, hechos de violencia letal y otros delitos graves con una frecuencia alarmante.<\/p>\n\n\n\n<p class=\"wp-block-paragraph\">La <strong>militarizaci\u00f3n no puede sustituir las pol\u00edticas p\u00fablicas de prevenci\u00f3n del delito, protecci\u00f3n de las v\u00edctimas, investigaci\u00f3n criminal y acceso efectivo a la justicia. <\/strong>La seguridad ciudadana requiere instituciones capaces de prevenir, investigar y sancionar los delitos, as\u00ed como pol\u00edticas p\u00fablicas dirigidas a atender las causas sociales y econ\u00f3micas que favorecen la violencia.<\/p>\n\n\n\n<h3 class=\"wp-block-heading\">Otros casos de violencia contra opositores y sus familias<\/h3>\n\n\n\n<p class=\"wp-block-paragraph\">La muerte de V\u00e9liz Mar\u00edn se suma adem\u00e1s a otros hechos recientes que han afectado directamente a personas vinculadas a la oposici\u00f3n cubana y sus familias. En abril pasado, Randy Montes de Oca Ramos, hijo de la Dama de Blanco desterrada Leticia Ramos Herrer\u00eda,<strong> sufri\u00f3 un intento de asalto en su finca en C\u00e1rdenas, Matanzas. <\/strong><\/p>\n\n\n\n<p class=\"wp-block-paragraph\">Seg\u00fan explic\u00f3 Ramos Herrer\u00eda en su perfil de Facebook,<a href=\"https:\/\/cubalex.org\/en\/2026\/05\/06\/cuando-defenderse-es-delito-claves-legales-en-la-detencion-del-hijo-de-una-dama-de-blanco-en-cuba\/\"> su hijo se defendi\u00f3 de un hombre armado que ya desde d\u00edas anteriores estaba cometiendo robos en la zona.<\/a> El individuo ingres\u00f3 armado con un machete y un cuchillo a la vivienda donde Montes de Oca Ramos reside con su familia. Ante el riesgo para su vida, el joven actu\u00f3 en defensa propia y le caus\u00f3 una herida en una pierna al atacante.<\/p>\n\n\n\n<p class=\"wp-block-paragraph\">Montes de Oca Ramos auxili\u00f3 posteriormente al hombre y lo traslad\u00f3 a un hospital de la localidad, pero, seg\u00fan el relato difundido por su madre, la demora en la atenci\u00f3n m\u00e9dica provoc\u00f3 que este falleciera. Montes de Oca Ramos, por su parte, fue detenido ese mismo mes a pesar de actuar en defensa propia, y posteriormente qued\u00f3 en libertad.<\/p>\n\n\n\n<p class=\"wp-block-paragraph\">Tambi\u00e9n en junio pasado, un joven de 26 a\u00f1os, hijo de la opositora cubana Denia Fern\u00e1ndez Rey, fue <a href=\"https:\/\/www.cubanet.org\/ni-un-llanto-mas-de-una-madre-el-reclamo-de-una-opositora-tras-asesinato-de-su-hijo\/\">asesinado <\/a>en Palma Soriano, Santiago de Cuba. La muerte ocurri\u00f3 durante la madrugada del 13 de junio, despu\u00e9s de un incidente violento en las inmediaciones del Bar Galaxy. Seg\u00fan el testimonio de su madre, el agresor sorprendi\u00f3 al joven y lo atac\u00f3 con un arma blanca. <\/p>\n\n\n\n<p class=\"wp-block-paragraph\">Fern\u00e1ndez Rey tambi\u00e9n denunci\u00f3 <strong>obst\u00e1culos durante el proceso posterior al fallecimiento de su hijo y afirm\u00f3 que las autoridades demoraron inicialmente la entrega del cuerpo<\/strong>, mientras agentes de la Seguridad del Estado la intimidaban durante la organizaci\u00f3n de las honras f\u00fanebres.<\/p>\n\n\n\n<p class=\"wp-block-paragraph\">Estos hechos muestran una dimensi\u00f3n adicional de la crisis de seguridad en Cuba: la<strong> vulnerabilidad de personas opositoras, activistas y sus familiares frente a hechos violentos <\/strong>y, en determinados casos, frente a una respuesta institucional que no garantiza adecuadamente su protecci\u00f3n.<\/p>\n\n\n\n<p class=\"wp-block-paragraph\">La ausencia de informaci\u00f3n oficial sobre criminalidad y violencia constituye adem\u00e1s una violaci\u00f3n del derecho de acceso a la informaci\u00f3n p\u00fablica e impide el dise\u00f1o de pol\u00edticas p\u00fablicas eficaces para prevenir estos hechos y proteger a las v\u00edctimas. Sin estad\u00edsticas oficiales, p\u00fablicas, peri\u00f3dicas y verificables sobre homicidios, feminicidios, robos y otros delitos violentos, la poblaci\u00f3n no puede conocer la verdadera dimensi\u00f3n de la inseguridad y las autoridades no pueden ser evaluadas de manera adecuada por sus resultados en materia de prevenci\u00f3n y protecci\u00f3n.<\/p>\n\n\n\n<p class=\"wp-block-paragraph\">Cubalex recuerda que el Estado tiene la obligaci\u00f3n de garantizar la vida y la integridad personal de las personas bajo su jurisdicci\u00f3n, as\u00ed como de investigar de manera efectiva las muertes violentas y sancionar a sus responsables. La respuesta estatal no puede limitarse a incrementar la presencia militar en calles y comunidades mientras la violencia contin\u00faa aumentando. La <strong>seguridad de la poblaci\u00f3n debe ser una prioridad y no puede confundirse con el control pol\u00edtico ni con la represi\u00f3n del disenso.<\/strong><\/p>\n\n\n\n<p class=\"wp-block-paragraph\">La organizaci\u00f3n tambi\u00e9n llama al Estado cubano a adoptar medidas efectivas de prevenci\u00f3n de la violencia y protecci\u00f3n de la poblaci\u00f3n, publicar informaci\u00f3n estad\u00edstica peri\u00f3dica y verificable sobre los delitos violentos y garantizar que las pol\u00edticas de seguridad est\u00e9n orientadas a proteger a la ciudadan\u00eda.<\/p>\n\n\n\n<p class=\"wp-block-paragraph\">Cubalex reitera sus condolencias a la familia y personas cercanas a Diosbel V\u00e9liz Mar\u00edn y exige que su asesinato no quede impune. En un pa\u00eds donde la violencia aumenta mientras el Estado profundiza la militarizaci\u00f3n de la vida civil, la protecci\u00f3n efectiva de la vida y la integridad de las personas exige prevenci\u00f3n, investigaci\u00f3n, transparencia y justicia, no mayor control social.<\/p>\n\n\n\n<p class=\"wp-block-paragraph\"><\/p>","protected":false},"excerpt":{"rendered":"<p>Cubalex reclama una investigaci\u00f3n diligente, independiente y efectiva que permita esclarecer las circunstancias de su muerte, identificar a los responsables y garantizar justicia para su familia. La organizaci\u00f3n considera especialmente preocupante que este hecho ocurra en un contexto de incremento sostenido de la violencia ciudadana en Cuba, frente al cual el Estado no ha demostrado una respuesta preventiva y eficaz.<\/p>","protected":false},"featured_media":24015,"comment_status":"closed","ping_status":"closed","sticky":false,"template":"","format":"standard","meta":{"_jetpack_newsletter_access":"","_jetpack_dont_email_post_to_subs":false,"_jetpack_newsletter_tier_id":0,"_jetpack_memberships_contains_paywalled_content":false,"_wpcom_ai_launchpad_first_post":false,"_jetpack_feature_clip_id":0,"_jetpack_memberships_contains_paid_content":false,"footnotes":"","jetpack_post_was_ever_published":false},"categories":[551856560],"tags":[34097768,139553],"class_list":["post-24012","post","type-post","status-publish","format-standard","has-post-thumbnail","hentry","category-alertas","tag-estado-cubano","tag-leyes"],"featured_image_src":"https:\/\/i0.wp.com\/cubalex.org\/wp-content\/uploads\/2026\/08\/opositor-asesinado.jpg?fit=1200%2C560&ssl=1","acf":{"translation_reviewed":false},"yoast_head":"<!-- This site is optimized with the Yoast SEO plugin v28.4 - https:\/\/yoast.com\/product\/yoast-seo-wordpress\/ -->\n<title>Asesinato de opositor evidencia escalada de violencia y falta de protecci\u00f3n ciudadana en Cuba - Cubalex<\/title>\n<meta name=\"robots\" content=\"index, follow, max-snippet:-1, max-image-preview:large, max-video-preview:-1\" \/>\n<link rel=\"canonical\" href=\"https:\/\/cubalex.org\/en\/2026\/08\/17\/asesinato-de-opositor-evidencia-escalada-de-violencia-y-falta-de-proteccion-ciudadana-en-cuba\/\" \/>\n<meta property=\"og:locale\" content=\"en_US\" \/>\n<meta property=\"og:type\" content=\"article\" \/>\n<meta property=\"og:title\" content=\"Asesinato de opositor evidencia escalada de violencia y falta de protecci\u00f3n ciudadana en Cuba - Cubalex\" \/>\n<meta property=\"og:description\" content=\"Cubalex reclama una investigaci\u00f3n diligente, independiente y efectiva que permita esclarecer las circunstancias de su muerte, identificar a los responsables y garantizar justicia para su familia. La organizaci\u00f3n considera especialmente preocupante que este hecho ocurra en un contexto de incremento sostenido de la violencia ciudadana en Cuba, frente al cual el Estado no ha demostrado una respuesta preventiva y eficaz.\" \/>\n<meta property=\"og:url\" content=\"https:\/\/cubalex.org\/en\/2026\/08\/17\/asesinato-de-opositor-evidencia-escalada-de-violencia-y-falta-de-proteccion-ciudadana-en-cuba\/\" \/>\n<meta property=\"og:site_name\" content=\"Cubalex\" \/>\n<meta property=\"article:publisher\" content=\"https:\/\/www.facebook.com\/ONGcubalex\" \/>\n<meta property=\"article:published_time\" content=\"2026-08-17T19:32:26+00:00\" \/>\n<meta property=\"article:modified_time\" content=\"2026-08-17T19:32:32+00:00\" \/>\n<meta property=\"og:image\" content=\"https:\/\/cubalex.org\/wp-content\/uploads\/2026\/08\/opositor-asesinado.jpg\" \/>\n\t<meta property=\"og:image:width\" content=\"1200\" \/>\n\t<meta property=\"og:image:height\" content=\"560\" \/>\n\t<meta property=\"og:image:type\" content=\"image\/jpeg\" \/>\n<meta name=\"twitter:card\" content=\"summary_large_image\" \/>\n<meta name=\"twitter:creator\" content=\"@CubalexDDHH\" \/>\n<meta name=\"twitter:site\" content=\"@CubalexDDHH\" \/>\n<meta name=\"twitter:label1\" content=\"Written by\" \/>\n\t<meta name=\"twitter:data1\" content=\"puravida\" \/>\n\t<meta name=\"twitter:label2\" content=\"Est. reading time\" \/>\n\t<meta name=\"twitter:data2\" content=\"6 minutes\" \/>\n<script type=\"application\/ld+json\" class=\"yoast-schema-graph\">{\"@context\":\"https:\\\/\\\/schema.org\",\"@graph\":[{\"@type\":\"Article\",\"@id\":\"https:\\\/\\\/cubalex.org\\\/2026\\\/08\\\/17\\\/asesinato-de-opositor-evidencia-escalada-de-violencia-y-falta-de-proteccion-ciudadana-en-cuba\\\/#article\",\"isPartOf\":{\"@id\":\"https:\\\/\\\/cubalex.org\\\/2026\\\/08\\\/17\\\/asesinato-de-opositor-evidencia-escalada-de-violencia-y-falta-de-proteccion-ciudadana-en-cuba\\\/\"},\"headline\":\"Asesinato de opositor evidencia escalada de violencia y falta de protecci\u00f3n ciudadana en Cuba\",\"datePublished\":\"2026-08-17T19:32:26+00:00\",\"dateModified\":\"2026-08-17T19:32:32+00:00\",\"mainEntityOfPage\":{\"@id\":\"https:\\\/\\\/cubalex.org\\\/2026\\\/08\\\/17\\\/asesinato-de-opositor-evidencia-escalada-de-violencia-y-falta-de-proteccion-ciudadana-en-cuba\\\/\"},\"wordCount\":1207,\"publisher\":{\"@id\":\"https:\\\/\\\/cubalex.org\\\/#organization\"},\"image\":{\"@id\":\"https:\\\/\\\/cubalex.org\\\/2026\\\/08\\\/17\\\/asesinato-de-opositor-evidencia-escalada-de-violencia-y-falta-de-proteccion-ciudadana-en-cuba\\\/#primaryimage\"},\"thumbnailUrl\":\"https:\\\/\\\/i0.wp.com\\\/cubalex.org\\\/wp-content\\\/uploads\\\/2026\\\/08\\\/opositor-asesinado.jpg?fit=1200%2C560&ssl=1\",\"keywords\":[\"Estado cubano\",\"leyes\"],\"articleSection\":[\"Alertas\"],\"inLanguage\":\"en-US\"},{\"@type\":\"WebPage\",\"@id\":\"https:\\\/\\\/cubalex.org\\\/2026\\\/08\\\/17\\\/asesinato-de-opositor-evidencia-escalada-de-violencia-y-falta-de-proteccion-ciudadana-en-cuba\\\/\",\"url\":\"https:\\\/\\\/cubalex.org\\\/2026\\\/08\\\/17\\\/asesinato-de-opositor-evidencia-escalada-de-violencia-y-falta-de-proteccion-ciudadana-en-cuba\\\/\",\"name\":\"Asesinato de opositor evidencia escalada de violencia y falta de protecci\u00f3n ciudadana en Cuba - Cubalex\",\"isPartOf\":{\"@id\":\"https:\\\/\\\/cubalex.org\\\/#website\"},\"primaryImageOfPage\":{\"@id\":\"https:\\\/\\\/cubalex.org\\\/2026\\\/08\\\/17\\\/asesinato-de-opositor-evidencia-escalada-de-violencia-y-falta-de-proteccion-ciudadana-en-cuba\\\/#primaryimage\"},\"image\":{\"@id\":\"https:\\\/\\\/cubalex.org\\\/2026\\\/08\\\/17\\\/asesinato-de-opositor-evidencia-escalada-de-violencia-y-falta-de-proteccion-ciudadana-en-cuba\\\/#primaryimage\"},\"thumbnailUrl\":\"https:\\\/\\\/i0.wp.com\\\/cubalex.org\\\/wp-content\\\/uploads\\\/2026\\\/08\\\/opositor-asesinado.jpg?fit=1200%2C560&ssl=1\",\"datePublished\":\"2026-08-17T19:32:26+00:00\",\"dateModified\":\"2026-08-17T19:32:32+00:00\",\"breadcrumb\":{\"@id\":\"https:\\\/\\\/cubalex.org\\\/2026\\\/08\\\/17\\\/asesinato-de-opositor-evidencia-escalada-de-violencia-y-falta-de-proteccion-ciudadana-en-cuba\\\/#breadcrumb\"},\"inLanguage\":\"en-US\",\"potentialAction\":[{\"@type\":\"ReadAction\",\"target\":[\"https:\\\/\\\/cubalex.org\\\/2026\\\/08\\\/17\\\/asesinato-de-opositor-evidencia-escalada-de-violencia-y-falta-de-proteccion-ciudadana-en-cuba\\\/\"]}]},{\"@type\":\"ImageObject\",\"inLanguage\":\"en-US\",\"@id\":\"https:\\\/\\\/cubalex.org\\\/2026\\\/08\\\/17\\\/asesinato-de-opositor-evidencia-escalada-de-violencia-y-falta-de-proteccion-ciudadana-en-cuba\\\/#primaryimage\",\"url\":\"https:\\\/\\\/i0.wp.com\\\/cubalex.org\\\/wp-content\\\/uploads\\\/2026\\\/08\\\/opositor-asesinado.jpg?fit=1200%2C560&ssl=1\",\"contentUrl\":\"https:\\\/\\\/i0.wp.com\\\/cubalex.org\\\/wp-content\\\/uploads\\\/2026\\\/08\\\/opositor-asesinado.jpg?fit=1200%2C560&ssl=1\",\"width\":1200,\"height\":560,\"caption\":\"Diosbel V\u00e9liz Mar\u00edn.\"},{\"@type\":\"BreadcrumbList\",\"@id\":\"https:\\\/\\\/cubalex.org\\\/2026\\\/08\\\/17\\\/asesinato-de-opositor-evidencia-escalada-de-violencia-y-falta-de-proteccion-ciudadana-en-cuba\\\/#breadcrumb\",\"itemListElement\":[{\"@type\":\"ListItem\",\"position\":1,\"name\":\"Portada\",\"item\":\"https:\\\/\\\/cubalex.org\\\/\"},{\"@type\":\"ListItem\",\"position\":2,\"name\":\"Asesinato de opositor evidencia escalada de violencia y falta de protecci\u00f3n ciudadana en Cuba\"}]},{\"@type\":\"WebSite\",\"@id\":\"https:\\\/\\\/cubalex.org\\\/#website\",\"url\":\"https:\\\/\\\/cubalex.org\\\/\",\"name\":\"Cubalex\",\"description\":\"Trabajamos en defensa de los derechos humanos, para instaurar la democracia y el Estado de derecho en Cuba\",\"publisher\":{\"@id\":\"https:\\\/\\\/cubalex.org\\\/#organization\"},\"potentialAction\":[{\"@type\":\"SearchAction\",\"target\":{\"@type\":\"EntryPoint\",\"urlTemplate\":\"https:\\\/\\\/cubalex.org\\\/?s={search_term_string}\"},\"query-input\":{\"@type\":\"PropertyValueSpecification\",\"valueRequired\":true,\"valueName\":\"search_term_string\"}}],\"inLanguage\":\"en-US\"},{\"@type\":\"Organization\",\"@id\":\"https:\\\/\\\/cubalex.org\\\/#organization\",\"name\":\"Cubalex\",\"url\":\"https:\\\/\\\/cubalex.org\\\/\",\"logo\":{\"@type\":\"ImageObject\",\"inLanguage\":\"en-US\",\"@id\":\"https:\\\/\\\/cubalex.org\\\/#\\\/schema\\\/logo\\\/image\\\/\",\"url\":\"https:\\\/\\\/i0.wp.com\\\/cubalex.org\\\/wp-content\\\/uploads\\\/2026\\\/08\\\/CUBALEX1.png?fit=1445%2C300&ssl=1\",\"contentUrl\":\"https:\\\/\\\/i0.wp.com\\\/cubalex.org\\\/wp-content\\\/uploads\\\/2026\\\/08\\\/CUBALEX1.png?fit=1445%2C300&ssl=1\",\"width\":1445,\"height\":300,\"caption\":\"Cubalex\"},\"image\":{\"@id\":\"https:\\\/\\\/cubalex.org\\\/#\\\/schema\\\/logo\\\/image\\\/\"},\"sameAs\":[\"https:\\\/\\\/www.facebook.com\\\/ONGcubalex\",\"https:\\\/\\\/x.com\\\/CubalexDDHH\",\"https:\\\/\\\/www.youtube.com\\\/@Cubalex\",\"https:\\\/\\\/www.linkedin.com\\\/company\\\/cubalex\\\/\",\"https:\\\/\\\/t.me\\\/cubalex\"]}]}<\/script>\n<!-- \/ Yoast SEO plugin. -->","yoast_head_json":{"title":"Asesinato de opositor evidencia escalada de violencia y falta de protecci\u00f3n ciudadana en Cuba - Cubalex","robots":{"index":"index","follow":"follow","max-snippet":"max-snippet:-1","max-image-preview":"max-image-preview:large","max-video-preview":"max-video-preview:-1"},"canonical":"https:\/\/cubalex.org\/en\/2026\/08\/17\/asesinato-de-opositor-evidencia-escalada-de-violencia-y-falta-de-proteccion-ciudadana-en-cuba\/","og_locale":"en_US","og_type":"article","og_title":"Asesinato de opositor evidencia escalada de violencia y falta de protecci\u00f3n ciudadana en Cuba - Cubalex","og_description":"Cubalex reclama una investigaci\u00f3n diligente, independiente y efectiva que permita esclarecer las circunstancias de su muerte, identificar a los responsables y garantizar justicia para su familia. La organizaci\u00f3n considera especialmente preocupante que este hecho ocurra en un contexto de incremento sostenido de la violencia ciudadana en Cuba, frente al cual el Estado no ha demostrado una respuesta preventiva y eficaz.","og_url":"https:\/\/cubalex.org\/en\/2026\/08\/17\/asesinato-de-opositor-evidencia-escalada-de-violencia-y-falta-de-proteccion-ciudadana-en-cuba\/","og_site_name":"Cubalex","article_publisher":"https:\/\/www.facebook.com\/ONGcubalex","article_published_time":"2026-08-17T19:32:26+00:00","article_modified_time":"2026-08-17T19:32:32+00:00","og_image":[{"width":1200,"height":560,"url":"https:\/\/cubalex.org\/wp-content\/uploads\/2026\/08\/opositor-asesinado.jpg","type":"image\/jpeg"}],"twitter_card":"summary_large_image","twitter_creator":"@CubalexDDHH","twitter_site":"@CubalexDDHH","twitter_misc":{"Written by":"puravida","Est. reading time":"6 minutes"},"schema":{"@context":"https:\/\/schema.org","@graph":[{"@type":"Article","@id":"https:\/\/cubalex.org\/2026\/08\/17\/asesinato-de-opositor-evidencia-escalada-de-violencia-y-falta-de-proteccion-ciudadana-en-cuba\/#article","isPartOf":{"@id":"https:\/\/cubalex.org\/2026\/08\/17\/asesinato-de-opositor-evidencia-escalada-de-violencia-y-falta-de-proteccion-ciudadana-en-cuba\/"},"headline":"Asesinato de opositor evidencia escalada de violencia y falta de protecci\u00f3n ciudadana en Cuba","datePublished":"2026-08-17T19:32:26+00:00","dateModified":"2026-08-17T19:32:32+00:00","mainEntityOfPage":{"@id":"https:\/\/cubalex.org\/2026\/08\/17\/asesinato-de-opositor-evidencia-escalada-de-violencia-y-falta-de-proteccion-ciudadana-en-cuba\/"},"wordCount":1207,"publisher":{"@id":"https:\/\/cubalex.org\/#organization"},"image":{"@id":"https:\/\/cubalex.org\/2026\/08\/17\/asesinato-de-opositor-evidencia-escalada-de-violencia-y-falta-de-proteccion-ciudadana-en-cuba\/#primaryimage"},"thumbnailUrl":"https:\/\/i0.wp.com\/cubalex.org\/wp-content\/uploads\/2026\/08\/opositor-asesinado.jpg?fit=1200%2C560&ssl=1","keywords":["Estado cubano","leyes"],"articleSection":["Alertas"],"inLanguage":"en-US"},{"@type":"WebPage","@id":"https:\/\/cubalex.org\/2026\/08\/17\/asesinato-de-opositor-evidencia-escalada-de-violencia-y-falta-de-proteccion-ciudadana-en-cuba\/","url":"https:\/\/cubalex.org\/2026\/08\/17\/asesinato-de-opositor-evidencia-escalada-de-violencia-y-falta-de-proteccion-ciudadana-en-cuba\/","name":"Asesinato de opositor evidencia escalada de violencia y falta de protecci\u00f3n ciudadana en Cuba - Cubalex","isPartOf":{"@id":"https:\/\/cubalex.org\/#website"},"primaryImageOfPage":{"@id":"https:\/\/cubalex.org\/2026\/08\/17\/asesinato-de-opositor-evidencia-escalada-de-violencia-y-falta-de-proteccion-ciudadana-en-cuba\/#primaryimage"},"image":{"@id":"https:\/\/cubalex.org\/2026\/08\/17\/asesinato-de-opositor-evidencia-escalada-de-violencia-y-falta-de-proteccion-ciudadana-en-cuba\/#primaryimage"},"thumbnailUrl":"https:\/\/i0.wp.com\/cubalex.org\/wp-content\/uploads\/2026\/08\/opositor-asesinado.jpg?fit=1200%2C560&ssl=1","datePublished":"2026-08-17T19:32:26+00:00","dateModified":"2026-08-17T19:32:32+00:00","breadcrumb":{"@id":"https:\/\/cubalex.org\/2026\/08\/17\/asesinato-de-opositor-evidencia-escalada-de-violencia-y-falta-de-proteccion-ciudadana-en-cuba\/#breadcrumb"},"inLanguage":"en-US","potentialAction":[{"@type":"ReadAction","target":["https:\/\/cubalex.org\/2026\/08\/17\/asesinato-de-opositor-evidencia-escalada-de-violencia-y-falta-de-proteccion-ciudadana-en-cuba\/"]}]},{"@type":"ImageObject","inLanguage":"en-US","@id":"https:\/\/cubalex.org\/2026\/08\/17\/asesinato-de-opositor-evidencia-escalada-de-violencia-y-falta-de-proteccion-ciudadana-en-cuba\/#primaryimage","url":"https:\/\/i0.wp.com\/cubalex.org\/wp-content\/uploads\/2026\/08\/opositor-asesinado.jpg?fit=1200%2C560&ssl=1","contentUrl":"https:\/\/i0.wp.com\/cubalex.org\/wp-content\/uploads\/2026\/08\/opositor-asesinado.jpg?fit=1200%2C560&ssl=1","width":1200,"height":560,"caption":"Diosbel V\u00e9liz Mar\u00edn."},{"@type":"BreadcrumbList","@id":"https:\/\/cubalex.org\/2026\/08\/17\/asesinato-de-opositor-evidencia-escalada-de-violencia-y-falta-de-proteccion-ciudadana-en-cuba\/#breadcrumb","itemListElement":[{"@type":"ListItem","position":1,"name":"Portada","item":"https:\/\/cubalex.org\/"},{"@type":"ListItem","position":2,"name":"Asesinato de opositor evidencia escalada de violencia y falta de protecci\u00f3n ciudadana en Cuba"}]},{"@type":"WebSite","@id":"https:\/\/cubalex.org\/#website","url":"https:\/\/cubalex.org\/","name":"Cubalex","description":"Trabajamos en defensa de los derechos humanos, para instaurar la democracia y el Estado de derecho en Cuba","publisher":{"@id":"https:\/\/cubalex.org\/#organization"},"potentialAction":[{"@type":"SearchAction","target":{"@type":"EntryPoint","urlTemplate":"https:\/\/cubalex.org\/?s={search_term_string}"},"query-input":{"@type":"PropertyValueSpecification","valueRequired":true,"valueName":"search_term_string"}}],"inLanguage":"en-US"},{"@type":"Organization","@id":"https:\/\/cubalex.org\/#organization","name":"Cubalex","url":"https:\/\/cubalex.org\/","logo":{"@type":"ImageObject","inLanguage":"en-US","@id":"https:\/\/cubalex.org\/#\/schema\/logo\/image\/","url":"https:\/\/i0.wp.com\/cubalex.org\/wp-content\/uploads\/2026\/08\/CUBALEX1.png?fit=1445%2C300&ssl=1","contentUrl":"https:\/\/i0.wp.com\/cubalex.org\/wp-content\/uploads\/2026\/08\/CUBALEX1.png?fit=1445%2C300&ssl=1","width":1445,"height":300,"caption":"Cubalex"},"image":{"@id":"https:\/\/cubalex.org\/#\/schema\/logo\/image\/"},"sameAs":["https:\/\/www.facebook.com\/ONGcubalex","https:\/\/x.com\/CubalexDDHH","https:\/\/www.youtube.com\/@Cubalex","https:\/\/www.linkedin.com\/company\/cubalex\/","https:\/\/t.me\/cubalex"]}]}},"jetpack_shortlink":"https:\/\/wp.me\/p23ZXl-6fi","jetpack_sharing_enabled":true,"jetpack_featured_media_url":"https:\/\/i0.wp.com\/cubalex.org\/wp-content\/uploads\/2026\/08\/opositor-asesinado.jpg?fit=1200%2C560&ssl=1","_links":{"self":[{"href":"https:\/\/cubalex.org\/en\/wp-json\/wp\/v2\/posts\/24012","targetHints":{"allow":["GET"]}}],"collection":[{"href":"https:\/\/cubalex.org\/en\/wp-json\/wp\/v2\/posts"}],"about":[{"href":"https:\/\/cubalex.org\/en\/wp-json\/wp\/v2\/types\/post"}],"replies":[{"embeddable":true,"href":"https:\/\/cubalex.org\/en\/wp-json\/wp\/v2\/comments?post=24012"}],"version-history":[{"count":2,"href":"https:\/\/cubalex.org\/en\/wp-json\/wp\/v2\/posts\/24012\/revisions"}],"predecessor-version":[{"id":24016,"href":"https:\/\/cubalex.org\/en\/wp-json\/wp\/v2\/posts\/24012\/revisions\/24016"}],"wp:featuredmedia":[{"embeddable":true,"href":"https:\/\/cubalex.org\/en\/wp-json\/wp\/v2\/media\/24015"}],"wp:attachment":[{"href":"https:\/\/cubalex.org\/en\/wp-json\/wp\/v2\/media?parent=24012"}],"wp:term":[{"taxonomy":"category","embeddable":true,"href":"https:\/\/cubalex.org\/en\/wp-json\/wp\/v2\/categories?post=24012"},{"taxonomy":"post_tag","embeddable":true,"href":"https:\/\/cubalex.org\/en\/wp-json\/wp\/v2\/tags?post=24012"}],"curies":[{"name":"wp","href":"https:\/\/api.w.org\/{rel}","templated":true}]}}