{"id":24681,"date":"2026-08-21T09:30:00","date_gmt":"2026-08-21T13:30:00","guid":{"rendered":"https:\/\/cubalex.org\/?p=24681"},"modified":"2026-08-20T13:21:35","modified_gmt":"2026-08-20T17:21:35","slug":"abandono-en-lugares-alejados-una-practica-represiva-contra-opositores-y-activistas-en-cuba","status":"publish","type":"post","link":"https:\/\/cubalex.org\/en\/2026\/08\/21\/abandono-en-lugares-alejados-una-practica-represiva-contra-opositores-y-activistas-en-cuba\/","title":{"rendered":"Abandonment in Remote Locations: A Repressive Practice Against Opposition Figures and Activists in Cuba"},"content":{"rendered":"<p class=\"wp-block-paragraph\">El<strong> abandono de opositores y activistas en lugares despoblados, alejados de sus viviendas y, en algunos casos, incluso en otras provincias, se ha convertido en una pr\u00e1ctica represiva utilizada por agentes de la Seguridad del Estado <\/strong>cubana para intimidar, castigar y quebrar a personas que ejercen derechos fundamentales. Los hechos suelen ocurrir despu\u00e9s de detenciones arbitrarias o per\u00edodos de desaparici\u00f3n forzada y con frecuencia tienen lugar durante la noche o la madrugada, dejando a las v\u00edctimas sin medios para regresar a sus hogares.<\/p>\n\n\n\n<p class=\"wp-block-paragraph\">Uno de los casos m\u00e1s recientes ocurri\u00f3 el 19 de agosto de 2026 contra el periodista independiente y escritor Francisco Correa Romero. El reportero explic\u00f3 que<a href=\"https:\/\/adncuba.com\/derechos-humanos\/denuncian-arresto-y-desaparicion-forzada-del-periodista-independiente-frank-correa\/\"> fue detenido <\/a>mientras realizaba una entrevista en la f\u00e1brica de banderas de Jaimanitas, en el municipio Playa, La Habana. Despu\u00e9s de permanecer bajo custodia de agentes estatales,<strong> fue trasladado en un carro policial hasta Candelaria, en la provincia de Pinar del R\u00edo, donde fue abandonado.<\/strong><\/p>\n\n\n\n<p class=\"wp-block-paragraph\">Correa denunci\u00f3 adem\u00e1s que durante el operativo los agentes le incautaron dinero y una acreditaci\u00f3n del medio independiente <em>Diario de Cuba<\/em>. Su esposa, la periodista independiente Yunia Figueredo, hab\u00eda denunciado desde la tarde del 19 de agosto que desconoc\u00eda el paradero de Correa y responsabiliz\u00f3 a la Seguridad del Estado por su desaparici\u00f3n.<\/p>\n\n\n\n<p class=\"wp-block-paragraph\">El periodista no pudo regresar a La Habana hasta la madrugada del 20 de agosto, cuando logr\u00f3 trasladarse en un cami\u00f3n que transportaba mercanc\u00edas hacia La Lisa.<strong> Desde ese municipio tuvo que continuar el trayecto a pie hasta su vivienda en Jaimanitas.<\/strong><\/p>\n\n\n\n<p class=\"wp-block-paragraph\">El caso de Correa evidencia c\u00f3mo el abandono puede ser utilizado como una extensi\u00f3n de la detenci\u00f3n arbitraria: aunque la persona sea finalmente liberada, las autoridades la dejan deliberadamente en condiciones que dificultan su regreso, especialmente cuando carece de dinero, transporte o medios de comunicaci\u00f3n. En este tipo de situaciones, adem\u00e1s, la incertidumbre sobre el paradero de la v\u00edctima puede prolongarse durante horas y generar angustia entre sus familiares.<\/p>\n\n\n\n<h3 class=\"wp-block-heading\">Caso de Mario Alberto Hern\u00e1ndez: dos veces en lo que va de 2026<\/h3>\n\n\n\n<p class=\"wp-block-paragraph\">En lo que va de 2026, el <strong>monitoreo de Cubalex ha registrado seis eventos relacionados con el abandono de activistas y opositores en lugares despoblados, alejados de sus viviendas o de dif\u00edcil acceso.<\/strong> Los casos documentados muestran un patr\u00f3n en el que las autoridades, despu\u00e9s de detener o interrogar a las v\u00edctimas, las trasladan fuera de sus lugares habituales y las dejan sin recursos suficientes para regresar a sus hogares.<\/p>\n\n\n\n<p class=\"wp-block-paragraph\">Esta pr\u00e1ctica tiene un efecto intimidatorio y puede generar condiciones de vulnerabilidad f\u00edsica y psicol\u00f3gica. Al ser abandonadas durante la noche, la madrugada o en sitios alejados, las v\u00edctimas quedan expuestas a riesgos adicionales y deben resolver por sus propios medios el regreso a sus viviendas.<\/p>\n\n\n\n<p class=\"wp-block-paragraph\">Uno de los casos m\u00e1s relevantes es el del vicepresidente del Movimiento Opositor por una Nueva Rep\u00fablica (MONR), Mario Alberto Hern\u00e1ndez Leyva, quien <a href=\"https:\/\/www.facebook.com\/reel\/3417531408428105\">ha denunciado<\/a> haber sido sometido a este tipo de represalia al menos dos veces durante 2026.<\/p>\n\n\n\n<p class=\"wp-block-paragraph\">El episodio m\u00e1s reciente ocurri\u00f3 en julio, cuando <strong>Hern\u00e1ndez Leyva denunci\u00f3 haber sido golpeado, amenazado y sometido durante varias horas a una desaparici\u00f3n forzada <\/strong>por agentes de la Seguridad del Estado. El opositor fue detenido mientras se dirig\u00eda a una actividad convocada por el jefe de la diplomacia estadounidense en La Habana, Mike Hammer.<\/p>\n\n\n\n<p class=\"wp-block-paragraph\">Inicialmente fue trasladado a la estaci\u00f3n policial de Marianao. <strong>Posteriormente, los agentes volvieron a subirlo a una patrulla y lo trasladaron fuera de La Habana.<\/strong><\/p>\n\n\n\n<p class=\"wp-block-paragraph\"><strong>\u201cMe llevaron casi para otra provincia, Artemisa. <\/strong>En medio de una autopista me bajaron esposado, me llevaron a un matorral, me quitaron los pantalones y me hicieron fotos. Me trajeron de nuevo a la Sexta Unidad de Marianao\u201d, relat\u00f3 Hern\u00e1ndez Leyva.<\/p>\n\n\n\n<p class=\"wp-block-paragraph\">El activista tambi\u00e9n denunci\u00f3 haber recibido amenazas durante el operativo y report\u00f3 la desaparici\u00f3n de varias de sus pertenencias.<\/p>\n\n\n\n<p class=\"wp-block-paragraph\">Adem\u00e1s de Correa y Hern\u00e1ndez Leyva, otros activistas y opositores que han sufrido durante 2026 hechos relacionados con el abandono en lugares alejados o despoblados son Alexander D\u00edaz Rodr\u00edguez, Jos\u00e9 El\u00edas Gonz\u00e1lez, Manuel Cuesta Mor\u00faa y Rolando P\u00e9rez Lora.<\/p>\n\n\n\n<h3 class=\"wp-block-heading\">Una modalidad de castigo y hostigamiento<\/h3>\n\n\n\n<p class=\"wp-block-paragraph\">El abandono forzado debe analizarse dentro del conjunto de pr\u00e1cticas empleadas por las autoridades cubanas para castigar a personas por su activismo, ejercicio del periodismo independiente, participaci\u00f3n en actividades opositoras o v\u00ednculo con actores de la sociedad civil.<\/p>\n\n\n\n<p class=\"wp-block-paragraph\">La pr\u00e1ctica no termina necesariamente con la liberaci\u00f3n de la persona detenida. Al trasladarla deliberadamente a un sitio distante y dejarla sin dinero, transporte u otros medios para regresar, los agentes prolongan los efectos de la detenci\u00f3n y generan una situaci\u00f3n adicional de vulnerabilidad.<\/p>\n\n\n\n<p class=\"wp-block-paragraph\">En varios de los casos documentados por Cubalex, el abandono se produce despu\u00e9s de interrogatorios, amenazas, golpes, confiscaci\u00f3n de pertenencias o per\u00edodos de incomunicaci\u00f3n. Esto permite identificar un patr\u00f3n de hostigamiento dirigido no solo a la v\u00edctima, sino tambi\u00e9n a su entorno familiar, que permanece durante horas sin conocer su paradero.<\/p>\n\n\n\n<p class=\"wp-block-paragraph\">El caso de Francisco Correa vuelve a poner de manifiesto esta pr\u00e1ctica. El periodista fue detenido mientras realizaba su trabajo, permaneci\u00f3 incomunicado durante horas y termin\u00f3 abandonado en otra provincia, a decenas de kil\u00f3metros de su vivienda, sin el dinero que llevaba consigo y sin una v\u00eda segura para regresar.<\/p>\n\n\n\n<p class=\"wp-block-paragraph\">Cubalex considera necesario documentar estos hechos como parte de los patrones de represi\u00f3n empleados contra periodistas independientes, opositores y activistas en Cuba. El abandono en lugares despoblados o alejados no constituye una liberaci\u00f3n efectiva <strong>cuando las autoridades crean deliberadamente condiciones de riesgo, desprotecci\u00f3n y vulnerabilidad para la persona detenida.<\/strong><\/p>\n\n\n\n<p class=\"wp-block-paragraph\">La repetici\u00f3n de estos episodios durante 2026 evidencia la necesidad de continuar registr\u00e1ndolos y analiz\u00e1ndolos como una modalidad espec\u00edfica de violencia represiva, particularmente cuando concurren con detenciones arbitrarias, desapariciones forzadas, amenazas, agresiones f\u00edsicas, confiscaci\u00f3n de pertenencias y otras formas de hostigamiento estatal.<\/p>","protected":false},"excerpt":{"rendered":"<p>El abandono de opositores y activistas en lugares despoblados, alejados de sus viviendas y, en algunos casos, incluso en otras provincias, se ha convertido en una pr\u00e1ctica represiva utilizada por agentes de la Seguridad del Estado cubana para intimidar, castigar y quebrar a personas que ejercen derechos fundamentales. Los hechos suelen ocurrir despu\u00e9s de detenciones arbitrarias o per\u00edodos de desaparici\u00f3n forzada y con frecuencia tienen lugar durante la noche o la madrugada, dejando a las v\u00edctimas sin medios para regresar a sus hogares.<\/p>","protected":false},"featured_media":24684,"comment_status":"closed","ping_status":"closed","sticky":false,"template":"","format":"standard","meta":{"_jetpack_newsletter_access":"","_jetpack_dont_email_post_to_subs":false,"_jetpack_newsletter_tier_id":0,"_jetpack_memberships_contains_paywalled_content":false,"_wpcom_ai_launchpad_first_post":false,"_jetpack_feature_clip_id":0,"_jetpack_memberships_contains_paid_content":false,"footnotes":"","jetpack_post_was_ever_published":false},"categories":[551856560],"tags":[31684,34097768,112601],"class_list":["post-24681","post","type-post","status-publish","format-standard","has-post-thumbnail","hentry","category-alertas","tag-derechos-humanos","tag-estado-cubano","tag-represion"],"featured_image_src":"https:\/\/i0.wp.com\/cubalex.org\/wp-content\/uploads\/2026\/08\/activistas-abandono.jpg?fit=1200%2C560&ssl=1","acf":{"translation_reviewed":false},"yoast_head":"<!-- This site is optimized with the Yoast SEO plugin v28.4 - https:\/\/yoast.com\/product\/yoast-seo-wordpress\/ -->\n<title>Abandono en lugares alejados: una pr\u00e1ctica represiva contra opositores y activistas en Cuba - Cubalex<\/title>\n<meta name=\"robots\" content=\"index, follow, max-snippet:-1, max-image-preview:large, max-video-preview:-1\" \/>\n<link rel=\"canonical\" href=\"https:\/\/cubalex.org\/en\/2026\/08\/21\/abandono-en-lugares-alejados-una-practica-represiva-contra-opositores-y-activistas-en-cuba\/\" \/>\n<meta property=\"og:locale\" content=\"en_US\" \/>\n<meta property=\"og:type\" content=\"article\" \/>\n<meta property=\"og:title\" content=\"Abandono en lugares alejados: una pr\u00e1ctica represiva contra opositores y activistas en Cuba - Cubalex\" \/>\n<meta property=\"og:description\" content=\"El abandono de opositores y activistas en lugares despoblados, alejados de sus viviendas y, en algunos casos, incluso en otras provincias, se ha convertido en una pr\u00e1ctica represiva utilizada por agentes de la Seguridad del Estado cubana para intimidar, castigar y quebrar a personas que ejercen derechos fundamentales. Los hechos suelen ocurrir despu\u00e9s de detenciones arbitrarias o per\u00edodos de desaparici\u00f3n forzada y con frecuencia tienen lugar durante la noche o la madrugada, dejando a las v\u00edctimas sin medios para regresar a sus hogares.\" \/>\n<meta property=\"og:url\" content=\"https:\/\/cubalex.org\/en\/2026\/08\/21\/abandono-en-lugares-alejados-una-practica-represiva-contra-opositores-y-activistas-en-cuba\/\" \/>\n<meta property=\"og:site_name\" content=\"Cubalex\" \/>\n<meta property=\"article:publisher\" content=\"https:\/\/www.facebook.com\/ONGcubalex\" \/>\n<meta property=\"article:published_time\" content=\"2026-08-21T13:30:00+00:00\" \/>\n<meta property=\"og:image\" content=\"https:\/\/i0.wp.com\/cubalex.org\/wp-content\/uploads\/2026\/08\/activistas-abandono.jpg?fit=1200%2C560&ssl=1\" \/>\n\t<meta property=\"og:image:width\" content=\"1200\" \/>\n\t<meta property=\"og:image:height\" content=\"560\" \/>\n\t<meta property=\"og:image:type\" content=\"image\/jpeg\" \/>\n<meta name=\"twitter:card\" content=\"summary_large_image\" \/>\n<meta name=\"twitter:creator\" content=\"@CubalexDDHH\" \/>\n<meta name=\"twitter:site\" content=\"@CubalexDDHH\" \/>\n<meta name=\"twitter:label1\" content=\"Written by\" \/>\n\t<meta name=\"twitter:data1\" content=\"puravida\" \/>\n\t<meta name=\"twitter:label2\" content=\"Est. reading time\" \/>\n\t<meta name=\"twitter:data2\" content=\"5 minutes\" \/>\n<script type=\"application\/ld+json\" class=\"yoast-schema-graph\">{\"@context\":\"https:\\\/\\\/schema.org\",\"@graph\":[{\"@type\":\"Article\",\"@id\":\"https:\\\/\\\/cubalex.org\\\/2026\\\/08\\\/21\\\/abandono-en-lugares-alejados-una-practica-represiva-contra-opositores-y-activistas-en-cuba\\\/#article\",\"isPartOf\":{\"@id\":\"https:\\\/\\\/cubalex.org\\\/2026\\\/08\\\/21\\\/abandono-en-lugares-alejados-una-practica-represiva-contra-opositores-y-activistas-en-cuba\\\/\"},\"headline\":\"Abandono en lugares alejados: una pr\u00e1ctica represiva contra opositores y activistas en Cuba\",\"datePublished\":\"2026-08-21T13:30:00+00:00\",\"mainEntityOfPage\":{\"@id\":\"https:\\\/\\\/cubalex.org\\\/2026\\\/08\\\/21\\\/abandono-en-lugares-alejados-una-practica-represiva-contra-opositores-y-activistas-en-cuba\\\/\"},\"wordCount\":1025,\"publisher\":{\"@id\":\"https:\\\/\\\/cubalex.org\\\/#organization\"},\"image\":{\"@id\":\"https:\\\/\\\/cubalex.org\\\/2026\\\/08\\\/21\\\/abandono-en-lugares-alejados-una-practica-represiva-contra-opositores-y-activistas-en-cuba\\\/#primaryimage\"},\"thumbnailUrl\":\"https:\\\/\\\/i0.wp.com\\\/cubalex.org\\\/wp-content\\\/uploads\\\/2026\\\/08\\\/activistas-abandono.jpg?fit=1200%2C560&ssl=1\",\"keywords\":[\"derechos humanos\",\"Estado cubano\",\"represi\u00f3n\"],\"articleSection\":[\"Alertas\"],\"inLanguage\":\"en-US\"},{\"@type\":\"WebPage\",\"@id\":\"https:\\\/\\\/cubalex.org\\\/2026\\\/08\\\/21\\\/abandono-en-lugares-alejados-una-practica-represiva-contra-opositores-y-activistas-en-cuba\\\/\",\"url\":\"https:\\\/\\\/cubalex.org\\\/2026\\\/08\\\/21\\\/abandono-en-lugares-alejados-una-practica-represiva-contra-opositores-y-activistas-en-cuba\\\/\",\"name\":\"Abandono en lugares alejados: una pr\u00e1ctica represiva contra opositores y activistas en Cuba - Cubalex\",\"isPartOf\":{\"@id\":\"https:\\\/\\\/cubalex.org\\\/#website\"},\"primaryImageOfPage\":{\"@id\":\"https:\\\/\\\/cubalex.org\\\/2026\\\/08\\\/21\\\/abandono-en-lugares-alejados-una-practica-represiva-contra-opositores-y-activistas-en-cuba\\\/#primaryimage\"},\"image\":{\"@id\":\"https:\\\/\\\/cubalex.org\\\/2026\\\/08\\\/21\\\/abandono-en-lugares-alejados-una-practica-represiva-contra-opositores-y-activistas-en-cuba\\\/#primaryimage\"},\"thumbnailUrl\":\"https:\\\/\\\/i0.wp.com\\\/cubalex.org\\\/wp-content\\\/uploads\\\/2026\\\/08\\\/activistas-abandono.jpg?fit=1200%2C560&ssl=1\",\"datePublished\":\"2026-08-21T13:30:00+00:00\",\"breadcrumb\":{\"@id\":\"https:\\\/\\\/cubalex.org\\\/2026\\\/08\\\/21\\\/abandono-en-lugares-alejados-una-practica-represiva-contra-opositores-y-activistas-en-cuba\\\/#breadcrumb\"},\"inLanguage\":\"en-US\",\"potentialAction\":[{\"@type\":\"ReadAction\",\"target\":[\"https:\\\/\\\/cubalex.org\\\/2026\\\/08\\\/21\\\/abandono-en-lugares-alejados-una-practica-represiva-contra-opositores-y-activistas-en-cuba\\\/\"]}]},{\"@type\":\"ImageObject\",\"inLanguage\":\"en-US\",\"@id\":\"https:\\\/\\\/cubalex.org\\\/2026\\\/08\\\/21\\\/abandono-en-lugares-alejados-una-practica-represiva-contra-opositores-y-activistas-en-cuba\\\/#primaryimage\",\"url\":\"https:\\\/\\\/i0.wp.com\\\/cubalex.org\\\/wp-content\\\/uploads\\\/2026\\\/08\\\/activistas-abandono.jpg?fit=1200%2C560&ssl=1\",\"contentUrl\":\"https:\\\/\\\/i0.wp.com\\\/cubalex.org\\\/wp-content\\\/uploads\\\/2026\\\/08\\\/activistas-abandono.jpg?fit=1200%2C560&ssl=1\",\"width\":1200,\"height\":560,\"caption\":\"Algunos activistas que este a\u00f1o han sido abandonados en lugares lejanos.\"},{\"@type\":\"BreadcrumbList\",\"@id\":\"https:\\\/\\\/cubalex.org\\\/2026\\\/08\\\/21\\\/abandono-en-lugares-alejados-una-practica-represiva-contra-opositores-y-activistas-en-cuba\\\/#breadcrumb\",\"itemListElement\":[{\"@type\":\"ListItem\",\"position\":1,\"name\":\"Portada\",\"item\":\"https:\\\/\\\/cubalex.org\\\/\"},{\"@type\":\"ListItem\",\"position\":2,\"name\":\"Abandono en lugares alejados: una pr\u00e1ctica represiva contra opositores y activistas en Cuba\"}]},{\"@type\":\"WebSite\",\"@id\":\"https:\\\/\\\/cubalex.org\\\/#website\",\"url\":\"https:\\\/\\\/cubalex.org\\\/\",\"name\":\"Cubalex\",\"description\":\"Trabajamos en defensa de los derechos humanos, para instaurar la democracia y el Estado de derecho en Cuba\",\"publisher\":{\"@id\":\"https:\\\/\\\/cubalex.org\\\/#organization\"},\"potentialAction\":[{\"@type\":\"SearchAction\",\"target\":{\"@type\":\"EntryPoint\",\"urlTemplate\":\"https:\\\/\\\/cubalex.org\\\/?s={search_term_string}\"},\"query-input\":{\"@type\":\"PropertyValueSpecification\",\"valueRequired\":true,\"valueName\":\"search_term_string\"}}],\"inLanguage\":\"en-US\"},{\"@type\":\"Organization\",\"@id\":\"https:\\\/\\\/cubalex.org\\\/#organization\",\"name\":\"Cubalex\",\"url\":\"https:\\\/\\\/cubalex.org\\\/\",\"logo\":{\"@type\":\"ImageObject\",\"inLanguage\":\"en-US\",\"@id\":\"https:\\\/\\\/cubalex.org\\\/#\\\/schema\\\/logo\\\/image\\\/\",\"url\":\"https:\\\/\\\/i0.wp.com\\\/cubalex.org\\\/wp-content\\\/uploads\\\/2026\\\/08\\\/CUBALEX1.png?fit=1445%2C300&ssl=1\",\"contentUrl\":\"https:\\\/\\\/i0.wp.com\\\/cubalex.org\\\/wp-content\\\/uploads\\\/2026\\\/08\\\/CUBALEX1.png?fit=1445%2C300&ssl=1\",\"width\":1445,\"height\":300,\"caption\":\"Cubalex\"},\"image\":{\"@id\":\"https:\\\/\\\/cubalex.org\\\/#\\\/schema\\\/logo\\\/image\\\/\"},\"sameAs\":[\"https:\\\/\\\/www.facebook.com\\\/ONGcubalex\",\"https:\\\/\\\/x.com\\\/CubalexDDHH\",\"https:\\\/\\\/www.youtube.com\\\/@Cubalex\",\"https:\\\/\\\/www.linkedin.com\\\/company\\\/cubalex\\\/\",\"https:\\\/\\\/t.me\\\/cubalex\"]}]}<\/script>\n<!-- \/ Yoast SEO plugin. -->","yoast_head_json":{"title":"Abandono en lugares alejados: una pr\u00e1ctica represiva contra opositores y activistas en Cuba - Cubalex","robots":{"index":"index","follow":"follow","max-snippet":"max-snippet:-1","max-image-preview":"max-image-preview:large","max-video-preview":"max-video-preview:-1"},"canonical":"https:\/\/cubalex.org\/en\/2026\/08\/21\/abandono-en-lugares-alejados-una-practica-represiva-contra-opositores-y-activistas-en-cuba\/","og_locale":"en_US","og_type":"article","og_title":"Abandono en lugares alejados: una pr\u00e1ctica represiva contra opositores y activistas en Cuba - Cubalex","og_description":"El abandono de opositores y activistas en lugares despoblados, alejados de sus viviendas y, en algunos casos, incluso en otras provincias, se ha convertido en una pr\u00e1ctica represiva utilizada por agentes de la Seguridad del Estado cubana para intimidar, castigar y quebrar a personas que ejercen derechos fundamentales. Los hechos suelen ocurrir despu\u00e9s de detenciones arbitrarias o per\u00edodos de desaparici\u00f3n forzada y con frecuencia tienen lugar durante la noche o la madrugada, dejando a las v\u00edctimas sin medios para regresar a sus hogares.","og_url":"https:\/\/cubalex.org\/en\/2026\/08\/21\/abandono-en-lugares-alejados-una-practica-represiva-contra-opositores-y-activistas-en-cuba\/","og_site_name":"Cubalex","article_publisher":"https:\/\/www.facebook.com\/ONGcubalex","article_published_time":"2026-08-21T13:30:00+00:00","og_image":[{"width":1200,"height":560,"url":"https:\/\/i0.wp.com\/cubalex.org\/wp-content\/uploads\/2026\/08\/activistas-abandono.jpg?fit=1200%2C560&ssl=1","type":"image\/jpeg"}],"twitter_card":"summary_large_image","twitter_creator":"@CubalexDDHH","twitter_site":"@CubalexDDHH","twitter_misc":{"Written by":"puravida","Est. reading time":"5 minutes"},"schema":{"@context":"https:\/\/schema.org","@graph":[{"@type":"Article","@id":"https:\/\/cubalex.org\/2026\/08\/21\/abandono-en-lugares-alejados-una-practica-represiva-contra-opositores-y-activistas-en-cuba\/#article","isPartOf":{"@id":"https:\/\/cubalex.org\/2026\/08\/21\/abandono-en-lugares-alejados-una-practica-represiva-contra-opositores-y-activistas-en-cuba\/"},"headline":"Abandono en lugares alejados: una pr\u00e1ctica represiva contra opositores y activistas en Cuba","datePublished":"2026-08-21T13:30:00+00:00","mainEntityOfPage":{"@id":"https:\/\/cubalex.org\/2026\/08\/21\/abandono-en-lugares-alejados-una-practica-represiva-contra-opositores-y-activistas-en-cuba\/"},"wordCount":1025,"publisher":{"@id":"https:\/\/cubalex.org\/#organization"},"image":{"@id":"https:\/\/cubalex.org\/2026\/08\/21\/abandono-en-lugares-alejados-una-practica-represiva-contra-opositores-y-activistas-en-cuba\/#primaryimage"},"thumbnailUrl":"https:\/\/i0.wp.com\/cubalex.org\/wp-content\/uploads\/2026\/08\/activistas-abandono.jpg?fit=1200%2C560&ssl=1","keywords":["derechos humanos","Estado cubano","represi\u00f3n"],"articleSection":["Alertas"],"inLanguage":"en-US"},{"@type":"WebPage","@id":"https:\/\/cubalex.org\/2026\/08\/21\/abandono-en-lugares-alejados-una-practica-represiva-contra-opositores-y-activistas-en-cuba\/","url":"https:\/\/cubalex.org\/2026\/08\/21\/abandono-en-lugares-alejados-una-practica-represiva-contra-opositores-y-activistas-en-cuba\/","name":"Abandono en lugares alejados: una pr\u00e1ctica represiva contra opositores y activistas en Cuba - Cubalex","isPartOf":{"@id":"https:\/\/cubalex.org\/#website"},"primaryImageOfPage":{"@id":"https:\/\/cubalex.org\/2026\/08\/21\/abandono-en-lugares-alejados-una-practica-represiva-contra-opositores-y-activistas-en-cuba\/#primaryimage"},"image":{"@id":"https:\/\/cubalex.org\/2026\/08\/21\/abandono-en-lugares-alejados-una-practica-represiva-contra-opositores-y-activistas-en-cuba\/#primaryimage"},"thumbnailUrl":"https:\/\/i0.wp.com\/cubalex.org\/wp-content\/uploads\/2026\/08\/activistas-abandono.jpg?fit=1200%2C560&ssl=1","datePublished":"2026-08-21T13:30:00+00:00","breadcrumb":{"@id":"https:\/\/cubalex.org\/2026\/08\/21\/abandono-en-lugares-alejados-una-practica-represiva-contra-opositores-y-activistas-en-cuba\/#breadcrumb"},"inLanguage":"en-US","potentialAction":[{"@type":"ReadAction","target":["https:\/\/cubalex.org\/2026\/08\/21\/abandono-en-lugares-alejados-una-practica-represiva-contra-opositores-y-activistas-en-cuba\/"]}]},{"@type":"ImageObject","inLanguage":"en-US","@id":"https:\/\/cubalex.org\/2026\/08\/21\/abandono-en-lugares-alejados-una-practica-represiva-contra-opositores-y-activistas-en-cuba\/#primaryimage","url":"https:\/\/i0.wp.com\/cubalex.org\/wp-content\/uploads\/2026\/08\/activistas-abandono.jpg?fit=1200%2C560&ssl=1","contentUrl":"https:\/\/i0.wp.com\/cubalex.org\/wp-content\/uploads\/2026\/08\/activistas-abandono.jpg?fit=1200%2C560&ssl=1","width":1200,"height":560,"caption":"Algunos activistas que este a\u00f1o han sido abandonados en lugares lejanos."},{"@type":"BreadcrumbList","@id":"https:\/\/cubalex.org\/2026\/08\/21\/abandono-en-lugares-alejados-una-practica-represiva-contra-opositores-y-activistas-en-cuba\/#breadcrumb","itemListElement":[{"@type":"ListItem","position":1,"name":"Portada","item":"https:\/\/cubalex.org\/"},{"@type":"ListItem","position":2,"name":"Abandono en lugares alejados: una pr\u00e1ctica represiva contra opositores y activistas en Cuba"}]},{"@type":"WebSite","@id":"https:\/\/cubalex.org\/#website","url":"https:\/\/cubalex.org\/","name":"Cubalex","description":"Trabajamos en defensa de los derechos humanos, para instaurar la democracia y el Estado de derecho en Cuba","publisher":{"@id":"https:\/\/cubalex.org\/#organization"},"potentialAction":[{"@type":"SearchAction","target":{"@type":"EntryPoint","urlTemplate":"https:\/\/cubalex.org\/?s={search_term_string}"},"query-input":{"@type":"PropertyValueSpecification","valueRequired":true,"valueName":"search_term_string"}}],"inLanguage":"en-US"},{"@type":"Organization","@id":"https:\/\/cubalex.org\/#organization","name":"Cubalex","url":"https:\/\/cubalex.org\/","logo":{"@type":"ImageObject","inLanguage":"en-US","@id":"https:\/\/cubalex.org\/#\/schema\/logo\/image\/","url":"https:\/\/i0.wp.com\/cubalex.org\/wp-content\/uploads\/2026\/08\/CUBALEX1.png?fit=1445%2C300&ssl=1","contentUrl":"https:\/\/i0.wp.com\/cubalex.org\/wp-content\/uploads\/2026\/08\/CUBALEX1.png?fit=1445%2C300&ssl=1","width":1445,"height":300,"caption":"Cubalex"},"image":{"@id":"https:\/\/cubalex.org\/#\/schema\/logo\/image\/"},"sameAs":["https:\/\/www.facebook.com\/ONGcubalex","https:\/\/x.com\/CubalexDDHH","https:\/\/www.youtube.com\/@Cubalex","https:\/\/www.linkedin.com\/company\/cubalex\/","https:\/\/t.me\/cubalex"]}]}},"jetpack_shortlink":"https:\/\/wp.me\/p23ZXl-6q5","jetpack_sharing_enabled":true,"jetpack_featured_media_url":"https:\/\/i0.wp.com\/cubalex.org\/wp-content\/uploads\/2026\/08\/activistas-abandono.jpg?fit=1200%2C560&ssl=1","_links":{"self":[{"href":"https:\/\/cubalex.org\/en\/wp-json\/wp\/v2\/posts\/24681","targetHints":{"allow":["GET"]}}],"collection":[{"href":"https:\/\/cubalex.org\/en\/wp-json\/wp\/v2\/posts"}],"about":[{"href":"https:\/\/cubalex.org\/en\/wp-json\/wp\/v2\/types\/post"}],"replies":[{"embeddable":true,"href":"https:\/\/cubalex.org\/en\/wp-json\/wp\/v2\/comments?post=24681"}],"version-history":[{"count":3,"href":"https:\/\/cubalex.org\/en\/wp-json\/wp\/v2\/posts\/24681\/revisions"}],"predecessor-version":[{"id":24685,"href":"https:\/\/cubalex.org\/en\/wp-json\/wp\/v2\/posts\/24681\/revisions\/24685"}],"wp:featuredmedia":[{"embeddable":true,"href":"https:\/\/cubalex.org\/en\/wp-json\/wp\/v2\/media\/24684"}],"wp:attachment":[{"href":"https:\/\/cubalex.org\/en\/wp-json\/wp\/v2\/media?parent=24681"}],"wp:term":[{"taxonomy":"category","embeddable":true,"href":"https:\/\/cubalex.org\/en\/wp-json\/wp\/v2\/categories?post=24681"},{"taxonomy":"post_tag","embeddable":true,"href":"https:\/\/cubalex.org\/en\/wp-json\/wp\/v2\/tags?post=24681"}],"curies":[{"name":"wp","href":"https:\/\/api.w.org\/{rel}","templated":true}]}}