{"id":25025,"date":"2026-08-27T11:00:00","date_gmt":"2026-08-27T15:00:00","guid":{"rendered":"https:\/\/cubalex.org\/?p=25025"},"modified":"2026-08-26T12:34:50","modified_gmt":"2026-08-26T16:34:50","slug":"de-la-prision-a-la-desatencion-medica-exprisioneros-politicos-cubanos-denuncian-abandono-de-sus-enfermedades","status":"publish","type":"post","link":"https:\/\/cubalex.org\/en\/2026\/08\/27\/de-la-prision-a-la-desatencion-medica-exprisioneros-politicos-cubanos-denuncian-abandono-de-sus-enfermedades\/","title":{"rendered":"De la prisi\u00f3n a la desatenci\u00f3n m\u00e9dica: exprisioneros pol\u00edticos cubanos denuncian abandono de sus enfermedades"},"content":{"rendered":"<p class=\"wp-block-paragraph\">La salida de prisi\u00f3n no siempre significa el fin del sufrimiento para los presos pol\u00edticos cubanos. En los \u00faltimos a\u00f1os, Cubalex ha documentado denuncias de personas excarceladas o liberadas tras cumplir sus condenas que, una vez fuera de los centros penitenciarios, <strong>contin\u00faan enfrentando enfermedades graves sin recibir la atenci\u00f3n m\u00e9dica necesaria.<\/strong><\/p>\n\n\n\n<p class=\"wp-block-paragraph\">En varios de estos casos, los padecimientos se desarrollaron o agravaron durante el encarcelamiento, en un contexto marcado por la falta de medicamentos, estudios diagn\u00f3sticos, tratamientos especializados y condiciones adecuadas de alimentaci\u00f3n y atenci\u00f3n sanitaria.<\/p>\n\n\n\n<p class=\"wp-block-paragraph\">El monitoreo de Cubalex ha registrado denuncias de este tipo por parte de <strong><a href=\"https:\/\/adncuba.com\/derechos-humanos\/periodista-independiente-denuncia-deterioro-de-su-salud-por-falta-de-atencion\/\">Carlos Michael Morales Rodr\u00edguez<\/a><\/strong>, en Villa Clara, y m\u00e1s recientemente, durante 2026, de <strong><a href=\"https:\/\/cubalex.org\/en\/2025\/09\/19\/negacion-sistematica-de-atencion-medica-al-preso-politico-alexander-diaz-rodriguez\/\">Alexander D\u00edaz Rodr\u00edguez<\/a><\/strong>, <strong>Mailene Noguera Santiesteban<\/strong>, <strong>Carlos Alberto Macdonald Ennis<\/strong> y <strong><a href=\"https:\/\/www.facebook.com\/ONGcubalex\/posts\/pfbid02ybzf56z2Uu5WMiFirBS6DqcZD2ZJTS2v8b2NWcJnhN9BRZgma37HnxX28rFS6P4Ll?rdid=F9movLrN7wSFGmg9#\">Michael Hern\u00e1ndez Medina<\/a><\/strong>, en distintas provincias del pa\u00eds.<\/p>\n\n\n\n<p class=\"wp-block-paragraph\">Se trata de casos diferentes, pero con un elemento com\u00fan: despu\u00e9s de recuperar la libertad, estas personas han continuado enfrentando las consecuencias de enfermedades que, seg\u00fan sus denuncias y las de sus familiares o allegados, no fueron atendidas adecuadamente mientras permanec\u00edan bajo custodia estatal.<\/p>\n\n\n\n<p class=\"wp-block-paragraph\">La situaci\u00f3n de <strong>Alexander D\u00edaz Rodr\u00edguez<\/strong> constituye uno de los ejemplos m\u00e1s graves. El manifestante del 11J fue <a href=\"https:\/\/www.14ymedio.com\/cuba\/excarcelado-desnutricion-severa-preso-politico_1_1125667.html\">excarcelado <\/a>en abril de 2026 tras cumplir su condena y sali\u00f3 de prisi\u00f3n con un deterioro f\u00edsico extremo. Organizaciones de derechos humanos denunciaron que padec\u00eda c\u00e1ncer de garganta, adem\u00e1s de desnutrici\u00f3n severa y otras enfermedades. Tras su liberaci\u00f3n, el propio D\u00edaz Rodr\u00edguez relat\u00f3 que durante el encarcelamiento tambi\u00e9n contrajo hepatitis B y sufri\u00f3 anemia, gastritis y problemas dentales.<\/p>\n\n\n\n<p class=\"wp-block-paragraph\">El caso de D\u00edaz Rodr\u00edguez resulta especialmente preocupante porque, seg\u00fan los testimonios difundidos despu\u00e9s de su excarcelaci\u00f3n, <strong>algunas de las afecciones se desarrollaron o agravaron durante sus a\u00f1os de encarcelamiento. <\/strong>Al salir, hab\u00eda perdido alrededor de 50 kilogramos respecto a su peso anterior y presentaba un estado f\u00edsico que gener\u00f3 preocupaci\u00f3n entre organizaciones defensoras de derechos humanos.<\/p>\n\n\n\n<p class=\"wp-block-paragraph\">Otro caso es el de <strong>Michael Hern\u00e1ndez Medina<\/strong>, expreso pol\u00edtico de Pinar del R\u00edo, quien tras recuperar la libertad denunci\u00f3 un grave deterioro de su salud. Cubalex document\u00f3 en octubre de 2025 que presentaba sangrado por la boca, niveles bajos de hemoglobina y sospecha de una lesi\u00f3n pulmonar, adem\u00e1s de ser paciente con VIH y haber sufrido tuberculosis durante su estancia en prisi\u00f3n.<\/p>\n\n\n\n<p class=\"wp-block-paragraph\">Meses despu\u00e9s, ya como exprisionero, Hern\u00e1ndez Medina volvi\u00f3 a denunciar la falta de atenci\u00f3n m\u00e9dica especializada. En junio de 2026 afirm\u00f3 que sufr\u00eda fiebre alta, expulsi\u00f3n de sangre, anemia, dificultad respiratoria y un marcado deterioro f\u00edsico, mientras las instituciones sanitarias cubanas no le proporcionaban el tratamiento que necesitaba.<\/p>\n\n\n\n<p class=\"wp-block-paragraph\">Tambi\u00e9n est\u00e1 el caso de <strong>Carlos Michael Morales Rodr\u00edguez<\/strong>, periodista independiente y expreso pol\u00edtico del 11J en Villa Clara. Durante sus per\u00edodos de encarcelamiento, Morales recurri\u00f3 en varias ocasiones a huelgas de hambre para reclamar, entre otros derechos, atenci\u00f3n m\u00e9dica. Seg\u00fan relat\u00f3, las autoridades le negaron asistencia pese a sus problemas de salud.<\/p>\n\n\n\n<p class=\"wp-block-paragraph\">Morales tambi\u00e9n padece insuficiencia mitral e hipertrofia ventricular. En 2024, despu\u00e9s de recuperar la libertad, denunci\u00f3 que un m\u00e9dico cardi\u00f3logo vinculado al Tribunal Municipal Popular de Caibari\u00e9n minimiz\u00f3 sus padecimientos y sostuvo que estos no le imped\u00edan trabajar.<\/p>\n\n\n\n<h3 class=\"wp-block-heading\">Denuncias en este mes de agosto<\/h3>\n\n\n\n<p class=\"wp-block-paragraph\">Solo en agosto de 2026 han trascendido nuevas denuncias sobre la desatenci\u00f3n m\u00e9dica que enfrentan dos exprisioneros pol\u00edticos: <strong>Carlos Alberto Macdonald Ennis<\/strong>, en Las Tunas, y <strong>Mailene Noguera Santiesteban<\/strong>, en Mayabeque.<\/p>\n\n\n\n<p class=\"wp-block-paragraph\">Macdonald Ennis fue excarcelado bajo fianza en junio de 2026, despu\u00e9s de permanecer m\u00e1s de dos a\u00f1os en prisi\u00f3n provisional. Su salida estuvo relacionada con el grave deterioro de su estado de salud y, aunque se encuentra en libertad, contin\u00faa sometido a un proceso penal.<\/p>\n\n\n\n<p class=\"wp-block-paragraph\">Durante su encarcelamiento desarroll\u00f3 un <strong>tumor maxilar<\/strong> que creci\u00f3 hacia estructuras internas de la cabeza y le provoc\u00f3 fuertes dolores. Organizaciones de derechos humanos denunciaron que no recibi\u00f3 tratamiento m\u00e9dico adecuado mientras permaneci\u00f3 en prisi\u00f3n.<\/p>\n\n\n\n<p class=\"wp-block-paragraph\">Este mes, la situaci\u00f3n se agrav\u00f3. Seg\u00fan una denuncia difundida por Cubalex, personal sanitario en Las Tunas <a href=\"https:\/\/www.facebook.com\/ONGcubalex\/posts\/pfbid0NTHroPGVswnLSuzgezsuPn9Z7oFDsiVXRd9mUqgex8rAwv2CxTNjpNrECfcA4wjHl\">se neg\u00f3 <\/a>a entregarle las im\u00e1genes del somat\u00f3n realizado para localizar el tumor. El equipo para realizar el estudio se encuentra roto y, sin las im\u00e1genes, los m\u00e9dicos no pueden determinar con precisi\u00f3n d\u00f3nde est\u00e1 situado el tumor.<\/p>\n\n\n\n<p class=\"wp-block-paragraph\">La falta de estas im\u00e1genes impidi\u00f3 incluso que comenzara el tratamiento de radiaci\u00f3n que ten\u00eda previsto recibir. El caso evidencia c\u00f3mo la falta de equipos y recursos m\u00e9dicos puede convertirse en un obst\u00e1culo para acceder a tratamientos urgentes, incluso despu\u00e9s de que una persona haya salido de prisi\u00f3n.<\/p>\n\n\n\n<p class=\"wp-block-paragraph\">La situaci\u00f3n de <strong>Mailene Noguera Santiesteban<\/strong>, expresa pol\u00edtica del 11J en Mayabeque, tambi\u00e9n se ha deteriorado durante este a\u00f1o.<\/p>\n\n\n\n<p class=\"wp-block-paragraph\">Noguera fue liberada en enero de 2025 despu\u00e9s de permanecer encarcelada por su participaci\u00f3n en las protestas del 11 de julio de 2021. Tras su salida, ya presentaba un tumor de mama palpable y posteriormente fue diagnosticada con c\u00e1ncer de mama.<\/p>\n\n\n\n<p class=\"wp-block-paragraph\">Su tratamiento oncol\u00f3gico ha estado marcado por <a href=\"https:\/\/www.facebook.com\/carolinacbarrero\/posts\/pfbid0215RBudWaWz9FufcpBtFYJjz8evZhj5nnvJNXhVsp2D2kuTazqTJj165jwHnnqP5Ul\">interrupciones <\/a>provocadas por la falta de medicamentos y el mal funcionamiento de equipos m\u00e9dicos. Seg\u00fan la denuncia p\u00fablica difundida este mes, de los seis ciclos de quimioterapia preoperatoria indicados solo pudo recibir cinco, porque el \u00faltimo medicamento no estaba disponible.<\/p>\n\n\n\n<p class=\"wp-block-paragraph\">Posteriormente fue sometida a una <strong>mastectom\u00eda radical<\/strong>, pero el tratamiento posterior tampoco pudo completarse. Recibi\u00f3 17 de las 18 dosis de inmunoterapia previstas y la \u00faltima no pudo administrarse por falta del medicamento.<\/p>\n\n\n\n<p class=\"wp-block-paragraph\">A esto se suma que ten\u00eda indicadas <strong>15 sesiones de radioterapia y no recibi\u00f3 ninguna<\/strong>, debido a que el equipo permanec\u00eda averiado. La falta de radioterapia se ha prolongado durante meses. Ya en mayo de este a\u00f1o, Noguera hab\u00eda denunciado p\u00fablicamente que el equipo de radioterapia estaba roto y que los pacientes oncol\u00f3gicos de su zona tampoco pod\u00edan recibir el tratamiento.<\/p>\n\n\n\n<p class=\"wp-block-paragraph\">Tres meses atr\u00e1s apareci\u00f3 un nuevo tumor sobre la cicatriz de la cirug\u00eda. Seg\u00fan la denuncia difundida en agosto, la masa se absces\u00f3 y ha alcanzado grandes dimensiones, mientras Noguera contin\u00faa sin acceder al tratamiento que necesita.<\/p>\n\n\n\n<h3 class=\"wp-block-heading\">Un problema que puede ser mayor de lo que muestran las denuncias p\u00fablicas<\/h3>\n\n\n\n<p class=\"wp-block-paragraph\">Los casos documentados por Cubalex no necesariamente representan la totalidad de las personas que enfrentan situaciones similares despu\u00e9s de salir de prisi\u00f3n.<\/p>\n\n\n\n<p class=\"wp-block-paragraph\">La organizaci\u00f3n ha advertido en sus informes que las cifras de violaciones de derechos humanos en Cuba constituyen un subregistro, debido, entre otros factores, a la censura, las limitaciones para documentar los hechos y el temor de las personas afectadas a sufrir nuevas represalias.<\/p>\n\n\n\n<p class=\"wp-block-paragraph\">Ese temor puede ser particularmente relevante entre los exprisioneros pol\u00edticos. Despu\u00e9s de cumplir una condena, muchos contin\u00faan bajo vigilancia, amenazas, citaciones, restricciones y otras formas de hostigamiento por parte de las autoridades. Denunciar p\u00fablicamente la falta de atenci\u00f3n m\u00e9dica puede exponerlos nuevamente a represalias.<\/p>\n\n\n\n<p class=\"wp-block-paragraph\">Por ello, <strong>podr\u00edan existir otros exprisioneros pol\u00edticos cubanos que actualmente enfrentan enfermedades o secuelas de salud sin recibir atenci\u00f3n m\u00e9dica adecuada y que, sin embargo, no han denunciado p\u00fablicamente su situaci\u00f3n por temor a ser perseguidos o encarcelados nuevamente<\/strong>.<\/p>\n\n\n\n<p class=\"wp-block-paragraph\">La continuidad de estas denuncias plantea adem\u00e1s una cuesti\u00f3n que va m\u00e1s all\u00e1 de las deficiencias generales del sistema sanitario cubano: el impacto que las condiciones de encarcelamiento, la falta de atenci\u00f3n m\u00e9dica y la interrupci\u00f3n de tratamientos pueden tener sobre personas que ya cumplieron sus condenas, pero que contin\u00faan cargando con las consecuencias f\u00edsicas de su paso por prisi\u00f3n.<\/p>\n\n\n\n<p class=\"wp-block-paragraph\">Cubalex ha documentado que la negaci\u00f3n o prestaci\u00f3n negligente de atenci\u00f3n m\u00e9dica constituye una de las violaciones recurrentes dentro del sistema penitenciario cubano. En su monitoreo de 2026, la organizaci\u00f3n ha vinculado numerosas muertes bajo custodia estatal con la falta de atenci\u00f3n m\u00e9dica o una atenci\u00f3n negligente.<\/p>\n\n\n\n<p class=\"wp-block-paragraph\">Para quienes recuperan la libertad, el problema no necesariamente termina al cruzar las puertas del penal. En los casos de Morales, D\u00edaz Rodr\u00edguez, Noguera, Macdonald Ennis y Hern\u00e1ndez Medina, las consecuencias de enfermedades desatendidas durante o despu\u00e9s del encarcelamiento contin\u00faan condicionando su vida y, en algunos casos, poniendo en riesgo su salud y su supervivencia.<\/p>","protected":false},"excerpt":{"rendered":"<p>a salida de prisi\u00f3n no siempre significa el fin del sufrimiento para los presos pol\u00edticos cubanos. En los \u00faltimos a\u00f1os, Cubalex ha documentado denuncias de personas excarceladas o liberadas tras cumplir sus condenas que, una vez fuera de los centros penitenciarios, contin\u00faan enfrentando enfermedades graves sin recibir la atenci\u00f3n m\u00e9dica necesaria.<\/p>","protected":false},"featured_media":25029,"comment_status":"closed","ping_status":"closed","sticky":false,"template":"","format":"standard","meta":{"_jetpack_newsletter_access":"","_jetpack_dont_email_post_to_subs":false,"_jetpack_newsletter_tier_id":0,"_jetpack_memberships_contains_paywalled_content":false,"_wpcom_ai_launchpad_first_post":false,"_jetpack_feature_clip_id":0,"_jetpack_memberships_contains_paid_content":false,"footnotes":"","jetpack_post_was_ever_published":false},"categories":[551856560],"tags":[31684,551856052],"class_list":["post-25025","post","type-post","status-publish","format-standard","has-post-thumbnail","hentry","category-alertas","tag-derechos-humanos","tag-presos-politicos"],"featured_image_src":"https:\/\/i0.wp.com\/cubalex.org\/wp-content\/uploads\/2026\/08\/excarcelados-enfermos.jpg?fit=1200%2C560&ssl=1","acf":{"translation_reviewed":false},"yoast_head":"<!-- This site is optimized with the Yoast SEO plugin v28.4 - https:\/\/yoast.com\/product\/yoast-seo-wordpress\/ -->\n<title>De la prisi\u00f3n a la desatenci\u00f3n m\u00e9dica: exprisioneros pol\u00edticos cubanos denuncian abandono de sus enfermedades - Cubalex<\/title>\n<meta name=\"robots\" content=\"index, follow, max-snippet:-1, max-image-preview:large, max-video-preview:-1\" \/>\n<link rel=\"canonical\" href=\"https:\/\/cubalex.org\/en\/2026\/08\/27\/de-la-prision-a-la-desatencion-medica-exprisioneros-politicos-cubanos-denuncian-abandono-de-sus-enfermedades\/\" \/>\n<meta property=\"og:locale\" content=\"en_US\" \/>\n<meta property=\"og:type\" content=\"article\" \/>\n<meta property=\"og:title\" content=\"De la prisi\u00f3n a la desatenci\u00f3n m\u00e9dica: exprisioneros pol\u00edticos cubanos denuncian abandono de sus enfermedades - Cubalex\" \/>\n<meta property=\"og:description\" content=\"a salida de prisi\u00f3n no siempre significa el fin del sufrimiento para los presos pol\u00edticos cubanos. En los \u00faltimos a\u00f1os, Cubalex ha documentado denuncias de personas excarceladas o liberadas tras cumplir sus condenas que, una vez fuera de los centros penitenciarios, contin\u00faan enfrentando enfermedades graves sin recibir la atenci\u00f3n m\u00e9dica necesaria.\" \/>\n<meta property=\"og:url\" content=\"https:\/\/cubalex.org\/en\/2026\/08\/27\/de-la-prision-a-la-desatencion-medica-exprisioneros-politicos-cubanos-denuncian-abandono-de-sus-enfermedades\/\" \/>\n<meta property=\"og:site_name\" content=\"Cubalex\" \/>\n<meta property=\"article:publisher\" content=\"https:\/\/www.facebook.com\/ONGcubalex\" \/>\n<meta property=\"article:published_time\" content=\"2026-08-27T15:00:00+00:00\" \/>\n<meta property=\"og:image\" content=\"https:\/\/i0.wp.com\/cubalex.org\/wp-content\/uploads\/2026\/08\/excarcelados-enfermos.jpg?fit=1200%2C560&ssl=1\" \/>\n\t<meta property=\"og:image:width\" content=\"1200\" \/>\n\t<meta property=\"og:image:height\" content=\"560\" \/>\n\t<meta property=\"og:image:type\" content=\"image\/jpeg\" \/>\n<meta name=\"twitter:card\" content=\"summary_large_image\" \/>\n<meta name=\"twitter:creator\" content=\"@CubalexDDHH\" \/>\n<meta name=\"twitter:site\" content=\"@CubalexDDHH\" \/>\n<meta name=\"twitter:label1\" content=\"Written by\" \/>\n\t<meta name=\"twitter:data1\" content=\"puravida\" \/>\n\t<meta name=\"twitter:label2\" content=\"Est. reading time\" \/>\n\t<meta name=\"twitter:data2\" content=\"7 minutes\" \/>\n<script type=\"application\/ld+json\" class=\"yoast-schema-graph\">{\"@context\":\"https:\\\/\\\/schema.org\",\"@graph\":[{\"@type\":\"Article\",\"@id\":\"https:\\\/\\\/cubalex.org\\\/2026\\\/08\\\/27\\\/de-la-prision-a-la-desatencion-medica-exprisioneros-politicos-cubanos-denuncian-abandono-de-sus-enfermedades\\\/#article\",\"isPartOf\":{\"@id\":\"https:\\\/\\\/cubalex.org\\\/2026\\\/08\\\/27\\\/de-la-prision-a-la-desatencion-medica-exprisioneros-politicos-cubanos-denuncian-abandono-de-sus-enfermedades\\\/\"},\"headline\":\"De la prisi\u00f3n a la desatenci\u00f3n m\u00e9dica: exprisioneros pol\u00edticos cubanos denuncian abandono de sus enfermedades\",\"datePublished\":\"2026-08-27T15:00:00+00:00\",\"mainEntityOfPage\":{\"@id\":\"https:\\\/\\\/cubalex.org\\\/2026\\\/08\\\/27\\\/de-la-prision-a-la-desatencion-medica-exprisioneros-politicos-cubanos-denuncian-abandono-de-sus-enfermedades\\\/\"},\"wordCount\":1451,\"publisher\":{\"@id\":\"https:\\\/\\\/cubalex.org\\\/#organization\"},\"image\":{\"@id\":\"https:\\\/\\\/cubalex.org\\\/2026\\\/08\\\/27\\\/de-la-prision-a-la-desatencion-medica-exprisioneros-politicos-cubanos-denuncian-abandono-de-sus-enfermedades\\\/#primaryimage\"},\"thumbnailUrl\":\"https:\\\/\\\/i0.wp.com\\\/cubalex.org\\\/wp-content\\\/uploads\\\/2026\\\/08\\\/excarcelados-enfermos.jpg?fit=1200%2C560&ssl=1\",\"keywords\":[\"derechos humanos\",\"presos pol\u00edticos\"],\"articleSection\":[\"Alertas\"],\"inLanguage\":\"en-US\"},{\"@type\":\"WebPage\",\"@id\":\"https:\\\/\\\/cubalex.org\\\/2026\\\/08\\\/27\\\/de-la-prision-a-la-desatencion-medica-exprisioneros-politicos-cubanos-denuncian-abandono-de-sus-enfermedades\\\/\",\"url\":\"https:\\\/\\\/cubalex.org\\\/2026\\\/08\\\/27\\\/de-la-prision-a-la-desatencion-medica-exprisioneros-politicos-cubanos-denuncian-abandono-de-sus-enfermedades\\\/\",\"name\":\"De la prisi\u00f3n a la desatenci\u00f3n m\u00e9dica: exprisioneros pol\u00edticos cubanos denuncian abandono de sus enfermedades - Cubalex\",\"isPartOf\":{\"@id\":\"https:\\\/\\\/cubalex.org\\\/#website\"},\"primaryImageOfPage\":{\"@id\":\"https:\\\/\\\/cubalex.org\\\/2026\\\/08\\\/27\\\/de-la-prision-a-la-desatencion-medica-exprisioneros-politicos-cubanos-denuncian-abandono-de-sus-enfermedades\\\/#primaryimage\"},\"image\":{\"@id\":\"https:\\\/\\\/cubalex.org\\\/2026\\\/08\\\/27\\\/de-la-prision-a-la-desatencion-medica-exprisioneros-politicos-cubanos-denuncian-abandono-de-sus-enfermedades\\\/#primaryimage\"},\"thumbnailUrl\":\"https:\\\/\\\/i0.wp.com\\\/cubalex.org\\\/wp-content\\\/uploads\\\/2026\\\/08\\\/excarcelados-enfermos.jpg?fit=1200%2C560&ssl=1\",\"datePublished\":\"2026-08-27T15:00:00+00:00\",\"breadcrumb\":{\"@id\":\"https:\\\/\\\/cubalex.org\\\/2026\\\/08\\\/27\\\/de-la-prision-a-la-desatencion-medica-exprisioneros-politicos-cubanos-denuncian-abandono-de-sus-enfermedades\\\/#breadcrumb\"},\"inLanguage\":\"en-US\",\"potentialAction\":[{\"@type\":\"ReadAction\",\"target\":[\"https:\\\/\\\/cubalex.org\\\/2026\\\/08\\\/27\\\/de-la-prision-a-la-desatencion-medica-exprisioneros-politicos-cubanos-denuncian-abandono-de-sus-enfermedades\\\/\"]}]},{\"@type\":\"ImageObject\",\"inLanguage\":\"en-US\",\"@id\":\"https:\\\/\\\/cubalex.org\\\/2026\\\/08\\\/27\\\/de-la-prision-a-la-desatencion-medica-exprisioneros-politicos-cubanos-denuncian-abandono-de-sus-enfermedades\\\/#primaryimage\",\"url\":\"https:\\\/\\\/i0.wp.com\\\/cubalex.org\\\/wp-content\\\/uploads\\\/2026\\\/08\\\/excarcelados-enfermos.jpg?fit=1200%2C560&ssl=1\",\"contentUrl\":\"https:\\\/\\\/i0.wp.com\\\/cubalex.org\\\/wp-content\\\/uploads\\\/2026\\\/08\\\/excarcelados-enfermos.jpg?fit=1200%2C560&ssl=1\",\"width\":1200,\"height\":560},{\"@type\":\"BreadcrumbList\",\"@id\":\"https:\\\/\\\/cubalex.org\\\/2026\\\/08\\\/27\\\/de-la-prision-a-la-desatencion-medica-exprisioneros-politicos-cubanos-denuncian-abandono-de-sus-enfermedades\\\/#breadcrumb\",\"itemListElement\":[{\"@type\":\"ListItem\",\"position\":1,\"name\":\"Portada\",\"item\":\"https:\\\/\\\/cubalex.org\\\/\"},{\"@type\":\"ListItem\",\"position\":2,\"name\":\"De la prisi\u00f3n a la desatenci\u00f3n m\u00e9dica: exprisioneros pol\u00edticos cubanos denuncian abandono de sus enfermedades\"}]},{\"@type\":\"WebSite\",\"@id\":\"https:\\\/\\\/cubalex.org\\\/#website\",\"url\":\"https:\\\/\\\/cubalex.org\\\/\",\"name\":\"Cubalex\",\"description\":\"Trabajamos en defensa de los derechos humanos, para instaurar la democracia y el Estado de derecho en Cuba\",\"publisher\":{\"@id\":\"https:\\\/\\\/cubalex.org\\\/#organization\"},\"potentialAction\":[{\"@type\":\"SearchAction\",\"target\":{\"@type\":\"EntryPoint\",\"urlTemplate\":\"https:\\\/\\\/cubalex.org\\\/?s={search_term_string}\"},\"query-input\":{\"@type\":\"PropertyValueSpecification\",\"valueRequired\":true,\"valueName\":\"search_term_string\"}}],\"inLanguage\":\"en-US\"},{\"@type\":\"Organization\",\"@id\":\"https:\\\/\\\/cubalex.org\\\/#organization\",\"name\":\"Cubalex\",\"url\":\"https:\\\/\\\/cubalex.org\\\/\",\"logo\":{\"@type\":\"ImageObject\",\"inLanguage\":\"en-US\",\"@id\":\"https:\\\/\\\/cubalex.org\\\/#\\\/schema\\\/logo\\\/image\\\/\",\"url\":\"https:\\\/\\\/i0.wp.com\\\/cubalex.org\\\/wp-content\\\/uploads\\\/2026\\\/08\\\/CUBALEX1.png?fit=1445%2C300&ssl=1\",\"contentUrl\":\"https:\\\/\\\/i0.wp.com\\\/cubalex.org\\\/wp-content\\\/uploads\\\/2026\\\/08\\\/CUBALEX1.png?fit=1445%2C300&ssl=1\",\"width\":1445,\"height\":300,\"caption\":\"Cubalex\"},\"image\":{\"@id\":\"https:\\\/\\\/cubalex.org\\\/#\\\/schema\\\/logo\\\/image\\\/\"},\"sameAs\":[\"https:\\\/\\\/www.facebook.com\\\/ONGcubalex\",\"https:\\\/\\\/x.com\\\/CubalexDDHH\",\"https:\\\/\\\/www.youtube.com\\\/@Cubalex\",\"https:\\\/\\\/www.linkedin.com\\\/company\\\/cubalex\\\/\",\"https:\\\/\\\/t.me\\\/cubalex\"]}]}<\/script>\n<!-- \/ Yoast SEO plugin. -->","yoast_head_json":{"title":"De la prisi\u00f3n a la desatenci\u00f3n m\u00e9dica: exprisioneros pol\u00edticos cubanos denuncian abandono de sus enfermedades - Cubalex","robots":{"index":"index","follow":"follow","max-snippet":"max-snippet:-1","max-image-preview":"max-image-preview:large","max-video-preview":"max-video-preview:-1"},"canonical":"https:\/\/cubalex.org\/en\/2026\/08\/27\/de-la-prision-a-la-desatencion-medica-exprisioneros-politicos-cubanos-denuncian-abandono-de-sus-enfermedades\/","og_locale":"en_US","og_type":"article","og_title":"De la prisi\u00f3n a la desatenci\u00f3n m\u00e9dica: exprisioneros pol\u00edticos cubanos denuncian abandono de sus enfermedades - Cubalex","og_description":"a salida de prisi\u00f3n no siempre significa el fin del sufrimiento para los presos pol\u00edticos cubanos. En los \u00faltimos a\u00f1os, Cubalex ha documentado denuncias de personas excarceladas o liberadas tras cumplir sus condenas que, una vez fuera de los centros penitenciarios, contin\u00faan enfrentando enfermedades graves sin recibir la atenci\u00f3n m\u00e9dica necesaria.","og_url":"https:\/\/cubalex.org\/en\/2026\/08\/27\/de-la-prision-a-la-desatencion-medica-exprisioneros-politicos-cubanos-denuncian-abandono-de-sus-enfermedades\/","og_site_name":"Cubalex","article_publisher":"https:\/\/www.facebook.com\/ONGcubalex","article_published_time":"2026-08-27T15:00:00+00:00","og_image":[{"width":1200,"height":560,"url":"https:\/\/i0.wp.com\/cubalex.org\/wp-content\/uploads\/2026\/08\/excarcelados-enfermos.jpg?fit=1200%2C560&ssl=1","type":"image\/jpeg"}],"twitter_card":"summary_large_image","twitter_creator":"@CubalexDDHH","twitter_site":"@CubalexDDHH","twitter_misc":{"Written by":"puravida","Est. reading time":"7 minutes"},"schema":{"@context":"https:\/\/schema.org","@graph":[{"@type":"Article","@id":"https:\/\/cubalex.org\/2026\/08\/27\/de-la-prision-a-la-desatencion-medica-exprisioneros-politicos-cubanos-denuncian-abandono-de-sus-enfermedades\/#article","isPartOf":{"@id":"https:\/\/cubalex.org\/2026\/08\/27\/de-la-prision-a-la-desatencion-medica-exprisioneros-politicos-cubanos-denuncian-abandono-de-sus-enfermedades\/"},"headline":"De la prisi\u00f3n a la desatenci\u00f3n m\u00e9dica: exprisioneros pol\u00edticos cubanos denuncian abandono de sus enfermedades","datePublished":"2026-08-27T15:00:00+00:00","mainEntityOfPage":{"@id":"https:\/\/cubalex.org\/2026\/08\/27\/de-la-prision-a-la-desatencion-medica-exprisioneros-politicos-cubanos-denuncian-abandono-de-sus-enfermedades\/"},"wordCount":1451,"publisher":{"@id":"https:\/\/cubalex.org\/#organization"},"image":{"@id":"https:\/\/cubalex.org\/2026\/08\/27\/de-la-prision-a-la-desatencion-medica-exprisioneros-politicos-cubanos-denuncian-abandono-de-sus-enfermedades\/#primaryimage"},"thumbnailUrl":"https:\/\/i0.wp.com\/cubalex.org\/wp-content\/uploads\/2026\/08\/excarcelados-enfermos.jpg?fit=1200%2C560&ssl=1","keywords":["derechos humanos","presos pol\u00edticos"],"articleSection":["Alertas"],"inLanguage":"en-US"},{"@type":"WebPage","@id":"https:\/\/cubalex.org\/2026\/08\/27\/de-la-prision-a-la-desatencion-medica-exprisioneros-politicos-cubanos-denuncian-abandono-de-sus-enfermedades\/","url":"https:\/\/cubalex.org\/2026\/08\/27\/de-la-prision-a-la-desatencion-medica-exprisioneros-politicos-cubanos-denuncian-abandono-de-sus-enfermedades\/","name":"De la prisi\u00f3n a la desatenci\u00f3n m\u00e9dica: exprisioneros pol\u00edticos cubanos denuncian abandono de sus enfermedades - Cubalex","isPartOf":{"@id":"https:\/\/cubalex.org\/#website"},"primaryImageOfPage":{"@id":"https:\/\/cubalex.org\/2026\/08\/27\/de-la-prision-a-la-desatencion-medica-exprisioneros-politicos-cubanos-denuncian-abandono-de-sus-enfermedades\/#primaryimage"},"image":{"@id":"https:\/\/cubalex.org\/2026\/08\/27\/de-la-prision-a-la-desatencion-medica-exprisioneros-politicos-cubanos-denuncian-abandono-de-sus-enfermedades\/#primaryimage"},"thumbnailUrl":"https:\/\/i0.wp.com\/cubalex.org\/wp-content\/uploads\/2026\/08\/excarcelados-enfermos.jpg?fit=1200%2C560&ssl=1","datePublished":"2026-08-27T15:00:00+00:00","breadcrumb":{"@id":"https:\/\/cubalex.org\/2026\/08\/27\/de-la-prision-a-la-desatencion-medica-exprisioneros-politicos-cubanos-denuncian-abandono-de-sus-enfermedades\/#breadcrumb"},"inLanguage":"en-US","potentialAction":[{"@type":"ReadAction","target":["https:\/\/cubalex.org\/2026\/08\/27\/de-la-prision-a-la-desatencion-medica-exprisioneros-politicos-cubanos-denuncian-abandono-de-sus-enfermedades\/"]}]},{"@type":"ImageObject","inLanguage":"en-US","@id":"https:\/\/cubalex.org\/2026\/08\/27\/de-la-prision-a-la-desatencion-medica-exprisioneros-politicos-cubanos-denuncian-abandono-de-sus-enfermedades\/#primaryimage","url":"https:\/\/i0.wp.com\/cubalex.org\/wp-content\/uploads\/2026\/08\/excarcelados-enfermos.jpg?fit=1200%2C560&ssl=1","contentUrl":"https:\/\/i0.wp.com\/cubalex.org\/wp-content\/uploads\/2026\/08\/excarcelados-enfermos.jpg?fit=1200%2C560&ssl=1","width":1200,"height":560},{"@type":"BreadcrumbList","@id":"https:\/\/cubalex.org\/2026\/08\/27\/de-la-prision-a-la-desatencion-medica-exprisioneros-politicos-cubanos-denuncian-abandono-de-sus-enfermedades\/#breadcrumb","itemListElement":[{"@type":"ListItem","position":1,"name":"Portada","item":"https:\/\/cubalex.org\/"},{"@type":"ListItem","position":2,"name":"De la prisi\u00f3n a la desatenci\u00f3n m\u00e9dica: exprisioneros pol\u00edticos cubanos denuncian abandono de sus enfermedades"}]},{"@type":"WebSite","@id":"https:\/\/cubalex.org\/#website","url":"https:\/\/cubalex.org\/","name":"Cubalex","description":"Trabajamos en defensa de los derechos humanos, para instaurar la democracia y el Estado de derecho en Cuba","publisher":{"@id":"https:\/\/cubalex.org\/#organization"},"potentialAction":[{"@type":"SearchAction","target":{"@type":"EntryPoint","urlTemplate":"https:\/\/cubalex.org\/?s={search_term_string}"},"query-input":{"@type":"PropertyValueSpecification","valueRequired":true,"valueName":"search_term_string"}}],"inLanguage":"en-US"},{"@type":"Organization","@id":"https:\/\/cubalex.org\/#organization","name":"Cubalex","url":"https:\/\/cubalex.org\/","logo":{"@type":"ImageObject","inLanguage":"en-US","@id":"https:\/\/cubalex.org\/#\/schema\/logo\/image\/","url":"https:\/\/i0.wp.com\/cubalex.org\/wp-content\/uploads\/2026\/08\/CUBALEX1.png?fit=1445%2C300&ssl=1","contentUrl":"https:\/\/i0.wp.com\/cubalex.org\/wp-content\/uploads\/2026\/08\/CUBALEX1.png?fit=1445%2C300&ssl=1","width":1445,"height":300,"caption":"Cubalex"},"image":{"@id":"https:\/\/cubalex.org\/#\/schema\/logo\/image\/"},"sameAs":["https:\/\/www.facebook.com\/ONGcubalex","https:\/\/x.com\/CubalexDDHH","https:\/\/www.youtube.com\/@Cubalex","https:\/\/www.linkedin.com\/company\/cubalex\/","https:\/\/t.me\/cubalex"]}]}},"jetpack_shortlink":"https:\/\/wp.me\/p23ZXl-6vD","jetpack_sharing_enabled":true,"jetpack_featured_media_url":"https:\/\/i0.wp.com\/cubalex.org\/wp-content\/uploads\/2026\/08\/excarcelados-enfermos.jpg?fit=1200%2C560&ssl=1","_links":{"self":[{"href":"https:\/\/cubalex.org\/en\/wp-json\/wp\/v2\/posts\/25025","targetHints":{"allow":["GET"]}}],"collection":[{"href":"https:\/\/cubalex.org\/en\/wp-json\/wp\/v2\/posts"}],"about":[{"href":"https:\/\/cubalex.org\/en\/wp-json\/wp\/v2\/types\/post"}],"replies":[{"embeddable":true,"href":"https:\/\/cubalex.org\/en\/wp-json\/wp\/v2\/comments?post=25025"}],"version-history":[{"count":4,"href":"https:\/\/cubalex.org\/en\/wp-json\/wp\/v2\/posts\/25025\/revisions"}],"predecessor-version":[{"id":25030,"href":"https:\/\/cubalex.org\/en\/wp-json\/wp\/v2\/posts\/25025\/revisions\/25030"}],"wp:featuredmedia":[{"embeddable":true,"href":"https:\/\/cubalex.org\/en\/wp-json\/wp\/v2\/media\/25029"}],"wp:attachment":[{"href":"https:\/\/cubalex.org\/en\/wp-json\/wp\/v2\/media?parent=25025"}],"wp:term":[{"taxonomy":"category","embeddable":true,"href":"https:\/\/cubalex.org\/en\/wp-json\/wp\/v2\/categories?post=25025"},{"taxonomy":"post_tag","embeddable":true,"href":"https:\/\/cubalex.org\/en\/wp-json\/wp\/v2\/tags?post=25025"}],"curies":[{"name":"wp","href":"https:\/\/api.w.org\/{rel}","templated":true}]}}