{"id":25069,"date":"2026-09-01T10:00:00","date_gmt":"2026-09-01T14:00:00","guid":{"rendered":"https:\/\/cubalex.org\/?p=25069"},"modified":"2026-09-01T08:37:30","modified_gmt":"2026-09-01T12:37:30","slug":"detencion-de-andy-garcia-lorenzo-evidencia-continuidad-de-la-represion-contra-manifestantes-del-11j-excarcelados","status":"publish","type":"post","link":"https:\/\/cubalex.org\/en\/2026\/09\/01\/detencion-de-andy-garcia-lorenzo-evidencia-continuidad-de-la-represion-contra-manifestantes-del-11j-excarcelados\/","title":{"rendered":"Detenci\u00f3n de Andy Garc\u00eda evidencia continuidad de la represi\u00f3n contra manifestantes del 11J excarcelados"},"content":{"rendered":"<p class=\"wp-block-paragraph\">El expreso pol\u00edtico y manifestante del 11J <strong>Andy Garc\u00eda Lorenzo<\/strong> fue<a href=\"https:\/\/www.facebook.com\/100077286315029\/posts\/1102067735712760\/\"> detenido<\/a> el domingo 30 de agosto en la ciudad de Santa Clara, y permaneci\u00f3 alrededor de 20 horas recluido, en un nuevo episodio represivo contra una persona que ya hab\u00eda cumplido su condena por participar en las protestas antigubernamentales del 11 de julio de 2021.<\/p>\n\n\n\n<p class=\"wp-block-paragraph\">Garc\u00eda Lorenzo fue arrestado en la v\u00eda p\u00fablica y trasladado a la <strong>Tercera Unidad de la Polic\u00eda Nacional Revolucionaria (PNR)<\/strong> de Santa Clara, seg\u00fan denunciaron familiares en redes sociales. De acuerdo con las informaciones difundidas por sus allegados, las autoridades pretend\u00edan acusarlo de un supuesto delito de <strong>\u201cdesorden p\u00fablico\u201d<\/strong>, relacionado con la toma de fotograf\u00edas en las calles.<\/p>\n\n\n\n<p class=\"wp-block-paragraph\">Tras su arresto, <strong>Andy Garc\u00eda Lorenzo inici\u00f3 una huelga de hambre<\/strong> como forma de protesta contra la detenci\u00f3n. Sus familiares y otras personas cercanas acudieron el domingo a la estaci\u00f3n policial para conocer sobre su situaci\u00f3n y reclamar su libertad. Finalmente fue liberado el lunes.<\/p>\n\n\n\n<p class=\"wp-block-paragraph\">Garc\u00eda Lorenzo fue uno de los j\u00f3venes que participaron en las protestas del <strong>11 de julio de 2021 (11J)<\/strong>, las mayores manifestaciones antigubernamentales registradas en Cuba en d\u00e9cadas. Por estos hechos fue condenado a cuatro a\u00f1os de prisi\u00f3n y cumpli\u00f3 \u00edntegramente su sanci\u00f3n. <strong>Fue liberado en julio de 2025.<\/strong><\/p>\n\n\n\n<p class=\"wp-block-paragraph\">Esta detenci\u00f3n arbitraria de corta duraci\u00f3n ocurre, por tanto, despu\u00e9s de que ya hubiera cumplido la condena impuesta por su participaci\u00f3n en las manifestaciones.<\/p>\n\n\n\n<h3 class=\"wp-block-heading\">M\u00e1s de 50 incidentes represivos contra manifestantes del 11J fuera de prisi\u00f3n<\/h3>\n\n\n\n<p class=\"wp-block-paragraph\">El caso de Andy Garc\u00eda Lorenzo se inserta en un patr\u00f3n represivo m\u00e1s amplio documentado por <strong>Cubalex durante 2026<\/strong>.<\/p>\n\n\n\n<p class=\"wp-block-paragraph\">En lo que va de a\u00f1o, el monitoreo de la organizaci\u00f3n ha contabilizado <strong>54 eventos represivos contra 28 manifestantes del 11J que se encontraban fuera de prisi\u00f3n en el momento en que ocurrieron estos hechos<\/strong>.<\/p>\n\n\n\n<p class=\"wp-block-paragraph\">Estos datos constituyen un <strong>subregistro<\/strong>, por lo que la cifra puede ser mayor y no incluyen los eventos represivos que puedan producirse contra estas mismas personas una vez que son nuevamente encarceladas.<\/p>\n\n\n\n<p class=\"wp-block-paragraph\">Entre los hechos documentados se encuentran detenciones, vigilancia, amenazas, citaciones y otras formas de hostigamiento dirigidas contra manifestantes que ya hab\u00edan salido de prisi\u00f3n despu\u00e9s de cumplir sus condenas o recibir alg\u00fan beneficio penitenciario.<\/p>\n\n\n\n<p class=\"wp-block-paragraph\">Particularmente preocupante resulta la utilizaci\u00f3n de las <strong><a href=\"https:\/\/cubalex.org\/en\/2026\/06\/19\/cubalex-expresa-preocupacion-por-el-aumento-de-las-revocaciones-de-beneficios-penitenciarios-a-presos-politicos\/\">revocaciones de beneficios penitenciarios como mecanismo de persecuci\u00f3n<\/a><\/strong>. Durante 2026, Cubalex ha documentado al menos cinco casos de personas presas por motivos pol\u00edticos del 11J que hab\u00edan sido excarceladas y posteriormente regresaron a prisi\u00f3n:<\/p>\n\n\n\n<ul class=\"wp-block-list\">\n<li><strong>Denis Hern\u00e1ndez<\/strong><\/li>\n\n\n\n<li><strong>Yoan de la Cruz<\/strong><\/li>\n\n\n\n<li><strong><a href=\"https:\/\/cubalex.org\/en\/2026\/06\/12\/cubalex-alerta-sobre-riesgo-de-revocacion-y-traslado-psiquiatrico-de-la-expresa-politica-yunaykis-linares\/\">Yunaykis de la Caridad Linares<\/a><\/strong><\/li>\n\n\n\n<li><strong>Leonel Trist\u00e1 Garc\u00eda<\/strong><\/li>\n\n\n\n<li><strong>Jos\u00e9 Enrique Pablo Oliva<\/strong><\/li>\n<\/ul>\n\n\n\n<p class=\"wp-block-paragraph\">Estos casos evidencian que la<strong> salida de prisi\u00f3n no necesariamente supone el fin de la persecuci\u00f3n para quienes fueron encarcelados por participar en las protestas del 11J.<\/strong><\/p>\n\n\n\n<p class=\"wp-block-paragraph\">La situaci\u00f3n documentada durante este a\u00f1o demuestra que las excarcelaciones y otros beneficios penitenciarios <strong>no han significado el cese de la persecuci\u00f3n contra las personas encarceladas por motivos pol\u00edticos<\/strong>.<\/p>\n\n\n\n<p class=\"wp-block-paragraph\">Por el contrario, quienes recuperan su libertad permanecen sometidos a un r\u00e9gimen de vigilancia y hostigamiento, al tiempo que enfrentan la amenaza constante de regresar a prisi\u00f3n mediante procedimientos caracterizados por la <strong>falta de transparencia y de garant\u00edas judiciales<\/strong>.<\/p>\n\n\n\n<p class=\"wp-block-paragraph\">El caso de Garc\u00eda Lorenzo vuelve a poner de manifiesto esta realidad. Despu\u00e9s de cumplir cuatro a\u00f1os de prisi\u00f3n por los hechos del 11J y recuperar su libertad en julio de 2025, vuelve a encontrarse detenido por una acusaci\u00f3n de \u201cdesorden p\u00fablico\u201d.<\/p>\n\n\n\n<p class=\"wp-block-paragraph\">La situaci\u00f3n resulta especialmente preocupante porque la privaci\u00f3n de libertad se produce en relaci\u00f3n con una conducta que, seg\u00fan las denuncias disponibles, consisti\u00f3 en <strong>tomar fotograf\u00edas en espacios p\u00fablicos<\/strong>.<\/p>\n\n\n\n<h2 class=\"wp-block-heading\">Las revocaciones como mecanismo de represalia<\/h2>\n\n\n\n<p class=\"wp-block-paragraph\">Cubalex reitera que la utilizaci\u00f3n de las <strong>revocaciones de beneficios penitenciarios como respuesta frente al ejercicio de derechos fundamentales o como mecanismo de represalia<\/strong> constituye una grave vulneraci\u00f3n de las garant\u00edas del debido proceso.<\/p>\n\n\n\n<p class=\"wp-block-paragraph\">La organizaci\u00f3n considera que esta pr\u00e1ctica evidencia el car\u00e1cter arbitrario con el que las autoridades cubanas administran los beneficios penitenciarios y mantiene a las personas excarceladas en una situaci\u00f3n de inseguridad jur\u00eddica permanente.<\/p>\n\n\n\n<p class=\"wp-block-paragraph\">El monitoreo de Cubalex continuar\u00e1 documentando los incidentes represivos contra manifestantes del 11J que se encuentran fuera de prisi\u00f3n, as\u00ed como las nuevas detenciones y revocaciones que puedan producirse.<\/p>\n\n\n\n<p class=\"wp-block-paragraph\"><strong>La organizaci\u00f3n exige el respeto de los derechos fundamentales de las personas presas por motivos pol\u00edticos, las garant\u00edas del debido proceso y el cese de la persecuci\u00f3n contra quienes ya cumplieron sus condenas o fueron beneficiados con su excarcelaci\u00f3n.<\/strong><\/p>","protected":false},"excerpt":{"rendered":"<p>En lo que va de a\u00f1o, el monitoreo de la organizaci\u00f3n ha contabilizado 54 eventos represivos contra 28 manifestantes del 11J que se encontraban fuera de prisi\u00f3n en el momento en que ocurrieron estos hechos.<\/p>","protected":false},"featured_media":25071,"comment_status":"closed","ping_status":"closed","sticky":false,"template":"","format":"standard","meta":{"_jetpack_newsletter_access":"","_jetpack_dont_email_post_to_subs":false,"_jetpack_newsletter_tier_id":0,"_jetpack_memberships_contains_paywalled_content":false,"_wpcom_ai_launchpad_first_post":false,"_jetpack_feature_clip_id":0,"_jetpack_memberships_contains_paid_content":false,"footnotes":"","jetpack_post_was_ever_published":false},"categories":[551856560],"tags":[31684,7629682,551856052],"class_list":["post-25069","post","type-post","status-publish","format-standard","has-post-thumbnail","hentry","category-alertas","tag-derechos-humanos","tag-detencion-arbitraria","tag-presos-politicos"],"featured_image_src":"https:\/\/i0.wp.com\/cubalex.org\/wp-content\/uploads\/2026\/08\/andy.png?fit=1052%2C592&ssl=1","acf":{"translation_reviewed":false},"yoast_head":"<!-- This site is optimized with the Yoast SEO plugin v28.4 - https:\/\/yoast.com\/product\/yoast-seo-wordpress\/ -->\n<title>Detenci\u00f3n de Andy Garc\u00eda evidencia continuidad de la represi\u00f3n contra manifestantes del 11J excarcelados - Cubalex<\/title>\n<meta name=\"robots\" content=\"index, follow, max-snippet:-1, max-image-preview:large, max-video-preview:-1\" \/>\n<link rel=\"canonical\" href=\"https:\/\/cubalex.org\/en\/2026\/09\/01\/detencion-de-andy-garcia-lorenzo-evidencia-continuidad-de-la-represion-contra-manifestantes-del-11j-excarcelados\/\" \/>\n<meta property=\"og:locale\" content=\"en_US\" \/>\n<meta property=\"og:type\" content=\"article\" \/>\n<meta property=\"og:title\" content=\"Detenci\u00f3n de Andy Garc\u00eda evidencia continuidad de la represi\u00f3n contra manifestantes del 11J excarcelados - Cubalex\" \/>\n<meta property=\"og:description\" content=\"En lo que va de a\u00f1o, el monitoreo de la organizaci\u00f3n ha contabilizado 54 eventos represivos contra 28 manifestantes del 11J que se encontraban fuera de prisi\u00f3n en el momento en que ocurrieron estos hechos.\" \/>\n<meta property=\"og:url\" content=\"https:\/\/cubalex.org\/en\/2026\/09\/01\/detencion-de-andy-garcia-lorenzo-evidencia-continuidad-de-la-represion-contra-manifestantes-del-11j-excarcelados\/\" \/>\n<meta property=\"og:site_name\" content=\"Cubalex\" \/>\n<meta property=\"article:publisher\" content=\"https:\/\/www.facebook.com\/ONGcubalex\" \/>\n<meta property=\"article:published_time\" content=\"2026-09-01T14:00:00+00:00\" \/>\n<meta property=\"og:image\" content=\"https:\/\/i0.wp.com\/cubalex.org\/wp-content\/uploads\/2026\/08\/andy.png?fit=1052%2C592&ssl=1\" \/>\n\t<meta property=\"og:image:width\" content=\"1052\" \/>\n\t<meta property=\"og:image:height\" content=\"592\" \/>\n\t<meta property=\"og:image:type\" content=\"image\/png\" \/>\n<meta name=\"twitter:card\" content=\"summary_large_image\" \/>\n<meta name=\"twitter:creator\" content=\"@CubalexDDHH\" \/>\n<meta name=\"twitter:site\" content=\"@CubalexDDHH\" \/>\n<meta name=\"twitter:label1\" content=\"Written by\" \/>\n\t<meta name=\"twitter:data1\" content=\"puravida\" \/>\n\t<meta name=\"twitter:label2\" content=\"Est. reading time\" \/>\n\t<meta name=\"twitter:data2\" content=\"4 minutes\" \/>\n<script type=\"application\/ld+json\" class=\"yoast-schema-graph\">{\"@context\":\"https:\\\/\\\/schema.org\",\"@graph\":[{\"@type\":\"Article\",\"@id\":\"https:\\\/\\\/cubalex.org\\\/2026\\\/09\\\/01\\\/detencion-de-andy-garcia-lorenzo-evidencia-continuidad-de-la-represion-contra-manifestantes-del-11j-excarcelados\\\/#article\",\"isPartOf\":{\"@id\":\"https:\\\/\\\/cubalex.org\\\/2026\\\/09\\\/01\\\/detencion-de-andy-garcia-lorenzo-evidencia-continuidad-de-la-represion-contra-manifestantes-del-11j-excarcelados\\\/\"},\"headline\":\"Detenci\u00f3n de Andy Garc\u00eda evidencia continuidad de la represi\u00f3n contra manifestantes del 11J excarcelados\",\"datePublished\":\"2026-09-01T14:00:00+00:00\",\"mainEntityOfPage\":{\"@id\":\"https:\\\/\\\/cubalex.org\\\/2026\\\/09\\\/01\\\/detencion-de-andy-garcia-lorenzo-evidencia-continuidad-de-la-represion-contra-manifestantes-del-11j-excarcelados\\\/\"},\"wordCount\":813,\"publisher\":{\"@id\":\"https:\\\/\\\/cubalex.org\\\/#organization\"},\"image\":{\"@id\":\"https:\\\/\\\/cubalex.org\\\/2026\\\/09\\\/01\\\/detencion-de-andy-garcia-lorenzo-evidencia-continuidad-de-la-represion-contra-manifestantes-del-11j-excarcelados\\\/#primaryimage\"},\"thumbnailUrl\":\"https:\\\/\\\/i0.wp.com\\\/cubalex.org\\\/wp-content\\\/uploads\\\/2026\\\/08\\\/andy.png?fit=1052%2C592&ssl=1\",\"keywords\":[\"derechos humanos\",\"detenci\u00f3n arbitraria\",\"presos pol\u00edticos\"],\"articleSection\":[\"Alertas\"],\"inLanguage\":\"en-US\"},{\"@type\":\"WebPage\",\"@id\":\"https:\\\/\\\/cubalex.org\\\/2026\\\/09\\\/01\\\/detencion-de-andy-garcia-lorenzo-evidencia-continuidad-de-la-represion-contra-manifestantes-del-11j-excarcelados\\\/\",\"url\":\"https:\\\/\\\/cubalex.org\\\/2026\\\/09\\\/01\\\/detencion-de-andy-garcia-lorenzo-evidencia-continuidad-de-la-represion-contra-manifestantes-del-11j-excarcelados\\\/\",\"name\":\"Detenci\u00f3n de Andy Garc\u00eda evidencia continuidad de la represi\u00f3n contra manifestantes del 11J excarcelados - Cubalex\",\"isPartOf\":{\"@id\":\"https:\\\/\\\/cubalex.org\\\/#website\"},\"primaryImageOfPage\":{\"@id\":\"https:\\\/\\\/cubalex.org\\\/2026\\\/09\\\/01\\\/detencion-de-andy-garcia-lorenzo-evidencia-continuidad-de-la-represion-contra-manifestantes-del-11j-excarcelados\\\/#primaryimage\"},\"image\":{\"@id\":\"https:\\\/\\\/cubalex.org\\\/2026\\\/09\\\/01\\\/detencion-de-andy-garcia-lorenzo-evidencia-continuidad-de-la-represion-contra-manifestantes-del-11j-excarcelados\\\/#primaryimage\"},\"thumbnailUrl\":\"https:\\\/\\\/i0.wp.com\\\/cubalex.org\\\/wp-content\\\/uploads\\\/2026\\\/08\\\/andy.png?fit=1052%2C592&ssl=1\",\"datePublished\":\"2026-09-01T14:00:00+00:00\",\"breadcrumb\":{\"@id\":\"https:\\\/\\\/cubalex.org\\\/2026\\\/09\\\/01\\\/detencion-de-andy-garcia-lorenzo-evidencia-continuidad-de-la-represion-contra-manifestantes-del-11j-excarcelados\\\/#breadcrumb\"},\"inLanguage\":\"en-US\",\"potentialAction\":[{\"@type\":\"ReadAction\",\"target\":[\"https:\\\/\\\/cubalex.org\\\/2026\\\/09\\\/01\\\/detencion-de-andy-garcia-lorenzo-evidencia-continuidad-de-la-represion-contra-manifestantes-del-11j-excarcelados\\\/\"]}]},{\"@type\":\"ImageObject\",\"inLanguage\":\"en-US\",\"@id\":\"https:\\\/\\\/cubalex.org\\\/2026\\\/09\\\/01\\\/detencion-de-andy-garcia-lorenzo-evidencia-continuidad-de-la-represion-contra-manifestantes-del-11j-excarcelados\\\/#primaryimage\",\"url\":\"https:\\\/\\\/i0.wp.com\\\/cubalex.org\\\/wp-content\\\/uploads\\\/2026\\\/08\\\/andy.png?fit=1052%2C592&ssl=1\",\"contentUrl\":\"https:\\\/\\\/i0.wp.com\\\/cubalex.org\\\/wp-content\\\/uploads\\\/2026\\\/08\\\/andy.png?fit=1052%2C592&ssl=1\",\"width\":1052,\"height\":592},{\"@type\":\"BreadcrumbList\",\"@id\":\"https:\\\/\\\/cubalex.org\\\/2026\\\/09\\\/01\\\/detencion-de-andy-garcia-lorenzo-evidencia-continuidad-de-la-represion-contra-manifestantes-del-11j-excarcelados\\\/#breadcrumb\",\"itemListElement\":[{\"@type\":\"ListItem\",\"position\":1,\"name\":\"Portada\",\"item\":\"https:\\\/\\\/cubalex.org\\\/\"},{\"@type\":\"ListItem\",\"position\":2,\"name\":\"Detenci\u00f3n de Andy Garc\u00eda evidencia continuidad de la represi\u00f3n contra manifestantes del 11J excarcelados\"}]},{\"@type\":\"WebSite\",\"@id\":\"https:\\\/\\\/cubalex.org\\\/#website\",\"url\":\"https:\\\/\\\/cubalex.org\\\/\",\"name\":\"Cubalex\",\"description\":\"Trabajamos en defensa de los derechos humanos, para instaurar la democracia y el Estado de derecho en Cuba\",\"publisher\":{\"@id\":\"https:\\\/\\\/cubalex.org\\\/#organization\"},\"potentialAction\":[{\"@type\":\"SearchAction\",\"target\":{\"@type\":\"EntryPoint\",\"urlTemplate\":\"https:\\\/\\\/cubalex.org\\\/?s={search_term_string}\"},\"query-input\":{\"@type\":\"PropertyValueSpecification\",\"valueRequired\":true,\"valueName\":\"search_term_string\"}}],\"inLanguage\":\"en-US\"},{\"@type\":\"Organization\",\"@id\":\"https:\\\/\\\/cubalex.org\\\/#organization\",\"name\":\"Cubalex\",\"url\":\"https:\\\/\\\/cubalex.org\\\/\",\"logo\":{\"@type\":\"ImageObject\",\"inLanguage\":\"en-US\",\"@id\":\"https:\\\/\\\/cubalex.org\\\/#\\\/schema\\\/logo\\\/image\\\/\",\"url\":\"https:\\\/\\\/i0.wp.com\\\/cubalex.org\\\/wp-content\\\/uploads\\\/2026\\\/08\\\/CUBALEX1.png?fit=1445%2C300&ssl=1\",\"contentUrl\":\"https:\\\/\\\/i0.wp.com\\\/cubalex.org\\\/wp-content\\\/uploads\\\/2026\\\/08\\\/CUBALEX1.png?fit=1445%2C300&ssl=1\",\"width\":1445,\"height\":300,\"caption\":\"Cubalex\"},\"image\":{\"@id\":\"https:\\\/\\\/cubalex.org\\\/#\\\/schema\\\/logo\\\/image\\\/\"},\"sameAs\":[\"https:\\\/\\\/www.facebook.com\\\/ONGcubalex\",\"https:\\\/\\\/x.com\\\/CubalexDDHH\",\"https:\\\/\\\/www.youtube.com\\\/@Cubalex\",\"https:\\\/\\\/www.linkedin.com\\\/company\\\/cubalex\\\/\",\"https:\\\/\\\/t.me\\\/cubalex\"]}]}<\/script>\n<!-- \/ Yoast SEO plugin. -->","yoast_head_json":{"title":"Detenci\u00f3n de Andy Garc\u00eda evidencia continuidad de la represi\u00f3n contra manifestantes del 11J excarcelados - Cubalex","robots":{"index":"index","follow":"follow","max-snippet":"max-snippet:-1","max-image-preview":"max-image-preview:large","max-video-preview":"max-video-preview:-1"},"canonical":"https:\/\/cubalex.org\/en\/2026\/09\/01\/detencion-de-andy-garcia-lorenzo-evidencia-continuidad-de-la-represion-contra-manifestantes-del-11j-excarcelados\/","og_locale":"en_US","og_type":"article","og_title":"Detenci\u00f3n de Andy Garc\u00eda evidencia continuidad de la represi\u00f3n contra manifestantes del 11J excarcelados - Cubalex","og_description":"En lo que va de a\u00f1o, el monitoreo de la organizaci\u00f3n ha contabilizado 54 eventos represivos contra 28 manifestantes del 11J que se encontraban fuera de prisi\u00f3n en el momento en que ocurrieron estos hechos.","og_url":"https:\/\/cubalex.org\/en\/2026\/09\/01\/detencion-de-andy-garcia-lorenzo-evidencia-continuidad-de-la-represion-contra-manifestantes-del-11j-excarcelados\/","og_site_name":"Cubalex","article_publisher":"https:\/\/www.facebook.com\/ONGcubalex","article_published_time":"2026-09-01T14:00:00+00:00","og_image":[{"width":1052,"height":592,"url":"https:\/\/i0.wp.com\/cubalex.org\/wp-content\/uploads\/2026\/08\/andy.png?fit=1052%2C592&ssl=1","type":"image\/png"}],"twitter_card":"summary_large_image","twitter_creator":"@CubalexDDHH","twitter_site":"@CubalexDDHH","twitter_misc":{"Written by":"puravida","Est. reading time":"4 minutes"},"schema":{"@context":"https:\/\/schema.org","@graph":[{"@type":"Article","@id":"https:\/\/cubalex.org\/2026\/09\/01\/detencion-de-andy-garcia-lorenzo-evidencia-continuidad-de-la-represion-contra-manifestantes-del-11j-excarcelados\/#article","isPartOf":{"@id":"https:\/\/cubalex.org\/2026\/09\/01\/detencion-de-andy-garcia-lorenzo-evidencia-continuidad-de-la-represion-contra-manifestantes-del-11j-excarcelados\/"},"headline":"Detenci\u00f3n de Andy Garc\u00eda evidencia continuidad de la represi\u00f3n contra manifestantes del 11J excarcelados","datePublished":"2026-09-01T14:00:00+00:00","mainEntityOfPage":{"@id":"https:\/\/cubalex.org\/2026\/09\/01\/detencion-de-andy-garcia-lorenzo-evidencia-continuidad-de-la-represion-contra-manifestantes-del-11j-excarcelados\/"},"wordCount":813,"publisher":{"@id":"https:\/\/cubalex.org\/#organization"},"image":{"@id":"https:\/\/cubalex.org\/2026\/09\/01\/detencion-de-andy-garcia-lorenzo-evidencia-continuidad-de-la-represion-contra-manifestantes-del-11j-excarcelados\/#primaryimage"},"thumbnailUrl":"https:\/\/i0.wp.com\/cubalex.org\/wp-content\/uploads\/2026\/08\/andy.png?fit=1052%2C592&ssl=1","keywords":["derechos humanos","detenci\u00f3n arbitraria","presos pol\u00edticos"],"articleSection":["Alertas"],"inLanguage":"en-US"},{"@type":"WebPage","@id":"https:\/\/cubalex.org\/2026\/09\/01\/detencion-de-andy-garcia-lorenzo-evidencia-continuidad-de-la-represion-contra-manifestantes-del-11j-excarcelados\/","url":"https:\/\/cubalex.org\/2026\/09\/01\/detencion-de-andy-garcia-lorenzo-evidencia-continuidad-de-la-represion-contra-manifestantes-del-11j-excarcelados\/","name":"Detenci\u00f3n de Andy Garc\u00eda evidencia continuidad de la represi\u00f3n contra manifestantes del 11J excarcelados - Cubalex","isPartOf":{"@id":"https:\/\/cubalex.org\/#website"},"primaryImageOfPage":{"@id":"https:\/\/cubalex.org\/2026\/09\/01\/detencion-de-andy-garcia-lorenzo-evidencia-continuidad-de-la-represion-contra-manifestantes-del-11j-excarcelados\/#primaryimage"},"image":{"@id":"https:\/\/cubalex.org\/2026\/09\/01\/detencion-de-andy-garcia-lorenzo-evidencia-continuidad-de-la-represion-contra-manifestantes-del-11j-excarcelados\/#primaryimage"},"thumbnailUrl":"https:\/\/i0.wp.com\/cubalex.org\/wp-content\/uploads\/2026\/08\/andy.png?fit=1052%2C592&ssl=1","datePublished":"2026-09-01T14:00:00+00:00","breadcrumb":{"@id":"https:\/\/cubalex.org\/2026\/09\/01\/detencion-de-andy-garcia-lorenzo-evidencia-continuidad-de-la-represion-contra-manifestantes-del-11j-excarcelados\/#breadcrumb"},"inLanguage":"en-US","potentialAction":[{"@type":"ReadAction","target":["https:\/\/cubalex.org\/2026\/09\/01\/detencion-de-andy-garcia-lorenzo-evidencia-continuidad-de-la-represion-contra-manifestantes-del-11j-excarcelados\/"]}]},{"@type":"ImageObject","inLanguage":"en-US","@id":"https:\/\/cubalex.org\/2026\/09\/01\/detencion-de-andy-garcia-lorenzo-evidencia-continuidad-de-la-represion-contra-manifestantes-del-11j-excarcelados\/#primaryimage","url":"https:\/\/i0.wp.com\/cubalex.org\/wp-content\/uploads\/2026\/08\/andy.png?fit=1052%2C592&ssl=1","contentUrl":"https:\/\/i0.wp.com\/cubalex.org\/wp-content\/uploads\/2026\/08\/andy.png?fit=1052%2C592&ssl=1","width":1052,"height":592},{"@type":"BreadcrumbList","@id":"https:\/\/cubalex.org\/2026\/09\/01\/detencion-de-andy-garcia-lorenzo-evidencia-continuidad-de-la-represion-contra-manifestantes-del-11j-excarcelados\/#breadcrumb","itemListElement":[{"@type":"ListItem","position":1,"name":"Portada","item":"https:\/\/cubalex.org\/"},{"@type":"ListItem","position":2,"name":"Detenci\u00f3n de Andy Garc\u00eda evidencia continuidad de la represi\u00f3n contra manifestantes del 11J excarcelados"}]},{"@type":"WebSite","@id":"https:\/\/cubalex.org\/#website","url":"https:\/\/cubalex.org\/","name":"Cubalex","description":"Trabajamos en defensa de los derechos humanos, para instaurar la democracia y el Estado de derecho en Cuba","publisher":{"@id":"https:\/\/cubalex.org\/#organization"},"potentialAction":[{"@type":"SearchAction","target":{"@type":"EntryPoint","urlTemplate":"https:\/\/cubalex.org\/?s={search_term_string}"},"query-input":{"@type":"PropertyValueSpecification","valueRequired":true,"valueName":"search_term_string"}}],"inLanguage":"en-US"},{"@type":"Organization","@id":"https:\/\/cubalex.org\/#organization","name":"Cubalex","url":"https:\/\/cubalex.org\/","logo":{"@type":"ImageObject","inLanguage":"en-US","@id":"https:\/\/cubalex.org\/#\/schema\/logo\/image\/","url":"https:\/\/i0.wp.com\/cubalex.org\/wp-content\/uploads\/2026\/08\/CUBALEX1.png?fit=1445%2C300&ssl=1","contentUrl":"https:\/\/i0.wp.com\/cubalex.org\/wp-content\/uploads\/2026\/08\/CUBALEX1.png?fit=1445%2C300&ssl=1","width":1445,"height":300,"caption":"Cubalex"},"image":{"@id":"https:\/\/cubalex.org\/#\/schema\/logo\/image\/"},"sameAs":["https:\/\/www.facebook.com\/ONGcubalex","https:\/\/x.com\/CubalexDDHH","https:\/\/www.youtube.com\/@Cubalex","https:\/\/www.linkedin.com\/company\/cubalex\/","https:\/\/t.me\/cubalex"]}]}},"jetpack_shortlink":"https:\/\/wp.me\/p23ZXl-6wl","jetpack_sharing_enabled":true,"jetpack_featured_media_url":"https:\/\/i0.wp.com\/cubalex.org\/wp-content\/uploads\/2026\/08\/andy.png?fit=1052%2C592&ssl=1","_links":{"self":[{"href":"https:\/\/cubalex.org\/en\/wp-json\/wp\/v2\/posts\/25069","targetHints":{"allow":["GET"]}}],"collection":[{"href":"https:\/\/cubalex.org\/en\/wp-json\/wp\/v2\/posts"}],"about":[{"href":"https:\/\/cubalex.org\/en\/wp-json\/wp\/v2\/types\/post"}],"replies":[{"embeddable":true,"href":"https:\/\/cubalex.org\/en\/wp-json\/wp\/v2\/comments?post=25069"}],"version-history":[{"count":3,"href":"https:\/\/cubalex.org\/en\/wp-json\/wp\/v2\/posts\/25069\/revisions"}],"predecessor-version":[{"id":25075,"href":"https:\/\/cubalex.org\/en\/wp-json\/wp\/v2\/posts\/25069\/revisions\/25075"}],"wp:featuredmedia":[{"embeddable":true,"href":"https:\/\/cubalex.org\/en\/wp-json\/wp\/v2\/media\/25071"}],"wp:attachment":[{"href":"https:\/\/cubalex.org\/en\/wp-json\/wp\/v2\/media?parent=25069"}],"wp:term":[{"taxonomy":"category","embeddable":true,"href":"https:\/\/cubalex.org\/en\/wp-json\/wp\/v2\/categories?post=25069"},{"taxonomy":"post_tag","embeddable":true,"href":"https:\/\/cubalex.org\/en\/wp-json\/wp\/v2\/tags?post=25069"}],"curies":[{"name":"wp","href":"https:\/\/api.w.org\/{rel}","templated":true}]}}