{"id":9387,"date":"2023-02-20T11:00:00","date_gmt":"2023-02-20T16:00:00","guid":{"rendered":"https:\/\/cubalex.org\/?p=9387"},"modified":"2025-09-23T21:46:03","modified_gmt":"2025-09-24T01:46:03","slug":"declaracion-de-organizaciones-de-derechos-humanos-sobre-la-situacion-de-los-presos-politicos-cubanos","status":"publish","type":"post","link":"https:\/\/cubalex.org\/en\/2023\/02\/20\/declaracion-de-organizaciones-de-derechos-humanos-sobre-la-situacion-de-los-presos-politicos-cubanos\/","title":{"rendered":"Declaraci\u00f3n de organizaciones de derechos humanos sobre la situaci\u00f3n de los presos pol\u00edticos cubanos"},"content":{"rendered":"<p class=\"wp-block-paragraph\">La reciente excarcelaci\u00f3n de 222 presos pol\u00edticos de Nicaragua y su inmediata deportaci\u00f3n hacia los Estados Unidos, ha levantado una alerta en la sociedad civil cubana sobre una \u201csoluci\u00f3n\u201d similar en el actual contexto de la Isla. Las protestas de 2021 y 2022 han dejado un saldo de 768 manifestantes detenidos, que quintuplica la cifra de presos pol\u00edticos desde inicios de julio de 2021 (152).<\/p>\n\n\n\n<p class=\"wp-block-paragraph\">La alerta est\u00e1 motivada por las conversaciones entre el Estado cubano e instancias como la Iglesia Cat\u00f3lica, la Uni\u00f3n Europea (UE) y el gobierno de Estados Unidos, que han expresado posturas en favor de la liberaci\u00f3n incondicional de los presos pol\u00edticos.&nbsp;<\/p>\n\n\n\n<p class=\"wp-block-paragraph\">Como antecedentes, figuran dos eventos del pasado reciente cubano: la <a href=\"https:\/\/www.abc.es\/internacional\/destierro-grupo-201007070000_noticia.html#vca=modulo&amp;vso=abc&amp;vmc=noticias-rel&amp;vli=espana\">excarcelaci\u00f3n <\/a>y <a href=\"https:\/\/www.abc.es\/internacional\/destierro-grupo-201007070000_noticia.html#vca=modulo&amp;vso=abc&amp;vmc=noticias-rel&amp;vli=espana\">salida al exilio<\/a>, en el 2010, de la mayor\u00eda de los presos pol\u00edticos de la Primavera Negra (2003), como parte del proceso de negociaci\u00f3n en la <a href=\"https:\/\/www.abc.es\/espana\/moratinos-cubanos-201009220000_noticia.html#vca=modulo&amp;vso=abc&amp;vmc=noticias-rel&amp;vli=espana\">modificaci\u00f3n de la Posici\u00f3n Com\u00fan<\/a> de la Uni\u00f3n Europea en torno a Cuba. Tambi\u00e9n, en 2015, la <a href=\"https:\/\/www.reuters.com\/article\/portada-eeuu-cuba-idLTAKBN0KL12X20150112\">excarcelaci\u00f3n<\/a> de 53 presos pol\u00edticos y el posterior exilio de algunos de ellos como \u00fanica v\u00eda para dejar atr\u00e1s las presiones de la Seguridad del Estado, como parte del proceso de negociaci\u00f3n para el restablecimiento de las relaciones entre Cuba y Estados Unidos.&nbsp;<\/p>\n\n\n\n<p class=\"wp-block-paragraph\">Relatores de los procedimientos especiales del Consejo de Derechos Humanos de la ONU <a href=\"https:\/\/spcommreports.ohchr.org\/TMResultsBase\/DownLoadPublicCommunicationFile?gId=24788\">han expresado preocupaci\u00f3n<\/a> por las \u201cexpatriaciones forzosas\u201d y amenazas de expatriaci\u00f3n forzosa y han identificado que \u201clas autoridades estar\u00edan directamente involucradas en la expulsi\u00f3n f\u00edsica de los afectados\u201d, o habr\u00edan creado un \u201ccontexto coercitivo marcado por continuas amenazas, hostigamiento y violaciones de derechos humanos\u201d, tambi\u00e9n contra los familiares de los afectados.&nbsp;<\/p>\n\n\n\n<p class=\"wp-block-paragraph\">Aunque se hace referencia al caso cubano, a la altura de 2019, es una alerta v\u00e1lida para otros escenarios. Lamentablemente, se trata de una pr\u00e1ctica sistem\u00e1tica en gobiernos represivos. Los presos pol\u00edticos nicarag\u00fcenses tampoco participaron en el proceso de negociaci\u00f3n. No se les <a href=\"https:\/\/elhilo.audio\/podcast\/presos-desterrados-nicaragua-ortega\/\">inform\u00f3<\/a> que la condici\u00f3n para su liberaci\u00f3n fuera la salida forzosa de su pa\u00eds.&nbsp;<\/p>\n\n\n\n<p class=\"wp-block-paragraph\">Por lo anterior, las organizaciones firmantes&nbsp;<\/p>\n\n\n\n<p class=\"wp-block-paragraph\">1- Sostenemos que la privaci\u00f3n de libertad como forma de castigo por ejercer la libertad de expresi\u00f3n, reuni\u00f3n y asociaci\u00f3n, as\u00ed como la expatriaci\u00f3n forzada son pr\u00e1cticas denunciables. Por cuanto el Estado cubano las utiliza reiteradamente para obtener ventajas en procesos de negociaci\u00f3n pol\u00edtica, diplom\u00e1tica y econ\u00f3mica, y como m\u00e9todo para ejercer control social y desmovilizar a la sociedad civil.<\/p>\n\n\n\n<p class=\"wp-block-paragraph\">2- Consideramos, ante&nbsp; una eventual negociaci\u00f3n entre gobiernos para la excarcelaci\u00f3n de los presos pol\u00edticos cubanos, que se trate de un proceso de valor humanitario. Ning\u00fan ciudadano debe ser privado de su libertad por ejercer su derecho a expresarse y manifestarse. Su excarcelaci\u00f3n, por tanto, deber\u00eda ser inmediata.&nbsp;<\/p>\n\n\n\n<p class=\"wp-block-paragraph\">3- Se\u00f1alamos que la salida forzosa del pa\u00eds como condici\u00f3n para la liberaci\u00f3n o excarcelaci\u00f3n de los presos pol\u00edticos es una violaci\u00f3n del derecho a la libre circulaci\u00f3n, tal como se plantea en el apartado primero del Art\u00edculo 12 del <a href=\"https:\/\/www.ohchr.org\/es\/instruments-mechanisms\/instruments\/international-covenant-civil-and-political-rights\">Pacto de los derechos civiles y pol\u00edticos<\/a>. Ninguna persona, mucho menos en las condiciones inhumanas de privaci\u00f3n de la libertad en las c\u00e1rceles cubanas, puede ser obligada a abandonar el pa\u00eds como condici\u00f3n para lograr su excarcelaci\u00f3n o liberaci\u00f3n definitiva. Quien negocie con el Estado cubano deber\u00eda solicitar garant\u00edas de que la persona privada de su libertad tomar\u00e1 la decisi\u00f3n de salir del pa\u00eds sin presiones de los \u00f3rganos de la Seguridad del Estado. La presi\u00f3n en estos casos es una forma de expatriaci\u00f3n forzada.<\/p>\n\n\n\n<p class=\"wp-block-paragraph\">4- Consideramos que se debe priorizar la participaci\u00f3n de las personas privadas de la libertad y sus familiares en el proceso de negociaci\u00f3n de la salida. Las v\u00edctimas deben estar en el centro de la negociaci\u00f3n.&nbsp; Ser\u00edan adem\u00e1s necesarias ciertas garant\u00edas m\u00ednimas para quienes decidan libre y voluntariamente salir del pa\u00eds, como facilidades en el proceso de reubicaci\u00f3n para acceder a la legalizaci\u00f3n de su estatus migratorio y acceso a servicios de rehabilitaci\u00f3n.<\/p>\n\n\n\n<p class=\"wp-block-paragraph\">5- Proponemos que las excarcelaciones y posteriores deportaciones que no tengan en cuenta las garant\u00edas mencionadas para las v\u00edctimas sean objeto de cuestionamiento de organismos defensores de derechos humanos y gobiernos democr\u00e1ticos, sean parte o no del proceso de negociaci\u00f3n. Nos oponemos a pronunciamientos laudatorios como los emitidos por el Departamento de Estado de EE. UU., en los que se presenta un hecho violatorio de derechos humanos como \u201c<a href=\"https:\/\/www.state.gov\/translations\/spanish\/conferencia-de-prensa-telefonica-con-emily-mendrala-subsecretaria-de-estado-adjunta-para-asuntos-del-hemisferio-occidental-sobre-nicaragua\/\">pasos positivos<\/a>\u201d para la consolidaci\u00f3n de las relaciones entre pa\u00edses y el camino a la democracia.&nbsp;<\/p>\n\n\n\n<p class=\"wp-block-paragraph\">Las organizaciones firmantes hemos acompa\u00f1ado a las v\u00edctimas de represi\u00f3n del Estado cubano, incluidas las apresadas a ra\u00edz de las protestas de los \u00faltimos dos a\u00f1os. Recibimos con esperanza la idea de que sean excarceladas, bajo cualquiera de las formas posibles. A la vez, alertamos que las causas de este malestar ciudadano, as\u00ed como de su represi\u00f3n -reforzada por el nuevo C\u00f3digo Penal- se mantienen vigentes. La espiral de violencia, resistencia y castigo no cesar\u00e1 hasta que rija en Cuba un Estado Democr\u00e1tico de Derecho, con pleno respeto a los derechos humanos. La b\u00fasqueda de esa Justicia, en el presente y el futuro, nos convoca y re\u00fane.&nbsp;&nbsp;<\/p>\n\n\n\n<p class=\"wp-block-paragraph\">A los 20 d\u00edas de febrero de 2023, firmamos:&nbsp;<\/p>\n\n\n\n<figure class=\"wp-block-image size-large\"><a href=\"https:\/\/i0.wp.com\/cubalex.org\/wp-content\/uploads\/2023\/02\/WhatsApp-Image-2023-02-20-at-10.53.41-AM.jpeg?ssl=1\"><img data-recalc-dims=\"1\" fetchpriority=\"high\" decoding=\"async\" width=\"1024\" height=\"98\" data-attachment-id=\"9394\" data-permalink=\"https:\/\/cubalex.org\/en\/2023\/02\/20\/declaracion-de-organizaciones-de-derechos-humanos-sobre-la-situacion-de-los-presos-politicos-cubanos\/whatsapp-image-2023-02-20-at-10-53-41-am\/\" data-orig-file=\"https:\/\/i0.wp.com\/cubalex.org\/wp-content\/uploads\/2023\/02\/WhatsApp-Image-2023-02-20-at-10.53.41-AM.jpeg?fit=1213%2C116&amp;ssl=1\" data-orig-size=\"1213,116\" data-comments-opened=\"0\" data-image-meta=\"{&quot;aperture&quot;:&quot;0&quot;,&quot;credit&quot;:&quot;&quot;,&quot;camera&quot;:&quot;&quot;,&quot;caption&quot;:&quot;&quot;,&quot;created_timestamp&quot;:&quot;0&quot;,&quot;copyright&quot;:&quot;&quot;,&quot;focal_length&quot;:&quot;0&quot;,&quot;iso&quot;:&quot;0&quot;,&quot;shutter_speed&quot;:&quot;0&quot;,&quot;title&quot;:&quot;&quot;,&quot;orientation&quot;:&quot;0&quot;}\" data-image-title=\"WhatsApp-Image-2023-02-20-at-10.53.41-AM\" data-image-description=\"\" data-image-caption=\"\" data-large-file=\"https:\/\/i0.wp.com\/cubalex.org\/wp-content\/uploads\/2023\/02\/WhatsApp-Image-2023-02-20-at-10.53.41-AM.jpeg?fit=700%2C67&amp;ssl=1\" src=\"https:\/\/i0.wp.com\/cubalex.org\/wp-content\/uploads\/2023\/02\/WhatsApp-Image-2023-02-20-at-10.53.41-AM.jpeg?resize=1024%2C98&#038;ssl=1\" alt=\"\" class=\"wp-image-9394\" srcset=\"https:\/\/i0.wp.com\/cubalex.org\/wp-content\/uploads\/2023\/02\/WhatsApp-Image-2023-02-20-at-10.53.41-AM.jpeg?resize=1024%2C98&amp;ssl=1 1024w, https:\/\/i0.wp.com\/cubalex.org\/wp-content\/uploads\/2023\/02\/WhatsApp-Image-2023-02-20-at-10.53.41-AM.jpeg?resize=250%2C24&amp;ssl=1 250w, https:\/\/i0.wp.com\/cubalex.org\/wp-content\/uploads\/2023\/02\/WhatsApp-Image-2023-02-20-at-10.53.41-AM.jpeg?resize=700%2C67&amp;ssl=1 700w, https:\/\/i0.wp.com\/cubalex.org\/wp-content\/uploads\/2023\/02\/WhatsApp-Image-2023-02-20-at-10.53.41-AM.jpeg?resize=768%2C73&amp;ssl=1 768w, https:\/\/i0.wp.com\/cubalex.org\/wp-content\/uploads\/2023\/02\/WhatsApp-Image-2023-02-20-at-10.53.41-AM.jpeg?resize=120%2C11&amp;ssl=1 120w, https:\/\/i0.wp.com\/cubalex.org\/wp-content\/uploads\/2023\/02\/WhatsApp-Image-2023-02-20-at-10.53.41-AM.jpeg?resize=300%2C29&amp;ssl=1 300w, https:\/\/i0.wp.com\/cubalex.org\/wp-content\/uploads\/2023\/02\/WhatsApp-Image-2023-02-20-at-10.53.41-AM.jpeg?resize=696%2C67&amp;ssl=1 696w, https:\/\/i0.wp.com\/cubalex.org\/wp-content\/uploads\/2023\/02\/WhatsApp-Image-2023-02-20-at-10.53.41-AM.jpeg?resize=1068%2C102&amp;ssl=1 1068w, https:\/\/i0.wp.com\/cubalex.org\/wp-content\/uploads\/2023\/02\/WhatsApp-Image-2023-02-20-at-10.53.41-AM.jpeg?w=1213&amp;ssl=1 1213w\" sizes=\"(max-width: 1024px) 100vw, 1024px\" \/><\/a><\/figure>\n\n\n\n<p class=\"wp-block-paragraph\">Puede descargar la declaraci\u00f3n <a href=\"https:\/\/cubalex.org\/wp-content\/uploads\/2023\/02\/Declaracion-de-organizaciones-de-derechos-humanos-sobre-la-situacion-de-los-presos-politicos-cubanos-.pdf\">aqu\u00ed<\/a>.<\/p>\n\n\n\n\t\t<div class=\"wppdfemb-frame-container-1\" style=\"-webkit-overflow-scrolling:auto;\">\n\t\t\t<iframe class=\"pdfembed-iframe nonfullscreen wppdf-emb-iframe-1\"\n\t\t\t\tsrc=\"https:\/\/cubalex.org\/en\/?pdfemb-data=eyJwZGZJRCI6OTM5MiwidXJsIjoiaHR0cHM6XC9cL2N1YmFsZXgub3JnXC93cC1jb250ZW50XC91cGxvYWRzXC8yMDIzXC8wMlwvRGVjbGFyYWNpb24tZGUtb3JnYW5pemFjaW9uZXMtZGUtZGVyZWNob3MtaHVtYW5vcy1zb2JyZS1sYS1zaXR1YWNpb24tZGUtbG9zLXByZXNvcy1wb2xpdGljb3MtY3ViYW5vcy0ucGRmIiwiVHJwQ29udGVudFJlc3RyaWN0aW9uIjp7InJlc3RyaWN0aW9uX3R5cGUiOiJleGNsdWRlIiwic2VsZWN0ZWRfbGFuZ3VhZ2VzIjpbXSwicGFuZWxfb3BlbiI6dHJ1ZX0sImNvbnRlbnRDb250cm9scyI6eyJlbmFibGVkIjpmYWxzZSwicnVsZXMiOltdfSwidGl0bGUiOiJEZWNsYXJhY2lvbi1kZS1vcmdhbml6YWNpb25lcy1kZS1kZXJlY2hvcy1odW1hbm9zLXNvYnJlLWxhLXNpdHVhY2lvbi1kZS1sb3MtcHJlc29zLXBvbGl0aWNvcy1jdWJhbm9zLSIsImluZGV4IjoxfQ\"\n\t\t\t\ttitle=\"Declaracion-de-organizaciones-de-derechos-humanos-sobre-la-situacion-de-los-presos-politicos-cubanos-\"\t\t\t\tdata-pdf-id=\"9392\"\n\t\t\t\tdata-pdf-index=\"1\"\n\t\t\t\tstyle=\"border:none;width:100%;max-width:100%;height:100vh;\"\n\t\t\t\tscrolling=\"yes\">\n\t\t\t<\/iframe>\n\t\t<\/div>\n\n\t\t\n<p class=\"wp-block-pdfemb-pdf-embedder-viewer\"><\/p>","protected":false},"excerpt":{"rendered":"<p>La reciente excarcelaci\u00f3n de 222 presos pol\u00edticos de Nicaragua y su inmediata deportaci\u00f3n hacia los Estados Unidos, ha levantado una alerta en la sociedad civil cubana sobre una \u201csoluci\u00f3n\u201d similar en el actual contexto de la Isla. Las protestas de 2021 y 2022 han dejado un saldo de 768 manifestantes detenidos, que quintuplica la cifra [&hellip;]<\/p>\n","protected":false},"featured_media":9391,"comment_status":"closed","ping_status":"closed","sticky":false,"template":"","format":"standard","meta":{"_jetpack_newsletter_access":"","_jetpack_dont_email_post_to_subs":false,"_jetpack_newsletter_tier_id":0,"_jetpack_memberships_contains_paywalled_content":false,"_wpcom_ai_launchpad_first_post":false,"_jetpack_feature_clip_id":0,"_jetpack_memberships_contains_paid_content":false,"footnotes":"","jetpack_post_was_ever_published":false},"categories":[551856570,551856778],"tags":[551855965,31684,34097768,112601],"class_list":["post-9387","post","type-post","status-publish","format-standard","has-post-thumbnail","hentry","category-declaraciones","category-pronunciamientos","tag-cubalex","tag-derechos-humanos","tag-estado-cubano","tag-represion"],"featured_image_src":"https:\/\/i0.wp.com\/cubalex.org\/wp-content\/uploads\/2023\/02\/memoria-colectiva-yulier-portada-1.jpg?fit=1200%2C675&ssl=1","acf":{"translation_reviewed":false},"yoast_head":"<!-- This site is optimized with the Yoast SEO plugin v28.4 - https:\/\/yoast.com\/product\/yoast-seo-wordpress\/ -->\n<title>Declaraci\u00f3n de organizaciones de derechos humanos sobre la situaci\u00f3n de los presos pol\u00edticos cubanos - Cubalex<\/title>\n<meta name=\"description\" content=\"Alertamos que las causas de este malestar ciudadano, as\u00ed como de su represi\u00f3n -reforzada por el nuevo C\u00f3digo Penal- se mantienen vigentes. La espiral de violencia, resistencia y castigo no cesar\u00e1 hasta que rija en Cuba un Estado Democratico de Derecho, con pleno respeto a los derechos humanos.\" \/>\n<meta name=\"robots\" content=\"index, follow, max-snippet:-1, max-image-preview:large, max-video-preview:-1\" \/>\n<link rel=\"canonical\" href=\"https:\/\/cubalex.org\/en\/2023\/02\/20\/declaracion-de-organizaciones-de-derechos-humanos-sobre-la-situacion-de-los-presos-politicos-cubanos\/\" \/>\n<meta property=\"og:locale\" content=\"en_US\" \/>\n<meta property=\"og:type\" content=\"article\" \/>\n<meta property=\"og:title\" content=\"Declaraci\u00f3n de organizaciones de derechos humanos sobre la situaci\u00f3n de los presos pol\u00edticos cubanos - Cubalex\" \/>\n<meta property=\"og:description\" content=\"Alertamos que las causas de este malestar ciudadano, as\u00ed como de su represi\u00f3n -reforzada por el nuevo C\u00f3digo Penal- se mantienen vigentes. La espiral de violencia, resistencia y castigo no cesar\u00e1 hasta que rija en Cuba un Estado Democratico de Derecho, con pleno respeto a los derechos humanos.\" \/>\n<meta property=\"og:url\" content=\"https:\/\/cubalex.org\/en\/2023\/02\/20\/declaracion-de-organizaciones-de-derechos-humanos-sobre-la-situacion-de-los-presos-politicos-cubanos\/\" \/>\n<meta property=\"og:site_name\" content=\"Cubalex\" \/>\n<meta property=\"article:publisher\" content=\"https:\/\/www.facebook.com\/ONGcubalex\" \/>\n<meta property=\"article:author\" content=\"https:\/\/www.facebook.com\/Cubalexdd.hh\" \/>\n<meta property=\"article:published_time\" content=\"2023-02-20T16:00:00+00:00\" \/>\n<meta property=\"article:modified_time\" content=\"2025-09-24T01:46:03+00:00\" \/>\n<meta property=\"og:image\" content=\"https:\/\/cubalex.org\/wp-content\/uploads\/2023\/02\/memoria-colectiva-yulier-portada-1.jpg\" \/>\n\t<meta property=\"og:image:width\" content=\"1200\" \/>\n\t<meta property=\"og:image:height\" content=\"675\" \/>\n\t<meta property=\"og:image:type\" content=\"image\/jpeg\" \/>\n<meta name=\"twitter:card\" content=\"summary_large_image\" \/>\n<meta name=\"twitter:creator\" content=\"@CubalexDDHH\" \/>\n<meta name=\"twitter:site\" content=\"@CubalexDDHH\" \/>\n<meta name=\"twitter:label1\" content=\"Written by\" \/>\n\t<meta name=\"twitter:data1\" content=\"Diversentido\" \/>\n\t<meta name=\"twitter:label2\" content=\"Est. reading time\" \/>\n\t<meta name=\"twitter:data2\" content=\"5 minutes\" \/>\n<script type=\"application\/ld+json\" class=\"yoast-schema-graph\">{\"@context\":\"https:\\\/\\\/schema.org\",\"@graph\":[{\"@type\":\"Article\",\"@id\":\"https:\\\/\\\/cubalex.org\\\/2023\\\/02\\\/20\\\/declaracion-de-organizaciones-de-derechos-humanos-sobre-la-situacion-de-los-presos-politicos-cubanos\\\/#article\",\"isPartOf\":{\"@id\":\"https:\\\/\\\/cubalex.org\\\/2023\\\/02\\\/20\\\/declaracion-de-organizaciones-de-derechos-humanos-sobre-la-situacion-de-los-presos-politicos-cubanos\\\/\"},\"headline\":\"Declaraci\u00f3n de organizaciones de derechos humanos sobre la situaci\u00f3n de los presos pol\u00edticos cubanos\",\"datePublished\":\"2023-02-20T16:00:00+00:00\",\"dateModified\":\"2025-09-24T01:46:03+00:00\",\"mainEntityOfPage\":{\"@id\":\"https:\\\/\\\/cubalex.org\\\/2023\\\/02\\\/20\\\/declaracion-de-organizaciones-de-derechos-humanos-sobre-la-situacion-de-los-presos-politicos-cubanos\\\/\"},\"wordCount\":965,\"publisher\":{\"@id\":\"https:\\\/\\\/cubalex.org\\\/#organization\"},\"image\":{\"@id\":\"https:\\\/\\\/cubalex.org\\\/2023\\\/02\\\/20\\\/declaracion-de-organizaciones-de-derechos-humanos-sobre-la-situacion-de-los-presos-politicos-cubanos\\\/#primaryimage\"},\"thumbnailUrl\":\"https:\\\/\\\/i0.wp.com\\\/cubalex.org\\\/wp-content\\\/uploads\\\/2023\\\/02\\\/memoria-colectiva-yulier-portada-1.jpg?fit=1200%2C675&ssl=1\",\"keywords\":[\"Cubalex\",\"derechos humanos\",\"Estado cubano\",\"represi\u00f3n\"],\"articleSection\":[\"Declaraciones\",\"Pronunciamientos\"],\"inLanguage\":\"en-US\"},{\"@type\":\"WebPage\",\"@id\":\"https:\\\/\\\/cubalex.org\\\/2023\\\/02\\\/20\\\/declaracion-de-organizaciones-de-derechos-humanos-sobre-la-situacion-de-los-presos-politicos-cubanos\\\/\",\"url\":\"https:\\\/\\\/cubalex.org\\\/2023\\\/02\\\/20\\\/declaracion-de-organizaciones-de-derechos-humanos-sobre-la-situacion-de-los-presos-politicos-cubanos\\\/\",\"name\":\"Declaraci\u00f3n de organizaciones de derechos humanos sobre la situaci\u00f3n de los presos pol\u00edticos cubanos - Cubalex\",\"isPartOf\":{\"@id\":\"https:\\\/\\\/cubalex.org\\\/#website\"},\"primaryImageOfPage\":{\"@id\":\"https:\\\/\\\/cubalex.org\\\/2023\\\/02\\\/20\\\/declaracion-de-organizaciones-de-derechos-humanos-sobre-la-situacion-de-los-presos-politicos-cubanos\\\/#primaryimage\"},\"image\":{\"@id\":\"https:\\\/\\\/cubalex.org\\\/2023\\\/02\\\/20\\\/declaracion-de-organizaciones-de-derechos-humanos-sobre-la-situacion-de-los-presos-politicos-cubanos\\\/#primaryimage\"},\"thumbnailUrl\":\"https:\\\/\\\/i0.wp.com\\\/cubalex.org\\\/wp-content\\\/uploads\\\/2023\\\/02\\\/memoria-colectiva-yulier-portada-1.jpg?fit=1200%2C675&ssl=1\",\"datePublished\":\"2023-02-20T16:00:00+00:00\",\"dateModified\":\"2025-09-24T01:46:03+00:00\",\"description\":\"Alertamos que las causas de este malestar ciudadano, as\u00ed como de su represi\u00f3n -reforzada por el nuevo C\u00f3digo Penal- se mantienen vigentes. La espiral de violencia, resistencia y castigo no cesar\u00e1 hasta que rija en Cuba un Estado Democratico de Derecho, con pleno respeto a los derechos humanos.\",\"breadcrumb\":{\"@id\":\"https:\\\/\\\/cubalex.org\\\/2023\\\/02\\\/20\\\/declaracion-de-organizaciones-de-derechos-humanos-sobre-la-situacion-de-los-presos-politicos-cubanos\\\/#breadcrumb\"},\"inLanguage\":\"en-US\",\"potentialAction\":[{\"@type\":\"ReadAction\",\"target\":[\"https:\\\/\\\/cubalex.org\\\/2023\\\/02\\\/20\\\/declaracion-de-organizaciones-de-derechos-humanos-sobre-la-situacion-de-los-presos-politicos-cubanos\\\/\"]}]},{\"@type\":\"ImageObject\",\"inLanguage\":\"en-US\",\"@id\":\"https:\\\/\\\/cubalex.org\\\/2023\\\/02\\\/20\\\/declaracion-de-organizaciones-de-derechos-humanos-sobre-la-situacion-de-los-presos-politicos-cubanos\\\/#primaryimage\",\"url\":\"https:\\\/\\\/i0.wp.com\\\/cubalex.org\\\/wp-content\\\/uploads\\\/2023\\\/02\\\/memoria-colectiva-yulier-portada-1.jpg?fit=1200%2C675&ssl=1\",\"contentUrl\":\"https:\\\/\\\/i0.wp.com\\\/cubalex.org\\\/wp-content\\\/uploads\\\/2023\\\/02\\\/memoria-colectiva-yulier-portada-1.jpg?fit=1200%2C675&ssl=1\",\"width\":1200,\"height\":675,\"caption\":\"Imagen de portada: Memoria Colectiva, obra de Yulier P (instalaci\u00f3n con los nombres de los presos pol\u00edticos, La Habana, 2022)\"},{\"@type\":\"BreadcrumbList\",\"@id\":\"https:\\\/\\\/cubalex.org\\\/2023\\\/02\\\/20\\\/declaracion-de-organizaciones-de-derechos-humanos-sobre-la-situacion-de-los-presos-politicos-cubanos\\\/#breadcrumb\",\"itemListElement\":[{\"@type\":\"ListItem\",\"position\":1,\"name\":\"Portada\",\"item\":\"https:\\\/\\\/cubalex.org\\\/\"},{\"@type\":\"ListItem\",\"position\":2,\"name\":\"Declaraci\u00f3n de organizaciones de derechos humanos sobre la situaci\u00f3n de los presos pol\u00edticos cubanos\"}]},{\"@type\":\"WebSite\",\"@id\":\"https:\\\/\\\/cubalex.org\\\/#website\",\"url\":\"https:\\\/\\\/cubalex.org\\\/\",\"name\":\"Cubalex\",\"description\":\"Trabajamos en defensa de los derechos humanos, para instaurar la democracia y el Estado de derecho en Cuba\",\"publisher\":{\"@id\":\"https:\\\/\\\/cubalex.org\\\/#organization\"},\"potentialAction\":[{\"@type\":\"SearchAction\",\"target\":{\"@type\":\"EntryPoint\",\"urlTemplate\":\"https:\\\/\\\/cubalex.org\\\/?s={search_term_string}\"},\"query-input\":{\"@type\":\"PropertyValueSpecification\",\"valueRequired\":true,\"valueName\":\"search_term_string\"}}],\"inLanguage\":\"en-US\"},{\"@type\":\"Organization\",\"@id\":\"https:\\\/\\\/cubalex.org\\\/#organization\",\"name\":\"Cubalex\",\"url\":\"https:\\\/\\\/cubalex.org\\\/\",\"logo\":{\"@type\":\"ImageObject\",\"inLanguage\":\"en-US\",\"@id\":\"https:\\\/\\\/cubalex.org\\\/#\\\/schema\\\/logo\\\/image\\\/\",\"url\":\"https:\\\/\\\/i0.wp.com\\\/cubalex.org\\\/wp-content\\\/uploads\\\/2026\\\/08\\\/CUBALEX1.png?fit=1445%2C300&ssl=1\",\"contentUrl\":\"https:\\\/\\\/i0.wp.com\\\/cubalex.org\\\/wp-content\\\/uploads\\\/2026\\\/08\\\/CUBALEX1.png?fit=1445%2C300&ssl=1\",\"width\":1445,\"height\":300,\"caption\":\"Cubalex\"},\"image\":{\"@id\":\"https:\\\/\\\/cubalex.org\\\/#\\\/schema\\\/logo\\\/image\\\/\"},\"sameAs\":[\"https:\\\/\\\/www.facebook.com\\\/ONGcubalex\",\"https:\\\/\\\/x.com\\\/CubalexDDHH\",\"https:\\\/\\\/www.youtube.com\\\/@Cubalex\",\"https:\\\/\\\/www.linkedin.com\\\/company\\\/cubalex\\\/\",\"https:\\\/\\\/t.me\\\/cubalex\"]}]}<\/script>\n<!-- \/ Yoast SEO plugin. -->","yoast_head_json":{"title":"Declaraci\u00f3n de organizaciones de derechos humanos sobre la situaci\u00f3n de los presos pol\u00edticos cubanos - Cubalex","description":"Alertamos que las causas de este malestar ciudadano, as\u00ed como de su represi\u00f3n -reforzada por el nuevo C\u00f3digo Penal- se mantienen vigentes. La espiral de violencia, resistencia y castigo no cesar\u00e1 hasta que rija en Cuba un Estado Democratico de Derecho, con pleno respeto a los derechos humanos.","robots":{"index":"index","follow":"follow","max-snippet":"max-snippet:-1","max-image-preview":"max-image-preview:large","max-video-preview":"max-video-preview:-1"},"canonical":"https:\/\/cubalex.org\/en\/2023\/02\/20\/declaracion-de-organizaciones-de-derechos-humanos-sobre-la-situacion-de-los-presos-politicos-cubanos\/","og_locale":"en_US","og_type":"article","og_title":"Declaraci\u00f3n de organizaciones de derechos humanos sobre la situaci\u00f3n de los presos pol\u00edticos cubanos - Cubalex","og_description":"Alertamos que las causas de este malestar ciudadano, as\u00ed como de su represi\u00f3n -reforzada por el nuevo C\u00f3digo Penal- se mantienen vigentes. La espiral de violencia, resistencia y castigo no cesar\u00e1 hasta que rija en Cuba un Estado Democratico de Derecho, con pleno respeto a los derechos humanos.","og_url":"https:\/\/cubalex.org\/en\/2023\/02\/20\/declaracion-de-organizaciones-de-derechos-humanos-sobre-la-situacion-de-los-presos-politicos-cubanos\/","og_site_name":"Cubalex","article_publisher":"https:\/\/www.facebook.com\/ONGcubalex","article_author":"https:\/\/www.facebook.com\/Cubalexdd.hh","article_published_time":"2023-02-20T16:00:00+00:00","article_modified_time":"2025-09-24T01:46:03+00:00","og_image":[{"width":1200,"height":675,"url":"https:\/\/cubalex.org\/wp-content\/uploads\/2023\/02\/memoria-colectiva-yulier-portada-1.jpg","type":"image\/jpeg"}],"twitter_card":"summary_large_image","twitter_creator":"@CubalexDDHH","twitter_site":"@CubalexDDHH","twitter_misc":{"Written by":"Diversentido","Est. reading time":"5 minutes"},"schema":{"@context":"https:\/\/schema.org","@graph":[{"@type":"Article","@id":"https:\/\/cubalex.org\/2023\/02\/20\/declaracion-de-organizaciones-de-derechos-humanos-sobre-la-situacion-de-los-presos-politicos-cubanos\/#article","isPartOf":{"@id":"https:\/\/cubalex.org\/2023\/02\/20\/declaracion-de-organizaciones-de-derechos-humanos-sobre-la-situacion-de-los-presos-politicos-cubanos\/"},"headline":"Declaraci\u00f3n de organizaciones de derechos humanos sobre la situaci\u00f3n de los presos pol\u00edticos cubanos","datePublished":"2023-02-20T16:00:00+00:00","dateModified":"2025-09-24T01:46:03+00:00","mainEntityOfPage":{"@id":"https:\/\/cubalex.org\/2023\/02\/20\/declaracion-de-organizaciones-de-derechos-humanos-sobre-la-situacion-de-los-presos-politicos-cubanos\/"},"wordCount":965,"publisher":{"@id":"https:\/\/cubalex.org\/#organization"},"image":{"@id":"https:\/\/cubalex.org\/2023\/02\/20\/declaracion-de-organizaciones-de-derechos-humanos-sobre-la-situacion-de-los-presos-politicos-cubanos\/#primaryimage"},"thumbnailUrl":"https:\/\/i0.wp.com\/cubalex.org\/wp-content\/uploads\/2023\/02\/memoria-colectiva-yulier-portada-1.jpg?fit=1200%2C675&ssl=1","keywords":["Cubalex","derechos humanos","Estado cubano","represi\u00f3n"],"articleSection":["Declaraciones","Pronunciamientos"],"inLanguage":"en-US"},{"@type":"WebPage","@id":"https:\/\/cubalex.org\/2023\/02\/20\/declaracion-de-organizaciones-de-derechos-humanos-sobre-la-situacion-de-los-presos-politicos-cubanos\/","url":"https:\/\/cubalex.org\/2023\/02\/20\/declaracion-de-organizaciones-de-derechos-humanos-sobre-la-situacion-de-los-presos-politicos-cubanos\/","name":"Declaraci\u00f3n de organizaciones de derechos humanos sobre la situaci\u00f3n de los presos pol\u00edticos cubanos - Cubalex","isPartOf":{"@id":"https:\/\/cubalex.org\/#website"},"primaryImageOfPage":{"@id":"https:\/\/cubalex.org\/2023\/02\/20\/declaracion-de-organizaciones-de-derechos-humanos-sobre-la-situacion-de-los-presos-politicos-cubanos\/#primaryimage"},"image":{"@id":"https:\/\/cubalex.org\/2023\/02\/20\/declaracion-de-organizaciones-de-derechos-humanos-sobre-la-situacion-de-los-presos-politicos-cubanos\/#primaryimage"},"thumbnailUrl":"https:\/\/i0.wp.com\/cubalex.org\/wp-content\/uploads\/2023\/02\/memoria-colectiva-yulier-portada-1.jpg?fit=1200%2C675&ssl=1","datePublished":"2023-02-20T16:00:00+00:00","dateModified":"2025-09-24T01:46:03+00:00","description":"Alertamos que las causas de este malestar ciudadano, as\u00ed como de su represi\u00f3n -reforzada por el nuevo C\u00f3digo Penal- se mantienen vigentes. La espiral de violencia, resistencia y castigo no cesar\u00e1 hasta que rija en Cuba un Estado Democratico de Derecho, con pleno respeto a los derechos humanos.","breadcrumb":{"@id":"https:\/\/cubalex.org\/2023\/02\/20\/declaracion-de-organizaciones-de-derechos-humanos-sobre-la-situacion-de-los-presos-politicos-cubanos\/#breadcrumb"},"inLanguage":"en-US","potentialAction":[{"@type":"ReadAction","target":["https:\/\/cubalex.org\/2023\/02\/20\/declaracion-de-organizaciones-de-derechos-humanos-sobre-la-situacion-de-los-presos-politicos-cubanos\/"]}]},{"@type":"ImageObject","inLanguage":"en-US","@id":"https:\/\/cubalex.org\/2023\/02\/20\/declaracion-de-organizaciones-de-derechos-humanos-sobre-la-situacion-de-los-presos-politicos-cubanos\/#primaryimage","url":"https:\/\/i0.wp.com\/cubalex.org\/wp-content\/uploads\/2023\/02\/memoria-colectiva-yulier-portada-1.jpg?fit=1200%2C675&ssl=1","contentUrl":"https:\/\/i0.wp.com\/cubalex.org\/wp-content\/uploads\/2023\/02\/memoria-colectiva-yulier-portada-1.jpg?fit=1200%2C675&ssl=1","width":1200,"height":675,"caption":"Imagen de portada: Memoria Colectiva, obra de Yulier P (instalaci\u00f3n con los nombres de los presos pol\u00edticos, La Habana, 2022)"},{"@type":"BreadcrumbList","@id":"https:\/\/cubalex.org\/2023\/02\/20\/declaracion-de-organizaciones-de-derechos-humanos-sobre-la-situacion-de-los-presos-politicos-cubanos\/#breadcrumb","itemListElement":[{"@type":"ListItem","position":1,"name":"Portada","item":"https:\/\/cubalex.org\/"},{"@type":"ListItem","position":2,"name":"Declaraci\u00f3n de organizaciones de derechos humanos sobre la situaci\u00f3n de los presos pol\u00edticos cubanos"}]},{"@type":"WebSite","@id":"https:\/\/cubalex.org\/#website","url":"https:\/\/cubalex.org\/","name":"Cubalex","description":"Trabajamos en defensa de los derechos humanos, para instaurar la democracia y el Estado de derecho en Cuba","publisher":{"@id":"https:\/\/cubalex.org\/#organization"},"potentialAction":[{"@type":"SearchAction","target":{"@type":"EntryPoint","urlTemplate":"https:\/\/cubalex.org\/?s={search_term_string}"},"query-input":{"@type":"PropertyValueSpecification","valueRequired":true,"valueName":"search_term_string"}}],"inLanguage":"en-US"},{"@type":"Organization","@id":"https:\/\/cubalex.org\/#organization","name":"Cubalex","url":"https:\/\/cubalex.org\/","logo":{"@type":"ImageObject","inLanguage":"en-US","@id":"https:\/\/cubalex.org\/#\/schema\/logo\/image\/","url":"https:\/\/i0.wp.com\/cubalex.org\/wp-content\/uploads\/2026\/08\/CUBALEX1.png?fit=1445%2C300&ssl=1","contentUrl":"https:\/\/i0.wp.com\/cubalex.org\/wp-content\/uploads\/2026\/08\/CUBALEX1.png?fit=1445%2C300&ssl=1","width":1445,"height":300,"caption":"Cubalex"},"image":{"@id":"https:\/\/cubalex.org\/#\/schema\/logo\/image\/"},"sameAs":["https:\/\/www.facebook.com\/ONGcubalex","https:\/\/x.com\/CubalexDDHH","https:\/\/www.youtube.com\/@Cubalex","https:\/\/www.linkedin.com\/company\/cubalex\/","https:\/\/t.me\/cubalex"]}]}},"jetpack_shortlink":"https:\/\/wp.me\/p23ZXl-2rp","jetpack_sharing_enabled":true,"jetpack_featured_media_url":"https:\/\/i0.wp.com\/cubalex.org\/wp-content\/uploads\/2023\/02\/memoria-colectiva-yulier-portada-1.jpg?fit=1200%2C675&ssl=1","_links":{"self":[{"href":"https:\/\/cubalex.org\/en\/wp-json\/wp\/v2\/posts\/9387","targetHints":{"allow":["GET"]}}],"collection":[{"href":"https:\/\/cubalex.org\/en\/wp-json\/wp\/v2\/posts"}],"about":[{"href":"https:\/\/cubalex.org\/en\/wp-json\/wp\/v2\/types\/post"}],"replies":[{"embeddable":true,"href":"https:\/\/cubalex.org\/en\/wp-json\/wp\/v2\/comments?post=9387"}],"version-history":[{"count":0,"href":"https:\/\/cubalex.org\/en\/wp-json\/wp\/v2\/posts\/9387\/revisions"}],"wp:featuredmedia":[{"embeddable":true,"href":"https:\/\/cubalex.org\/en\/wp-json\/wp\/v2\/media\/9391"}],"wp:attachment":[{"href":"https:\/\/cubalex.org\/en\/wp-json\/wp\/v2\/media?parent=9387"}],"wp:term":[{"taxonomy":"category","embeddable":true,"href":"https:\/\/cubalex.org\/en\/wp-json\/wp\/v2\/categories?post=9387"},{"taxonomy":"post_tag","embeddable":true,"href":"https:\/\/cubalex.org\/en\/wp-json\/wp\/v2\/tags?post=9387"}],"curies":[{"name":"wp","href":"https:\/\/api.w.org\/{rel}","templated":true}]}}